{"id":169606,"date":"2026-01-24T08:31:00","date_gmt":"2026-01-24T11:31:00","guid":{"rendered":"https:\/\/portaltela.pt\/noticias\/2026\/01\/24\/rebelo-marinho-apresenta-no-domingo-o-livro-a-valsa-dos-amantes-em-satao\/"},"modified":"2026-01-24T08:31:00","modified_gmt":"2026-01-24T11:31:00","slug":"rebelo-marinho-apresenta-no-domingo-o-livro-a-valsa-dos-amantes-em-satao","status":"publish","type":"post","link":"https:\/\/portaltela.pt\/noticias\/2026\/01\/24\/rebelo-marinho-apresenta-no-domingo-o-livro-a-valsa-dos-amantes-em-satao\/","title":{"rendered":"Rebelo Marinho apresenta no domingo o livro A Valsa dos Amantes em S\u00e1t\u00e3o"},"content":{"rendered":"<p>Rebelo Marinho apresenta no domingo o seu mais recente livro, intitulado A Valsa dos Amantes, numa sess\u00e3o p\u00fablica na Biblioteca Municipal de S\u00e1t\u00e3o. O evento est\u00e1 marcado para as 15:00 e contar\u00e1 com o testemunho de Fernando Alexandre Lopes, docente da Escola Superior de Educa\u00e7\u00e3o de Viseu.<\/p>\n<p>Esta \u00e9 a s\u00e9tima obra publicada pelo autor natural de S\u00e1t\u00e3o, e o quinto romance da sua carreira. O romance prop\u00f5e ao leitor uma trama pautada por rela\u00e7\u00f5es destrutivas, amizades perigosas e cumplicidades improv\u00e1veis, descrita pelo autor como um caldo explosivo de paix\u00e3o e viol\u00eancia consentida.<\/p>\n<p>Segundo a organiza\u00e7\u00e3o, a apresenta\u00e7\u00e3o pretende oferecer ao p\u00fablico um retrato da evolu\u00e7\u00e3o liter\u00e1ria de Rebelo Marinho e da constru\u00e7\u00e3o narrativa presente em A Valsa dos Amantes. A sess\u00e3o \u00e9 aberta a leitores e profissionais, com entrance gratuita e condi\u00e7\u00f5es de acesso \u00e0 biblioteca.<\/p>\n<p>Esta not\u00edcia pode ser acompanhada atrav\u00e9s da Esta\u00e7\u00e3o Di\u00e1ria \u2013 96.8 FM, com emitido informa\u00e7\u00e3o complementar sobre hor\u00e1rios e eventos locais.<\/p>\n","protected":false},"excerpt":{"rendered":"<ul>\n<li>No domingo, 25 de janeiro, Rebelo Marinho apresenta o seu mais recente livro, intitulado \u00abA Valsa dos Amantes\u00bb, numa sess\u00e3o p\u00fablica na Biblioteca Municipal de S\u00e1t\u00e3o.<\/li>\n<li>A apresenta\u00e7\u00e3o inicia \u00e0s 15:00 e ser\u00e1 conduzida por Fernando Alexandre Lopes, docente da Escola Superior de Educa\u00e7\u00e3o de Viseu.<\/li>\n<li>Esta \u00e9 a s\u00e9tima obra do autor, e o quinto romance.<\/li>\n<li>O romance descreve rela\u00e7\u00f5es destrutivas, amizades perigosas e cumplicidades improv\u00e1veis num enredo de paix\u00e3o e viol\u00eancia consentida.<\/li>\n<li>O texto \u00e9 divulgado pela Esta\u00e7\u00e3o Di\u00e1ria \u2013 96.8 FM e pelo website da esta\u00e7\u00e3o.<\/li>\n<\/ul>\n","protected":false},"author":2,"featured_media":169646,"comment_status":"closed","ping_status":"closed","sticky":false,"template":"","format":"standard","meta":{"footnotes":""},"categories":[1],"tags":[1078,145,106,130,1801,1171],"class_list":["post-169606","post","type-post","status-publish","format-standard","has-post-thumbnail","hentry","category-noticias","tag-bibliotecas-arquivos","tag-cultura","tag-literatura","tag-livros","tag-satao","tag-viseu"],"yoast_head":"<!-- This site is optimized with the Yoast SEO plugin v27.2 - https:\/\/yoast.com\/product\/yoast-seo-wordpress\/ -->\n<title>Rebelo Marinho apresenta no domingo o livro A Valsa dos Amantes em S\u00e1t\u00e3o - Portal Tela Portugal<\/title>\n<meta name=\"robots\" content=\"index, follow, max-snippet:-1, max-image-preview:large, max-video-preview:-1\" \/>\n<meta property=\"og:locale\" content=\"pt_PT\" \/>\n<meta property=\"og:type\" content=\"article\" \/>\n<meta property=\"og:title\" content=\"Rebelo Marinho apresenta no domingo o livro A Valsa dos Amantes em S\u00e1t\u00e3o - Portal Tela Portugal\" \/>\n<meta property=\"og:description\" content=\"No domingo, 25 de janeiro, Rebelo Marinho apresenta o seu mais recente livro, intitulado \u00abA Valsa dos Amantes\u00bb, numa sess\u00e3o p\u00fablica na Biblioteca Municipal de S\u00e1t\u00e3o. A apresenta\u00e7\u00e3o inicia \u00e0s 15:00 e ser\u00e1 conduzida por Fernando Alexandre Lopes, docente da Escola Superior de Educa\u00e7\u00e3o de Viseu. Esta \u00e9 a s\u00e9tima obra do autor, e o quinto romance. O romance descreve rela\u00e7\u00f5es destrutivas, amizades perigosas e cumplicidades improv\u00e1veis num enredo de paix\u00e3o e viol\u00eancia consentida. O texto \u00e9 divulgado pela Esta\u00e7\u00e3o Di\u00e1ria \u2013 96.8 FM e pelo website da esta\u00e7\u00e3o.\" \/>\n<meta property=\"og:url\" content=\"https:\/\/portaltela.pt\/noticias\/2026\/01\/24\/rebelo-marinho-apresenta-no-domingo-o-livro-a-valsa-dos-amantes-em-satao\/\" \/>\n<meta property=\"og:site_name\" content=\"Portal Tela Portugal\" \/>\n<meta property=\"article:published_time\" content=\"2026-01-24T11:31:00+00:00\" \/>\n<meta name=\"author\" content=\"Telinha\" \/>\n<meta name=\"twitter:card\" content=\"summary_large_image\" \/>\n<meta name=\"twitter:label1\" content=\"Escrito por\" \/>\n\t<meta name=\"twitter:data1\" content=\"Telinha\" \/>\n\t<meta name=\"twitter:label2\" content=\"Tempo estimado de leitura\" \/>\n\t<meta name=\"twitter:data2\" content=\"1 minuto\" \/>\n<script type=\"application\/ld+json\" class=\"yoast-schema-graph\">{\"@context\":\"https:\/\/schema.org\",\"@graph\":[{\"@type\":\"Article\",\"@id\":\"https:\/\/portaltela.pt\/noticias\/2026\/01\/24\/rebelo-marinho-apresenta-no-domingo-o-livro-a-valsa-dos-amantes-em-satao\/#article\",\"isPartOf\":{\"@id\":\"https:\/\/portaltela.pt\/noticias\/2026\/01\/24\/rebelo-marinho-apresenta-no-domingo-o-livro-a-valsa-dos-amantes-em-satao\/\"},\"author\":{\"name\":\"Telinha\",\"@id\":\"https:\/\/portaltela.pt\/#\/schema\/person\/c4278d4a6028830caff9ee44b42d32ed\"},\"headline\":\"Rebelo Marinho apresenta no domingo o livro A Valsa dos Amantes em S\u00e1t\u00e3o\",\"datePublished\":\"2026-01-24T11:31:00+00:00\",\"mainEntityOfPage\":{\"@id\":\"https:\/\/portaltela.pt\/noticias\/2026\/01\/24\/rebelo-marinho-apresenta-no-domingo-o-livro-a-valsa-dos-amantes-em-satao\/\"},\"wordCount\":194,\"image\":{\"@id\":\"https:\/\/portaltela.pt\/noticias\/2026\/01\/24\/rebelo-marinho-apresenta-no-domingo-o-livro-a-valsa-dos-amantes-em-satao\/#primaryimage\"},\"thumbnailUrl\":\"https:\/\/portaltela.pt\/s.01k8rhncp4jt1\/2026\/01\/livro-rebelo-marinho-cm-satao.jpg\",\"keywords\":[\"bibliotecas\/arquivos\",\"cultura\",\"literatura\",\"livros\",\"S\u00e1t\u00e3o\",\"Viseu\"],\"articleSection\":[\"Not\u00edcias\"],\"inLanguage\":\"pt-PT\"},{\"@type\":\"WebPage\",\"@id\":\"https:\/\/portaltela.pt\/noticias\/2026\/01\/24\/rebelo-marinho-apresenta-no-domingo-o-livro-a-valsa-dos-amantes-em-satao\/\",\"url\":\"https:\/\/portaltela.pt\/noticias\/2026\/01\/24\/rebelo-marinho-apresenta-no-domingo-o-livro-a-valsa-dos-amantes-em-satao\/\",\"name\":\"Rebelo Marinho apresenta no domingo o livro A Valsa dos Amantes em S\u00e1t\u00e3o - Portal Tela Portugal\",\"isPartOf\":{\"@id\":\"https:\/\/portaltela.pt\/#website\"},\"primaryImageOfPage\":{\"@id\":\"https:\/\/portaltela.pt\/noticias\/2026\/01\/24\/rebelo-marinho-apresenta-no-domingo-o-livro-a-valsa-dos-amantes-em-satao\/#primaryimage\"},\"image\":{\"@id\":\"https:\/\/portaltela.pt\/noticias\/2026\/01\/24\/rebelo-marinho-apresenta-no-domingo-o-livro-a-valsa-dos-amantes-em-satao\/#primaryimage\"},\"thumbnailUrl\":\"https:\/\/portaltela.pt\/s.01k8rhncp4jt1\/2026\/01\/livro-rebelo-marinho-cm-satao.jpg\",\"datePublished\":\"2026-01-24T11:31:00+00:00\",\"author\":{\"@id\":\"https:\/\/portaltela.pt\/#\/schema\/person\/c4278d4a6028830caff9ee44b42d32ed\"},\"breadcrumb\":{\"@id\":\"https:\/\/portaltela.pt\/noticias\/2026\/01\/24\/rebelo-marinho-apresenta-no-domingo-o-livro-a-valsa-dos-amantes-em-satao\/#breadcrumb\"},\"inLanguage\":\"pt-PT\",\"potentialAction\":[{\"@type\":\"ReadAction\",\"target\":[\"https:\/\/portaltela.pt\/noticias\/2026\/01\/24\/rebelo-marinho-apresenta-no-domingo-o-livro-a-valsa-dos-amantes-em-satao\/\"]}]},{\"@type\":\"ImageObject\",\"inLanguage\":\"pt-PT\",\"@id\":\"https:\/\/portaltela.pt\/noticias\/2026\/01\/24\/rebelo-marinho-apresenta-no-domingo-o-livro-a-valsa-dos-amantes-em-satao\/#primaryimage\",\"url\":\"https:\/\/portaltela.pt\/s.01k8rhncp4jt1\/2026\/01\/livro-rebelo-marinho-cm-satao.jpg\",\"contentUrl\":\"https:\/\/portaltela.pt\/s.01k8rhncp4jt1\/2026\/01\/livro-rebelo-marinho-cm-satao.jpg\",\"width\":796,\"height\":448,\"caption\":\"S\u00e1t\u00e3o: Rebelo Marinho apresenta no domingo o livro \u2018A Valsa dos Amantes\u2019\"},{\"@type\":\"BreadcrumbList\",\"@id\":\"https:\/\/portaltela.pt\/noticias\/2026\/01\/24\/rebelo-marinho-apresenta-no-domingo-o-livro-a-valsa-dos-amantes-em-satao\/#breadcrumb\",\"itemListElement\":[{\"@type\":\"ListItem\",\"position\":1,\"name\":\"In\u00edcio\",\"item\":\"https:\/\/portaltela.pt\/\"},{\"@type\":\"ListItem\",\"position\":2,\"name\":\"Rebelo Marinho apresenta no domingo o livro A Valsa dos Amantes em S\u00e1t\u00e3o\"}]},{\"@type\":\"WebSite\",\"@id\":\"https:\/\/portaltela.pt\/#website\",\"url\":\"https:\/\/portaltela.pt\/\",\"name\":\"Portal Tela Portugal\",\"description\":\"\",\"potentialAction\":[{\"@type\":\"SearchAction\",\"target\":{\"@type\":\"EntryPoint\",\"urlTemplate\":\"https:\/\/portaltela.pt\/?s={search_term_string}\"},\"query-input\":{\"@type\":\"PropertyValueSpecification\",\"valueRequired\":true,\"valueName\":\"search_term_string\"}}],\"inLanguage\":\"pt-PT\"},{\"@type\":\"Person\",\"@id\":\"https:\/\/portaltela.pt\/#\/schema\/person\/c4278d4a6028830caff9ee44b42d32ed\",\"name\":\"Telinha\",\"image\":{\"@type\":\"ImageObject\",\"inLanguage\":\"pt-PT\",\"@id\":\"https:\/\/portaltela.pt\/s.01k8rhncp4jt1\/2025\/11\/talking-bot-125x125.png\",\"url\":\"https:\/\/portaltela.pt\/s.01k8rhncp4jt1\/2025\/11\/talking-bot-125x125.png\",\"contentUrl\":\"https:\/\/portaltela.pt\/s.01k8rhncp4jt1\/2025\/11\/talking-bot-125x125.png\",\"caption\":\"Telinha\"},\"sameAs\":[\"https:\/\/portaltela.pt\/\"],\"url\":\"https:\/\/portaltela.pt\/por\/367410592786\/\"}]}<\/script>\n<!-- \/ Yoast SEO plugin. -->","yoast_head_json":{"title":"Rebelo Marinho apresenta no domingo o livro A Valsa dos Amantes em S\u00e1t\u00e3o - Portal Tela Portugal","robots":{"index":"index","follow":"follow","max-snippet":"max-snippet:-1","max-image-preview":"max-image-preview:large","max-video-preview":"max-video-preview:-1"},"og_locale":"pt_PT","og_type":"article","og_title":"Rebelo Marinho apresenta no domingo o livro A Valsa dos Amantes em S\u00e1t\u00e3o - Portal Tela Portugal","og_description":"No domingo, 25 de janeiro, Rebelo Marinho apresenta o seu mais recente livro, intitulado \u00abA Valsa dos Amantes\u00bb, numa sess\u00e3o p\u00fablica na Biblioteca Municipal de S\u00e1t\u00e3o. A apresenta\u00e7\u00e3o inicia \u00e0s 15:00 e ser\u00e1 conduzida por Fernando Alexandre Lopes, docente da Escola Superior de Educa\u00e7\u00e3o de Viseu. Esta \u00e9 a s\u00e9tima obra do autor, e o quinto romance. O romance descreve rela\u00e7\u00f5es destrutivas, amizades perigosas e cumplicidades improv\u00e1veis num enredo de paix\u00e3o e viol\u00eancia consentida. O texto \u00e9 divulgado pela Esta\u00e7\u00e3o Di\u00e1ria \u2013 96.8 FM e pelo website da esta\u00e7\u00e3o.","og_url":"https:\/\/portaltela.pt\/noticias\/2026\/01\/24\/rebelo-marinho-apresenta-no-domingo-o-livro-a-valsa-dos-amantes-em-satao\/","og_site_name":"Portal Tela Portugal","article_published_time":"2026-01-24T11:31:00+00:00","author":"Telinha","twitter_card":"summary_large_image","twitter_misc":{"Escrito por":"Telinha","Tempo estimado de leitura":"1 minuto"},"schema":{"@context":"https:\/\/schema.org","@graph":[{"@type":"Article","@id":"https:\/\/portaltela.pt\/noticias\/2026\/01\/24\/rebelo-marinho-apresenta-no-domingo-o-livro-a-valsa-dos-amantes-em-satao\/#article","isPartOf":{"@id":"https:\/\/portaltela.pt\/noticias\/2026\/01\/24\/rebelo-marinho-apresenta-no-domingo-o-livro-a-valsa-dos-amantes-em-satao\/"},"author":{"name":"Telinha","@id":"https:\/\/portaltela.pt\/#\/schema\/person\/c4278d4a6028830caff9ee44b42d32ed"},"headline":"Rebelo Marinho apresenta no domingo o livro A Valsa dos Amantes em S\u00e1t\u00e3o","datePublished":"2026-01-24T11:31:00+00:00","mainEntityOfPage":{"@id":"https:\/\/portaltela.pt\/noticias\/2026\/01\/24\/rebelo-marinho-apresenta-no-domingo-o-livro-a-valsa-dos-amantes-em-satao\/"},"wordCount":194,"image":{"@id":"https:\/\/portaltela.pt\/noticias\/2026\/01\/24\/rebelo-marinho-apresenta-no-domingo-o-livro-a-valsa-dos-amantes-em-satao\/#primaryimage"},"thumbnailUrl":"https:\/\/portaltela.pt\/s.01k8rhncp4jt1\/2026\/01\/livro-rebelo-marinho-cm-satao.jpg","keywords":["bibliotecas\/arquivos","cultura","literatura","livros","S\u00e1t\u00e3o","Viseu"],"articleSection":["Not\u00edcias"],"inLanguage":"pt-PT"},{"@type":"WebPage","@id":"https:\/\/portaltela.pt\/noticias\/2026\/01\/24\/rebelo-marinho-apresenta-no-domingo-o-livro-a-valsa-dos-amantes-em-satao\/","url":"https:\/\/portaltela.pt\/noticias\/2026\/01\/24\/rebelo-marinho-apresenta-no-domingo-o-livro-a-valsa-dos-amantes-em-satao\/","name":"Rebelo Marinho apresenta no domingo o livro A Valsa dos Amantes em S\u00e1t\u00e3o - Portal Tela Portugal","isPartOf":{"@id":"https:\/\/portaltela.pt\/#website"},"primaryImageOfPage":{"@id":"https:\/\/portaltela.pt\/noticias\/2026\/01\/24\/rebelo-marinho-apresenta-no-domingo-o-livro-a-valsa-dos-amantes-em-satao\/#primaryimage"},"image":{"@id":"https:\/\/portaltela.pt\/noticias\/2026\/01\/24\/rebelo-marinho-apresenta-no-domingo-o-livro-a-valsa-dos-amantes-em-satao\/#primaryimage"},"thumbnailUrl":"https:\/\/portaltela.pt\/s.01k8rhncp4jt1\/2026\/01\/livro-rebelo-marinho-cm-satao.jpg","datePublished":"2026-01-24T11:31:00+00:00","author":{"@id":"https:\/\/portaltela.pt\/#\/schema\/person\/c4278d4a6028830caff9ee44b42d32ed"},"breadcrumb":{"@id":"https:\/\/portaltela.pt\/noticias\/2026\/01\/24\/rebelo-marinho-apresenta-no-domingo-o-livro-a-valsa-dos-amantes-em-satao\/#breadcrumb"},"inLanguage":"pt-PT","potentialAction":[{"@type":"ReadAction","target":["https:\/\/portaltela.pt\/noticias\/2026\/01\/24\/rebelo-marinho-apresenta-no-domingo-o-livro-a-valsa-dos-amantes-em-satao\/"]}]},{"@type":"ImageObject","inLanguage":"pt-PT","@id":"https:\/\/portaltela.pt\/noticias\/2026\/01\/24\/rebelo-marinho-apresenta-no-domingo-o-livro-a-valsa-dos-amantes-em-satao\/#primaryimage","url":"https:\/\/portaltela.pt\/s.01k8rhncp4jt1\/2026\/01\/livro-rebelo-marinho-cm-satao.jpg","contentUrl":"https:\/\/portaltela.pt\/s.01k8rhncp4jt1\/2026\/01\/livro-rebelo-marinho-cm-satao.jpg","width":796,"height":448,"caption":"S\u00e1t\u00e3o: Rebelo Marinho apresenta no domingo o livro \u2018A Valsa dos Amantes\u2019"},{"@type":"BreadcrumbList","@id":"https:\/\/portaltela.pt\/noticias\/2026\/01\/24\/rebelo-marinho-apresenta-no-domingo-o-livro-a-valsa-dos-amantes-em-satao\/#breadcrumb","itemListElement":[{"@type":"ListItem","position":1,"name":"In\u00edcio","item":"https:\/\/portaltela.pt\/"},{"@type":"ListItem","position":2,"name":"Rebelo Marinho apresenta no domingo o livro A Valsa dos Amantes em S\u00e1t\u00e3o"}]},{"@type":"WebSite","@id":"https:\/\/portaltela.pt\/#website","url":"https:\/\/portaltela.pt\/","name":"Portal Tela Portugal","description":"","potentialAction":[{"@type":"SearchAction","target":{"@type":"EntryPoint","urlTemplate":"https:\/\/portaltela.pt\/?s={search_term_string}"},"query-input":{"@type":"PropertyValueSpecification","valueRequired":true,"valueName":"search_term_string"}}],"inLanguage":"pt-PT"},{"@type":"Person","@id":"https:\/\/portaltela.pt\/#\/schema\/person\/c4278d4a6028830caff9ee44b42d32ed","name":"Telinha","image":{"@type":"ImageObject","inLanguage":"pt-PT","@id":"https:\/\/portaltela.pt\/s.01k8rhncp4jt1\/2025\/11\/talking-bot-125x125.png","url":"https:\/\/portaltela.pt\/s.01k8rhncp4jt1\/2025\/11\/talking-bot-125x125.png","contentUrl":"https:\/\/portaltela.pt\/s.01k8rhncp4jt1\/2025\/11\/talking-bot-125x125.png","caption":"Telinha"},"sameAs":["https:\/\/portaltela.pt\/"],"url":"https:\/\/portaltela.pt\/por\/367410592786\/"}]}},"_links":{"self":[{"href":"https:\/\/portaltela.pt\/api\/wp\/v2\/posts\/169606","targetHints":{"allow":["GET"]}}],"collection":[{"href":"https:\/\/portaltela.pt\/api\/wp\/v2\/posts"}],"about":[{"href":"https:\/\/portaltela.pt\/api\/wp\/v2\/types\/post"}],"author":[{"embeddable":true,"href":"https:\/\/portaltela.pt\/api\/wp\/v2\/users\/2"}],"replies":[{"embeddable":true,"href":"https:\/\/portaltela.pt\/api\/wp\/v2\/comments?post=169606"}],"version-history":[{"count":0,"href":"https:\/\/portaltela.pt\/api\/wp\/v2\/posts\/169606\/revisions"}],"wp:featuredmedia":[{"embeddable":true,"href":"https:\/\/portaltela.pt\/api\/wp\/v2\/media\/169646"}],"wp:attachment":[{"href":"https:\/\/portaltela.pt\/api\/wp\/v2\/media?parent=169606"}],"wp:term":[{"taxonomy":"category","embeddable":true,"href":"https:\/\/portaltela.pt\/api\/wp\/v2\/categories?post=169606"},{"taxonomy":"post_tag","embeddable":true,"href":"https:\/\/portaltela.pt\/api\/wp\/v2\/tags?post=169606"}],"curies":[{"name":"wp","href":"https:\/\/api.w.org\/{rel}","templated":true}]}}