{"id":169584,"date":"2026-01-24T08:31:00","date_gmt":"2026-01-24T11:31:00","guid":{"rendered":"https:\/\/portaltela.pt\/noticias\/2026\/01\/24\/colombiana-revela-salarios-promessas-e-ameaca-sobre-acusacao-a-lucas-hernandez\/"},"modified":"2026-01-24T08:31:00","modified_gmt":"2026-01-24T11:31:00","slug":"colombiana-revela-salarios-promessas-e-ameaca-sobre-acusacao-a-lucas-hernandez","status":"publish","type":"post","link":"https:\/\/portaltela.pt\/noticias\/2026\/01\/24\/colombiana-revela-salarios-promessas-e-ameaca-sobre-acusacao-a-lucas-hernandez\/","title":{"rendered":"Colombiana revela sal\u00e1rios, promessas e amea\u00e7a sobre acusa\u00e7\u00e3o a Lucas Hern\u00e1ndez"},"content":{"rendered":"<p>O caso envolvendo Lucas Hern\u00e1ndez, jogador do PSG, e a sua mulher Victoria Tray ganhou contornos de investiga\u00e7\u00e3o em Fran\u00e7a. A fam\u00edlia colombiana acusa o casal de tr\u00e1fico humano e de trabalho for\u00e7ado, alegando terem explorado migrantes entre setembro de 2024 e novembro de 2025, oferecendo documenta\u00e7\u00e3o para regularizar a sua situa\u00e7\u00e3o, mas mantendo-os em condi\u00e7\u00f5es de trabalho prec\u00e1rias.<\/p>\n<p>Segundo Beatriz, uma das empregadas que rompeu o sil\u00eancio, a fam\u00edlia foi trazida de Espanha para Fran\u00e7a com promessas de documenta\u00e7\u00e3o em ordem. Em vez disso, os sal\u00e1rios foram baixos, as horas trabalhadas foram elevadas e n\u00e3o houve contrato de trabalho durante o per\u00edodo. A narrativa descreve ainda a obten\u00e7\u00e3o de identidades espanholas falsas para simular regularidade.<\/p>\n<p>A denunciante detalha que chegou \u00e0 casa do casal em meados de 2024, ap\u00f3s ser contactada para uma babysitter por Victoria Tray, que j\u00e1 mantinha uma rela\u00e7\u00e3o com um jogador de renome. A fam\u00edlia passou a residir na resid\u00eancia, com o pai e o irm\u00e3o em fun\u00e7\u00f5es de seguran\u00e7a, a m\u00e3e na limpeza e o irm\u00e3o mais novo em tarefas diversas, sem afastar a ideia de continuidade no pa\u00eds.<\/p>\n<p>Beatriz afirma que, ao longo do tempo, a situa\u00e7\u00e3o se tornou insustent\u00e1vel devido a m\u00e1s-condutas na casa e a desrespeito pelas regras b\u00e1sicas de trabalho. O epis\u00f3dio final envolve uma expuls\u00e3o da moradia e o despedimento dos pais e irm\u00e3os, com amea\u00e7as associadas a se manterem fora do mercado de trabalho e da continuidade no pa\u00eds.<\/p>\n<p>As acusa\u00e7\u00f5es est\u00e3o a ser estudadas pelo Minist\u00e9rio P\u00fablico franc\u00eas, que recebeu a queixa no dia 14 do m\u00eas anterior. A investiga\u00e7\u00e3o foca-se em alega\u00e7\u00f5es de tr\u00e1fico humano, trabalho for\u00e7ado e irregularidades laborais, incluindo a aus\u00eancia de contratos formais e a utiliza\u00e7\u00e3o de identidades falsas.<\/p>\n<p>Pelas partes envolvidas, tanto Lucas Hern\u00e1ndez como Victoria Tray j\u00e1 negaram as acusa\u00e7\u00f5es publicamente. O casal defende ter acolhido as pessoas que afirmavam precisar de apoio, confiando nas garantias de regulariza\u00e7\u00e3o e mantendo que n\u00e3o houve inten\u00e7\u00e3o de violar a lei. O comunicado conjunto ressalta sentimentos de trai\u00e7\u00e3o e a necessidade de justi\u00e7a.<\/p>\n<p>A veracidade das acusa\u00e7\u00f5es depende do desenvolvimento das dilig\u00eancias judiciais. At\u00e9 ao momento, n\u00e3o existe confirma\u00e7\u00e3o oficial de condena\u00e7\u00e3o ou de culpabilidade, mantendo-se o caso em fase de averigua\u00e7\u00f5es pelas autoridades francesas.<\/p>\n","protected":false},"excerpt":{"rendered":"<ul>\n<li>A fam\u00edlia colombiana acusa Lucas Hern\u00e1ndez, jogador do Paris Saint-Germain, e Victoria Tray de tr\u00e1fico humano e trabalho for\u00e7ado, ap\u00f3s terem trabalhado para o casal entre setembro de 2024 e novembro de 2025.<\/li>\n<li>A equipa desempenhava fun\u00e7\u00f5es de babysitter, seguran\u00e7a, limpeza e outras tarefas na casa do casal, com sal\u00e1rios entre dois mil e tr\u00eas mil euros mensais, sem contrato de trabalho.<\/li>\n<li>Segundo Beatriz (identidade preservada), ningu\u00e9m teve acesso a cuidados de sa\u00fade e, cerca de um ano ap\u00f3s entrarem na casa, foi assinado um acordo de confidencialidade e atribu\u00eddos documentos de identidade espanh\u00f3is falsos para parecer a regulariza\u00e7\u00e3o.<\/li>\n<li>O epis\u00f3dio agravou-se no final do \u00faltimo ano, quando Beatriz afirma ter sido expulsa da casa ap\u00f3s epis\u00f3dio de conflitos, levando \u00e0 demiss\u00e3o dos pais e irm\u00e3os.<\/li>\n<li>O Minist\u00e9rio P\u00fablico franc\u00eas est\u00e1 a investigar o caso, e o casal nega as acusa\u00e7\u00f5es, afirmando ter ajudado as pessoas que quiseram regularizar a situa\u00e7\u00e3o, sem qualquer inten\u00e7\u00e3o de explora\u00e7\u00e3o.<\/li>\n<\/ul>\n","protected":false},"author":2,"featured_media":169595,"comment_status":"closed","ping_status":"closed","sticky":false,"template":"","format":"standard","meta":{"footnotes":""},"categories":[1],"tags":[2633,1856,712,1921,473,3475],"class_list":["post-169584","post","type-post","status-publish","format-standard","has-post-thumbnail","hentry","category-noticias","tag-direitos-humanos","tag-franca","tag-imigracao","tag-imigrantes","tag-trafico-de-pessoas","tag-trafico-de-seres-humanos"],"yoast_head":"<!-- This site is optimized with the Yoast SEO plugin v27.2 - https:\/\/yoast.com\/product\/yoast-seo-wordpress\/ -->\n<title>Colombiana revela sal\u00e1rios, promessas e amea\u00e7a sobre acusa\u00e7\u00e3o a Lucas Hern\u00e1ndez - Portal Tela Portugal<\/title>\n<meta name=\"robots\" content=\"index, follow, max-snippet:-1, max-image-preview:large, max-video-preview:-1\" \/>\n<meta property=\"og:locale\" content=\"pt_PT\" \/>\n<meta property=\"og:type\" content=\"article\" \/>\n<meta property=\"og:title\" content=\"Colombiana revela sal\u00e1rios, promessas e amea\u00e7a sobre acusa\u00e7\u00e3o a Lucas Hern\u00e1ndez - Portal Tela Portugal\" \/>\n<meta property=\"og:description\" content=\"A fam\u00edlia colombiana acusa Lucas Hern\u00e1ndez, jogador do Paris Saint-Germain, e Victoria Tray de tr\u00e1fico humano e trabalho for\u00e7ado, ap\u00f3s terem trabalhado para o casal entre setembro de 2024 e novembro de 2025. A equipa desempenhava fun\u00e7\u00f5es de babysitter, seguran\u00e7a, limpeza e outras tarefas na casa do casal, com sal\u00e1rios entre dois mil e tr\u00eas mil euros mensais, sem contrato de trabalho. Segundo Beatriz (identidade preservada), ningu\u00e9m teve acesso a cuidados de sa\u00fade e, cerca de um ano ap\u00f3s entrarem na casa, foi assinado um acordo de confidencialidade e atribu\u00eddos documentos de identidade espanh\u00f3is falsos para parecer a regulariza\u00e7\u00e3o. O epis\u00f3dio agravou-se no final do \u00faltimo ano, quando Beatriz afirma ter sido expulsa da casa ap\u00f3s epis\u00f3dio de conflitos, levando \u00e0 demiss\u00e3o dos pais e irm\u00e3os. O Minist\u00e9rio P\u00fablico franc\u00eas est\u00e1 a investigar o caso, e o casal nega as acusa\u00e7\u00f5es, afirmando ter ajudado as pessoas que quiseram regularizar a situa\u00e7\u00e3o, sem qualquer inten\u00e7\u00e3o de explora\u00e7\u00e3o.\" \/>\n<meta property=\"og:url\" content=\"https:\/\/portaltela.pt\/noticias\/2026\/01\/24\/colombiana-revela-salarios-promessas-e-ameaca-sobre-acusacao-a-lucas-hernandez\/\" \/>\n<meta property=\"og:site_name\" content=\"Portal Tela Portugal\" \/>\n<meta property=\"article:published_time\" content=\"2026-01-24T11:31:00+00:00\" \/>\n<meta name=\"author\" content=\"Telinha\" \/>\n<meta name=\"twitter:card\" content=\"summary_large_image\" \/>\n<meta name=\"twitter:label1\" content=\"Escrito por\" \/>\n\t<meta name=\"twitter:data1\" content=\"Telinha\" \/>\n\t<meta name=\"twitter:label2\" content=\"Tempo estimado de leitura\" \/>\n\t<meta name=\"twitter:data2\" content=\"2 minutos\" \/>\n<script type=\"application\/ld+json\" class=\"yoast-schema-graph\">{\"@context\":\"https:\/\/schema.org\",\"@graph\":[{\"@type\":\"Article\",\"@id\":\"https:\/\/portaltela.pt\/noticias\/2026\/01\/24\/colombiana-revela-salarios-promessas-e-ameaca-sobre-acusacao-a-lucas-hernandez\/#article\",\"isPartOf\":{\"@id\":\"https:\/\/portaltela.pt\/noticias\/2026\/01\/24\/colombiana-revela-salarios-promessas-e-ameaca-sobre-acusacao-a-lucas-hernandez\/\"},\"author\":{\"name\":\"Telinha\",\"@id\":\"https:\/\/portaltela.pt\/#\/schema\/person\/c4278d4a6028830caff9ee44b42d32ed\"},\"headline\":\"Colombiana revela sal\u00e1rios, promessas e amea\u00e7a sobre acusa\u00e7\u00e3o a Lucas Hern\u00e1ndez\",\"datePublished\":\"2026-01-24T11:31:00+00:00\",\"mainEntityOfPage\":{\"@id\":\"https:\/\/portaltela.pt\/noticias\/2026\/01\/24\/colombiana-revela-salarios-promessas-e-ameaca-sobre-acusacao-a-lucas-hernandez\/\"},\"wordCount\":443,\"image\":{\"@id\":\"https:\/\/portaltela.pt\/noticias\/2026\/01\/24\/colombiana-revela-salarios-promessas-e-ameaca-sobre-acusacao-a-lucas-hernandez\/#primaryimage\"},\"thumbnailUrl\":\"https:\/\/portaltela.pt\/s.01k8rhncp4jt1\/2026\/01\/img_920x518uu2026-01-24-11-26-35-2416990-im-639048508119207525-1.jpg\",\"keywords\":[\"direitos humanos\",\"Fran\u00e7a\",\"imigra\u00e7\u00e3o\",\"imigrantes\",\"tr\u00e1fico de pessoas\",\"tr\u00e1fico de seres humanos\"],\"articleSection\":[\"Not\u00edcias\"],\"inLanguage\":\"pt-PT\"},{\"@type\":\"WebPage\",\"@id\":\"https:\/\/portaltela.pt\/noticias\/2026\/01\/24\/colombiana-revela-salarios-promessas-e-ameaca-sobre-acusacao-a-lucas-hernandez\/\",\"url\":\"https:\/\/portaltela.pt\/noticias\/2026\/01\/24\/colombiana-revela-salarios-promessas-e-ameaca-sobre-acusacao-a-lucas-hernandez\/\",\"name\":\"Colombiana revela sal\u00e1rios, promessas e amea\u00e7a sobre acusa\u00e7\u00e3o a Lucas Hern\u00e1ndez - Portal Tela Portugal\",\"isPartOf\":{\"@id\":\"https:\/\/portaltela.pt\/#website\"},\"primaryImageOfPage\":{\"@id\":\"https:\/\/portaltela.pt\/noticias\/2026\/01\/24\/colombiana-revela-salarios-promessas-e-ameaca-sobre-acusacao-a-lucas-hernandez\/#primaryimage\"},\"image\":{\"@id\":\"https:\/\/portaltela.pt\/noticias\/2026\/01\/24\/colombiana-revela-salarios-promessas-e-ameaca-sobre-acusacao-a-lucas-hernandez\/#primaryimage\"},\"thumbnailUrl\":\"https:\/\/portaltela.pt\/s.01k8rhncp4jt1\/2026\/01\/img_920x518uu2026-01-24-11-26-35-2416990-im-639048508119207525-1.jpg\",\"datePublished\":\"2026-01-24T11:31:00+00:00\",\"author\":{\"@id\":\"https:\/\/portaltela.pt\/#\/schema\/person\/c4278d4a6028830caff9ee44b42d32ed\"},\"breadcrumb\":{\"@id\":\"https:\/\/portaltela.pt\/noticias\/2026\/01\/24\/colombiana-revela-salarios-promessas-e-ameaca-sobre-acusacao-a-lucas-hernandez\/#breadcrumb\"},\"inLanguage\":\"pt-PT\",\"potentialAction\":[{\"@type\":\"ReadAction\",\"target\":[\"https:\/\/portaltela.pt\/noticias\/2026\/01\/24\/colombiana-revela-salarios-promessas-e-ameaca-sobre-acusacao-a-lucas-hernandez\/\"]}]},{\"@type\":\"ImageObject\",\"inLanguage\":\"pt-PT\",\"@id\":\"https:\/\/portaltela.pt\/noticias\/2026\/01\/24\/colombiana-revela-salarios-promessas-e-ameaca-sobre-acusacao-a-lucas-hernandez\/#primaryimage\",\"url\":\"https:\/\/portaltela.pt\/s.01k8rhncp4jt1\/2026\/01\/img_920x518uu2026-01-24-11-26-35-2416990-im-639048508119207525-1.jpg\",\"contentUrl\":\"https:\/\/portaltela.pt\/s.01k8rhncp4jt1\/2026\/01\/img_920x518uu2026-01-24-11-26-35-2416990-im-639048508119207525-1.jpg\",\"width\":796,\"height\":448,\"caption\":\"Lucas Hern\u00e1ndez\"},{\"@type\":\"BreadcrumbList\",\"@id\":\"https:\/\/portaltela.pt\/noticias\/2026\/01\/24\/colombiana-revela-salarios-promessas-e-ameaca-sobre-acusacao-a-lucas-hernandez\/#breadcrumb\",\"itemListElement\":[{\"@type\":\"ListItem\",\"position\":1,\"name\":\"In\u00edcio\",\"item\":\"https:\/\/portaltela.pt\/\"},{\"@type\":\"ListItem\",\"position\":2,\"name\":\"Colombiana revela sal\u00e1rios, promessas e amea\u00e7a sobre acusa\u00e7\u00e3o a Lucas Hern\u00e1ndez\"}]},{\"@type\":\"WebSite\",\"@id\":\"https:\/\/portaltela.pt\/#website\",\"url\":\"https:\/\/portaltela.pt\/\",\"name\":\"Portal Tela Portugal\",\"description\":\"\",\"potentialAction\":[{\"@type\":\"SearchAction\",\"target\":{\"@type\":\"EntryPoint\",\"urlTemplate\":\"https:\/\/portaltela.pt\/?s={search_term_string}\"},\"query-input\":{\"@type\":\"PropertyValueSpecification\",\"valueRequired\":true,\"valueName\":\"search_term_string\"}}],\"inLanguage\":\"pt-PT\"},{\"@type\":\"Person\",\"@id\":\"https:\/\/portaltela.pt\/#\/schema\/person\/c4278d4a6028830caff9ee44b42d32ed\",\"name\":\"Telinha\",\"image\":{\"@type\":\"ImageObject\",\"inLanguage\":\"pt-PT\",\"@id\":\"https:\/\/portaltela.pt\/s.01k8rhncp4jt1\/2025\/11\/talking-bot-125x125.png\",\"url\":\"https:\/\/portaltela.pt\/s.01k8rhncp4jt1\/2025\/11\/talking-bot-125x125.png\",\"contentUrl\":\"https:\/\/portaltela.pt\/s.01k8rhncp4jt1\/2025\/11\/talking-bot-125x125.png\",\"caption\":\"Telinha\"},\"sameAs\":[\"https:\/\/portaltela.pt\/\"],\"url\":\"https:\/\/portaltela.pt\/por\/367410592786\/\"}]}<\/script>\n<!-- \/ Yoast SEO plugin. -->","yoast_head_json":{"title":"Colombiana revela sal\u00e1rios, promessas e amea\u00e7a sobre acusa\u00e7\u00e3o a Lucas Hern\u00e1ndez - Portal Tela Portugal","robots":{"index":"index","follow":"follow","max-snippet":"max-snippet:-1","max-image-preview":"max-image-preview:large","max-video-preview":"max-video-preview:-1"},"og_locale":"pt_PT","og_type":"article","og_title":"Colombiana revela sal\u00e1rios, promessas e amea\u00e7a sobre acusa\u00e7\u00e3o a Lucas Hern\u00e1ndez - Portal Tela Portugal","og_description":"A fam\u00edlia colombiana acusa Lucas Hern\u00e1ndez, jogador do Paris Saint-Germain, e Victoria Tray de tr\u00e1fico humano e trabalho for\u00e7ado, ap\u00f3s terem trabalhado para o casal entre setembro de 2024 e novembro de 2025. A equipa desempenhava fun\u00e7\u00f5es de babysitter, seguran\u00e7a, limpeza e outras tarefas na casa do casal, com sal\u00e1rios entre dois mil e tr\u00eas mil euros mensais, sem contrato de trabalho. Segundo Beatriz (identidade preservada), ningu\u00e9m teve acesso a cuidados de sa\u00fade e, cerca de um ano ap\u00f3s entrarem na casa, foi assinado um acordo de confidencialidade e atribu\u00eddos documentos de identidade espanh\u00f3is falsos para parecer a regulariza\u00e7\u00e3o. O epis\u00f3dio agravou-se no final do \u00faltimo ano, quando Beatriz afirma ter sido expulsa da casa ap\u00f3s epis\u00f3dio de conflitos, levando \u00e0 demiss\u00e3o dos pais e irm\u00e3os. O Minist\u00e9rio P\u00fablico franc\u00eas est\u00e1 a investigar o caso, e o casal nega as acusa\u00e7\u00f5es, afirmando ter ajudado as pessoas que quiseram regularizar a situa\u00e7\u00e3o, sem qualquer inten\u00e7\u00e3o de explora\u00e7\u00e3o.","og_url":"https:\/\/portaltela.pt\/noticias\/2026\/01\/24\/colombiana-revela-salarios-promessas-e-ameaca-sobre-acusacao-a-lucas-hernandez\/","og_site_name":"Portal Tela Portugal","article_published_time":"2026-01-24T11:31:00+00:00","author":"Telinha","twitter_card":"summary_large_image","twitter_misc":{"Escrito por":"Telinha","Tempo estimado de leitura":"2 minutos"},"schema":{"@context":"https:\/\/schema.org","@graph":[{"@type":"Article","@id":"https:\/\/portaltela.pt\/noticias\/2026\/01\/24\/colombiana-revela-salarios-promessas-e-ameaca-sobre-acusacao-a-lucas-hernandez\/#article","isPartOf":{"@id":"https:\/\/portaltela.pt\/noticias\/2026\/01\/24\/colombiana-revela-salarios-promessas-e-ameaca-sobre-acusacao-a-lucas-hernandez\/"},"author":{"name":"Telinha","@id":"https:\/\/portaltela.pt\/#\/schema\/person\/c4278d4a6028830caff9ee44b42d32ed"},"headline":"Colombiana revela sal\u00e1rios, promessas e amea\u00e7a sobre acusa\u00e7\u00e3o a Lucas Hern\u00e1ndez","datePublished":"2026-01-24T11:31:00+00:00","mainEntityOfPage":{"@id":"https:\/\/portaltela.pt\/noticias\/2026\/01\/24\/colombiana-revela-salarios-promessas-e-ameaca-sobre-acusacao-a-lucas-hernandez\/"},"wordCount":443,"image":{"@id":"https:\/\/portaltela.pt\/noticias\/2026\/01\/24\/colombiana-revela-salarios-promessas-e-ameaca-sobre-acusacao-a-lucas-hernandez\/#primaryimage"},"thumbnailUrl":"https:\/\/portaltela.pt\/s.01k8rhncp4jt1\/2026\/01\/img_920x518uu2026-01-24-11-26-35-2416990-im-639048508119207525-1.jpg","keywords":["direitos humanos","Fran\u00e7a","imigra\u00e7\u00e3o","imigrantes","tr\u00e1fico de pessoas","tr\u00e1fico de seres humanos"],"articleSection":["Not\u00edcias"],"inLanguage":"pt-PT"},{"@type":"WebPage","@id":"https:\/\/portaltela.pt\/noticias\/2026\/01\/24\/colombiana-revela-salarios-promessas-e-ameaca-sobre-acusacao-a-lucas-hernandez\/","url":"https:\/\/portaltela.pt\/noticias\/2026\/01\/24\/colombiana-revela-salarios-promessas-e-ameaca-sobre-acusacao-a-lucas-hernandez\/","name":"Colombiana revela sal\u00e1rios, promessas e amea\u00e7a sobre acusa\u00e7\u00e3o a Lucas Hern\u00e1ndez - Portal Tela Portugal","isPartOf":{"@id":"https:\/\/portaltela.pt\/#website"},"primaryImageOfPage":{"@id":"https:\/\/portaltela.pt\/noticias\/2026\/01\/24\/colombiana-revela-salarios-promessas-e-ameaca-sobre-acusacao-a-lucas-hernandez\/#primaryimage"},"image":{"@id":"https:\/\/portaltela.pt\/noticias\/2026\/01\/24\/colombiana-revela-salarios-promessas-e-ameaca-sobre-acusacao-a-lucas-hernandez\/#primaryimage"},"thumbnailUrl":"https:\/\/portaltela.pt\/s.01k8rhncp4jt1\/2026\/01\/img_920x518uu2026-01-24-11-26-35-2416990-im-639048508119207525-1.jpg","datePublished":"2026-01-24T11:31:00+00:00","author":{"@id":"https:\/\/portaltela.pt\/#\/schema\/person\/c4278d4a6028830caff9ee44b42d32ed"},"breadcrumb":{"@id":"https:\/\/portaltela.pt\/noticias\/2026\/01\/24\/colombiana-revela-salarios-promessas-e-ameaca-sobre-acusacao-a-lucas-hernandez\/#breadcrumb"},"inLanguage":"pt-PT","potentialAction":[{"@type":"ReadAction","target":["https:\/\/portaltela.pt\/noticias\/2026\/01\/24\/colombiana-revela-salarios-promessas-e-ameaca-sobre-acusacao-a-lucas-hernandez\/"]}]},{"@type":"ImageObject","inLanguage":"pt-PT","@id":"https:\/\/portaltela.pt\/noticias\/2026\/01\/24\/colombiana-revela-salarios-promessas-e-ameaca-sobre-acusacao-a-lucas-hernandez\/#primaryimage","url":"https:\/\/portaltela.pt\/s.01k8rhncp4jt1\/2026\/01\/img_920x518uu2026-01-24-11-26-35-2416990-im-639048508119207525-1.jpg","contentUrl":"https:\/\/portaltela.pt\/s.01k8rhncp4jt1\/2026\/01\/img_920x518uu2026-01-24-11-26-35-2416990-im-639048508119207525-1.jpg","width":796,"height":448,"caption":"Lucas Hern\u00e1ndez"},{"@type":"BreadcrumbList","@id":"https:\/\/portaltela.pt\/noticias\/2026\/01\/24\/colombiana-revela-salarios-promessas-e-ameaca-sobre-acusacao-a-lucas-hernandez\/#breadcrumb","itemListElement":[{"@type":"ListItem","position":1,"name":"In\u00edcio","item":"https:\/\/portaltela.pt\/"},{"@type":"ListItem","position":2,"name":"Colombiana revela sal\u00e1rios, promessas e amea\u00e7a sobre acusa\u00e7\u00e3o a Lucas Hern\u00e1ndez"}]},{"@type":"WebSite","@id":"https:\/\/portaltela.pt\/#website","url":"https:\/\/portaltela.pt\/","name":"Portal Tela Portugal","description":"","potentialAction":[{"@type":"SearchAction","target":{"@type":"EntryPoint","urlTemplate":"https:\/\/portaltela.pt\/?s={search_term_string}"},"query-input":{"@type":"PropertyValueSpecification","valueRequired":true,"valueName":"search_term_string"}}],"inLanguage":"pt-PT"},{"@type":"Person","@id":"https:\/\/portaltela.pt\/#\/schema\/person\/c4278d4a6028830caff9ee44b42d32ed","name":"Telinha","image":{"@type":"ImageObject","inLanguage":"pt-PT","@id":"https:\/\/portaltela.pt\/s.01k8rhncp4jt1\/2025\/11\/talking-bot-125x125.png","url":"https:\/\/portaltela.pt\/s.01k8rhncp4jt1\/2025\/11\/talking-bot-125x125.png","contentUrl":"https:\/\/portaltela.pt\/s.01k8rhncp4jt1\/2025\/11\/talking-bot-125x125.png","caption":"Telinha"},"sameAs":["https:\/\/portaltela.pt\/"],"url":"https:\/\/portaltela.pt\/por\/367410592786\/"}]}},"_links":{"self":[{"href":"https:\/\/portaltela.pt\/api\/wp\/v2\/posts\/169584","targetHints":{"allow":["GET"]}}],"collection":[{"href":"https:\/\/portaltela.pt\/api\/wp\/v2\/posts"}],"about":[{"href":"https:\/\/portaltela.pt\/api\/wp\/v2\/types\/post"}],"author":[{"embeddable":true,"href":"https:\/\/portaltela.pt\/api\/wp\/v2\/users\/2"}],"replies":[{"embeddable":true,"href":"https:\/\/portaltela.pt\/api\/wp\/v2\/comments?post=169584"}],"version-history":[{"count":0,"href":"https:\/\/portaltela.pt\/api\/wp\/v2\/posts\/169584\/revisions"}],"wp:featuredmedia":[{"embeddable":true,"href":"https:\/\/portaltela.pt\/api\/wp\/v2\/media\/169595"}],"wp:attachment":[{"href":"https:\/\/portaltela.pt\/api\/wp\/v2\/media?parent=169584"}],"wp:term":[{"taxonomy":"category","embeddable":true,"href":"https:\/\/portaltela.pt\/api\/wp\/v2\/categories?post=169584"},{"taxonomy":"post_tag","embeddable":true,"href":"https:\/\/portaltela.pt\/api\/wp\/v2\/tags?post=169584"}],"curies":[{"name":"wp","href":"https:\/\/api.w.org\/{rel}","templated":true}]}}