{"id":169576,"date":"2026-01-24T08:37:54","date_gmt":"2026-01-24T11:37:54","guid":{"rendered":"https:\/\/portaltela.pt\/noticias\/2026\/01\/24\/prisao-preventiva-para-cinco-membros-do-grupo-extremista-1143\/"},"modified":"2026-01-24T08:37:54","modified_gmt":"2026-01-24T11:37:54","slug":"prisao-preventiva-para-cinco-membros-do-grupo-extremista-1143","status":"publish","type":"post","link":"https:\/\/portaltela.pt\/noticias\/2026\/01\/24\/prisao-preventiva-para-cinco-membros-do-grupo-extremista-1143\/","title":{"rendered":"Pris\u00e3o preventiva para cinco membros do grupo extremista 1143"},"content":{"rendered":"<p>Cinco dos 37 detidos na Opera\u00e7\u00e3o Irmandade contra o grupo extremista 1143 ficaram em pris\u00e3o preventiva. As medidas foram comunicadas este s\u00e1bado, no Campus de Justi\u00e7a.<\/p>\n<p>Os restantes 32 arguidos foram libertados. Deste total, 29 ficam obrigados a apresentar-se semanalmente na esquadra, e 3 apenas com termo de identidade e resid\u00eancia.<\/p>\n<p>Entre os libertados est\u00e1 o agente da PSP detido na ter\u00e7a-feira, identificado como membro da organiza\u00e7\u00e3o neonazi.<\/p>\n<h3>Medidas de coa\u00e7\u00e3o<\/h3>\n<p>Os arguidos est\u00e3o indiciados, em geral, da pr\u00e1tica de discrimina\u00e7\u00e3o e incitamento ao \u00f3dio e \u00e0 viol\u00eancia, amea\u00e7a e coa\u00e7\u00e3o agravados, ofensas \u00e0 integridade f\u00edsica qualificada e deten\u00e7\u00e3o de arma proibida.<\/p>\n","protected":false},"excerpt":{"rendered":"<ul>\n<li>Cinco dos sete e trinta e sete detidos na Opera\u00e7\u00e3o Irmandade ficaram em pris\u00e3o preventiva; as medidas de coa\u00e7\u00e3o foram anunciadas no Campus de Justi\u00e7a neste s\u00e1bado.<\/li>\n<li>Os restantes trinta e dois arguidos ficaram em liberdade, sendo vinte e nove obrigados a apresentar-se semanalmente na esquadra e tr\u00eas apenas com termo de identidade e resid\u00eancia.<\/li>\n<li>Entre os libertados est\u00e1 um agente da Pol\u00edcia de Seguran\u00e7a P\u00fablica (PSP) detido na ter\u00e7a-feira, identificado como membro da organiza\u00e7\u00e3o neonazi.<\/li>\n<li>Os arguidos est\u00e3o indiciados, em termos gerais, de discrimina\u00e7\u00e3o e incitamento ao \u00f3dio e \u00e0 viol\u00eancia, amea\u00e7a e coa\u00e7\u00e3o agravados, ofensas \u00e0 integridade f\u00edsica qualificada e deten\u00e7\u00e3o de arma proibida.<\/li>\n<li>O caso reporta-se \u00e0 opera\u00e7\u00e3o Irmandade contra o grupo extremista 1143.<\/li>\n<\/ul>\n","protected":false},"author":2,"featured_media":169593,"comment_status":"closed","ping_status":"closed","sticky":false,"template":"","format":"standard","meta":{"footnotes":""},"categories":[1],"tags":[2660,2320,1695,3446,3544,3418],"class_list":["post-169576","post","type-post","status-publish","format-standard","has-post-thumbnail","hentry","category-noticias","tag-arma-proibida","tag-coacao-agravada","tag-discriminacao","tag-extremismo","tag-incitacao-ao-odio","tag-policia-de-seguranca-publica"],"yoast_head":"<!-- This site is optimized with the Yoast SEO plugin v27.2 - https:\/\/yoast.com\/product\/yoast-seo-wordpress\/ -->\n<title>Pris\u00e3o preventiva para cinco membros do grupo extremista 1143 - Portal Tela Portugal<\/title>\n<meta name=\"robots\" content=\"index, follow, max-snippet:-1, max-image-preview:large, max-video-preview:-1\" \/>\n<meta property=\"og:locale\" content=\"pt_PT\" \/>\n<meta property=\"og:type\" content=\"article\" \/>\n<meta property=\"og:title\" content=\"Pris\u00e3o preventiva para cinco membros do grupo extremista 1143 - Portal Tela Portugal\" \/>\n<meta property=\"og:description\" content=\"Cinco dos sete e trinta e sete detidos na Opera\u00e7\u00e3o Irmandade ficaram em pris\u00e3o preventiva; as medidas de coa\u00e7\u00e3o foram anunciadas no Campus de Justi\u00e7a neste s\u00e1bado. Os restantes trinta e dois arguidos ficaram em liberdade, sendo vinte e nove obrigados a apresentar-se semanalmente na esquadra e tr\u00eas apenas com termo de identidade e resid\u00eancia. Entre os libertados est\u00e1 um agente da Pol\u00edcia de Seguran\u00e7a P\u00fablica (PSP) detido na ter\u00e7a-feira, identificado como membro da organiza\u00e7\u00e3o neonazi. Os arguidos est\u00e3o indiciados, em termos gerais, de discrimina\u00e7\u00e3o e incitamento ao \u00f3dio e \u00e0 viol\u00eancia, amea\u00e7a e coa\u00e7\u00e3o agravados, ofensas \u00e0 integridade f\u00edsica qualificada e deten\u00e7\u00e3o de arma proibida. O caso reporta-se \u00e0 opera\u00e7\u00e3o Irmandade contra o grupo extremista 1143.\" \/>\n<meta property=\"og:url\" content=\"https:\/\/portaltela.pt\/noticias\/2026\/01\/24\/prisao-preventiva-para-cinco-membros-do-grupo-extremista-1143\/\" \/>\n<meta property=\"og:site_name\" content=\"Portal Tela Portugal\" \/>\n<meta property=\"article:published_time\" content=\"2026-01-24T11:37:54+00:00\" \/>\n<meta name=\"author\" content=\"Telinha\" \/>\n<meta name=\"twitter:card\" content=\"summary_large_image\" \/>\n<meta name=\"twitter:label1\" content=\"Escrito por\" \/>\n\t<meta name=\"twitter:data1\" content=\"Telinha\" \/>\n\t<meta name=\"twitter:label2\" content=\"Tempo estimado de leitura\" \/>\n\t<meta name=\"twitter:data2\" content=\"1 minuto\" \/>\n<script type=\"application\/ld+json\" class=\"yoast-schema-graph\">{\"@context\":\"https:\/\/schema.org\",\"@graph\":[{\"@type\":\"Article\",\"@id\":\"https:\/\/portaltela.pt\/noticias\/2026\/01\/24\/prisao-preventiva-para-cinco-membros-do-grupo-extremista-1143\/#article\",\"isPartOf\":{\"@id\":\"https:\/\/portaltela.pt\/noticias\/2026\/01\/24\/prisao-preventiva-para-cinco-membros-do-grupo-extremista-1143\/\"},\"author\":{\"name\":\"Telinha\",\"@id\":\"https:\/\/portaltela.pt\/#\/schema\/person\/c4278d4a6028830caff9ee44b42d32ed\"},\"headline\":\"Pris\u00e3o preventiva para cinco membros do grupo extremista 1143\",\"datePublished\":\"2026-01-24T11:37:54+00:00\",\"mainEntityOfPage\":{\"@id\":\"https:\/\/portaltela.pt\/noticias\/2026\/01\/24\/prisao-preventiva-para-cinco-membros-do-grupo-extremista-1143\/\"},\"wordCount\":120,\"image\":{\"@id\":\"https:\/\/portaltela.pt\/noticias\/2026\/01\/24\/prisao-preventiva-para-cinco-membros-do-grupo-extremista-1143\/#primaryimage\"},\"thumbnailUrl\":\"https:\/\/portaltela.pt\/s.01k8rhncp4jt1\/2026\/01\/img_920x518uu2026-01-24-11-35-29-2416991-im-639048513495558276.jpg\",\"keywords\":[\"arma proibida\",\"coa\u00e7\u00e3o agravada\",\"discrimina\u00e7\u00e3o\",\"extremismo\",\"incita\u00e7\u00e3o ao \u00f3dio\",\"Pol\u00edcia de Seguran\u00e7a P\u00fablica\"],\"articleSection\":[\"Not\u00edcias\"],\"inLanguage\":\"pt-PT\"},{\"@type\":\"WebPage\",\"@id\":\"https:\/\/portaltela.pt\/noticias\/2026\/01\/24\/prisao-preventiva-para-cinco-membros-do-grupo-extremista-1143\/\",\"url\":\"https:\/\/portaltela.pt\/noticias\/2026\/01\/24\/prisao-preventiva-para-cinco-membros-do-grupo-extremista-1143\/\",\"name\":\"Pris\u00e3o preventiva para cinco membros do grupo extremista 1143 - Portal Tela Portugal\",\"isPartOf\":{\"@id\":\"https:\/\/portaltela.pt\/#website\"},\"primaryImageOfPage\":{\"@id\":\"https:\/\/portaltela.pt\/noticias\/2026\/01\/24\/prisao-preventiva-para-cinco-membros-do-grupo-extremista-1143\/#primaryimage\"},\"image\":{\"@id\":\"https:\/\/portaltela.pt\/noticias\/2026\/01\/24\/prisao-preventiva-para-cinco-membros-do-grupo-extremista-1143\/#primaryimage\"},\"thumbnailUrl\":\"https:\/\/portaltela.pt\/s.01k8rhncp4jt1\/2026\/01\/img_920x518uu2026-01-24-11-35-29-2416991-im-639048513495558276.jpg\",\"datePublished\":\"2026-01-24T11:37:54+00:00\",\"author\":{\"@id\":\"https:\/\/portaltela.pt\/#\/schema\/person\/c4278d4a6028830caff9ee44b42d32ed\"},\"breadcrumb\":{\"@id\":\"https:\/\/portaltela.pt\/noticias\/2026\/01\/24\/prisao-preventiva-para-cinco-membros-do-grupo-extremista-1143\/#breadcrumb\"},\"inLanguage\":\"pt-PT\",\"potentialAction\":[{\"@type\":\"ReadAction\",\"target\":[\"https:\/\/portaltela.pt\/noticias\/2026\/01\/24\/prisao-preventiva-para-cinco-membros-do-grupo-extremista-1143\/\"]}]},{\"@type\":\"ImageObject\",\"inLanguage\":\"pt-PT\",\"@id\":\"https:\/\/portaltela.pt\/noticias\/2026\/01\/24\/prisao-preventiva-para-cinco-membros-do-grupo-extremista-1143\/#primaryimage\",\"url\":\"https:\/\/portaltela.pt\/s.01k8rhncp4jt1\/2026\/01\/img_920x518uu2026-01-24-11-35-29-2416991-im-639048513495558276.jpg\",\"contentUrl\":\"https:\/\/portaltela.pt\/s.01k8rhncp4jt1\/2026\/01\/img_920x518uu2026-01-24-11-35-29-2416991-im-639048513495558276.jpg\",\"width\":796,\"height\":448,\"caption\":\"M\u00e1rio Machado\"},{\"@type\":\"BreadcrumbList\",\"@id\":\"https:\/\/portaltela.pt\/noticias\/2026\/01\/24\/prisao-preventiva-para-cinco-membros-do-grupo-extremista-1143\/#breadcrumb\",\"itemListElement\":[{\"@type\":\"ListItem\",\"position\":1,\"name\":\"In\u00edcio\",\"item\":\"https:\/\/portaltela.pt\/\"},{\"@type\":\"ListItem\",\"position\":2,\"name\":\"Pris\u00e3o preventiva para cinco membros do grupo extremista 1143\"}]},{\"@type\":\"WebSite\",\"@id\":\"https:\/\/portaltela.pt\/#website\",\"url\":\"https:\/\/portaltela.pt\/\",\"name\":\"Portal Tela Portugal\",\"description\":\"\",\"potentialAction\":[{\"@type\":\"SearchAction\",\"target\":{\"@type\":\"EntryPoint\",\"urlTemplate\":\"https:\/\/portaltela.pt\/?s={search_term_string}\"},\"query-input\":{\"@type\":\"PropertyValueSpecification\",\"valueRequired\":true,\"valueName\":\"search_term_string\"}}],\"inLanguage\":\"pt-PT\"},{\"@type\":\"Person\",\"@id\":\"https:\/\/portaltela.pt\/#\/schema\/person\/c4278d4a6028830caff9ee44b42d32ed\",\"name\":\"Telinha\",\"image\":{\"@type\":\"ImageObject\",\"inLanguage\":\"pt-PT\",\"@id\":\"https:\/\/portaltela.pt\/s.01k8rhncp4jt1\/2025\/11\/talking-bot-125x125.png\",\"url\":\"https:\/\/portaltela.pt\/s.01k8rhncp4jt1\/2025\/11\/talking-bot-125x125.png\",\"contentUrl\":\"https:\/\/portaltela.pt\/s.01k8rhncp4jt1\/2025\/11\/talking-bot-125x125.png\",\"caption\":\"Telinha\"},\"sameAs\":[\"https:\/\/portaltela.pt\/\"],\"url\":\"https:\/\/portaltela.pt\/por\/367410592786\/\"}]}<\/script>\n<!-- \/ Yoast SEO plugin. -->","yoast_head_json":{"title":"Pris\u00e3o preventiva para cinco membros do grupo extremista 1143 - Portal Tela Portugal","robots":{"index":"index","follow":"follow","max-snippet":"max-snippet:-1","max-image-preview":"max-image-preview:large","max-video-preview":"max-video-preview:-1"},"og_locale":"pt_PT","og_type":"article","og_title":"Pris\u00e3o preventiva para cinco membros do grupo extremista 1143 - Portal Tela Portugal","og_description":"Cinco dos sete e trinta e sete detidos na Opera\u00e7\u00e3o Irmandade ficaram em pris\u00e3o preventiva; as medidas de coa\u00e7\u00e3o foram anunciadas no Campus de Justi\u00e7a neste s\u00e1bado. Os restantes trinta e dois arguidos ficaram em liberdade, sendo vinte e nove obrigados a apresentar-se semanalmente na esquadra e tr\u00eas apenas com termo de identidade e resid\u00eancia. Entre os libertados est\u00e1 um agente da Pol\u00edcia de Seguran\u00e7a P\u00fablica (PSP) detido na ter\u00e7a-feira, identificado como membro da organiza\u00e7\u00e3o neonazi. Os arguidos est\u00e3o indiciados, em termos gerais, de discrimina\u00e7\u00e3o e incitamento ao \u00f3dio e \u00e0 viol\u00eancia, amea\u00e7a e coa\u00e7\u00e3o agravados, ofensas \u00e0 integridade f\u00edsica qualificada e deten\u00e7\u00e3o de arma proibida. O caso reporta-se \u00e0 opera\u00e7\u00e3o Irmandade contra o grupo extremista 1143.","og_url":"https:\/\/portaltela.pt\/noticias\/2026\/01\/24\/prisao-preventiva-para-cinco-membros-do-grupo-extremista-1143\/","og_site_name":"Portal Tela Portugal","article_published_time":"2026-01-24T11:37:54+00:00","author":"Telinha","twitter_card":"summary_large_image","twitter_misc":{"Escrito por":"Telinha","Tempo estimado de leitura":"1 minuto"},"schema":{"@context":"https:\/\/schema.org","@graph":[{"@type":"Article","@id":"https:\/\/portaltela.pt\/noticias\/2026\/01\/24\/prisao-preventiva-para-cinco-membros-do-grupo-extremista-1143\/#article","isPartOf":{"@id":"https:\/\/portaltela.pt\/noticias\/2026\/01\/24\/prisao-preventiva-para-cinco-membros-do-grupo-extremista-1143\/"},"author":{"name":"Telinha","@id":"https:\/\/portaltela.pt\/#\/schema\/person\/c4278d4a6028830caff9ee44b42d32ed"},"headline":"Pris\u00e3o preventiva para cinco membros do grupo extremista 1143","datePublished":"2026-01-24T11:37:54+00:00","mainEntityOfPage":{"@id":"https:\/\/portaltela.pt\/noticias\/2026\/01\/24\/prisao-preventiva-para-cinco-membros-do-grupo-extremista-1143\/"},"wordCount":120,"image":{"@id":"https:\/\/portaltela.pt\/noticias\/2026\/01\/24\/prisao-preventiva-para-cinco-membros-do-grupo-extremista-1143\/#primaryimage"},"thumbnailUrl":"https:\/\/portaltela.pt\/s.01k8rhncp4jt1\/2026\/01\/img_920x518uu2026-01-24-11-35-29-2416991-im-639048513495558276.jpg","keywords":["arma proibida","coa\u00e7\u00e3o agravada","discrimina\u00e7\u00e3o","extremismo","incita\u00e7\u00e3o ao \u00f3dio","Pol\u00edcia de Seguran\u00e7a P\u00fablica"],"articleSection":["Not\u00edcias"],"inLanguage":"pt-PT"},{"@type":"WebPage","@id":"https:\/\/portaltela.pt\/noticias\/2026\/01\/24\/prisao-preventiva-para-cinco-membros-do-grupo-extremista-1143\/","url":"https:\/\/portaltela.pt\/noticias\/2026\/01\/24\/prisao-preventiva-para-cinco-membros-do-grupo-extremista-1143\/","name":"Pris\u00e3o preventiva para cinco membros do grupo extremista 1143 - Portal Tela Portugal","isPartOf":{"@id":"https:\/\/portaltela.pt\/#website"},"primaryImageOfPage":{"@id":"https:\/\/portaltela.pt\/noticias\/2026\/01\/24\/prisao-preventiva-para-cinco-membros-do-grupo-extremista-1143\/#primaryimage"},"image":{"@id":"https:\/\/portaltela.pt\/noticias\/2026\/01\/24\/prisao-preventiva-para-cinco-membros-do-grupo-extremista-1143\/#primaryimage"},"thumbnailUrl":"https:\/\/portaltela.pt\/s.01k8rhncp4jt1\/2026\/01\/img_920x518uu2026-01-24-11-35-29-2416991-im-639048513495558276.jpg","datePublished":"2026-01-24T11:37:54+00:00","author":{"@id":"https:\/\/portaltela.pt\/#\/schema\/person\/c4278d4a6028830caff9ee44b42d32ed"},"breadcrumb":{"@id":"https:\/\/portaltela.pt\/noticias\/2026\/01\/24\/prisao-preventiva-para-cinco-membros-do-grupo-extremista-1143\/#breadcrumb"},"inLanguage":"pt-PT","potentialAction":[{"@type":"ReadAction","target":["https:\/\/portaltela.pt\/noticias\/2026\/01\/24\/prisao-preventiva-para-cinco-membros-do-grupo-extremista-1143\/"]}]},{"@type":"ImageObject","inLanguage":"pt-PT","@id":"https:\/\/portaltela.pt\/noticias\/2026\/01\/24\/prisao-preventiva-para-cinco-membros-do-grupo-extremista-1143\/#primaryimage","url":"https:\/\/portaltela.pt\/s.01k8rhncp4jt1\/2026\/01\/img_920x518uu2026-01-24-11-35-29-2416991-im-639048513495558276.jpg","contentUrl":"https:\/\/portaltela.pt\/s.01k8rhncp4jt1\/2026\/01\/img_920x518uu2026-01-24-11-35-29-2416991-im-639048513495558276.jpg","width":796,"height":448,"caption":"M\u00e1rio Machado"},{"@type":"BreadcrumbList","@id":"https:\/\/portaltela.pt\/noticias\/2026\/01\/24\/prisao-preventiva-para-cinco-membros-do-grupo-extremista-1143\/#breadcrumb","itemListElement":[{"@type":"ListItem","position":1,"name":"In\u00edcio","item":"https:\/\/portaltela.pt\/"},{"@type":"ListItem","position":2,"name":"Pris\u00e3o preventiva para cinco membros do grupo extremista 1143"}]},{"@type":"WebSite","@id":"https:\/\/portaltela.pt\/#website","url":"https:\/\/portaltela.pt\/","name":"Portal Tela Portugal","description":"","potentialAction":[{"@type":"SearchAction","target":{"@type":"EntryPoint","urlTemplate":"https:\/\/portaltela.pt\/?s={search_term_string}"},"query-input":{"@type":"PropertyValueSpecification","valueRequired":true,"valueName":"search_term_string"}}],"inLanguage":"pt-PT"},{"@type":"Person","@id":"https:\/\/portaltela.pt\/#\/schema\/person\/c4278d4a6028830caff9ee44b42d32ed","name":"Telinha","image":{"@type":"ImageObject","inLanguage":"pt-PT","@id":"https:\/\/portaltela.pt\/s.01k8rhncp4jt1\/2025\/11\/talking-bot-125x125.png","url":"https:\/\/portaltela.pt\/s.01k8rhncp4jt1\/2025\/11\/talking-bot-125x125.png","contentUrl":"https:\/\/portaltela.pt\/s.01k8rhncp4jt1\/2025\/11\/talking-bot-125x125.png","caption":"Telinha"},"sameAs":["https:\/\/portaltela.pt\/"],"url":"https:\/\/portaltela.pt\/por\/367410592786\/"}]}},"_links":{"self":[{"href":"https:\/\/portaltela.pt\/api\/wp\/v2\/posts\/169576","targetHints":{"allow":["GET"]}}],"collection":[{"href":"https:\/\/portaltela.pt\/api\/wp\/v2\/posts"}],"about":[{"href":"https:\/\/portaltela.pt\/api\/wp\/v2\/types\/post"}],"author":[{"embeddable":true,"href":"https:\/\/portaltela.pt\/api\/wp\/v2\/users\/2"}],"replies":[{"embeddable":true,"href":"https:\/\/portaltela.pt\/api\/wp\/v2\/comments?post=169576"}],"version-history":[{"count":0,"href":"https:\/\/portaltela.pt\/api\/wp\/v2\/posts\/169576\/revisions"}],"wp:featuredmedia":[{"embeddable":true,"href":"https:\/\/portaltela.pt\/api\/wp\/v2\/media\/169593"}],"wp:attachment":[{"href":"https:\/\/portaltela.pt\/api\/wp\/v2\/media?parent=169576"}],"wp:term":[{"taxonomy":"category","embeddable":true,"href":"https:\/\/portaltela.pt\/api\/wp\/v2\/categories?post=169576"},{"taxonomy":"post_tag","embeddable":true,"href":"https:\/\/portaltela.pt\/api\/wp\/v2\/tags?post=169576"}],"curies":[{"name":"wp","href":"https:\/\/api.w.org\/{rel}","templated":true}]}}