{"id":169560,"date":"2026-01-24T08:20:00","date_gmt":"2026-01-24T11:20:00","guid":{"rendered":"https:\/\/portaltela.pt\/noticias\/2026\/01\/24\/prisao-preventiva-de-cinco-membros-do-grupo-1143\/"},"modified":"2026-01-24T08:20:00","modified_gmt":"2026-01-24T11:20:00","slug":"prisao-preventiva-de-cinco-membros-do-grupo-1143","status":"publish","type":"post","link":"https:\/\/portaltela.pt\/noticias\/2026\/01\/24\/prisao-preventiva-de-cinco-membros-do-grupo-1143\/","title":{"rendered":"Pris\u00e3o preventiva de cinco membros do Grupo 1143"},"content":{"rendered":"<p>Cinco dos 37 arguidos detidos na Opera\u00e7\u00e3o Irmandade v\u00e3o permanecer em pris\u00e3o preventiva, decidiu hoje um juiz do Tribunal Central de Investiga\u00e7\u00e3o Criminal de Lisboa. Os restantes membros do Grupo 1143 v\u00e3o aguardar o desenrolar do processo em liberdade.<\/p>\n<p>Todos os arguidos ficam proibidos de contactar entre si e com obrigatoriedade de apresenta\u00e7\u00f5es peri\u00f3dicas \u00e0s autoridades. Tr\u00eas deles ficam ainda com termos de identidade e resid\u00eancia, a que j\u00e1 estavam sujeitos.<\/p>\n<p>Na tarde de ontem, o Minist\u00e9rio P\u00fablico pediu pris\u00e3o preventiva para oito arguidos. Hoje, seis optaram por prestar declara\u00e7\u00f5es, enquanto os outros permaneceram em sil\u00eancio no interrogat\u00f3rio judicial.<\/p>\n<h3>Medidas de coa\u00e7\u00e3o e contexto processual<\/h3>\n<p>O juiz Nuno Costa Dias entendeu que a pris\u00e3o preventiva era necess\u00e1ria para cinco arguidos, com base no risco de continuidade da atividade criminosa e de perturba\u00e7\u00e3o grave da ordem p\u00fablica.<\/p>\n<p>O l\u00edder do grupo, M\u00e1rio Machado, ficou a saber que poder\u00e1 cumprir uma pena de quatro anos, resultante de c\u00famulo jur\u00eddico por discrimina\u00e7\u00e3o e incitamento ao \u00f3dio e \u00e0 viol\u00eancia.<\/p>\n<p>Os 37 arguidos \u2014 incluindo militantes do Chega, um pol\u00edcia de Set\u00fabal e um militar da For\u00e7a A\u00e9rea \u2014 foram detidos na ter\u00e7a-feira, suspeitos de discrimina\u00e7\u00e3o, incitamento ao \u00f3dio e viol\u00eancia, amea\u00e7a, coa\u00e7\u00e3o agravada, ofensas \u00e0 integridade f\u00edsica qualificada e deten\u00e7\u00e3o de arma proibida.<\/p>\n<p>Quinze outras pessoas foram constitu\u00eddas arguido pelas autoridades, no \u00e2mbito da mesma opera\u00e7\u00e3o.<\/p>\n<h3>Contexto da investiga\u00e7\u00e3o<\/h3>\n<p>Segundo a PJ, o Grupo 1143, liderado por M\u00e1rio Machado, planeava manter uma mil\u00edcia armada para enfrentar uma alegada amea\u00e7a isl\u00e2mica e promover uma chamada guerra racial, a partir de a\u00e7\u00f5es em territ\u00f3rio nacional.<\/p>\n<p>A megaopera\u00e7\u00e3o ocorreu esta semana, com v\u00e1rias deten\u00e7\u00f5es e dezenas de buscas em todo o pa\u00eds, resultando na apreens\u00e3o de armas e de material de propaganda e merchandising ligado \u00e0 ideologia extremista violenta, neonazista, bem como de armas diversas.<\/p>\n","protected":false},"excerpt":{"rendered":"<ul>\n<li>Cinco dos 37 arguidos detidos na Opera\u00e7\u00e3o Irmandade ficar\u00e3o em pris\u00e3o preventiva, decidida por um juiz do Tribunal Central de Investiga\u00e7\u00e3o Criminal de Lisboa.<\/li>\n<li>Os restantes elementos do Grupo 1143, grupo ultranacionalista e nazi, v\u00e3o aguardar o desenrolar do processo em liberdade, com medidas de contacto entre si proibidas.<\/li>\n<li>O Minist\u00e9rio P\u00fablico tinha pedido pris\u00e3o preventiva para oito arguidos; o juiz determinou medidas de coa\u00e7\u00e3o n\u00e3o privativas da liberdade para os restantes.<\/li>\n<li>M\u00e1rio Machado, l\u00edder do grupo, ficou a saber que ter\u00e1 de cumprir uma pena de quatro anos, resultante de c\u00famulo jur\u00eddico por discrimina\u00e7\u00e3o e incitamento ao \u00f3dio e viol\u00eancia.<\/li>\n<li>O grupo tinha como objetivo formar uma mil\u00edcia armada para enfrentar uma alegada amea\u00e7a isl\u00e2mica e lan\u00e7ar uma \u201cguerra racial\u201d; a megaopera\u00e7\u00e3o resultou em v\u00e1rias deten\u00e7\u00f5es, buscas e apreens\u00e3o de armas e material de propaganda extremista.<\/li>\n<\/ul>\n","protected":false},"author":2,"featured_media":169564,"comment_status":"closed","ping_status":"closed","sticky":false,"template":"","format":"standard","meta":{"footnotes":""},"categories":[1],"tags":[182,2142,3446,3296,3528,1802],"class_list":["post-169560","post","type-post","status-publish","format-standard","has-post-thumbnail","hentry","category-noticias","tag-armas","tag-chega","tag-extremismo","tag-extremismos","tag-incitamento-ao-odio","tag-policia-judiciaria"],"yoast_head":"<!-- This site is optimized with the Yoast SEO plugin v27.2 - https:\/\/yoast.com\/product\/yoast-seo-wordpress\/ -->\n<title>Pris\u00e3o preventiva de cinco membros do Grupo 1143 - Portal Tela Portugal<\/title>\n<meta name=\"robots\" content=\"index, follow, max-snippet:-1, max-image-preview:large, max-video-preview:-1\" \/>\n<meta property=\"og:locale\" content=\"pt_PT\" \/>\n<meta property=\"og:type\" content=\"article\" \/>\n<meta property=\"og:title\" content=\"Pris\u00e3o preventiva de cinco membros do Grupo 1143 - Portal Tela Portugal\" \/>\n<meta property=\"og:description\" content=\"Cinco dos 37 arguidos detidos na Opera\u00e7\u00e3o Irmandade ficar\u00e3o em pris\u00e3o preventiva, decidida por um juiz do Tribunal Central de Investiga\u00e7\u00e3o Criminal de Lisboa. Os restantes elementos do Grupo 1143, grupo ultranacionalista e nazi, v\u00e3o aguardar o desenrolar do processo em liberdade, com medidas de contacto entre si proibidas. O Minist\u00e9rio P\u00fablico tinha pedido pris\u00e3o preventiva para oito arguidos; o juiz determinou medidas de coa\u00e7\u00e3o n\u00e3o privativas da liberdade para os restantes. M\u00e1rio Machado, l\u00edder do grupo, ficou a saber que ter\u00e1 de cumprir uma pena de quatro anos, resultante de c\u00famulo jur\u00eddico por discrimina\u00e7\u00e3o e incitamento ao \u00f3dio e viol\u00eancia. O grupo tinha como objetivo formar uma mil\u00edcia armada para enfrentar uma alegada amea\u00e7a isl\u00e2mica e lan\u00e7ar uma \u201cguerra racial\u201d; a megaopera\u00e7\u00e3o resultou em v\u00e1rias deten\u00e7\u00f5es, buscas e apreens\u00e3o de armas e material de propaganda extremista.\" \/>\n<meta property=\"og:url\" content=\"https:\/\/portaltela.pt\/noticias\/2026\/01\/24\/prisao-preventiva-de-cinco-membros-do-grupo-1143\/\" \/>\n<meta property=\"og:site_name\" content=\"Portal Tela Portugal\" \/>\n<meta property=\"article:published_time\" content=\"2026-01-24T11:20:00+00:00\" \/>\n<meta name=\"author\" content=\"Telinha\" \/>\n<meta name=\"twitter:card\" content=\"summary_large_image\" \/>\n<meta name=\"twitter:label1\" content=\"Escrito por\" \/>\n\t<meta name=\"twitter:data1\" content=\"Telinha\" \/>\n\t<meta name=\"twitter:label2\" content=\"Tempo estimado de leitura\" \/>\n\t<meta name=\"twitter:data2\" content=\"2 minutos\" \/>\n<script type=\"application\/ld+json\" class=\"yoast-schema-graph\">{\"@context\":\"https:\/\/schema.org\",\"@graph\":[{\"@type\":\"Article\",\"@id\":\"https:\/\/portaltela.pt\/noticias\/2026\/01\/24\/prisao-preventiva-de-cinco-membros-do-grupo-1143\/#article\",\"isPartOf\":{\"@id\":\"https:\/\/portaltela.pt\/noticias\/2026\/01\/24\/prisao-preventiva-de-cinco-membros-do-grupo-1143\/\"},\"author\":{\"name\":\"Telinha\",\"@id\":\"https:\/\/portaltela.pt\/#\/schema\/person\/c4278d4a6028830caff9ee44b42d32ed\"},\"headline\":\"Pris\u00e3o preventiva de cinco membros do Grupo 1143\",\"datePublished\":\"2026-01-24T11:20:00+00:00\",\"mainEntityOfPage\":{\"@id\":\"https:\/\/portaltela.pt\/noticias\/2026\/01\/24\/prisao-preventiva-de-cinco-membros-do-grupo-1143\/\"},\"wordCount\":349,\"image\":{\"@id\":\"https:\/\/portaltela.pt\/noticias\/2026\/01\/24\/prisao-preventiva-de-cinco-membros-do-grupo-1143\/#primaryimage\"},\"thumbnailUrl\":\"https:\/\/portaltela.pt\/s.01k8rhncp4jt1\/2026\/01\/image-1616.jpg\",\"keywords\":[\"armas\",\"CHEGA\",\"extremismo\",\"extremismos\",\"incitamento ao \u00f3dio\",\"Pol\u00edcia Judici\u00e1ria\"],\"articleSection\":[\"Not\u00edcias\"],\"inLanguage\":\"pt-PT\"},{\"@type\":\"WebPage\",\"@id\":\"https:\/\/portaltela.pt\/noticias\/2026\/01\/24\/prisao-preventiva-de-cinco-membros-do-grupo-1143\/\",\"url\":\"https:\/\/portaltela.pt\/noticias\/2026\/01\/24\/prisao-preventiva-de-cinco-membros-do-grupo-1143\/\",\"name\":\"Pris\u00e3o preventiva de cinco membros do Grupo 1143 - Portal Tela Portugal\",\"isPartOf\":{\"@id\":\"https:\/\/portaltela.pt\/#website\"},\"primaryImageOfPage\":{\"@id\":\"https:\/\/portaltela.pt\/noticias\/2026\/01\/24\/prisao-preventiva-de-cinco-membros-do-grupo-1143\/#primaryimage\"},\"image\":{\"@id\":\"https:\/\/portaltela.pt\/noticias\/2026\/01\/24\/prisao-preventiva-de-cinco-membros-do-grupo-1143\/#primaryimage\"},\"thumbnailUrl\":\"https:\/\/portaltela.pt\/s.01k8rhncp4jt1\/2026\/01\/image-1616.jpg\",\"datePublished\":\"2026-01-24T11:20:00+00:00\",\"author\":{\"@id\":\"https:\/\/portaltela.pt\/#\/schema\/person\/c4278d4a6028830caff9ee44b42d32ed\"},\"breadcrumb\":{\"@id\":\"https:\/\/portaltela.pt\/noticias\/2026\/01\/24\/prisao-preventiva-de-cinco-membros-do-grupo-1143\/#breadcrumb\"},\"inLanguage\":\"pt-PT\",\"potentialAction\":[{\"@type\":\"ReadAction\",\"target\":[\"https:\/\/portaltela.pt\/noticias\/2026\/01\/24\/prisao-preventiva-de-cinco-membros-do-grupo-1143\/\"]}]},{\"@type\":\"ImageObject\",\"inLanguage\":\"pt-PT\",\"@id\":\"https:\/\/portaltela.pt\/noticias\/2026\/01\/24\/prisao-preventiva-de-cinco-membros-do-grupo-1143\/#primaryimage\",\"url\":\"https:\/\/portaltela.pt\/s.01k8rhncp4jt1\/2026\/01\/image-1616.jpg\",\"contentUrl\":\"https:\/\/portaltela.pt\/s.01k8rhncp4jt1\/2026\/01\/image-1616.jpg\",\"width\":796,\"height\":448,\"caption\":\"M\u00e1rio Machado continuava a liderar Grupo 1143 a partir da pris\u00e3o\"},{\"@type\":\"BreadcrumbList\",\"@id\":\"https:\/\/portaltela.pt\/noticias\/2026\/01\/24\/prisao-preventiva-de-cinco-membros-do-grupo-1143\/#breadcrumb\",\"itemListElement\":[{\"@type\":\"ListItem\",\"position\":1,\"name\":\"In\u00edcio\",\"item\":\"https:\/\/portaltela.pt\/\"},{\"@type\":\"ListItem\",\"position\":2,\"name\":\"Pris\u00e3o preventiva de cinco membros do Grupo 1143\"}]},{\"@type\":\"WebSite\",\"@id\":\"https:\/\/portaltela.pt\/#website\",\"url\":\"https:\/\/portaltela.pt\/\",\"name\":\"Portal Tela Portugal\",\"description\":\"\",\"potentialAction\":[{\"@type\":\"SearchAction\",\"target\":{\"@type\":\"EntryPoint\",\"urlTemplate\":\"https:\/\/portaltela.pt\/?s={search_term_string}\"},\"query-input\":{\"@type\":\"PropertyValueSpecification\",\"valueRequired\":true,\"valueName\":\"search_term_string\"}}],\"inLanguage\":\"pt-PT\"},{\"@type\":\"Person\",\"@id\":\"https:\/\/portaltela.pt\/#\/schema\/person\/c4278d4a6028830caff9ee44b42d32ed\",\"name\":\"Telinha\",\"image\":{\"@type\":\"ImageObject\",\"inLanguage\":\"pt-PT\",\"@id\":\"https:\/\/portaltela.pt\/s.01k8rhncp4jt1\/2025\/11\/talking-bot-125x125.png\",\"url\":\"https:\/\/portaltela.pt\/s.01k8rhncp4jt1\/2025\/11\/talking-bot-125x125.png\",\"contentUrl\":\"https:\/\/portaltela.pt\/s.01k8rhncp4jt1\/2025\/11\/talking-bot-125x125.png\",\"caption\":\"Telinha\"},\"sameAs\":[\"https:\/\/portaltela.pt\/\"],\"url\":\"https:\/\/portaltela.pt\/por\/367410592786\/\"}]}<\/script>\n<!-- \/ Yoast SEO plugin. -->","yoast_head_json":{"title":"Pris\u00e3o preventiva de cinco membros do Grupo 1143 - Portal Tela Portugal","robots":{"index":"index","follow":"follow","max-snippet":"max-snippet:-1","max-image-preview":"max-image-preview:large","max-video-preview":"max-video-preview:-1"},"og_locale":"pt_PT","og_type":"article","og_title":"Pris\u00e3o preventiva de cinco membros do Grupo 1143 - Portal Tela Portugal","og_description":"Cinco dos 37 arguidos detidos na Opera\u00e7\u00e3o Irmandade ficar\u00e3o em pris\u00e3o preventiva, decidida por um juiz do Tribunal Central de Investiga\u00e7\u00e3o Criminal de Lisboa. Os restantes elementos do Grupo 1143, grupo ultranacionalista e nazi, v\u00e3o aguardar o desenrolar do processo em liberdade, com medidas de contacto entre si proibidas. O Minist\u00e9rio P\u00fablico tinha pedido pris\u00e3o preventiva para oito arguidos; o juiz determinou medidas de coa\u00e7\u00e3o n\u00e3o privativas da liberdade para os restantes. M\u00e1rio Machado, l\u00edder do grupo, ficou a saber que ter\u00e1 de cumprir uma pena de quatro anos, resultante de c\u00famulo jur\u00eddico por discrimina\u00e7\u00e3o e incitamento ao \u00f3dio e viol\u00eancia. O grupo tinha como objetivo formar uma mil\u00edcia armada para enfrentar uma alegada amea\u00e7a isl\u00e2mica e lan\u00e7ar uma \u201cguerra racial\u201d; a megaopera\u00e7\u00e3o resultou em v\u00e1rias deten\u00e7\u00f5es, buscas e apreens\u00e3o de armas e material de propaganda extremista.","og_url":"https:\/\/portaltela.pt\/noticias\/2026\/01\/24\/prisao-preventiva-de-cinco-membros-do-grupo-1143\/","og_site_name":"Portal Tela Portugal","article_published_time":"2026-01-24T11:20:00+00:00","author":"Telinha","twitter_card":"summary_large_image","twitter_misc":{"Escrito por":"Telinha","Tempo estimado de leitura":"2 minutos"},"schema":{"@context":"https:\/\/schema.org","@graph":[{"@type":"Article","@id":"https:\/\/portaltela.pt\/noticias\/2026\/01\/24\/prisao-preventiva-de-cinco-membros-do-grupo-1143\/#article","isPartOf":{"@id":"https:\/\/portaltela.pt\/noticias\/2026\/01\/24\/prisao-preventiva-de-cinco-membros-do-grupo-1143\/"},"author":{"name":"Telinha","@id":"https:\/\/portaltela.pt\/#\/schema\/person\/c4278d4a6028830caff9ee44b42d32ed"},"headline":"Pris\u00e3o preventiva de cinco membros do Grupo 1143","datePublished":"2026-01-24T11:20:00+00:00","mainEntityOfPage":{"@id":"https:\/\/portaltela.pt\/noticias\/2026\/01\/24\/prisao-preventiva-de-cinco-membros-do-grupo-1143\/"},"wordCount":349,"image":{"@id":"https:\/\/portaltela.pt\/noticias\/2026\/01\/24\/prisao-preventiva-de-cinco-membros-do-grupo-1143\/#primaryimage"},"thumbnailUrl":"https:\/\/portaltela.pt\/s.01k8rhncp4jt1\/2026\/01\/image-1616.jpg","keywords":["armas","CHEGA","extremismo","extremismos","incitamento ao \u00f3dio","Pol\u00edcia Judici\u00e1ria"],"articleSection":["Not\u00edcias"],"inLanguage":"pt-PT"},{"@type":"WebPage","@id":"https:\/\/portaltela.pt\/noticias\/2026\/01\/24\/prisao-preventiva-de-cinco-membros-do-grupo-1143\/","url":"https:\/\/portaltela.pt\/noticias\/2026\/01\/24\/prisao-preventiva-de-cinco-membros-do-grupo-1143\/","name":"Pris\u00e3o preventiva de cinco membros do Grupo 1143 - Portal Tela Portugal","isPartOf":{"@id":"https:\/\/portaltela.pt\/#website"},"primaryImageOfPage":{"@id":"https:\/\/portaltela.pt\/noticias\/2026\/01\/24\/prisao-preventiva-de-cinco-membros-do-grupo-1143\/#primaryimage"},"image":{"@id":"https:\/\/portaltela.pt\/noticias\/2026\/01\/24\/prisao-preventiva-de-cinco-membros-do-grupo-1143\/#primaryimage"},"thumbnailUrl":"https:\/\/portaltela.pt\/s.01k8rhncp4jt1\/2026\/01\/image-1616.jpg","datePublished":"2026-01-24T11:20:00+00:00","author":{"@id":"https:\/\/portaltela.pt\/#\/schema\/person\/c4278d4a6028830caff9ee44b42d32ed"},"breadcrumb":{"@id":"https:\/\/portaltela.pt\/noticias\/2026\/01\/24\/prisao-preventiva-de-cinco-membros-do-grupo-1143\/#breadcrumb"},"inLanguage":"pt-PT","potentialAction":[{"@type":"ReadAction","target":["https:\/\/portaltela.pt\/noticias\/2026\/01\/24\/prisao-preventiva-de-cinco-membros-do-grupo-1143\/"]}]},{"@type":"ImageObject","inLanguage":"pt-PT","@id":"https:\/\/portaltela.pt\/noticias\/2026\/01\/24\/prisao-preventiva-de-cinco-membros-do-grupo-1143\/#primaryimage","url":"https:\/\/portaltela.pt\/s.01k8rhncp4jt1\/2026\/01\/image-1616.jpg","contentUrl":"https:\/\/portaltela.pt\/s.01k8rhncp4jt1\/2026\/01\/image-1616.jpg","width":796,"height":448,"caption":"M\u00e1rio Machado continuava a liderar Grupo 1143 a partir da pris\u00e3o"},{"@type":"BreadcrumbList","@id":"https:\/\/portaltela.pt\/noticias\/2026\/01\/24\/prisao-preventiva-de-cinco-membros-do-grupo-1143\/#breadcrumb","itemListElement":[{"@type":"ListItem","position":1,"name":"In\u00edcio","item":"https:\/\/portaltela.pt\/"},{"@type":"ListItem","position":2,"name":"Pris\u00e3o preventiva de cinco membros do Grupo 1143"}]},{"@type":"WebSite","@id":"https:\/\/portaltela.pt\/#website","url":"https:\/\/portaltela.pt\/","name":"Portal Tela Portugal","description":"","potentialAction":[{"@type":"SearchAction","target":{"@type":"EntryPoint","urlTemplate":"https:\/\/portaltela.pt\/?s={search_term_string}"},"query-input":{"@type":"PropertyValueSpecification","valueRequired":true,"valueName":"search_term_string"}}],"inLanguage":"pt-PT"},{"@type":"Person","@id":"https:\/\/portaltela.pt\/#\/schema\/person\/c4278d4a6028830caff9ee44b42d32ed","name":"Telinha","image":{"@type":"ImageObject","inLanguage":"pt-PT","@id":"https:\/\/portaltela.pt\/s.01k8rhncp4jt1\/2025\/11\/talking-bot-125x125.png","url":"https:\/\/portaltela.pt\/s.01k8rhncp4jt1\/2025\/11\/talking-bot-125x125.png","contentUrl":"https:\/\/portaltela.pt\/s.01k8rhncp4jt1\/2025\/11\/talking-bot-125x125.png","caption":"Telinha"},"sameAs":["https:\/\/portaltela.pt\/"],"url":"https:\/\/portaltela.pt\/por\/367410592786\/"}]}},"_links":{"self":[{"href":"https:\/\/portaltela.pt\/api\/wp\/v2\/posts\/169560","targetHints":{"allow":["GET"]}}],"collection":[{"href":"https:\/\/portaltela.pt\/api\/wp\/v2\/posts"}],"about":[{"href":"https:\/\/portaltela.pt\/api\/wp\/v2\/types\/post"}],"author":[{"embeddable":true,"href":"https:\/\/portaltela.pt\/api\/wp\/v2\/users\/2"}],"replies":[{"embeddable":true,"href":"https:\/\/portaltela.pt\/api\/wp\/v2\/comments?post=169560"}],"version-history":[{"count":0,"href":"https:\/\/portaltela.pt\/api\/wp\/v2\/posts\/169560\/revisions"}],"wp:featuredmedia":[{"embeddable":true,"href":"https:\/\/portaltela.pt\/api\/wp\/v2\/media\/169564"}],"wp:attachment":[{"href":"https:\/\/portaltela.pt\/api\/wp\/v2\/media?parent=169560"}],"wp:term":[{"taxonomy":"category","embeddable":true,"href":"https:\/\/portaltela.pt\/api\/wp\/v2\/categories?post=169560"},{"taxonomy":"post_tag","embeddable":true,"href":"https:\/\/portaltela.pt\/api\/wp\/v2\/tags?post=169560"}],"curies":[{"name":"wp","href":"https:\/\/api.w.org\/{rel}","templated":true}]}}