{"id":169554,"date":"2026-01-24T08:32:04","date_gmt":"2026-01-24T11:32:04","guid":{"rendered":"https:\/\/portaltela.pt\/noticias\/2026\/01\/24\/cinco-membros-do-grupo-1143-ficam-em-prisao-preventiva\/"},"modified":"2026-01-24T08:32:04","modified_gmt":"2026-01-24T11:32:04","slug":"cinco-membros-do-grupo-1143-ficam-em-prisao-preventiva","status":"publish","type":"post","link":"https:\/\/portaltela.pt\/noticias\/2026\/01\/24\/cinco-membros-do-grupo-1143-ficam-em-prisao-preventiva\/","title":{"rendered":"Cinco membros do grupo 1143 ficam em pris\u00e3o preventiva"},"content":{"rendered":"<p>Cinco membros do grupo 1143 ficaram em pris\u00e3o preventiva na sequ\u00eancia da opera\u00e7\u00e3o Irmandade, que envolveu 37 detidos. A medida de coa\u00e7\u00e3o foi anunciada neste s\u00e1bado pelo Tribunal Central de Instru\u00e7\u00e3o Criminal.<\/p>\n<p>Um dos arguidos em pris\u00e3o preventiva \u00e9 considerado um dos quatro l\u00edderes do grupo 1143, criado por M\u00e1rio Machado, conforme confirma\u00e7\u00e3o da SIC Not\u00edcias. Entre os demais arguidos, alguns ficam obrigados a n\u00e3o contactar com outros detidos.<\/p>\n<p>Do total de detidos, 29 ficam obrigados a apresenta\u00e7\u00f5es semanais aos s\u00e1bados no posto policial da zona de resid\u00eancia. Tr\u00eas arguidos ficam com a medida menos gravosa de termo de identidade e resid\u00eancia, incluindo o agente detido.<\/p>\n<h3>Medidas de coa\u00e7\u00e3o e crimes em causa<\/h3>\n<p>Entre os crimes em investiga\u00e7\u00e3o figuram discrimina\u00e7\u00e3o e incitamento ao \u00f3dio e \u00e0 viol\u00eancia, amea\u00e7a e coa\u00e7\u00e3o agravadas, ofensas \u00e0 integridade f\u00edsica qualificada e deten\u00e7\u00e3o de arma proibida. A opera\u00e7\u00e3o visa esclarecer epis\u00f3dios relacionados com estas situa\u00e7\u00f5es e o funcionamento da estrutura associada ao grupo 1143.<\/p>\n","protected":false},"excerpt":{"rendered":"<ul>\n<li>Cinco membros do grupo 1143 ficam em pris\u00e3o preventiva entre os 37 detidos na opera\u00e7\u00e3o irmandade, anunciadas neste s\u00e1bado pelo Tribunal Central de Instru\u00e7\u00e3o Criminal.<\/li>\n<li>Um dos arguidos em pris\u00e3o preventiva \u00e9 um dos quatro l\u00edderes do grupo 1143, criado por M\u00e1rio Machado.<\/li>\n<li>Alguns arguidos ficam proibidos de contactar outros elementos ouvidos no tribunal; 29 obrigados a apresenta\u00e7\u00f5es semanais aos s\u00e1bados no posto policial da \u00e1rea de resid\u00eancia.<\/li>\n<li>Tr\u00eas arguidos ficam com a medida de coa\u00e7\u00e3o menos gravosa, o termo de identidade e resid\u00eancia, incluindo o agente detido.<\/li>\n<li>Est\u00e3o em causa ind\u00edcios de crimes de discrimina\u00e7\u00e3o e incitamento ao \u00f3dio e \u00e0 viol\u00eancia, amea\u00e7a e coa\u00e7\u00e3o agravados, ofensas \u00e0 integridade f\u00edsica qualificada e deten\u00e7\u00e3o de arma proibida.<\/li>\n<\/ul>\n","protected":false},"author":2,"featured_media":169556,"comment_status":"closed","ping_status":"closed","sticky":false,"template":"","format":"standard","meta":{"footnotes":""},"categories":[1],"tags":[291,2320,838,1614,3544,352],"class_list":["post-169554","post","type-post","status-publish","format-standard","has-post-thumbnail","hentry","category-noticias","tag-ameaca-agravada","tag-coacao-agravada","tag-detencao-de-arma-proibida","tag-discriminacao-agravada","tag-incitacao-ao-odio","tag-organizacao-criminosa"],"yoast_head":"<!-- This site is optimized with the Yoast SEO plugin v27.2 - https:\/\/yoast.com\/product\/yoast-seo-wordpress\/ -->\n<title>Cinco membros do grupo 1143 ficam em pris\u00e3o preventiva - Portal Tela Portugal<\/title>\n<meta name=\"robots\" content=\"index, follow, max-snippet:-1, max-image-preview:large, max-video-preview:-1\" \/>\n<meta property=\"og:locale\" content=\"pt_PT\" \/>\n<meta property=\"og:type\" content=\"article\" \/>\n<meta property=\"og:title\" content=\"Cinco membros do grupo 1143 ficam em pris\u00e3o preventiva - Portal Tela Portugal\" \/>\n<meta property=\"og:description\" content=\"Cinco membros do grupo 1143 ficam em pris\u00e3o preventiva entre os 37 detidos na opera\u00e7\u00e3o irmandade, anunciadas neste s\u00e1bado pelo Tribunal Central de Instru\u00e7\u00e3o Criminal. Um dos arguidos em pris\u00e3o preventiva \u00e9 um dos quatro l\u00edderes do grupo 1143, criado por M\u00e1rio Machado. Alguns arguidos ficam proibidos de contactar outros elementos ouvidos no tribunal; 29 obrigados a apresenta\u00e7\u00f5es semanais aos s\u00e1bados no posto policial da \u00e1rea de resid\u00eancia. Tr\u00eas arguidos ficam com a medida de coa\u00e7\u00e3o menos gravosa, o termo de identidade e resid\u00eancia, incluindo o agente detido. Est\u00e3o em causa ind\u00edcios de crimes de discrimina\u00e7\u00e3o e incitamento ao \u00f3dio e \u00e0 viol\u00eancia, amea\u00e7a e coa\u00e7\u00e3o agravados, ofensas \u00e0 integridade f\u00edsica qualificada e deten\u00e7\u00e3o de arma proibida.\" \/>\n<meta property=\"og:url\" content=\"https:\/\/portaltela.pt\/noticias\/2026\/01\/24\/cinco-membros-do-grupo-1143-ficam-em-prisao-preventiva\/\" \/>\n<meta property=\"og:site_name\" content=\"Portal Tela Portugal\" \/>\n<meta property=\"article:published_time\" content=\"2026-01-24T11:32:04+00:00\" \/>\n<meta name=\"author\" content=\"Telinha\" \/>\n<meta name=\"twitter:card\" content=\"summary_large_image\" \/>\n<meta name=\"twitter:label1\" content=\"Escrito por\" \/>\n\t<meta name=\"twitter:data1\" content=\"Telinha\" \/>\n\t<meta name=\"twitter:label2\" content=\"Tempo estimado de leitura\" \/>\n\t<meta name=\"twitter:data2\" content=\"1 minuto\" \/>\n<script type=\"application\/ld+json\" class=\"yoast-schema-graph\">{\"@context\":\"https:\/\/schema.org\",\"@graph\":[{\"@type\":\"Article\",\"@id\":\"https:\/\/portaltela.pt\/noticias\/2026\/01\/24\/cinco-membros-do-grupo-1143-ficam-em-prisao-preventiva\/#article\",\"isPartOf\":{\"@id\":\"https:\/\/portaltela.pt\/noticias\/2026\/01\/24\/cinco-membros-do-grupo-1143-ficam-em-prisao-preventiva\/\"},\"author\":{\"name\":\"Telinha\",\"@id\":\"https:\/\/portaltela.pt\/#\/schema\/person\/c4278d4a6028830caff9ee44b42d32ed\"},\"headline\":\"Cinco membros do grupo 1143 ficam em pris\u00e3o preventiva\",\"datePublished\":\"2026-01-24T11:32:04+00:00\",\"mainEntityOfPage\":{\"@id\":\"https:\/\/portaltela.pt\/noticias\/2026\/01\/24\/cinco-membros-do-grupo-1143-ficam-em-prisao-preventiva\/\"},\"wordCount\":188,\"image\":{\"@id\":\"https:\/\/portaltela.pt\/noticias\/2026\/01\/24\/cinco-membros-do-grupo-1143-ficam-em-prisao-preventiva\/#primaryimage\"},\"thumbnailUrl\":\"https:\/\/portaltela.pt\/s.01k8rhncp4jt1\/2026\/01\/doc2024040642639111nfc-7813-scaled-1.jpg\",\"keywords\":[\"amea\u00e7a agravada\",\"coa\u00e7\u00e3o agravada\",\"deten\u00e7\u00e3o de arma proibida\",\"discrimina\u00e7\u00e3o agravada\",\"incita\u00e7\u00e3o ao \u00f3dio\",\"organiza\u00e7\u00e3o criminosa\"],\"articleSection\":[\"Not\u00edcias\"],\"inLanguage\":\"pt-PT\"},{\"@type\":\"WebPage\",\"@id\":\"https:\/\/portaltela.pt\/noticias\/2026\/01\/24\/cinco-membros-do-grupo-1143-ficam-em-prisao-preventiva\/\",\"url\":\"https:\/\/portaltela.pt\/noticias\/2026\/01\/24\/cinco-membros-do-grupo-1143-ficam-em-prisao-preventiva\/\",\"name\":\"Cinco membros do grupo 1143 ficam em pris\u00e3o preventiva - Portal Tela Portugal\",\"isPartOf\":{\"@id\":\"https:\/\/portaltela.pt\/#website\"},\"primaryImageOfPage\":{\"@id\":\"https:\/\/portaltela.pt\/noticias\/2026\/01\/24\/cinco-membros-do-grupo-1143-ficam-em-prisao-preventiva\/#primaryimage\"},\"image\":{\"@id\":\"https:\/\/portaltela.pt\/noticias\/2026\/01\/24\/cinco-membros-do-grupo-1143-ficam-em-prisao-preventiva\/#primaryimage\"},\"thumbnailUrl\":\"https:\/\/portaltela.pt\/s.01k8rhncp4jt1\/2026\/01\/doc2024040642639111nfc-7813-scaled-1.jpg\",\"datePublished\":\"2026-01-24T11:32:04+00:00\",\"author\":{\"@id\":\"https:\/\/portaltela.pt\/#\/schema\/person\/c4278d4a6028830caff9ee44b42d32ed\"},\"breadcrumb\":{\"@id\":\"https:\/\/portaltela.pt\/noticias\/2026\/01\/24\/cinco-membros-do-grupo-1143-ficam-em-prisao-preventiva\/#breadcrumb\"},\"inLanguage\":\"pt-PT\",\"potentialAction\":[{\"@type\":\"ReadAction\",\"target\":[\"https:\/\/portaltela.pt\/noticias\/2026\/01\/24\/cinco-membros-do-grupo-1143-ficam-em-prisao-preventiva\/\"]}]},{\"@type\":\"ImageObject\",\"inLanguage\":\"pt-PT\",\"@id\":\"https:\/\/portaltela.pt\/noticias\/2026\/01\/24\/cinco-membros-do-grupo-1143-ficam-em-prisao-preventiva\/#primaryimage\",\"url\":\"https:\/\/portaltela.pt\/s.01k8rhncp4jt1\/2026\/01\/doc2024040642639111nfc-7813-scaled-1.jpg\",\"contentUrl\":\"https:\/\/portaltela.pt\/s.01k8rhncp4jt1\/2026\/01\/doc2024040642639111nfc-7813-scaled-1.jpg\",\"width\":796,\"height\":448,\"caption\":\"Photo\"},{\"@type\":\"BreadcrumbList\",\"@id\":\"https:\/\/portaltela.pt\/noticias\/2026\/01\/24\/cinco-membros-do-grupo-1143-ficam-em-prisao-preventiva\/#breadcrumb\",\"itemListElement\":[{\"@type\":\"ListItem\",\"position\":1,\"name\":\"In\u00edcio\",\"item\":\"https:\/\/portaltela.pt\/\"},{\"@type\":\"ListItem\",\"position\":2,\"name\":\"Cinco membros do grupo 1143 ficam em pris\u00e3o preventiva\"}]},{\"@type\":\"WebSite\",\"@id\":\"https:\/\/portaltela.pt\/#website\",\"url\":\"https:\/\/portaltela.pt\/\",\"name\":\"Portal Tela Portugal\",\"description\":\"\",\"potentialAction\":[{\"@type\":\"SearchAction\",\"target\":{\"@type\":\"EntryPoint\",\"urlTemplate\":\"https:\/\/portaltela.pt\/?s={search_term_string}\"},\"query-input\":{\"@type\":\"PropertyValueSpecification\",\"valueRequired\":true,\"valueName\":\"search_term_string\"}}],\"inLanguage\":\"pt-PT\"},{\"@type\":\"Person\",\"@id\":\"https:\/\/portaltela.pt\/#\/schema\/person\/c4278d4a6028830caff9ee44b42d32ed\",\"name\":\"Telinha\",\"image\":{\"@type\":\"ImageObject\",\"inLanguage\":\"pt-PT\",\"@id\":\"https:\/\/portaltela.pt\/s.01k8rhncp4jt1\/2025\/11\/talking-bot-125x125.png\",\"url\":\"https:\/\/portaltela.pt\/s.01k8rhncp4jt1\/2025\/11\/talking-bot-125x125.png\",\"contentUrl\":\"https:\/\/portaltela.pt\/s.01k8rhncp4jt1\/2025\/11\/talking-bot-125x125.png\",\"caption\":\"Telinha\"},\"sameAs\":[\"https:\/\/portaltela.pt\/\"],\"url\":\"https:\/\/portaltela.pt\/por\/367410592786\/\"}]}<\/script>\n<!-- \/ Yoast SEO plugin. -->","yoast_head_json":{"title":"Cinco membros do grupo 1143 ficam em pris\u00e3o preventiva - Portal Tela Portugal","robots":{"index":"index","follow":"follow","max-snippet":"max-snippet:-1","max-image-preview":"max-image-preview:large","max-video-preview":"max-video-preview:-1"},"og_locale":"pt_PT","og_type":"article","og_title":"Cinco membros do grupo 1143 ficam em pris\u00e3o preventiva - Portal Tela Portugal","og_description":"Cinco membros do grupo 1143 ficam em pris\u00e3o preventiva entre os 37 detidos na opera\u00e7\u00e3o irmandade, anunciadas neste s\u00e1bado pelo Tribunal Central de Instru\u00e7\u00e3o Criminal. Um dos arguidos em pris\u00e3o preventiva \u00e9 um dos quatro l\u00edderes do grupo 1143, criado por M\u00e1rio Machado. Alguns arguidos ficam proibidos de contactar outros elementos ouvidos no tribunal; 29 obrigados a apresenta\u00e7\u00f5es semanais aos s\u00e1bados no posto policial da \u00e1rea de resid\u00eancia. Tr\u00eas arguidos ficam com a medida de coa\u00e7\u00e3o menos gravosa, o termo de identidade e resid\u00eancia, incluindo o agente detido. Est\u00e3o em causa ind\u00edcios de crimes de discrimina\u00e7\u00e3o e incitamento ao \u00f3dio e \u00e0 viol\u00eancia, amea\u00e7a e coa\u00e7\u00e3o agravados, ofensas \u00e0 integridade f\u00edsica qualificada e deten\u00e7\u00e3o de arma proibida.","og_url":"https:\/\/portaltela.pt\/noticias\/2026\/01\/24\/cinco-membros-do-grupo-1143-ficam-em-prisao-preventiva\/","og_site_name":"Portal Tela Portugal","article_published_time":"2026-01-24T11:32:04+00:00","author":"Telinha","twitter_card":"summary_large_image","twitter_misc":{"Escrito por":"Telinha","Tempo estimado de leitura":"1 minuto"},"schema":{"@context":"https:\/\/schema.org","@graph":[{"@type":"Article","@id":"https:\/\/portaltela.pt\/noticias\/2026\/01\/24\/cinco-membros-do-grupo-1143-ficam-em-prisao-preventiva\/#article","isPartOf":{"@id":"https:\/\/portaltela.pt\/noticias\/2026\/01\/24\/cinco-membros-do-grupo-1143-ficam-em-prisao-preventiva\/"},"author":{"name":"Telinha","@id":"https:\/\/portaltela.pt\/#\/schema\/person\/c4278d4a6028830caff9ee44b42d32ed"},"headline":"Cinco membros do grupo 1143 ficam em pris\u00e3o preventiva","datePublished":"2026-01-24T11:32:04+00:00","mainEntityOfPage":{"@id":"https:\/\/portaltela.pt\/noticias\/2026\/01\/24\/cinco-membros-do-grupo-1143-ficam-em-prisao-preventiva\/"},"wordCount":188,"image":{"@id":"https:\/\/portaltela.pt\/noticias\/2026\/01\/24\/cinco-membros-do-grupo-1143-ficam-em-prisao-preventiva\/#primaryimage"},"thumbnailUrl":"https:\/\/portaltela.pt\/s.01k8rhncp4jt1\/2026\/01\/doc2024040642639111nfc-7813-scaled-1.jpg","keywords":["amea\u00e7a agravada","coa\u00e7\u00e3o agravada","deten\u00e7\u00e3o de arma proibida","discrimina\u00e7\u00e3o agravada","incita\u00e7\u00e3o ao \u00f3dio","organiza\u00e7\u00e3o criminosa"],"articleSection":["Not\u00edcias"],"inLanguage":"pt-PT"},{"@type":"WebPage","@id":"https:\/\/portaltela.pt\/noticias\/2026\/01\/24\/cinco-membros-do-grupo-1143-ficam-em-prisao-preventiva\/","url":"https:\/\/portaltela.pt\/noticias\/2026\/01\/24\/cinco-membros-do-grupo-1143-ficam-em-prisao-preventiva\/","name":"Cinco membros do grupo 1143 ficam em pris\u00e3o preventiva - Portal Tela Portugal","isPartOf":{"@id":"https:\/\/portaltela.pt\/#website"},"primaryImageOfPage":{"@id":"https:\/\/portaltela.pt\/noticias\/2026\/01\/24\/cinco-membros-do-grupo-1143-ficam-em-prisao-preventiva\/#primaryimage"},"image":{"@id":"https:\/\/portaltela.pt\/noticias\/2026\/01\/24\/cinco-membros-do-grupo-1143-ficam-em-prisao-preventiva\/#primaryimage"},"thumbnailUrl":"https:\/\/portaltela.pt\/s.01k8rhncp4jt1\/2026\/01\/doc2024040642639111nfc-7813-scaled-1.jpg","datePublished":"2026-01-24T11:32:04+00:00","author":{"@id":"https:\/\/portaltela.pt\/#\/schema\/person\/c4278d4a6028830caff9ee44b42d32ed"},"breadcrumb":{"@id":"https:\/\/portaltela.pt\/noticias\/2026\/01\/24\/cinco-membros-do-grupo-1143-ficam-em-prisao-preventiva\/#breadcrumb"},"inLanguage":"pt-PT","potentialAction":[{"@type":"ReadAction","target":["https:\/\/portaltela.pt\/noticias\/2026\/01\/24\/cinco-membros-do-grupo-1143-ficam-em-prisao-preventiva\/"]}]},{"@type":"ImageObject","inLanguage":"pt-PT","@id":"https:\/\/portaltela.pt\/noticias\/2026\/01\/24\/cinco-membros-do-grupo-1143-ficam-em-prisao-preventiva\/#primaryimage","url":"https:\/\/portaltela.pt\/s.01k8rhncp4jt1\/2026\/01\/doc2024040642639111nfc-7813-scaled-1.jpg","contentUrl":"https:\/\/portaltela.pt\/s.01k8rhncp4jt1\/2026\/01\/doc2024040642639111nfc-7813-scaled-1.jpg","width":796,"height":448,"caption":"Photo"},{"@type":"BreadcrumbList","@id":"https:\/\/portaltela.pt\/noticias\/2026\/01\/24\/cinco-membros-do-grupo-1143-ficam-em-prisao-preventiva\/#breadcrumb","itemListElement":[{"@type":"ListItem","position":1,"name":"In\u00edcio","item":"https:\/\/portaltela.pt\/"},{"@type":"ListItem","position":2,"name":"Cinco membros do grupo 1143 ficam em pris\u00e3o preventiva"}]},{"@type":"WebSite","@id":"https:\/\/portaltela.pt\/#website","url":"https:\/\/portaltela.pt\/","name":"Portal Tela Portugal","description":"","potentialAction":[{"@type":"SearchAction","target":{"@type":"EntryPoint","urlTemplate":"https:\/\/portaltela.pt\/?s={search_term_string}"},"query-input":{"@type":"PropertyValueSpecification","valueRequired":true,"valueName":"search_term_string"}}],"inLanguage":"pt-PT"},{"@type":"Person","@id":"https:\/\/portaltela.pt\/#\/schema\/person\/c4278d4a6028830caff9ee44b42d32ed","name":"Telinha","image":{"@type":"ImageObject","inLanguage":"pt-PT","@id":"https:\/\/portaltela.pt\/s.01k8rhncp4jt1\/2025\/11\/talking-bot-125x125.png","url":"https:\/\/portaltela.pt\/s.01k8rhncp4jt1\/2025\/11\/talking-bot-125x125.png","contentUrl":"https:\/\/portaltela.pt\/s.01k8rhncp4jt1\/2025\/11\/talking-bot-125x125.png","caption":"Telinha"},"sameAs":["https:\/\/portaltela.pt\/"],"url":"https:\/\/portaltela.pt\/por\/367410592786\/"}]}},"_links":{"self":[{"href":"https:\/\/portaltela.pt\/api\/wp\/v2\/posts\/169554","targetHints":{"allow":["GET"]}}],"collection":[{"href":"https:\/\/portaltela.pt\/api\/wp\/v2\/posts"}],"about":[{"href":"https:\/\/portaltela.pt\/api\/wp\/v2\/types\/post"}],"author":[{"embeddable":true,"href":"https:\/\/portaltela.pt\/api\/wp\/v2\/users\/2"}],"replies":[{"embeddable":true,"href":"https:\/\/portaltela.pt\/api\/wp\/v2\/comments?post=169554"}],"version-history":[{"count":0,"href":"https:\/\/portaltela.pt\/api\/wp\/v2\/posts\/169554\/revisions"}],"wp:featuredmedia":[{"embeddable":true,"href":"https:\/\/portaltela.pt\/api\/wp\/v2\/media\/169556"}],"wp:attachment":[{"href":"https:\/\/portaltela.pt\/api\/wp\/v2\/media?parent=169554"}],"wp:term":[{"taxonomy":"category","embeddable":true,"href":"https:\/\/portaltela.pt\/api\/wp\/v2\/categories?post=169554"},{"taxonomy":"post_tag","embeddable":true,"href":"https:\/\/portaltela.pt\/api\/wp\/v2\/tags?post=169554"}],"curies":[{"name":"wp","href":"https:\/\/api.w.org\/{rel}","templated":true}]}}