{"id":169495,"date":"2026-01-24T07:39:00","date_gmt":"2026-01-24T10:39:00","guid":{"rendered":"https:\/\/portaltela.pt\/noticias\/2026\/01\/24\/ingleses-pedem-a-demissao-de-guardiola-do-manchester-city-por-5-razoes\/"},"modified":"2026-01-24T07:39:00","modified_gmt":"2026-01-24T10:39:00","slug":"ingleses-pedem-a-demissao-de-guardiola-do-manchester-city-por-5-razoes","status":"publish","type":"post","link":"https:\/\/portaltela.pt\/desporto\/futebol\/2026\/01\/24\/ingleses-pedem-a-demissao-de-guardiola-do-manchester-city-por-5-razoes\/","title":{"rendered":"Ingleses pedem a demiss\u00e3o de Guardiola do Manchester City por 5 raz\u00f5es"},"content":{"rendered":"<p>O jornalista Adrian Durham, do talkSPORT, considera que Pep Guardiola deveria abandonar o Manchester City. O artigo revela cinco raz\u00f5es para essa demiss\u00e3o ser plaus\u00edvel, segundo o autor. A cr\u00edtica surge num contexto em que o City ocupa o 2.\u00ba lugar da Premier League, a sete pontos do Arsenal, e n\u00e3o vence h\u00e1 quatro jogos, contando apenas Ta\u00e7as.<\/p>\n<p>Durham aponta falhas de desempenho no coletivo, dizendo que os \u00faltimos encontros frente ao Manchester United e ao Bodo\/Glimt poderiam ter terminado com grandes derrotas para o City. O texto descreve o que classifica como mau futebol e m\u00e1 gest\u00e3o, insinuando aus\u00eancia de rumo claro no momento.<\/p>\n<p>Entre as raz\u00f5es citadas, o papel do m\u00e9dio defensivo \u00e9 central. O artigo levanta d\u00favidas sobre a evolu\u00e7\u00e3o de Rodri, a adapta\u00e7\u00e3o de Nico Gonz\u00e1lez \u00e0 posi\u00e7\u00e3o e a aus\u00eancia de Kalvin Phillips, questionando se o jogador chegou a tempo e se recebe o tempo certo de jogo. A queixa \u00e9 de quem gere o plantel.<\/p>\n<p>Outro ponto destacado \u00e9 a exce\u00e7\u00e3o que o City ainda n\u00e3o conseguiu explorar com a sele\u00e7\u00e3o inglesa. A reportagem assinala que Phil Foden n\u00e3o encontra influ\u00eancia no jogo e \u00e9 substitu\u00eddo com frequ\u00eancia, levantando preocupa\u00e7\u00f5es sobre a sua forma de cara ao Mundial.<\/p>\n<p>A obsess\u00e3o por laterais n\u00e3o ortodoxos \u00e9 tamb\u00e9m mencionada. Ait-Nouri \u00e9 citado como exemplo de jogador que poderia ter entrado num outro plano t\u00e1tico, segundo a an\u00e1lise apresentada. A narrativa mant\u00e9m o foco nas escolhas de Guardiola.<\/p>\n<p>Por fim, Haaland \u00e9 descrito como estando fora de forma, com o articulista a sugerir que o avan\u00e7ado, habitualmente letal, n\u00e3o rende sob o comando atual. O texto envolve o desafio de manter a efic\u00e1cia ofensiva da equipa nos jogos recentes.<\/p>\n<p>O artigo de Durham termina ao apresentar uma leitura cr\u00edtica do momento do City, com foco no desempenho, na gest\u00e3o do plantel e nas op\u00e7\u00f5es t\u00e9cnicas. A pe\u00e7a, contudo, n\u00e3o apresenta conclus\u00f5es ou recomenda\u00e7\u00f5es oficiais, limitando-se a expor pontos de debate.<\/p>\n","protected":false},"excerpt":{"rendered":"<ul>\n<li>O Manchester City, treinado por Pep Guardiola, ocupa o 2.\u00ba lugar da Premier League e est\u00e1 a 7 pontos do l\u00edder Arsenal, sem vencer h\u00e1 quatro jogos (excluindo ta\u00e7as).<\/li>\n<li>Um artigo de Adrian Durham, do talkSPORT, aponta cinco motivos para Guardiola pedir para deixar o cargo.<\/li>\n<li>Dentre os motivos, destaca-se o alegado mau futebol e m\u00e1 gest\u00e3o, com jogos como frente ao Manchester United e ao Bodo\/Glimt que poderiam ter terminado 5-0 ou 6-0 contra a equipa.<\/li>\n<li>O texto questiona o papel do meio-campo, referindo a poss\u00edvel falha de Rodri (depois do retorno de Nico Gonz\u00e1lez) e a aus\u00eancia de Kalvin Phillips, al\u00e9m de questionar a utilidade de quem est\u00e1 no plantel.<\/li>\n<li>A pe\u00e7a tamb\u00e9m menciona a falta de impacto de Phil Foden, a obsess\u00e3o por laterais n\u00e3o ortodoxos e a acusa\u00e7\u00e3o de que Erling Haaland estaria a perder rendimento sob o comando de Guardiola.<\/li>\n<\/ul>\n","protected":false},"author":2,"featured_media":169512,"comment_status":"closed","ping_status":"closed","sticky":false,"template":"","format":"standard","meta":{"footnotes":""},"categories":[21,24],"tags":[3396,32,3338,2415,1980,3369],"class_list":["post-169495","post","type-post","status-publish","format-standard","has-post-thumbnail","hentry","category-desporto","category-futebol","tag-erling-haaland","tag-futebol","tag-futebol-internacional","tag-gestao","tag-manchester-city","tag-premier-league"],"yoast_head":"<!-- This site is optimized with the Yoast SEO plugin v27.2 - https:\/\/yoast.com\/product\/yoast-seo-wordpress\/ -->\n<title>Ingleses pedem a demiss\u00e3o de Guardiola do Manchester City por 5 raz\u00f5es - Portal Tela Portugal<\/title>\n<meta name=\"robots\" content=\"index, follow, max-snippet:-1, max-image-preview:large, max-video-preview:-1\" \/>\n<meta property=\"og:locale\" content=\"pt_PT\" \/>\n<meta property=\"og:type\" content=\"article\" \/>\n<meta property=\"og:title\" content=\"Ingleses pedem a demiss\u00e3o de Guardiola do Manchester City por 5 raz\u00f5es - Portal Tela Portugal\" \/>\n<meta property=\"og:description\" content=\"O Manchester City, treinado por Pep Guardiola, ocupa o 2.\u00ba lugar da Premier League e est\u00e1 a 7 pontos do l\u00edder Arsenal, sem vencer h\u00e1 quatro jogos (excluindo ta\u00e7as). Um artigo de Adrian Durham, do talkSPORT, aponta cinco motivos para Guardiola pedir para deixar o cargo. Dentre os motivos, destaca-se o alegado mau futebol e m\u00e1 gest\u00e3o, com jogos como frente ao Manchester United e ao Bodo\/Glimt que poderiam ter terminado 5-0 ou 6-0 contra a equipa. O texto questiona o papel do meio-campo, referindo a poss\u00edvel falha de Rodri (depois do retorno de Nico Gonz\u00e1lez) e a aus\u00eancia de Kalvin Phillips, al\u00e9m de questionar a utilidade de quem est\u00e1 no plantel. A pe\u00e7a tamb\u00e9m menciona a falta de impacto de Phil Foden, a obsess\u00e3o por laterais n\u00e3o ortodoxos e a acusa\u00e7\u00e3o de que Erling Haaland estaria a perder rendimento sob o comando de Guardiola.\" \/>\n<meta property=\"og:url\" content=\"https:\/\/portaltela.pt\/noticias\/2026\/01\/24\/ingleses-pedem-a-demissao-de-guardiola-do-manchester-city-por-5-razoes\/\" \/>\n<meta property=\"og:site_name\" content=\"Portal Tela Portugal\" \/>\n<meta property=\"article:published_time\" content=\"2026-01-24T10:39:00+00:00\" \/>\n<meta name=\"author\" content=\"Telinha\" \/>\n<meta name=\"twitter:card\" content=\"summary_large_image\" \/>\n<meta name=\"twitter:label1\" content=\"Escrito por\" \/>\n\t<meta name=\"twitter:data1\" content=\"Telinha\" \/>\n\t<meta name=\"twitter:label2\" content=\"Tempo estimado de leitura\" \/>\n\t<meta name=\"twitter:data2\" content=\"2 minutos\" \/>\n<script type=\"application\/ld+json\" class=\"yoast-schema-graph\">{\"@context\":\"https:\/\/schema.org\",\"@graph\":[{\"@type\":\"Article\",\"@id\":\"https:\/\/portaltela.pt\/noticias\/2026\/01\/24\/ingleses-pedem-a-demissao-de-guardiola-do-manchester-city-por-5-razoes\/#article\",\"isPartOf\":{\"@id\":\"https:\/\/portaltela.pt\/noticias\/2026\/01\/24\/ingleses-pedem-a-demissao-de-guardiola-do-manchester-city-por-5-razoes\/\"},\"author\":{\"name\":\"Telinha\",\"@id\":\"https:\/\/portaltela.pt\/#\/schema\/person\/c4278d4a6028830caff9ee44b42d32ed\"},\"headline\":\"Ingleses pedem a demiss\u00e3o de Guardiola do Manchester City por 5 raz\u00f5es\",\"datePublished\":\"2026-01-24T10:39:00+00:00\",\"mainEntityOfPage\":{\"@id\":\"https:\/\/portaltela.pt\/noticias\/2026\/01\/24\/ingleses-pedem-a-demissao-de-guardiola-do-manchester-city-por-5-razoes\/\"},\"wordCount\":369,\"image\":{\"@id\":\"https:\/\/portaltela.pt\/noticias\/2026\/01\/24\/ingleses-pedem-a-demissao-de-guardiola-do-manchester-city-por-5-razoes\/#primaryimage\"},\"thumbnailUrl\":\"https:\/\/portaltela.pt\/s.01k8rhncp4jt1\/2026\/01\/img_920x518uu2026-01-24-10-37-27-2416987.jpg\",\"keywords\":[\"Erling Haaland\",\"futebol\",\"futebol internacional\",\"gest\u00e3o\",\"Manchester City\",\"Premier League\"],\"articleSection\":[\"Desporto\",\"Futebol\"],\"inLanguage\":\"pt-PT\"},{\"@type\":\"WebPage\",\"@id\":\"https:\/\/portaltela.pt\/noticias\/2026\/01\/24\/ingleses-pedem-a-demissao-de-guardiola-do-manchester-city-por-5-razoes\/\",\"url\":\"https:\/\/portaltela.pt\/noticias\/2026\/01\/24\/ingleses-pedem-a-demissao-de-guardiola-do-manchester-city-por-5-razoes\/\",\"name\":\"Ingleses pedem a demiss\u00e3o de Guardiola do Manchester City por 5 raz\u00f5es - Portal Tela Portugal\",\"isPartOf\":{\"@id\":\"https:\/\/portaltela.pt\/#website\"},\"primaryImageOfPage\":{\"@id\":\"https:\/\/portaltela.pt\/noticias\/2026\/01\/24\/ingleses-pedem-a-demissao-de-guardiola-do-manchester-city-por-5-razoes\/#primaryimage\"},\"image\":{\"@id\":\"https:\/\/portaltela.pt\/noticias\/2026\/01\/24\/ingleses-pedem-a-demissao-de-guardiola-do-manchester-city-por-5-razoes\/#primaryimage\"},\"thumbnailUrl\":\"https:\/\/portaltela.pt\/s.01k8rhncp4jt1\/2026\/01\/img_920x518uu2026-01-24-10-37-27-2416987.jpg\",\"datePublished\":\"2026-01-24T10:39:00+00:00\",\"author\":{\"@id\":\"https:\/\/portaltela.pt\/#\/schema\/person\/c4278d4a6028830caff9ee44b42d32ed\"},\"breadcrumb\":{\"@id\":\"https:\/\/portaltela.pt\/noticias\/2026\/01\/24\/ingleses-pedem-a-demissao-de-guardiola-do-manchester-city-por-5-razoes\/#breadcrumb\"},\"inLanguage\":\"pt-PT\",\"potentialAction\":[{\"@type\":\"ReadAction\",\"target\":[\"https:\/\/portaltela.pt\/noticias\/2026\/01\/24\/ingleses-pedem-a-demissao-de-guardiola-do-manchester-city-por-5-razoes\/\"]}]},{\"@type\":\"ImageObject\",\"inLanguage\":\"pt-PT\",\"@id\":\"https:\/\/portaltela.pt\/noticias\/2026\/01\/24\/ingleses-pedem-a-demissao-de-guardiola-do-manchester-city-por-5-razoes\/#primaryimage\",\"url\":\"https:\/\/portaltela.pt\/s.01k8rhncp4jt1\/2026\/01\/img_920x518uu2026-01-24-10-37-27-2416987.jpg\",\"contentUrl\":\"https:\/\/portaltela.pt\/s.01k8rhncp4jt1\/2026\/01\/img_920x518uu2026-01-24-10-37-27-2416987.jpg\",\"width\":796,\"height\":448,\"caption\":\"Guardiola e Halaand n\u00e3o t\u00eam tido vida f\u00e1cil no Manchester City\"},{\"@type\":\"BreadcrumbList\",\"@id\":\"https:\/\/portaltela.pt\/noticias\/2026\/01\/24\/ingleses-pedem-a-demissao-de-guardiola-do-manchester-city-por-5-razoes\/#breadcrumb\",\"itemListElement\":[{\"@type\":\"ListItem\",\"position\":1,\"name\":\"In\u00edcio\",\"item\":\"https:\/\/portaltela.pt\/\"},{\"@type\":\"ListItem\",\"position\":2,\"name\":\"Ingleses pedem a demiss\u00e3o de Guardiola do Manchester City por 5 raz\u00f5es\"}]},{\"@type\":\"WebSite\",\"@id\":\"https:\/\/portaltela.pt\/#website\",\"url\":\"https:\/\/portaltela.pt\/\",\"name\":\"Portal Tela Portugal\",\"description\":\"\",\"potentialAction\":[{\"@type\":\"SearchAction\",\"target\":{\"@type\":\"EntryPoint\",\"urlTemplate\":\"https:\/\/portaltela.pt\/?s={search_term_string}\"},\"query-input\":{\"@type\":\"PropertyValueSpecification\",\"valueRequired\":true,\"valueName\":\"search_term_string\"}}],\"inLanguage\":\"pt-PT\"},{\"@type\":\"Person\",\"@id\":\"https:\/\/portaltela.pt\/#\/schema\/person\/c4278d4a6028830caff9ee44b42d32ed\",\"name\":\"Telinha\",\"image\":{\"@type\":\"ImageObject\",\"inLanguage\":\"pt-PT\",\"@id\":\"https:\/\/portaltela.pt\/s.01k8rhncp4jt1\/2025\/11\/talking-bot-125x125.png\",\"url\":\"https:\/\/portaltela.pt\/s.01k8rhncp4jt1\/2025\/11\/talking-bot-125x125.png\",\"contentUrl\":\"https:\/\/portaltela.pt\/s.01k8rhncp4jt1\/2025\/11\/talking-bot-125x125.png\",\"caption\":\"Telinha\"},\"sameAs\":[\"https:\/\/portaltela.pt\/\"],\"url\":\"https:\/\/portaltela.pt\/por\/367410592786\/\"}]}<\/script>\n<!-- \/ Yoast SEO plugin. -->","yoast_head_json":{"title":"Ingleses pedem a demiss\u00e3o de Guardiola do Manchester City por 5 raz\u00f5es - Portal Tela Portugal","robots":{"index":"index","follow":"follow","max-snippet":"max-snippet:-1","max-image-preview":"max-image-preview:large","max-video-preview":"max-video-preview:-1"},"og_locale":"pt_PT","og_type":"article","og_title":"Ingleses pedem a demiss\u00e3o de Guardiola do Manchester City por 5 raz\u00f5es - Portal Tela Portugal","og_description":"O Manchester City, treinado por Pep Guardiola, ocupa o 2.\u00ba lugar da Premier League e est\u00e1 a 7 pontos do l\u00edder Arsenal, sem vencer h\u00e1 quatro jogos (excluindo ta\u00e7as). Um artigo de Adrian Durham, do talkSPORT, aponta cinco motivos para Guardiola pedir para deixar o cargo. Dentre os motivos, destaca-se o alegado mau futebol e m\u00e1 gest\u00e3o, com jogos como frente ao Manchester United e ao Bodo\/Glimt que poderiam ter terminado 5-0 ou 6-0 contra a equipa. O texto questiona o papel do meio-campo, referindo a poss\u00edvel falha de Rodri (depois do retorno de Nico Gonz\u00e1lez) e a aus\u00eancia de Kalvin Phillips, al\u00e9m de questionar a utilidade de quem est\u00e1 no plantel. A pe\u00e7a tamb\u00e9m menciona a falta de impacto de Phil Foden, a obsess\u00e3o por laterais n\u00e3o ortodoxos e a acusa\u00e7\u00e3o de que Erling Haaland estaria a perder rendimento sob o comando de Guardiola.","og_url":"https:\/\/portaltela.pt\/noticias\/2026\/01\/24\/ingleses-pedem-a-demissao-de-guardiola-do-manchester-city-por-5-razoes\/","og_site_name":"Portal Tela Portugal","article_published_time":"2026-01-24T10:39:00+00:00","author":"Telinha","twitter_card":"summary_large_image","twitter_misc":{"Escrito por":"Telinha","Tempo estimado de leitura":"2 minutos"},"schema":{"@context":"https:\/\/schema.org","@graph":[{"@type":"Article","@id":"https:\/\/portaltela.pt\/noticias\/2026\/01\/24\/ingleses-pedem-a-demissao-de-guardiola-do-manchester-city-por-5-razoes\/#article","isPartOf":{"@id":"https:\/\/portaltela.pt\/noticias\/2026\/01\/24\/ingleses-pedem-a-demissao-de-guardiola-do-manchester-city-por-5-razoes\/"},"author":{"name":"Telinha","@id":"https:\/\/portaltela.pt\/#\/schema\/person\/c4278d4a6028830caff9ee44b42d32ed"},"headline":"Ingleses pedem a demiss\u00e3o de Guardiola do Manchester City por 5 raz\u00f5es","datePublished":"2026-01-24T10:39:00+00:00","mainEntityOfPage":{"@id":"https:\/\/portaltela.pt\/noticias\/2026\/01\/24\/ingleses-pedem-a-demissao-de-guardiola-do-manchester-city-por-5-razoes\/"},"wordCount":369,"image":{"@id":"https:\/\/portaltela.pt\/noticias\/2026\/01\/24\/ingleses-pedem-a-demissao-de-guardiola-do-manchester-city-por-5-razoes\/#primaryimage"},"thumbnailUrl":"https:\/\/portaltela.pt\/s.01k8rhncp4jt1\/2026\/01\/img_920x518uu2026-01-24-10-37-27-2416987.jpg","keywords":["Erling Haaland","futebol","futebol internacional","gest\u00e3o","Manchester City","Premier League"],"articleSection":["Desporto","Futebol"],"inLanguage":"pt-PT"},{"@type":"WebPage","@id":"https:\/\/portaltela.pt\/noticias\/2026\/01\/24\/ingleses-pedem-a-demissao-de-guardiola-do-manchester-city-por-5-razoes\/","url":"https:\/\/portaltela.pt\/noticias\/2026\/01\/24\/ingleses-pedem-a-demissao-de-guardiola-do-manchester-city-por-5-razoes\/","name":"Ingleses pedem a demiss\u00e3o de Guardiola do Manchester City por 5 raz\u00f5es - Portal Tela Portugal","isPartOf":{"@id":"https:\/\/portaltela.pt\/#website"},"primaryImageOfPage":{"@id":"https:\/\/portaltela.pt\/noticias\/2026\/01\/24\/ingleses-pedem-a-demissao-de-guardiola-do-manchester-city-por-5-razoes\/#primaryimage"},"image":{"@id":"https:\/\/portaltela.pt\/noticias\/2026\/01\/24\/ingleses-pedem-a-demissao-de-guardiola-do-manchester-city-por-5-razoes\/#primaryimage"},"thumbnailUrl":"https:\/\/portaltela.pt\/s.01k8rhncp4jt1\/2026\/01\/img_920x518uu2026-01-24-10-37-27-2416987.jpg","datePublished":"2026-01-24T10:39:00+00:00","author":{"@id":"https:\/\/portaltela.pt\/#\/schema\/person\/c4278d4a6028830caff9ee44b42d32ed"},"breadcrumb":{"@id":"https:\/\/portaltela.pt\/noticias\/2026\/01\/24\/ingleses-pedem-a-demissao-de-guardiola-do-manchester-city-por-5-razoes\/#breadcrumb"},"inLanguage":"pt-PT","potentialAction":[{"@type":"ReadAction","target":["https:\/\/portaltela.pt\/noticias\/2026\/01\/24\/ingleses-pedem-a-demissao-de-guardiola-do-manchester-city-por-5-razoes\/"]}]},{"@type":"ImageObject","inLanguage":"pt-PT","@id":"https:\/\/portaltela.pt\/noticias\/2026\/01\/24\/ingleses-pedem-a-demissao-de-guardiola-do-manchester-city-por-5-razoes\/#primaryimage","url":"https:\/\/portaltela.pt\/s.01k8rhncp4jt1\/2026\/01\/img_920x518uu2026-01-24-10-37-27-2416987.jpg","contentUrl":"https:\/\/portaltela.pt\/s.01k8rhncp4jt1\/2026\/01\/img_920x518uu2026-01-24-10-37-27-2416987.jpg","width":796,"height":448,"caption":"Guardiola e Halaand n\u00e3o t\u00eam tido vida f\u00e1cil no Manchester City"},{"@type":"BreadcrumbList","@id":"https:\/\/portaltela.pt\/noticias\/2026\/01\/24\/ingleses-pedem-a-demissao-de-guardiola-do-manchester-city-por-5-razoes\/#breadcrumb","itemListElement":[{"@type":"ListItem","position":1,"name":"In\u00edcio","item":"https:\/\/portaltela.pt\/"},{"@type":"ListItem","position":2,"name":"Ingleses pedem a demiss\u00e3o de Guardiola do Manchester City por 5 raz\u00f5es"}]},{"@type":"WebSite","@id":"https:\/\/portaltela.pt\/#website","url":"https:\/\/portaltela.pt\/","name":"Portal Tela Portugal","description":"","potentialAction":[{"@type":"SearchAction","target":{"@type":"EntryPoint","urlTemplate":"https:\/\/portaltela.pt\/?s={search_term_string}"},"query-input":{"@type":"PropertyValueSpecification","valueRequired":true,"valueName":"search_term_string"}}],"inLanguage":"pt-PT"},{"@type":"Person","@id":"https:\/\/portaltela.pt\/#\/schema\/person\/c4278d4a6028830caff9ee44b42d32ed","name":"Telinha","image":{"@type":"ImageObject","inLanguage":"pt-PT","@id":"https:\/\/portaltela.pt\/s.01k8rhncp4jt1\/2025\/11\/talking-bot-125x125.png","url":"https:\/\/portaltela.pt\/s.01k8rhncp4jt1\/2025\/11\/talking-bot-125x125.png","contentUrl":"https:\/\/portaltela.pt\/s.01k8rhncp4jt1\/2025\/11\/talking-bot-125x125.png","caption":"Telinha"},"sameAs":["https:\/\/portaltela.pt\/"],"url":"https:\/\/portaltela.pt\/por\/367410592786\/"}]}},"_links":{"self":[{"href":"https:\/\/portaltela.pt\/api\/wp\/v2\/posts\/169495","targetHints":{"allow":["GET"]}}],"collection":[{"href":"https:\/\/portaltela.pt\/api\/wp\/v2\/posts"}],"about":[{"href":"https:\/\/portaltela.pt\/api\/wp\/v2\/types\/post"}],"author":[{"embeddable":true,"href":"https:\/\/portaltela.pt\/api\/wp\/v2\/users\/2"}],"replies":[{"embeddable":true,"href":"https:\/\/portaltela.pt\/api\/wp\/v2\/comments?post=169495"}],"version-history":[{"count":0,"href":"https:\/\/portaltela.pt\/api\/wp\/v2\/posts\/169495\/revisions"}],"wp:featuredmedia":[{"embeddable":true,"href":"https:\/\/portaltela.pt\/api\/wp\/v2\/media\/169512"}],"wp:attachment":[{"href":"https:\/\/portaltela.pt\/api\/wp\/v2\/media?parent=169495"}],"wp:term":[{"taxonomy":"category","embeddable":true,"href":"https:\/\/portaltela.pt\/api\/wp\/v2\/categories?post=169495"},{"taxonomy":"post_tag","embeddable":true,"href":"https:\/\/portaltela.pt\/api\/wp\/v2\/tags?post=169495"}],"curies":[{"name":"wp","href":"https:\/\/api.w.org\/{rel}","templated":true}]}}