{"id":169479,"date":"2026-01-24T07:29:12","date_gmt":"2026-01-24T10:29:12","guid":{"rendered":"https:\/\/portaltela.pt\/noticias\/2026\/01\/24\/sousel-regista-adesao-recorde-nas-modalidades-desportivas-municipais-2025-2026\/"},"modified":"2026-01-24T07:29:12","modified_gmt":"2026-01-24T10:29:12","slug":"sousel-regista-adesao-recorde-nas-modalidades-desportivas-municipais-2025-2026","status":"publish","type":"post","link":"https:\/\/portaltela.pt\/desporto\/2026\/01\/24\/sousel-regista-adesao-recorde-nas-modalidades-desportivas-municipais-2025-2026\/","title":{"rendered":"Sousel regista ades\u00e3o recorde nas modalidades desportivas municipais 2025\/2026"},"content":{"rendered":"<p>A \u00e9poca desportiva 2025\/2026 no Munic\u00edpio de Sousel regista uma ades\u00e3o recorde \u00e0s modalidades aqu\u00e1ticas e de condi\u00e7\u00e3o f\u00edsica promovidas pela autarquia, com cerca de 240 utentes inscritos, abrangendo diferentes faixas et\u00e1rias.<\/p>\n<p>A procura reflete o aumento do interesse da popula\u00e7\u00e3o pela pr\u00e1tica regular de atividade f\u00edsica e pela ado\u00e7\u00e3o de estilos de vida mais saud\u00e1veis.<\/p>\n<h3>Modalidades dispon\u00edveis na \u00e9poca 2025\/2026<\/h3>\n<p>As inscri\u00e7\u00f5es est\u00e3o distribu\u00eddas por seis modalidades: nata\u00e7\u00e3o para beb\u00e9s, nata\u00e7\u00e3o infantil, nata\u00e7\u00e3o de adultos, hidrogin\u00e1stica, hidrobike e treino funcional.<\/p>\n<p>A C\u00e2mara Municipal sublinha que a oferta pretende atender \u00e0 crescente procura e promover h\u00e1bitos saud\u00e1veis entre os mun\u00edcipes.<\/p>\n<p>A autarquia esclarece que as inscri\u00e7\u00f5es abrangem v\u00e1rias idades, com foco na inclus\u00e3o de crian\u00e7as, jovens e adultos.<\/p>\n<p>A gest\u00e3o municipal aponta que a ades\u00e3o demonstra sucesso da pol\u00edtica de promo\u00e7\u00e3o da atividade f\u00edsica.<\/p>\n<h3>C\u00e2mara Municipal refor\u00e7a Hidrobike com novas bicicletas<\/h3>\n<p>Para responder ao aumento da procura, a C\u00e2mara adquiriu quatro novas bicicletas para a Hidrobike, aumentando para 15 o total de equipamentos dispon\u00edveis.<\/p>\n<p>O investimento visa melhorar as condi\u00e7\u00f5es de pr\u00e1tica e permitir o acesso a mais participantes, fortalecendo Sousel como refer\u00eancia regional na modalidade.<\/p>\n<p>A autarquia refor\u00e7a a continuidade da aposta no desporto e na promo\u00e7\u00e3o de estilos de vida saud\u00e1veis, com objetivo de contribuir para o bem-estar e a qualidade de vida no concelho.<\/p>\n","protected":false},"excerpt":{"rendered":"<ul>\n<li>A \u00e9poca desportiva de 2025\/2026 no Munic\u00edpio de Sousel regista ades\u00e3o recorde \u00e0s modalidades aqu\u00e1ticas e de condi\u00e7\u00e3o f\u00edsica promovidas pela autarquia, com cerca de 240 utentes inscritos.<\/li>\n<li>As inscri\u00e7\u00f5es abrangem seis modalidades: nata\u00e7\u00e3o para beb\u00e9s, nata\u00e7\u00e3o infantil, nata\u00e7\u00e3o de adultos, hidrogin\u00e1stica, hidrobike e treino funcional.<\/li>\n<li>A procura crescente reflecte o aumento do interesse da popula\u00e7\u00e3o pela pr\u00e1tica regular de atividade f\u00edsica e por estilos de vida mais saud\u00e1veis.<\/li>\n<li>A C\u00e2mara Municipal refor\u00e7ou a Hidrobike com quatro novas bicicletas, totalizando 15 equipamentos dispon\u00edveis.<\/li>\n<li>A autarquia mant\u00e9m a aposta na promo\u00e7\u00e3o da atividade f\u00edsica, visando o bem-estar e a qualidade de vida da popula\u00e7\u00e3o do concelho.<\/li>\n<\/ul>\n","protected":false},"author":2,"featured_media":169502,"comment_status":"closed","ping_status":"closed","sticky":false,"template":"","format":"standard","meta":{"footnotes":""},"categories":[21],"tags":[2464,152,4098,4097,209,4094],"class_list":["post-169479","post","type-post","status-publish","format-standard","has-post-thumbnail","hentry","category-desporto","tag-atividade-fisica","tag-desporto","tag-hidrobike","tag-hidroginastica","tag-natacao","tag-natacao-infantil"],"yoast_head":"<!-- This site is optimized with the Yoast SEO plugin v27.2 - https:\/\/yoast.com\/product\/yoast-seo-wordpress\/ -->\n<title>Sousel regista ades\u00e3o recorde nas modalidades desportivas municipais 2025\/2026 - Portal Tela Portugal<\/title>\n<meta name=\"robots\" content=\"index, follow, max-snippet:-1, max-image-preview:large, max-video-preview:-1\" \/>\n<meta property=\"og:locale\" content=\"pt_PT\" \/>\n<meta property=\"og:type\" content=\"article\" \/>\n<meta property=\"og:title\" content=\"Sousel regista ades\u00e3o recorde nas modalidades desportivas municipais 2025\/2026 - Portal Tela Portugal\" \/>\n<meta property=\"og:description\" content=\"A \u00e9poca desportiva de 2025\/2026 no Munic\u00edpio de Sousel regista ades\u00e3o recorde \u00e0s modalidades aqu\u00e1ticas e de condi\u00e7\u00e3o f\u00edsica promovidas pela autarquia, com cerca de 240 utentes inscritos. As inscri\u00e7\u00f5es abrangem seis modalidades: nata\u00e7\u00e3o para beb\u00e9s, nata\u00e7\u00e3o infantil, nata\u00e7\u00e3o de adultos, hidrogin\u00e1stica, hidrobike e treino funcional. A procura crescente reflecte o aumento do interesse da popula\u00e7\u00e3o pela pr\u00e1tica regular de atividade f\u00edsica e por estilos de vida mais saud\u00e1veis. A C\u00e2mara Municipal refor\u00e7ou a Hidrobike com quatro novas bicicletas, totalizando 15 equipamentos dispon\u00edveis. A autarquia mant\u00e9m a aposta na promo\u00e7\u00e3o da atividade f\u00edsica, visando o bem-estar e a qualidade de vida da popula\u00e7\u00e3o do concelho.\" \/>\n<meta property=\"og:url\" content=\"https:\/\/portaltela.pt\/noticias\/2026\/01\/24\/sousel-regista-adesao-recorde-nas-modalidades-desportivas-municipais-2025-2026\/\" \/>\n<meta property=\"og:site_name\" content=\"Portal Tela Portugal\" \/>\n<meta property=\"article:published_time\" content=\"2026-01-24T10:29:12+00:00\" \/>\n<meta name=\"author\" content=\"Telinha\" \/>\n<meta name=\"twitter:card\" content=\"summary_large_image\" \/>\n<meta name=\"twitter:label1\" content=\"Escrito por\" \/>\n\t<meta name=\"twitter:data1\" content=\"Telinha\" \/>\n\t<meta name=\"twitter:label2\" content=\"Tempo estimado de leitura\" \/>\n\t<meta name=\"twitter:data2\" content=\"1 minuto\" \/>\n<script type=\"application\/ld+json\" class=\"yoast-schema-graph\">{\"@context\":\"https:\/\/schema.org\",\"@graph\":[{\"@type\":\"Article\",\"@id\":\"https:\/\/portaltela.pt\/noticias\/2026\/01\/24\/sousel-regista-adesao-recorde-nas-modalidades-desportivas-municipais-2025-2026\/#article\",\"isPartOf\":{\"@id\":\"https:\/\/portaltela.pt\/noticias\/2026\/01\/24\/sousel-regista-adesao-recorde-nas-modalidades-desportivas-municipais-2025-2026\/\"},\"author\":{\"name\":\"Telinha\",\"@id\":\"https:\/\/portaltela.pt\/#\/schema\/person\/c4278d4a6028830caff9ee44b42d32ed\"},\"headline\":\"Sousel regista ades\u00e3o recorde nas modalidades desportivas municipais 2025\/2026\",\"datePublished\":\"2026-01-24T10:29:12+00:00\",\"mainEntityOfPage\":{\"@id\":\"https:\/\/portaltela.pt\/noticias\/2026\/01\/24\/sousel-regista-adesao-recorde-nas-modalidades-desportivas-municipais-2025-2026\/\"},\"wordCount\":264,\"image\":{\"@id\":\"https:\/\/portaltela.pt\/noticias\/2026\/01\/24\/sousel-regista-adesao-recorde-nas-modalidades-desportivas-municipais-2025-2026\/#primaryimage\"},\"thumbnailUrl\":\"https:\/\/portaltela.pt\/s.01k8rhncp4jt1\/2026\/01\/imagem_odigital-1200-x-675-px-49-1.jpg\",\"keywords\":[\"atividade f\u00edsica\",\"desporto\",\"hidrobike\",\"hidrogin\u00e1stica\",\"nata\u00e7\u00e3o\",\"nata\u00e7\u00e3o infantil\"],\"articleSection\":[\"Desporto\"],\"inLanguage\":\"pt-PT\"},{\"@type\":\"WebPage\",\"@id\":\"https:\/\/portaltela.pt\/noticias\/2026\/01\/24\/sousel-regista-adesao-recorde-nas-modalidades-desportivas-municipais-2025-2026\/\",\"url\":\"https:\/\/portaltela.pt\/noticias\/2026\/01\/24\/sousel-regista-adesao-recorde-nas-modalidades-desportivas-municipais-2025-2026\/\",\"name\":\"Sousel regista ades\u00e3o recorde nas modalidades desportivas municipais 2025\/2026 - Portal Tela Portugal\",\"isPartOf\":{\"@id\":\"https:\/\/portaltela.pt\/#website\"},\"primaryImageOfPage\":{\"@id\":\"https:\/\/portaltela.pt\/noticias\/2026\/01\/24\/sousel-regista-adesao-recorde-nas-modalidades-desportivas-municipais-2025-2026\/#primaryimage\"},\"image\":{\"@id\":\"https:\/\/portaltela.pt\/noticias\/2026\/01\/24\/sousel-regista-adesao-recorde-nas-modalidades-desportivas-municipais-2025-2026\/#primaryimage\"},\"thumbnailUrl\":\"https:\/\/portaltela.pt\/s.01k8rhncp4jt1\/2026\/01\/imagem_odigital-1200-x-675-px-49-1.jpg\",\"datePublished\":\"2026-01-24T10:29:12+00:00\",\"author\":{\"@id\":\"https:\/\/portaltela.pt\/#\/schema\/person\/c4278d4a6028830caff9ee44b42d32ed\"},\"breadcrumb\":{\"@id\":\"https:\/\/portaltela.pt\/noticias\/2026\/01\/24\/sousel-regista-adesao-recorde-nas-modalidades-desportivas-municipais-2025-2026\/#breadcrumb\"},\"inLanguage\":\"pt-PT\",\"potentialAction\":[{\"@type\":\"ReadAction\",\"target\":[\"https:\/\/portaltela.pt\/noticias\/2026\/01\/24\/sousel-regista-adesao-recorde-nas-modalidades-desportivas-municipais-2025-2026\/\"]}]},{\"@type\":\"ImageObject\",\"inLanguage\":\"pt-PT\",\"@id\":\"https:\/\/portaltela.pt\/noticias\/2026\/01\/24\/sousel-regista-adesao-recorde-nas-modalidades-desportivas-municipais-2025-2026\/#primaryimage\",\"url\":\"https:\/\/portaltela.pt\/s.01k8rhncp4jt1\/2026\/01\/imagem_odigital-1200-x-675-px-49-1.jpg\",\"contentUrl\":\"https:\/\/portaltela.pt\/s.01k8rhncp4jt1\/2026\/01\/imagem_odigital-1200-x-675-px-49-1.jpg\",\"width\":796,\"height\":448,\"caption\":\"Sousel regista ades\u00e3o recorde nas modalidades desportivas municipais para 2025\/2026\"},{\"@type\":\"BreadcrumbList\",\"@id\":\"https:\/\/portaltela.pt\/noticias\/2026\/01\/24\/sousel-regista-adesao-recorde-nas-modalidades-desportivas-municipais-2025-2026\/#breadcrumb\",\"itemListElement\":[{\"@type\":\"ListItem\",\"position\":1,\"name\":\"In\u00edcio\",\"item\":\"https:\/\/portaltela.pt\/\"},{\"@type\":\"ListItem\",\"position\":2,\"name\":\"Sousel regista ades\u00e3o recorde nas modalidades desportivas municipais 2025\/2026\"}]},{\"@type\":\"WebSite\",\"@id\":\"https:\/\/portaltela.pt\/#website\",\"url\":\"https:\/\/portaltela.pt\/\",\"name\":\"Portal Tela Portugal\",\"description\":\"\",\"potentialAction\":[{\"@type\":\"SearchAction\",\"target\":{\"@type\":\"EntryPoint\",\"urlTemplate\":\"https:\/\/portaltela.pt\/?s={search_term_string}\"},\"query-input\":{\"@type\":\"PropertyValueSpecification\",\"valueRequired\":true,\"valueName\":\"search_term_string\"}}],\"inLanguage\":\"pt-PT\"},{\"@type\":\"Person\",\"@id\":\"https:\/\/portaltela.pt\/#\/schema\/person\/c4278d4a6028830caff9ee44b42d32ed\",\"name\":\"Telinha\",\"image\":{\"@type\":\"ImageObject\",\"inLanguage\":\"pt-PT\",\"@id\":\"https:\/\/portaltela.pt\/s.01k8rhncp4jt1\/2025\/11\/talking-bot-125x125.png\",\"url\":\"https:\/\/portaltela.pt\/s.01k8rhncp4jt1\/2025\/11\/talking-bot-125x125.png\",\"contentUrl\":\"https:\/\/portaltela.pt\/s.01k8rhncp4jt1\/2025\/11\/talking-bot-125x125.png\",\"caption\":\"Telinha\"},\"sameAs\":[\"https:\/\/portaltela.pt\/\"],\"url\":\"https:\/\/portaltela.pt\/por\/367410592786\/\"}]}<\/script>\n<!-- \/ Yoast SEO plugin. -->","yoast_head_json":{"title":"Sousel regista ades\u00e3o recorde nas modalidades desportivas municipais 2025\/2026 - Portal Tela Portugal","robots":{"index":"index","follow":"follow","max-snippet":"max-snippet:-1","max-image-preview":"max-image-preview:large","max-video-preview":"max-video-preview:-1"},"og_locale":"pt_PT","og_type":"article","og_title":"Sousel regista ades\u00e3o recorde nas modalidades desportivas municipais 2025\/2026 - Portal Tela Portugal","og_description":"A \u00e9poca desportiva de 2025\/2026 no Munic\u00edpio de Sousel regista ades\u00e3o recorde \u00e0s modalidades aqu\u00e1ticas e de condi\u00e7\u00e3o f\u00edsica promovidas pela autarquia, com cerca de 240 utentes inscritos. As inscri\u00e7\u00f5es abrangem seis modalidades: nata\u00e7\u00e3o para beb\u00e9s, nata\u00e7\u00e3o infantil, nata\u00e7\u00e3o de adultos, hidrogin\u00e1stica, hidrobike e treino funcional. A procura crescente reflecte o aumento do interesse da popula\u00e7\u00e3o pela pr\u00e1tica regular de atividade f\u00edsica e por estilos de vida mais saud\u00e1veis. A C\u00e2mara Municipal refor\u00e7ou a Hidrobike com quatro novas bicicletas, totalizando 15 equipamentos dispon\u00edveis. A autarquia mant\u00e9m a aposta na promo\u00e7\u00e3o da atividade f\u00edsica, visando o bem-estar e a qualidade de vida da popula\u00e7\u00e3o do concelho.","og_url":"https:\/\/portaltela.pt\/noticias\/2026\/01\/24\/sousel-regista-adesao-recorde-nas-modalidades-desportivas-municipais-2025-2026\/","og_site_name":"Portal Tela Portugal","article_published_time":"2026-01-24T10:29:12+00:00","author":"Telinha","twitter_card":"summary_large_image","twitter_misc":{"Escrito por":"Telinha","Tempo estimado de leitura":"1 minuto"},"schema":{"@context":"https:\/\/schema.org","@graph":[{"@type":"Article","@id":"https:\/\/portaltela.pt\/noticias\/2026\/01\/24\/sousel-regista-adesao-recorde-nas-modalidades-desportivas-municipais-2025-2026\/#article","isPartOf":{"@id":"https:\/\/portaltela.pt\/noticias\/2026\/01\/24\/sousel-regista-adesao-recorde-nas-modalidades-desportivas-municipais-2025-2026\/"},"author":{"name":"Telinha","@id":"https:\/\/portaltela.pt\/#\/schema\/person\/c4278d4a6028830caff9ee44b42d32ed"},"headline":"Sousel regista ades\u00e3o recorde nas modalidades desportivas municipais 2025\/2026","datePublished":"2026-01-24T10:29:12+00:00","mainEntityOfPage":{"@id":"https:\/\/portaltela.pt\/noticias\/2026\/01\/24\/sousel-regista-adesao-recorde-nas-modalidades-desportivas-municipais-2025-2026\/"},"wordCount":264,"image":{"@id":"https:\/\/portaltela.pt\/noticias\/2026\/01\/24\/sousel-regista-adesao-recorde-nas-modalidades-desportivas-municipais-2025-2026\/#primaryimage"},"thumbnailUrl":"https:\/\/portaltela.pt\/s.01k8rhncp4jt1\/2026\/01\/imagem_odigital-1200-x-675-px-49-1.jpg","keywords":["atividade f\u00edsica","desporto","hidrobike","hidrogin\u00e1stica","nata\u00e7\u00e3o","nata\u00e7\u00e3o infantil"],"articleSection":["Desporto"],"inLanguage":"pt-PT"},{"@type":"WebPage","@id":"https:\/\/portaltela.pt\/noticias\/2026\/01\/24\/sousel-regista-adesao-recorde-nas-modalidades-desportivas-municipais-2025-2026\/","url":"https:\/\/portaltela.pt\/noticias\/2026\/01\/24\/sousel-regista-adesao-recorde-nas-modalidades-desportivas-municipais-2025-2026\/","name":"Sousel regista ades\u00e3o recorde nas modalidades desportivas municipais 2025\/2026 - Portal Tela Portugal","isPartOf":{"@id":"https:\/\/portaltela.pt\/#website"},"primaryImageOfPage":{"@id":"https:\/\/portaltela.pt\/noticias\/2026\/01\/24\/sousel-regista-adesao-recorde-nas-modalidades-desportivas-municipais-2025-2026\/#primaryimage"},"image":{"@id":"https:\/\/portaltela.pt\/noticias\/2026\/01\/24\/sousel-regista-adesao-recorde-nas-modalidades-desportivas-municipais-2025-2026\/#primaryimage"},"thumbnailUrl":"https:\/\/portaltela.pt\/s.01k8rhncp4jt1\/2026\/01\/imagem_odigital-1200-x-675-px-49-1.jpg","datePublished":"2026-01-24T10:29:12+00:00","author":{"@id":"https:\/\/portaltela.pt\/#\/schema\/person\/c4278d4a6028830caff9ee44b42d32ed"},"breadcrumb":{"@id":"https:\/\/portaltela.pt\/noticias\/2026\/01\/24\/sousel-regista-adesao-recorde-nas-modalidades-desportivas-municipais-2025-2026\/#breadcrumb"},"inLanguage":"pt-PT","potentialAction":[{"@type":"ReadAction","target":["https:\/\/portaltela.pt\/noticias\/2026\/01\/24\/sousel-regista-adesao-recorde-nas-modalidades-desportivas-municipais-2025-2026\/"]}]},{"@type":"ImageObject","inLanguage":"pt-PT","@id":"https:\/\/portaltela.pt\/noticias\/2026\/01\/24\/sousel-regista-adesao-recorde-nas-modalidades-desportivas-municipais-2025-2026\/#primaryimage","url":"https:\/\/portaltela.pt\/s.01k8rhncp4jt1\/2026\/01\/imagem_odigital-1200-x-675-px-49-1.jpg","contentUrl":"https:\/\/portaltela.pt\/s.01k8rhncp4jt1\/2026\/01\/imagem_odigital-1200-x-675-px-49-1.jpg","width":796,"height":448,"caption":"Sousel regista ades\u00e3o recorde nas modalidades desportivas municipais para 2025\/2026"},{"@type":"BreadcrumbList","@id":"https:\/\/portaltela.pt\/noticias\/2026\/01\/24\/sousel-regista-adesao-recorde-nas-modalidades-desportivas-municipais-2025-2026\/#breadcrumb","itemListElement":[{"@type":"ListItem","position":1,"name":"In\u00edcio","item":"https:\/\/portaltela.pt\/"},{"@type":"ListItem","position":2,"name":"Sousel regista ades\u00e3o recorde nas modalidades desportivas municipais 2025\/2026"}]},{"@type":"WebSite","@id":"https:\/\/portaltela.pt\/#website","url":"https:\/\/portaltela.pt\/","name":"Portal Tela Portugal","description":"","potentialAction":[{"@type":"SearchAction","target":{"@type":"EntryPoint","urlTemplate":"https:\/\/portaltela.pt\/?s={search_term_string}"},"query-input":{"@type":"PropertyValueSpecification","valueRequired":true,"valueName":"search_term_string"}}],"inLanguage":"pt-PT"},{"@type":"Person","@id":"https:\/\/portaltela.pt\/#\/schema\/person\/c4278d4a6028830caff9ee44b42d32ed","name":"Telinha","image":{"@type":"ImageObject","inLanguage":"pt-PT","@id":"https:\/\/portaltela.pt\/s.01k8rhncp4jt1\/2025\/11\/talking-bot-125x125.png","url":"https:\/\/portaltela.pt\/s.01k8rhncp4jt1\/2025\/11\/talking-bot-125x125.png","contentUrl":"https:\/\/portaltela.pt\/s.01k8rhncp4jt1\/2025\/11\/talking-bot-125x125.png","caption":"Telinha"},"sameAs":["https:\/\/portaltela.pt\/"],"url":"https:\/\/portaltela.pt\/por\/367410592786\/"}]}},"_links":{"self":[{"href":"https:\/\/portaltela.pt\/api\/wp\/v2\/posts\/169479","targetHints":{"allow":["GET"]}}],"collection":[{"href":"https:\/\/portaltela.pt\/api\/wp\/v2\/posts"}],"about":[{"href":"https:\/\/portaltela.pt\/api\/wp\/v2\/types\/post"}],"author":[{"embeddable":true,"href":"https:\/\/portaltela.pt\/api\/wp\/v2\/users\/2"}],"replies":[{"embeddable":true,"href":"https:\/\/portaltela.pt\/api\/wp\/v2\/comments?post=169479"}],"version-history":[{"count":0,"href":"https:\/\/portaltela.pt\/api\/wp\/v2\/posts\/169479\/revisions"}],"wp:featuredmedia":[{"embeddable":true,"href":"https:\/\/portaltela.pt\/api\/wp\/v2\/media\/169502"}],"wp:attachment":[{"href":"https:\/\/portaltela.pt\/api\/wp\/v2\/media?parent=169479"}],"wp:term":[{"taxonomy":"category","embeddable":true,"href":"https:\/\/portaltela.pt\/api\/wp\/v2\/categories?post=169479"},{"taxonomy":"post_tag","embeddable":true,"href":"https:\/\/portaltela.pt\/api\/wp\/v2\/tags?post=169479"}],"curies":[{"name":"wp","href":"https:\/\/api.w.org\/{rel}","templated":true}]}}