{"id":169462,"date":"2026-01-24T07:11:28","date_gmt":"2026-01-24T10:11:28","guid":{"rendered":"https:\/\/portaltela.pt\/noticias\/2026\/01\/24\/benfica-e-nos-renovam-contrato-por-duas-epocas-e-mais-de-100-milhoes-de-euros\/"},"modified":"2026-01-24T07:11:28","modified_gmt":"2026-01-24T10:11:28","slug":"benfica-e-nos-renovam-contrato-por-duas-epocas-e-mais-de-100-milhoes-de-euros","status":"publish","type":"post","link":"https:\/\/portaltela.pt\/desporto\/futebol\/2026\/01\/24\/benfica-e-nos-renovam-contrato-por-duas-epocas-e-mais-de-100-milhoes-de-euros\/","title":{"rendered":"Benfica e NOS renovam contrato por duas \u00e9pocas e mais de 100 milh\u00f5es de euros"},"content":{"rendered":"<p>O Benfica e a NOS chegaram a acordo para renovar o contrato de direitos audiovisuais por duas \u00e9pocas, com um encaixe superior a 100 milh\u00f5es de euros. O montante supera 50 milh\u00f5es de euros por temporada e entra em vigor na \u00e9poca 2026\/27.<\/p>\n<p>A renova\u00e7\u00e3o mant\u00e9m a NOS como principal parceira na explora\u00e7\u00e3o dos direitos do clube, numa colabora\u00e7\u00e3o iniciada em 2016\/17. O an\u00fancio oficial est\u00e1 previsto para a pr\u00f3xima semana, num evento pr\u00f3prio.<\/p>\n<p>A renova\u00e7\u00e3o ocorre no contexto da estrat\u00e9gia da SAD de atingir 500 milh\u00f5es de euros de receitas anuais. Rui Costa j\u00e1 manifestou ambi\u00e7\u00e3o de chegar a valores pr\u00f3ximos dos 70 milh\u00f5es anuais, mas o acordo atual enquadra-se nessa meta mais ampla.<\/p>\n<p>O contrato em vigor vence a 30 de Junho. Atualmente garante ao Benfica 400 milh\u00f5es de euros, valor que a nova extens\u00e3o pretende refor\u00e7ar, encerrando um dossier relevante para o clube.<\/p>\n<p>Apesar de manter a NOS como interlocutora priorit\u00e1ria, t\u00eam existido contactos explorat\u00f3rios com outras entidades, incluindo a Media Capital, nos \u00faltimos dois anos.<\/p>\n<p>O an\u00fancio foi adiado e dever\u00e1 ocorrer na pr\u00f3xima semana, num evento pr\u00f3prio, quando o acordo for formalizado entre as partes.<\/p>\n","protected":false},"excerpt":{"rendered":"<ul>\n<li>Benfica e NOS acordaram renovar o contrato de direitos audiovisuais por duas \u00e9pocas, com encaixe superior a 100 milh\u00f5es de euros.<\/li>\n<li>O valor representa mais de 50 milh\u00f5es de euros por temporada, com a extens\u00e3o a entrar em vigor na \u00e9poca 2026\/27.<\/li>\n<li>A renova\u00e7\u00e3o mant\u00e9m a NOS como principal parceira na explora\u00e7\u00e3o dos direitos do clube, consolidando uma liga\u00e7\u00e3o iniciada em 2016\/17.<\/li>\n<li>O acordo faz parte da estrat\u00e9gia da SAD para chegar a 500 milh\u00f5es de euros de receitas anuais.<\/li>\n<li>A oficializa\u00e7\u00e3o do contrato deve ocorrer na pr\u00f3xima semana, durante um evento dedicado, depois de j\u00e1 ter sido fechado h\u00e1 alguns dias.<\/li>\n<\/ul>\n","protected":false},"author":2,"featured_media":169485,"comment_status":"closed","ping_status":"closed","sticky":false,"template":"","format":"standard","meta":{"footnotes":""},"categories":[21,24],"tags":[1946,1125,789,32,316,2036],"class_list":["post-169462","post","type-post","status-publish","format-standard","has-post-thumbnail","hentry","category-desporto","category-futebol","tag-benfica","tag-contratos","tag-direitos-audiovisuais","tag-futebol","tag-investimento","tag-negociacoes-internacionais"],"yoast_head":"<!-- This site is optimized with the Yoast SEO plugin v27.2 - https:\/\/yoast.com\/product\/yoast-seo-wordpress\/ -->\n<title>Benfica e NOS renovam contrato por duas \u00e9pocas e mais de 100 milh\u00f5es de euros - Portal Tela Portugal<\/title>\n<meta name=\"robots\" content=\"index, follow, max-snippet:-1, max-image-preview:large, max-video-preview:-1\" \/>\n<meta property=\"og:locale\" content=\"pt_PT\" \/>\n<meta property=\"og:type\" content=\"article\" \/>\n<meta property=\"og:title\" content=\"Benfica e NOS renovam contrato por duas \u00e9pocas e mais de 100 milh\u00f5es de euros - Portal Tela Portugal\" \/>\n<meta property=\"og:description\" content=\"Benfica e NOS acordaram renovar o contrato de direitos audiovisuais por duas \u00e9pocas, com encaixe superior a 100 milh\u00f5es de euros. O valor representa mais de 50 milh\u00f5es de euros por temporada, com a extens\u00e3o a entrar em vigor na \u00e9poca 2026\/27. A renova\u00e7\u00e3o mant\u00e9m a NOS como principal parceira na explora\u00e7\u00e3o dos direitos do clube, consolidando uma liga\u00e7\u00e3o iniciada em 2016\/17. O acordo faz parte da estrat\u00e9gia da SAD para chegar a 500 milh\u00f5es de euros de receitas anuais. A oficializa\u00e7\u00e3o do contrato deve ocorrer na pr\u00f3xima semana, durante um evento dedicado, depois de j\u00e1 ter sido fechado h\u00e1 alguns dias.\" \/>\n<meta property=\"og:url\" content=\"https:\/\/portaltela.pt\/noticias\/2026\/01\/24\/benfica-e-nos-renovam-contrato-por-duas-epocas-e-mais-de-100-milhoes-de-euros\/\" \/>\n<meta property=\"og:site_name\" content=\"Portal Tela Portugal\" \/>\n<meta property=\"article:published_time\" content=\"2026-01-24T10:11:28+00:00\" \/>\n<meta name=\"author\" content=\"Telinha\" \/>\n<meta name=\"twitter:card\" content=\"summary_large_image\" \/>\n<meta name=\"twitter:label1\" content=\"Escrito por\" \/>\n\t<meta name=\"twitter:data1\" content=\"Telinha\" \/>\n\t<meta name=\"twitter:label2\" content=\"Tempo estimado de leitura\" \/>\n\t<meta name=\"twitter:data2\" content=\"1 minuto\" \/>\n<script type=\"application\/ld+json\" class=\"yoast-schema-graph\">{\"@context\":\"https:\/\/schema.org\",\"@graph\":[{\"@type\":\"Article\",\"@id\":\"https:\/\/portaltela.pt\/noticias\/2026\/01\/24\/benfica-e-nos-renovam-contrato-por-duas-epocas-e-mais-de-100-milhoes-de-euros\/#article\",\"isPartOf\":{\"@id\":\"https:\/\/portaltela.pt\/noticias\/2026\/01\/24\/benfica-e-nos-renovam-contrato-por-duas-epocas-e-mais-de-100-milhoes-de-euros\/\"},\"author\":{\"name\":\"Telinha\",\"@id\":\"https:\/\/portaltela.pt\/#\/schema\/person\/c4278d4a6028830caff9ee44b42d32ed\"},\"headline\":\"Benfica e NOS renovam contrato por duas \u00e9pocas e mais de 100 milh\u00f5es de euros\",\"datePublished\":\"2026-01-24T10:11:28+00:00\",\"mainEntityOfPage\":{\"@id\":\"https:\/\/portaltela.pt\/noticias\/2026\/01\/24\/benfica-e-nos-renovam-contrato-por-duas-epocas-e-mais-de-100-milhoes-de-euros\/\"},\"wordCount\":221,\"image\":{\"@id\":\"https:\/\/portaltela.pt\/noticias\/2026\/01\/24\/benfica-e-nos-renovam-contrato-por-duas-epocas-e-mais-de-100-milhoes-de-euros\/#primaryimage\"},\"thumbnailUrl\":\"https:\/\/portaltela.pt\/s.01k8rhncp4jt1\/2026\/01\/unnamed-file-4941.jpg\",\"keywords\":[\"Benfica\",\"contratos\",\"direitos audiovisuais\",\"futebol\",\"investimento\",\"negocia\u00e7\u00f5es internacionais\"],\"articleSection\":[\"Desporto\",\"Futebol\"],\"inLanguage\":\"pt-PT\"},{\"@type\":\"WebPage\",\"@id\":\"https:\/\/portaltela.pt\/noticias\/2026\/01\/24\/benfica-e-nos-renovam-contrato-por-duas-epocas-e-mais-de-100-milhoes-de-euros\/\",\"url\":\"https:\/\/portaltela.pt\/noticias\/2026\/01\/24\/benfica-e-nos-renovam-contrato-por-duas-epocas-e-mais-de-100-milhoes-de-euros\/\",\"name\":\"Benfica e NOS renovam contrato por duas \u00e9pocas e mais de 100 milh\u00f5es de euros - Portal Tela Portugal\",\"isPartOf\":{\"@id\":\"https:\/\/portaltela.pt\/#website\"},\"primaryImageOfPage\":{\"@id\":\"https:\/\/portaltela.pt\/noticias\/2026\/01\/24\/benfica-e-nos-renovam-contrato-por-duas-epocas-e-mais-de-100-milhoes-de-euros\/#primaryimage\"},\"image\":{\"@id\":\"https:\/\/portaltela.pt\/noticias\/2026\/01\/24\/benfica-e-nos-renovam-contrato-por-duas-epocas-e-mais-de-100-milhoes-de-euros\/#primaryimage\"},\"thumbnailUrl\":\"https:\/\/portaltela.pt\/s.01k8rhncp4jt1\/2026\/01\/unnamed-file-4941.jpg\",\"datePublished\":\"2026-01-24T10:11:28+00:00\",\"author\":{\"@id\":\"https:\/\/portaltela.pt\/#\/schema\/person\/c4278d4a6028830caff9ee44b42d32ed\"},\"breadcrumb\":{\"@id\":\"https:\/\/portaltela.pt\/noticias\/2026\/01\/24\/benfica-e-nos-renovam-contrato-por-duas-epocas-e-mais-de-100-milhoes-de-euros\/#breadcrumb\"},\"inLanguage\":\"pt-PT\",\"potentialAction\":[{\"@type\":\"ReadAction\",\"target\":[\"https:\/\/portaltela.pt\/noticias\/2026\/01\/24\/benfica-e-nos-renovam-contrato-por-duas-epocas-e-mais-de-100-milhoes-de-euros\/\"]}]},{\"@type\":\"ImageObject\",\"inLanguage\":\"pt-PT\",\"@id\":\"https:\/\/portaltela.pt\/noticias\/2026\/01\/24\/benfica-e-nos-renovam-contrato-por-duas-epocas-e-mais-de-100-milhoes-de-euros\/#primaryimage\",\"url\":\"https:\/\/portaltela.pt\/s.01k8rhncp4jt1\/2026\/01\/unnamed-file-4941.jpg\",\"contentUrl\":\"https:\/\/portaltela.pt\/s.01k8rhncp4jt1\/2026\/01\/unnamed-file-4941.jpg\",\"width\":796,\"height\":448,\"caption\":\"Conhe\u00e7a o calend\u00e1rio do Sporting e do Benfica para a Liga dos Campe\u00f5es\"},{\"@type\":\"BreadcrumbList\",\"@id\":\"https:\/\/portaltela.pt\/noticias\/2026\/01\/24\/benfica-e-nos-renovam-contrato-por-duas-epocas-e-mais-de-100-milhoes-de-euros\/#breadcrumb\",\"itemListElement\":[{\"@type\":\"ListItem\",\"position\":1,\"name\":\"In\u00edcio\",\"item\":\"https:\/\/portaltela.pt\/\"},{\"@type\":\"ListItem\",\"position\":2,\"name\":\"Benfica e NOS renovam contrato por duas \u00e9pocas e mais de 100 milh\u00f5es de euros\"}]},{\"@type\":\"WebSite\",\"@id\":\"https:\/\/portaltela.pt\/#website\",\"url\":\"https:\/\/portaltela.pt\/\",\"name\":\"Portal Tela Portugal\",\"description\":\"\",\"potentialAction\":[{\"@type\":\"SearchAction\",\"target\":{\"@type\":\"EntryPoint\",\"urlTemplate\":\"https:\/\/portaltela.pt\/?s={search_term_string}\"},\"query-input\":{\"@type\":\"PropertyValueSpecification\",\"valueRequired\":true,\"valueName\":\"search_term_string\"}}],\"inLanguage\":\"pt-PT\"},{\"@type\":\"Person\",\"@id\":\"https:\/\/portaltela.pt\/#\/schema\/person\/c4278d4a6028830caff9ee44b42d32ed\",\"name\":\"Telinha\",\"image\":{\"@type\":\"ImageObject\",\"inLanguage\":\"pt-PT\",\"@id\":\"https:\/\/portaltela.pt\/s.01k8rhncp4jt1\/2025\/11\/talking-bot-125x125.png\",\"url\":\"https:\/\/portaltela.pt\/s.01k8rhncp4jt1\/2025\/11\/talking-bot-125x125.png\",\"contentUrl\":\"https:\/\/portaltela.pt\/s.01k8rhncp4jt1\/2025\/11\/talking-bot-125x125.png\",\"caption\":\"Telinha\"},\"sameAs\":[\"https:\/\/portaltela.pt\/\"],\"url\":\"https:\/\/portaltela.pt\/por\/367410592786\/\"}]}<\/script>\n<!-- \/ Yoast SEO plugin. -->","yoast_head_json":{"title":"Benfica e NOS renovam contrato por duas \u00e9pocas e mais de 100 milh\u00f5es de euros - Portal Tela Portugal","robots":{"index":"index","follow":"follow","max-snippet":"max-snippet:-1","max-image-preview":"max-image-preview:large","max-video-preview":"max-video-preview:-1"},"og_locale":"pt_PT","og_type":"article","og_title":"Benfica e NOS renovam contrato por duas \u00e9pocas e mais de 100 milh\u00f5es de euros - Portal Tela Portugal","og_description":"Benfica e NOS acordaram renovar o contrato de direitos audiovisuais por duas \u00e9pocas, com encaixe superior a 100 milh\u00f5es de euros. O valor representa mais de 50 milh\u00f5es de euros por temporada, com a extens\u00e3o a entrar em vigor na \u00e9poca 2026\/27. A renova\u00e7\u00e3o mant\u00e9m a NOS como principal parceira na explora\u00e7\u00e3o dos direitos do clube, consolidando uma liga\u00e7\u00e3o iniciada em 2016\/17. O acordo faz parte da estrat\u00e9gia da SAD para chegar a 500 milh\u00f5es de euros de receitas anuais. A oficializa\u00e7\u00e3o do contrato deve ocorrer na pr\u00f3xima semana, durante um evento dedicado, depois de j\u00e1 ter sido fechado h\u00e1 alguns dias.","og_url":"https:\/\/portaltela.pt\/noticias\/2026\/01\/24\/benfica-e-nos-renovam-contrato-por-duas-epocas-e-mais-de-100-milhoes-de-euros\/","og_site_name":"Portal Tela Portugal","article_published_time":"2026-01-24T10:11:28+00:00","author":"Telinha","twitter_card":"summary_large_image","twitter_misc":{"Escrito por":"Telinha","Tempo estimado de leitura":"1 minuto"},"schema":{"@context":"https:\/\/schema.org","@graph":[{"@type":"Article","@id":"https:\/\/portaltela.pt\/noticias\/2026\/01\/24\/benfica-e-nos-renovam-contrato-por-duas-epocas-e-mais-de-100-milhoes-de-euros\/#article","isPartOf":{"@id":"https:\/\/portaltela.pt\/noticias\/2026\/01\/24\/benfica-e-nos-renovam-contrato-por-duas-epocas-e-mais-de-100-milhoes-de-euros\/"},"author":{"name":"Telinha","@id":"https:\/\/portaltela.pt\/#\/schema\/person\/c4278d4a6028830caff9ee44b42d32ed"},"headline":"Benfica e NOS renovam contrato por duas \u00e9pocas e mais de 100 milh\u00f5es de euros","datePublished":"2026-01-24T10:11:28+00:00","mainEntityOfPage":{"@id":"https:\/\/portaltela.pt\/noticias\/2026\/01\/24\/benfica-e-nos-renovam-contrato-por-duas-epocas-e-mais-de-100-milhoes-de-euros\/"},"wordCount":221,"image":{"@id":"https:\/\/portaltela.pt\/noticias\/2026\/01\/24\/benfica-e-nos-renovam-contrato-por-duas-epocas-e-mais-de-100-milhoes-de-euros\/#primaryimage"},"thumbnailUrl":"https:\/\/portaltela.pt\/s.01k8rhncp4jt1\/2026\/01\/unnamed-file-4941.jpg","keywords":["Benfica","contratos","direitos audiovisuais","futebol","investimento","negocia\u00e7\u00f5es internacionais"],"articleSection":["Desporto","Futebol"],"inLanguage":"pt-PT"},{"@type":"WebPage","@id":"https:\/\/portaltela.pt\/noticias\/2026\/01\/24\/benfica-e-nos-renovam-contrato-por-duas-epocas-e-mais-de-100-milhoes-de-euros\/","url":"https:\/\/portaltela.pt\/noticias\/2026\/01\/24\/benfica-e-nos-renovam-contrato-por-duas-epocas-e-mais-de-100-milhoes-de-euros\/","name":"Benfica e NOS renovam contrato por duas \u00e9pocas e mais de 100 milh\u00f5es de euros - Portal Tela Portugal","isPartOf":{"@id":"https:\/\/portaltela.pt\/#website"},"primaryImageOfPage":{"@id":"https:\/\/portaltela.pt\/noticias\/2026\/01\/24\/benfica-e-nos-renovam-contrato-por-duas-epocas-e-mais-de-100-milhoes-de-euros\/#primaryimage"},"image":{"@id":"https:\/\/portaltela.pt\/noticias\/2026\/01\/24\/benfica-e-nos-renovam-contrato-por-duas-epocas-e-mais-de-100-milhoes-de-euros\/#primaryimage"},"thumbnailUrl":"https:\/\/portaltela.pt\/s.01k8rhncp4jt1\/2026\/01\/unnamed-file-4941.jpg","datePublished":"2026-01-24T10:11:28+00:00","author":{"@id":"https:\/\/portaltela.pt\/#\/schema\/person\/c4278d4a6028830caff9ee44b42d32ed"},"breadcrumb":{"@id":"https:\/\/portaltela.pt\/noticias\/2026\/01\/24\/benfica-e-nos-renovam-contrato-por-duas-epocas-e-mais-de-100-milhoes-de-euros\/#breadcrumb"},"inLanguage":"pt-PT","potentialAction":[{"@type":"ReadAction","target":["https:\/\/portaltela.pt\/noticias\/2026\/01\/24\/benfica-e-nos-renovam-contrato-por-duas-epocas-e-mais-de-100-milhoes-de-euros\/"]}]},{"@type":"ImageObject","inLanguage":"pt-PT","@id":"https:\/\/portaltela.pt\/noticias\/2026\/01\/24\/benfica-e-nos-renovam-contrato-por-duas-epocas-e-mais-de-100-milhoes-de-euros\/#primaryimage","url":"https:\/\/portaltela.pt\/s.01k8rhncp4jt1\/2026\/01\/unnamed-file-4941.jpg","contentUrl":"https:\/\/portaltela.pt\/s.01k8rhncp4jt1\/2026\/01\/unnamed-file-4941.jpg","width":796,"height":448,"caption":"Conhe\u00e7a o calend\u00e1rio do Sporting e do Benfica para a Liga dos Campe\u00f5es"},{"@type":"BreadcrumbList","@id":"https:\/\/portaltela.pt\/noticias\/2026\/01\/24\/benfica-e-nos-renovam-contrato-por-duas-epocas-e-mais-de-100-milhoes-de-euros\/#breadcrumb","itemListElement":[{"@type":"ListItem","position":1,"name":"In\u00edcio","item":"https:\/\/portaltela.pt\/"},{"@type":"ListItem","position":2,"name":"Benfica e NOS renovam contrato por duas \u00e9pocas e mais de 100 milh\u00f5es de euros"}]},{"@type":"WebSite","@id":"https:\/\/portaltela.pt\/#website","url":"https:\/\/portaltela.pt\/","name":"Portal Tela Portugal","description":"","potentialAction":[{"@type":"SearchAction","target":{"@type":"EntryPoint","urlTemplate":"https:\/\/portaltela.pt\/?s={search_term_string}"},"query-input":{"@type":"PropertyValueSpecification","valueRequired":true,"valueName":"search_term_string"}}],"inLanguage":"pt-PT"},{"@type":"Person","@id":"https:\/\/portaltela.pt\/#\/schema\/person\/c4278d4a6028830caff9ee44b42d32ed","name":"Telinha","image":{"@type":"ImageObject","inLanguage":"pt-PT","@id":"https:\/\/portaltela.pt\/s.01k8rhncp4jt1\/2025\/11\/talking-bot-125x125.png","url":"https:\/\/portaltela.pt\/s.01k8rhncp4jt1\/2025\/11\/talking-bot-125x125.png","contentUrl":"https:\/\/portaltela.pt\/s.01k8rhncp4jt1\/2025\/11\/talking-bot-125x125.png","caption":"Telinha"},"sameAs":["https:\/\/portaltela.pt\/"],"url":"https:\/\/portaltela.pt\/por\/367410592786\/"}]}},"_links":{"self":[{"href":"https:\/\/portaltela.pt\/api\/wp\/v2\/posts\/169462","targetHints":{"allow":["GET"]}}],"collection":[{"href":"https:\/\/portaltela.pt\/api\/wp\/v2\/posts"}],"about":[{"href":"https:\/\/portaltela.pt\/api\/wp\/v2\/types\/post"}],"author":[{"embeddable":true,"href":"https:\/\/portaltela.pt\/api\/wp\/v2\/users\/2"}],"replies":[{"embeddable":true,"href":"https:\/\/portaltela.pt\/api\/wp\/v2\/comments?post=169462"}],"version-history":[{"count":0,"href":"https:\/\/portaltela.pt\/api\/wp\/v2\/posts\/169462\/revisions"}],"wp:featuredmedia":[{"embeddable":true,"href":"https:\/\/portaltela.pt\/api\/wp\/v2\/media\/169485"}],"wp:attachment":[{"href":"https:\/\/portaltela.pt\/api\/wp\/v2\/media?parent=169462"}],"wp:term":[{"taxonomy":"category","embeddable":true,"href":"https:\/\/portaltela.pt\/api\/wp\/v2\/categories?post=169462"},{"taxonomy":"post_tag","embeddable":true,"href":"https:\/\/portaltela.pt\/api\/wp\/v2\/tags?post=169462"}],"curies":[{"name":"wp","href":"https:\/\/api.w.org\/{rel}","templated":true}]}}