{"id":169458,"date":"2026-01-24T07:29:35","date_gmt":"2026-01-24T10:29:35","guid":{"rendered":"https:\/\/portaltela.pt\/noticias\/2026\/01\/24\/cao-encontrado-vivo-apos-colisao-de-comboios-em-adamuz\/"},"modified":"2026-01-24T07:29:35","modified_gmt":"2026-01-24T10:29:35","slug":"cao-encontrado-vivo-apos-colisao-de-comboios-em-adamuz","status":"publish","type":"post","link":"https:\/\/portaltela.pt\/noticias\/2026\/01\/24\/cao-encontrado-vivo-apos-colisao-de-comboios-em-adamuz\/","title":{"rendered":"C\u00e3o encontrado vivo ap\u00f3s colis\u00e3o de comboios em Adamuz"},"content":{"rendered":"<p>O c\u00e3o Boro, uma mistura de schnauzer com c\u00e3o de \u00e1gua, desapareceu ap\u00f3s a colis\u00e3o entre um comboio de alta velocidade Iryo e um Alvia em Adamuz, C\u00f3rdoba, no domingo. A tutora Ana Garc\u00eda, que viajava com a irm\u00e3, pediu ajuda p\u00fablica para o encontrar. O animal fugiu para a zona rural junto \u00e0 linha f\u00e9rrea.<\/p>\n<p>Durante tr\u00eas dias, a fam\u00edlia lan\u00e7ou buscas mobilizando moradores e partilhando apelos na imprensa e nas redes sociais. As autoridades e equipas de resgate coordenaram as ocorr\u00eancias de procura na regi\u00e3o, sem revelar detalhes operacionais.<\/p>\n<p>Hoje, Boro foi encontrado s\u00e3o e salvo e devolvido \u00e0 dona. O regresso do c\u00e3o foi confirmado pela fam\u00edlia ap\u00f3s ter sido localizado na \u00e1rea rural adjacente \u00e0 linha, sendo transportado de volta para casa em seguran\u00e7a.<\/p>\n<p>Ainda n\u00e3o existem detalhes oficiais sobre as circunst\u00e2ncias finais do resgate ou como o animal conseguiu sobreviver ao per\u00edodo, mas a not\u00edcia foi recebida como final feliz pela propriet\u00e1ria e pela comunidade local. A fonte original do relato destaca o desfecho positivo do caso.<\/p>\n","protected":false},"excerpt":{"rendered":"<ul>\n<li>O c\u00e3o Boro, mistura de schnauzer com c\u00e3o de \u00e1gua, foi encontrado s\u00e3o e devolvido \u00e0 dona Ana Garc\u00eda tr\u00eas dias depois de ter desaparecido ap\u00f3s a colis\u00e3o entre dois comboios em Adamuz, C\u00f3rdoba.<\/li>\n<li>Durante o acidente, Boro viajava no comboio de alta velocidade Iryo com a tutora e a irm\u00e3 desta, quando ocorreu o choque com um comboio Alvia.<\/li>\n<li>A trag\u00e9dia causou dezenas de mortos e mais de uma centena de feridos no sul de Espanha.<\/li>\n<li>Ana Garc\u00eda lan\u00e7ou um apelo p\u00fablico para encontrar o c\u00e3o, que ganhou divulga\u00e7\u00e3o medi\u00e1tica.<\/li>\n<\/ul>\n","protected":false},"author":2,"featured_media":169459,"comment_status":"closed","ping_status":"closed","sticky":false,"template":"","format":"standard","meta":{"footnotes":""},"categories":[1],"tags":[3465,3091,2863,2318],"class_list":["post-169458","post","type-post","status-publish","format-standard","has-post-thumbnail","hentry","category-noticias","tag-adamuz","tag-animais","tag-animais-de-rua","tag-sociedade"],"yoast_head":"<!-- This site is optimized with the Yoast SEO plugin v27.2 - https:\/\/yoast.com\/product\/yoast-seo-wordpress\/ -->\n<title>C\u00e3o encontrado vivo ap\u00f3s colis\u00e3o de comboios em Adamuz - Portal Tela Portugal<\/title>\n<meta name=\"robots\" content=\"index, follow, max-snippet:-1, max-image-preview:large, max-video-preview:-1\" \/>\n<meta property=\"og:locale\" content=\"pt_PT\" \/>\n<meta property=\"og:type\" content=\"article\" \/>\n<meta property=\"og:title\" content=\"C\u00e3o encontrado vivo ap\u00f3s colis\u00e3o de comboios em Adamuz - Portal Tela Portugal\" \/>\n<meta property=\"og:description\" content=\"O c\u00e3o Boro, mistura de schnauzer com c\u00e3o de \u00e1gua, foi encontrado s\u00e3o e devolvido \u00e0 dona Ana Garc\u00eda tr\u00eas dias depois de ter desaparecido ap\u00f3s a colis\u00e3o entre dois comboios em Adamuz, C\u00f3rdoba. Durante o acidente, Boro viajava no comboio de alta velocidade Iryo com a tutora e a irm\u00e3 desta, quando ocorreu o choque com um comboio Alvia. A trag\u00e9dia causou dezenas de mortos e mais de uma centena de feridos no sul de Espanha. Ana Garc\u00eda lan\u00e7ou um apelo p\u00fablico para encontrar o c\u00e3o, que ganhou divulga\u00e7\u00e3o medi\u00e1tica.\" \/>\n<meta property=\"og:url\" content=\"https:\/\/portaltela.pt\/noticias\/2026\/01\/24\/cao-encontrado-vivo-apos-colisao-de-comboios-em-adamuz\/\" \/>\n<meta property=\"og:site_name\" content=\"Portal Tela Portugal\" \/>\n<meta property=\"article:published_time\" content=\"2026-01-24T10:29:35+00:00\" \/>\n<meta name=\"author\" content=\"Telinha\" \/>\n<meta name=\"twitter:card\" content=\"summary_large_image\" \/>\n<meta name=\"twitter:label1\" content=\"Escrito por\" \/>\n\t<meta name=\"twitter:data1\" content=\"Telinha\" \/>\n\t<meta name=\"twitter:label2\" content=\"Tempo estimado de leitura\" \/>\n\t<meta name=\"twitter:data2\" content=\"1 minuto\" \/>\n<script type=\"application\/ld+json\" class=\"yoast-schema-graph\">{\"@context\":\"https:\/\/schema.org\",\"@graph\":[{\"@type\":\"Article\",\"@id\":\"https:\/\/portaltela.pt\/noticias\/2026\/01\/24\/cao-encontrado-vivo-apos-colisao-de-comboios-em-adamuz\/#article\",\"isPartOf\":{\"@id\":\"https:\/\/portaltela.pt\/noticias\/2026\/01\/24\/cao-encontrado-vivo-apos-colisao-de-comboios-em-adamuz\/\"},\"author\":{\"name\":\"Telinha\",\"@id\":\"https:\/\/portaltela.pt\/#\/schema\/person\/c4278d4a6028830caff9ee44b42d32ed\"},\"headline\":\"C\u00e3o encontrado vivo ap\u00f3s colis\u00e3o de comboios em Adamuz\",\"datePublished\":\"2026-01-24T10:29:35+00:00\",\"mainEntityOfPage\":{\"@id\":\"https:\/\/portaltela.pt\/noticias\/2026\/01\/24\/cao-encontrado-vivo-apos-colisao-de-comboios-em-adamuz\/\"},\"wordCount\":204,\"image\":{\"@id\":\"https:\/\/portaltela.pt\/noticias\/2026\/01\/24\/cao-encontrado-vivo-apos-colisao-de-comboios-em-adamuz\/#primaryimage\"},\"thumbnailUrl\":\"https:\/\/portaltela.pt\/s.01k8rhncp4jt1\/2026\/01\/img_920x518uu2026-01-24-10-24-46-2416986-1.jpg\",\"keywords\":[\"Adamuz\",\"animais\",\"Animais de Rua\",\"sociedade\"],\"articleSection\":[\"Not\u00edcias\"],\"inLanguage\":\"pt-PT\"},{\"@type\":\"WebPage\",\"@id\":\"https:\/\/portaltela.pt\/noticias\/2026\/01\/24\/cao-encontrado-vivo-apos-colisao-de-comboios-em-adamuz\/\",\"url\":\"https:\/\/portaltela.pt\/noticias\/2026\/01\/24\/cao-encontrado-vivo-apos-colisao-de-comboios-em-adamuz\/\",\"name\":\"C\u00e3o encontrado vivo ap\u00f3s colis\u00e3o de comboios em Adamuz - Portal Tela Portugal\",\"isPartOf\":{\"@id\":\"https:\/\/portaltela.pt\/#website\"},\"primaryImageOfPage\":{\"@id\":\"https:\/\/portaltela.pt\/noticias\/2026\/01\/24\/cao-encontrado-vivo-apos-colisao-de-comboios-em-adamuz\/#primaryimage\"},\"image\":{\"@id\":\"https:\/\/portaltela.pt\/noticias\/2026\/01\/24\/cao-encontrado-vivo-apos-colisao-de-comboios-em-adamuz\/#primaryimage\"},\"thumbnailUrl\":\"https:\/\/portaltela.pt\/s.01k8rhncp4jt1\/2026\/01\/img_920x518uu2026-01-24-10-24-46-2416986-1.jpg\",\"datePublished\":\"2026-01-24T10:29:35+00:00\",\"author\":{\"@id\":\"https:\/\/portaltela.pt\/#\/schema\/person\/c4278d4a6028830caff9ee44b42d32ed\"},\"breadcrumb\":{\"@id\":\"https:\/\/portaltela.pt\/noticias\/2026\/01\/24\/cao-encontrado-vivo-apos-colisao-de-comboios-em-adamuz\/#breadcrumb\"},\"inLanguage\":\"pt-PT\",\"potentialAction\":[{\"@type\":\"ReadAction\",\"target\":[\"https:\/\/portaltela.pt\/noticias\/2026\/01\/24\/cao-encontrado-vivo-apos-colisao-de-comboios-em-adamuz\/\"]}]},{\"@type\":\"ImageObject\",\"inLanguage\":\"pt-PT\",\"@id\":\"https:\/\/portaltela.pt\/noticias\/2026\/01\/24\/cao-encontrado-vivo-apos-colisao-de-comboios-em-adamuz\/#primaryimage\",\"url\":\"https:\/\/portaltela.pt\/s.01k8rhncp4jt1\/2026\/01\/img_920x518uu2026-01-24-10-24-46-2416986-1.jpg\",\"contentUrl\":\"https:\/\/portaltela.pt\/s.01k8rhncp4jt1\/2026\/01\/img_920x518uu2026-01-24-10-24-46-2416986-1.jpg\",\"width\":796,\"height\":448,\"caption\":\"Final feliz em Adamuz: c\u00e3o desaparecido ap\u00f3s colis\u00e3o de comboios \u00e9 encontrado com vida\"},{\"@type\":\"BreadcrumbList\",\"@id\":\"https:\/\/portaltela.pt\/noticias\/2026\/01\/24\/cao-encontrado-vivo-apos-colisao-de-comboios-em-adamuz\/#breadcrumb\",\"itemListElement\":[{\"@type\":\"ListItem\",\"position\":1,\"name\":\"In\u00edcio\",\"item\":\"https:\/\/portaltela.pt\/\"},{\"@type\":\"ListItem\",\"position\":2,\"name\":\"C\u00e3o encontrado vivo ap\u00f3s colis\u00e3o de comboios em Adamuz\"}]},{\"@type\":\"WebSite\",\"@id\":\"https:\/\/portaltela.pt\/#website\",\"url\":\"https:\/\/portaltela.pt\/\",\"name\":\"Portal Tela Portugal\",\"description\":\"\",\"potentialAction\":[{\"@type\":\"SearchAction\",\"target\":{\"@type\":\"EntryPoint\",\"urlTemplate\":\"https:\/\/portaltela.pt\/?s={search_term_string}\"},\"query-input\":{\"@type\":\"PropertyValueSpecification\",\"valueRequired\":true,\"valueName\":\"search_term_string\"}}],\"inLanguage\":\"pt-PT\"},{\"@type\":\"Person\",\"@id\":\"https:\/\/portaltela.pt\/#\/schema\/person\/c4278d4a6028830caff9ee44b42d32ed\",\"name\":\"Telinha\",\"image\":{\"@type\":\"ImageObject\",\"inLanguage\":\"pt-PT\",\"@id\":\"https:\/\/portaltela.pt\/s.01k8rhncp4jt1\/2025\/11\/talking-bot-125x125.png\",\"url\":\"https:\/\/portaltela.pt\/s.01k8rhncp4jt1\/2025\/11\/talking-bot-125x125.png\",\"contentUrl\":\"https:\/\/portaltela.pt\/s.01k8rhncp4jt1\/2025\/11\/talking-bot-125x125.png\",\"caption\":\"Telinha\"},\"sameAs\":[\"https:\/\/portaltela.pt\/\"],\"url\":\"https:\/\/portaltela.pt\/por\/367410592786\/\"}]}<\/script>\n<!-- \/ Yoast SEO plugin. -->","yoast_head_json":{"title":"C\u00e3o encontrado vivo ap\u00f3s colis\u00e3o de comboios em Adamuz - Portal Tela Portugal","robots":{"index":"index","follow":"follow","max-snippet":"max-snippet:-1","max-image-preview":"max-image-preview:large","max-video-preview":"max-video-preview:-1"},"og_locale":"pt_PT","og_type":"article","og_title":"C\u00e3o encontrado vivo ap\u00f3s colis\u00e3o de comboios em Adamuz - Portal Tela Portugal","og_description":"O c\u00e3o Boro, mistura de schnauzer com c\u00e3o de \u00e1gua, foi encontrado s\u00e3o e devolvido \u00e0 dona Ana Garc\u00eda tr\u00eas dias depois de ter desaparecido ap\u00f3s a colis\u00e3o entre dois comboios em Adamuz, C\u00f3rdoba. Durante o acidente, Boro viajava no comboio de alta velocidade Iryo com a tutora e a irm\u00e3 desta, quando ocorreu o choque com um comboio Alvia. A trag\u00e9dia causou dezenas de mortos e mais de uma centena de feridos no sul de Espanha. Ana Garc\u00eda lan\u00e7ou um apelo p\u00fablico para encontrar o c\u00e3o, que ganhou divulga\u00e7\u00e3o medi\u00e1tica.","og_url":"https:\/\/portaltela.pt\/noticias\/2026\/01\/24\/cao-encontrado-vivo-apos-colisao-de-comboios-em-adamuz\/","og_site_name":"Portal Tela Portugal","article_published_time":"2026-01-24T10:29:35+00:00","author":"Telinha","twitter_card":"summary_large_image","twitter_misc":{"Escrito por":"Telinha","Tempo estimado de leitura":"1 minuto"},"schema":{"@context":"https:\/\/schema.org","@graph":[{"@type":"Article","@id":"https:\/\/portaltela.pt\/noticias\/2026\/01\/24\/cao-encontrado-vivo-apos-colisao-de-comboios-em-adamuz\/#article","isPartOf":{"@id":"https:\/\/portaltela.pt\/noticias\/2026\/01\/24\/cao-encontrado-vivo-apos-colisao-de-comboios-em-adamuz\/"},"author":{"name":"Telinha","@id":"https:\/\/portaltela.pt\/#\/schema\/person\/c4278d4a6028830caff9ee44b42d32ed"},"headline":"C\u00e3o encontrado vivo ap\u00f3s colis\u00e3o de comboios em Adamuz","datePublished":"2026-01-24T10:29:35+00:00","mainEntityOfPage":{"@id":"https:\/\/portaltela.pt\/noticias\/2026\/01\/24\/cao-encontrado-vivo-apos-colisao-de-comboios-em-adamuz\/"},"wordCount":204,"image":{"@id":"https:\/\/portaltela.pt\/noticias\/2026\/01\/24\/cao-encontrado-vivo-apos-colisao-de-comboios-em-adamuz\/#primaryimage"},"thumbnailUrl":"https:\/\/portaltela.pt\/s.01k8rhncp4jt1\/2026\/01\/img_920x518uu2026-01-24-10-24-46-2416986-1.jpg","keywords":["Adamuz","animais","Animais de Rua","sociedade"],"articleSection":["Not\u00edcias"],"inLanguage":"pt-PT"},{"@type":"WebPage","@id":"https:\/\/portaltela.pt\/noticias\/2026\/01\/24\/cao-encontrado-vivo-apos-colisao-de-comboios-em-adamuz\/","url":"https:\/\/portaltela.pt\/noticias\/2026\/01\/24\/cao-encontrado-vivo-apos-colisao-de-comboios-em-adamuz\/","name":"C\u00e3o encontrado vivo ap\u00f3s colis\u00e3o de comboios em Adamuz - Portal Tela Portugal","isPartOf":{"@id":"https:\/\/portaltela.pt\/#website"},"primaryImageOfPage":{"@id":"https:\/\/portaltela.pt\/noticias\/2026\/01\/24\/cao-encontrado-vivo-apos-colisao-de-comboios-em-adamuz\/#primaryimage"},"image":{"@id":"https:\/\/portaltela.pt\/noticias\/2026\/01\/24\/cao-encontrado-vivo-apos-colisao-de-comboios-em-adamuz\/#primaryimage"},"thumbnailUrl":"https:\/\/portaltela.pt\/s.01k8rhncp4jt1\/2026\/01\/img_920x518uu2026-01-24-10-24-46-2416986-1.jpg","datePublished":"2026-01-24T10:29:35+00:00","author":{"@id":"https:\/\/portaltela.pt\/#\/schema\/person\/c4278d4a6028830caff9ee44b42d32ed"},"breadcrumb":{"@id":"https:\/\/portaltela.pt\/noticias\/2026\/01\/24\/cao-encontrado-vivo-apos-colisao-de-comboios-em-adamuz\/#breadcrumb"},"inLanguage":"pt-PT","potentialAction":[{"@type":"ReadAction","target":["https:\/\/portaltela.pt\/noticias\/2026\/01\/24\/cao-encontrado-vivo-apos-colisao-de-comboios-em-adamuz\/"]}]},{"@type":"ImageObject","inLanguage":"pt-PT","@id":"https:\/\/portaltela.pt\/noticias\/2026\/01\/24\/cao-encontrado-vivo-apos-colisao-de-comboios-em-adamuz\/#primaryimage","url":"https:\/\/portaltela.pt\/s.01k8rhncp4jt1\/2026\/01\/img_920x518uu2026-01-24-10-24-46-2416986-1.jpg","contentUrl":"https:\/\/portaltela.pt\/s.01k8rhncp4jt1\/2026\/01\/img_920x518uu2026-01-24-10-24-46-2416986-1.jpg","width":796,"height":448,"caption":"Final feliz em Adamuz: c\u00e3o desaparecido ap\u00f3s colis\u00e3o de comboios \u00e9 encontrado com vida"},{"@type":"BreadcrumbList","@id":"https:\/\/portaltela.pt\/noticias\/2026\/01\/24\/cao-encontrado-vivo-apos-colisao-de-comboios-em-adamuz\/#breadcrumb","itemListElement":[{"@type":"ListItem","position":1,"name":"In\u00edcio","item":"https:\/\/portaltela.pt\/"},{"@type":"ListItem","position":2,"name":"C\u00e3o encontrado vivo ap\u00f3s colis\u00e3o de comboios em Adamuz"}]},{"@type":"WebSite","@id":"https:\/\/portaltela.pt\/#website","url":"https:\/\/portaltela.pt\/","name":"Portal Tela Portugal","description":"","potentialAction":[{"@type":"SearchAction","target":{"@type":"EntryPoint","urlTemplate":"https:\/\/portaltela.pt\/?s={search_term_string}"},"query-input":{"@type":"PropertyValueSpecification","valueRequired":true,"valueName":"search_term_string"}}],"inLanguage":"pt-PT"},{"@type":"Person","@id":"https:\/\/portaltela.pt\/#\/schema\/person\/c4278d4a6028830caff9ee44b42d32ed","name":"Telinha","image":{"@type":"ImageObject","inLanguage":"pt-PT","@id":"https:\/\/portaltela.pt\/s.01k8rhncp4jt1\/2025\/11\/talking-bot-125x125.png","url":"https:\/\/portaltela.pt\/s.01k8rhncp4jt1\/2025\/11\/talking-bot-125x125.png","contentUrl":"https:\/\/portaltela.pt\/s.01k8rhncp4jt1\/2025\/11\/talking-bot-125x125.png","caption":"Telinha"},"sameAs":["https:\/\/portaltela.pt\/"],"url":"https:\/\/portaltela.pt\/por\/367410592786\/"}]}},"_links":{"self":[{"href":"https:\/\/portaltela.pt\/api\/wp\/v2\/posts\/169458","targetHints":{"allow":["GET"]}}],"collection":[{"href":"https:\/\/portaltela.pt\/api\/wp\/v2\/posts"}],"about":[{"href":"https:\/\/portaltela.pt\/api\/wp\/v2\/types\/post"}],"author":[{"embeddable":true,"href":"https:\/\/portaltela.pt\/api\/wp\/v2\/users\/2"}],"replies":[{"embeddable":true,"href":"https:\/\/portaltela.pt\/api\/wp\/v2\/comments?post=169458"}],"version-history":[{"count":0,"href":"https:\/\/portaltela.pt\/api\/wp\/v2\/posts\/169458\/revisions"}],"wp:featuredmedia":[{"embeddable":true,"href":"https:\/\/portaltela.pt\/api\/wp\/v2\/media\/169459"}],"wp:attachment":[{"href":"https:\/\/portaltela.pt\/api\/wp\/v2\/media?parent=169458"}],"wp:term":[{"taxonomy":"category","embeddable":true,"href":"https:\/\/portaltela.pt\/api\/wp\/v2\/categories?post=169458"},{"taxonomy":"post_tag","embeddable":true,"href":"https:\/\/portaltela.pt\/api\/wp\/v2\/tags?post=169458"}],"curies":[{"name":"wp","href":"https:\/\/api.w.org\/{rel}","templated":true}]}}