{"id":169432,"date":"2026-01-23T18:24:00","date_gmt":"2026-01-23T21:24:00","guid":{"rendered":"https:\/\/portaltela.pt\/noticias\/2026\/01\/23\/fc-porto-revela-lesao-de-victor-froholdt-2\/"},"modified":"2026-01-23T18:24:00","modified_gmt":"2026-01-23T21:24:00","slug":"fc-porto-revela-lesao-de-victor-froholdt-2","status":"publish","type":"post","link":"https:\/\/portaltela.pt\/desporto\/futebol\/2026\/01\/23\/fc-porto-revela-lesao-de-victor-froholdt-2\/","title":{"rendered":"FC Porto revela les\u00e3o de Victor Froholdt"},"content":{"rendered":"<p>Pouco tempo ap\u00f3s a comitiva do FC Porto regressar a Portugal, foi conhecida a les\u00e3o de Victor Froholdt no confronto com o Viktoria Plzen. O internacional dinamarqu\u00eas sofreu um traumatismo no p\u00e9 direito e est\u00e1 em tratamento.<\/p>\n<p>No boletim cl\u00ednico divulgado pelos azuis e brancos constam tamb\u00e9m Nehu\u00e9n P\u00e9rez, em tratamento e sess\u00f5es de gin\u00e1sio, e Luuk de Jong, sob gest\u00e3o de tratamento. Os nomes indicam um foco conjunto na recupera\u00e7\u00e3o e no refor\u00e7o f\u00edsico.<\/p>\n<p>S\u00e1bado \u00e9 dia de folga para o plantel, que volta aos treinos no domingo, no Centro de Treinos e Forma\u00e7\u00e3o Desportiva Jorge Costa. A confer\u00eancia de imprensa de Francesco Farioli est\u00e1 marcada para as 13h10.<\/p>\n<h3>Agenda de treinos e avalia\u00e7\u00e3o m\u00e9dica<\/h3>\n<ul>\n<li>Treino de domingo no Centro de Treinos Jorge Costa<\/li>\n<li>Confer\u00eancia de imprensa de Francesco Farioli \u00e0s 13h10<\/li>\n<\/ul>\n","protected":false},"excerpt":{"rendered":"<ul>\n<li>O FC Porto revelou a les\u00e3o de Victor Froholdt, descrevendo um traumatismo no p\u00e9 direito ocorrido no jogo contra o Viktoria Plzen, e o jogador segue em tratamento.<\/li>\n<li>No boletim cl\u00ednico do clube surgem tamb\u00e9m Nehu\u00e9n P\u00e9rez (tratamento e trabalho de gin\u00e1sio) e Luuk de Jong (tratamento).<\/li>\n<li>S\u00e1bado \u00e9 dia de folga para a equipa; o regresso aos treinos est\u00e1 marcado para domingo, no Centro de Treinos e Forma\u00e7\u00e3o Desportiva Jorge Costa.<\/li>\n<li>A confer\u00eancia de imprensa de Francesco Farioli est\u00e1 agendada para as 13h10 de domingo.<\/li>\n<li>O FC Porto continua a acompanhar o evoluir dos jogadores e a preparar o pr\u00f3ximo jogo.<\/li>\n<\/ul>\n","protected":false},"author":2,"featured_media":169434,"comment_status":"closed","ping_status":"closed","sticky":false,"template":"","format":"standard","meta":{"footnotes":""},"categories":[21,24],"tags":[2503,2028,32,2538,1014,3725],"class_list":["post-169432","post","type-post","status-publish","format-standard","has-post-thumbnail","hentry","category-desporto","category-futebol","tag-dinamarca","tag-fc-porto","tag-futebol","tag-lesoes","tag-portugal","tag-viktoria-plzen"],"yoast_head":"<!-- This site is optimized with the Yoast SEO plugin v27.2 - https:\/\/yoast.com\/product\/yoast-seo-wordpress\/ -->\n<title>FC Porto revela les\u00e3o de Victor Froholdt - Portal Tela Portugal<\/title>\n<meta name=\"robots\" content=\"index, follow, max-snippet:-1, max-image-preview:large, max-video-preview:-1\" \/>\n<meta property=\"og:locale\" content=\"pt_PT\" \/>\n<meta property=\"og:type\" content=\"article\" \/>\n<meta property=\"og:title\" content=\"FC Porto revela les\u00e3o de Victor Froholdt - Portal Tela Portugal\" \/>\n<meta property=\"og:description\" content=\"O FC Porto revelou a les\u00e3o de Victor Froholdt, descrevendo um traumatismo no p\u00e9 direito ocorrido no jogo contra o Viktoria Plzen, e o jogador segue em tratamento. No boletim cl\u00ednico do clube surgem tamb\u00e9m Nehu\u00e9n P\u00e9rez (tratamento e trabalho de gin\u00e1sio) e Luuk de Jong (tratamento). S\u00e1bado \u00e9 dia de folga para a equipa; o regresso aos treinos est\u00e1 marcado para domingo, no Centro de Treinos e Forma\u00e7\u00e3o Desportiva Jorge Costa. A confer\u00eancia de imprensa de Francesco Farioli est\u00e1 agendada para as 13h10 de domingo. O FC Porto continua a acompanhar o evoluir dos jogadores e a preparar o pr\u00f3ximo jogo.\" \/>\n<meta property=\"og:url\" content=\"https:\/\/portaltela.pt\/noticias\/2026\/01\/23\/fc-porto-revela-lesao-de-victor-froholdt-2\/\" \/>\n<meta property=\"og:site_name\" content=\"Portal Tela Portugal\" \/>\n<meta property=\"article:published_time\" content=\"2026-01-23T21:24:00+00:00\" \/>\n<meta name=\"author\" content=\"Telinha\" \/>\n<meta name=\"twitter:card\" content=\"summary_large_image\" \/>\n<meta name=\"twitter:label1\" content=\"Escrito por\" \/>\n\t<meta name=\"twitter:data1\" content=\"Telinha\" \/>\n\t<meta name=\"twitter:label2\" content=\"Tempo estimado de leitura\" \/>\n\t<meta name=\"twitter:data2\" content=\"1 minuto\" \/>\n<script type=\"application\/ld+json\" class=\"yoast-schema-graph\">{\"@context\":\"https:\/\/schema.org\",\"@graph\":[{\"@type\":\"Article\",\"@id\":\"https:\/\/portaltela.pt\/noticias\/2026\/01\/23\/fc-porto-revela-lesao-de-victor-froholdt-2\/#article\",\"isPartOf\":{\"@id\":\"https:\/\/portaltela.pt\/noticias\/2026\/01\/23\/fc-porto-revela-lesao-de-victor-froholdt-2\/\"},\"author\":{\"name\":\"Telinha\",\"@id\":\"https:\/\/portaltela.pt\/#\/schema\/person\/c4278d4a6028830caff9ee44b42d32ed\"},\"headline\":\"FC Porto revela les\u00e3o de Victor Froholdt\",\"datePublished\":\"2026-01-23T21:24:00+00:00\",\"mainEntityOfPage\":{\"@id\":\"https:\/\/portaltela.pt\/noticias\/2026\/01\/23\/fc-porto-revela-lesao-de-victor-froholdt-2\/\"},\"wordCount\":159,\"image\":{\"@id\":\"https:\/\/portaltela.pt\/noticias\/2026\/01\/23\/fc-porto-revela-lesao-de-victor-froholdt-2\/#primaryimage\"},\"thumbnailUrl\":\"https:\/\/portaltela.pt\/s.01k8rhncp4jt1\/2026\/01\/img_1200x721uu2026-01-23-19-26-34-2416907-im-639047934714860223-4.jpg\",\"keywords\":[\"Dinamarca\",\"FC Porto\",\"futebol\",\"les\u00f5es\",\"Portugal\",\"Viktoria Plzen\"],\"articleSection\":[\"Desporto\",\"Futebol\"],\"inLanguage\":\"pt-PT\"},{\"@type\":\"WebPage\",\"@id\":\"https:\/\/portaltela.pt\/noticias\/2026\/01\/23\/fc-porto-revela-lesao-de-victor-froholdt-2\/\",\"url\":\"https:\/\/portaltela.pt\/noticias\/2026\/01\/23\/fc-porto-revela-lesao-de-victor-froholdt-2\/\",\"name\":\"FC Porto revela les\u00e3o de Victor Froholdt - Portal Tela Portugal\",\"isPartOf\":{\"@id\":\"https:\/\/portaltela.pt\/#website\"},\"primaryImageOfPage\":{\"@id\":\"https:\/\/portaltela.pt\/noticias\/2026\/01\/23\/fc-porto-revela-lesao-de-victor-froholdt-2\/#primaryimage\"},\"image\":{\"@id\":\"https:\/\/portaltela.pt\/noticias\/2026\/01\/23\/fc-porto-revela-lesao-de-victor-froholdt-2\/#primaryimage\"},\"thumbnailUrl\":\"https:\/\/portaltela.pt\/s.01k8rhncp4jt1\/2026\/01\/img_1200x721uu2026-01-23-19-26-34-2416907-im-639047934714860223-4.jpg\",\"datePublished\":\"2026-01-23T21:24:00+00:00\",\"author\":{\"@id\":\"https:\/\/portaltela.pt\/#\/schema\/person\/c4278d4a6028830caff9ee44b42d32ed\"},\"breadcrumb\":{\"@id\":\"https:\/\/portaltela.pt\/noticias\/2026\/01\/23\/fc-porto-revela-lesao-de-victor-froholdt-2\/#breadcrumb\"},\"inLanguage\":\"pt-PT\",\"potentialAction\":[{\"@type\":\"ReadAction\",\"target\":[\"https:\/\/portaltela.pt\/noticias\/2026\/01\/23\/fc-porto-revela-lesao-de-victor-froholdt-2\/\"]}]},{\"@type\":\"ImageObject\",\"inLanguage\":\"pt-PT\",\"@id\":\"https:\/\/portaltela.pt\/noticias\/2026\/01\/23\/fc-porto-revela-lesao-de-victor-froholdt-2\/#primaryimage\",\"url\":\"https:\/\/portaltela.pt\/s.01k8rhncp4jt1\/2026\/01\/img_1200x721uu2026-01-23-19-26-34-2416907-im-639047934714860223-4.jpg\",\"contentUrl\":\"https:\/\/portaltela.pt\/s.01k8rhncp4jt1\/2026\/01\/img_1200x721uu2026-01-23-19-26-34-2416907-im-639047934714860223-4.jpg\",\"width\":796,\"height\":448,\"caption\":\"Froholdt com Castro\"},{\"@type\":\"BreadcrumbList\",\"@id\":\"https:\/\/portaltela.pt\/noticias\/2026\/01\/23\/fc-porto-revela-lesao-de-victor-froholdt-2\/#breadcrumb\",\"itemListElement\":[{\"@type\":\"ListItem\",\"position\":1,\"name\":\"In\u00edcio\",\"item\":\"https:\/\/portaltela.pt\/\"},{\"@type\":\"ListItem\",\"position\":2,\"name\":\"FC Porto revela les\u00e3o de Victor Froholdt\"}]},{\"@type\":\"WebSite\",\"@id\":\"https:\/\/portaltela.pt\/#website\",\"url\":\"https:\/\/portaltela.pt\/\",\"name\":\"Portal Tela Portugal\",\"description\":\"\",\"potentialAction\":[{\"@type\":\"SearchAction\",\"target\":{\"@type\":\"EntryPoint\",\"urlTemplate\":\"https:\/\/portaltela.pt\/?s={search_term_string}\"},\"query-input\":{\"@type\":\"PropertyValueSpecification\",\"valueRequired\":true,\"valueName\":\"search_term_string\"}}],\"inLanguage\":\"pt-PT\"},{\"@type\":\"Person\",\"@id\":\"https:\/\/portaltela.pt\/#\/schema\/person\/c4278d4a6028830caff9ee44b42d32ed\",\"name\":\"Telinha\",\"image\":{\"@type\":\"ImageObject\",\"inLanguage\":\"pt-PT\",\"@id\":\"https:\/\/portaltela.pt\/s.01k8rhncp4jt1\/2025\/11\/talking-bot-125x125.png\",\"url\":\"https:\/\/portaltela.pt\/s.01k8rhncp4jt1\/2025\/11\/talking-bot-125x125.png\",\"contentUrl\":\"https:\/\/portaltela.pt\/s.01k8rhncp4jt1\/2025\/11\/talking-bot-125x125.png\",\"caption\":\"Telinha\"},\"sameAs\":[\"https:\/\/portaltela.pt\/\"],\"url\":\"https:\/\/portaltela.pt\/por\/367410592786\/\"}]}<\/script>\n<!-- \/ Yoast SEO plugin. -->","yoast_head_json":{"title":"FC Porto revela les\u00e3o de Victor Froholdt - Portal Tela Portugal","robots":{"index":"index","follow":"follow","max-snippet":"max-snippet:-1","max-image-preview":"max-image-preview:large","max-video-preview":"max-video-preview:-1"},"og_locale":"pt_PT","og_type":"article","og_title":"FC Porto revela les\u00e3o de Victor Froholdt - Portal Tela Portugal","og_description":"O FC Porto revelou a les\u00e3o de Victor Froholdt, descrevendo um traumatismo no p\u00e9 direito ocorrido no jogo contra o Viktoria Plzen, e o jogador segue em tratamento. No boletim cl\u00ednico do clube surgem tamb\u00e9m Nehu\u00e9n P\u00e9rez (tratamento e trabalho de gin\u00e1sio) e Luuk de Jong (tratamento). S\u00e1bado \u00e9 dia de folga para a equipa; o regresso aos treinos est\u00e1 marcado para domingo, no Centro de Treinos e Forma\u00e7\u00e3o Desportiva Jorge Costa. A confer\u00eancia de imprensa de Francesco Farioli est\u00e1 agendada para as 13h10 de domingo. O FC Porto continua a acompanhar o evoluir dos jogadores e a preparar o pr\u00f3ximo jogo.","og_url":"https:\/\/portaltela.pt\/noticias\/2026\/01\/23\/fc-porto-revela-lesao-de-victor-froholdt-2\/","og_site_name":"Portal Tela Portugal","article_published_time":"2026-01-23T21:24:00+00:00","author":"Telinha","twitter_card":"summary_large_image","twitter_misc":{"Escrito por":"Telinha","Tempo estimado de leitura":"1 minuto"},"schema":{"@context":"https:\/\/schema.org","@graph":[{"@type":"Article","@id":"https:\/\/portaltela.pt\/noticias\/2026\/01\/23\/fc-porto-revela-lesao-de-victor-froholdt-2\/#article","isPartOf":{"@id":"https:\/\/portaltela.pt\/noticias\/2026\/01\/23\/fc-porto-revela-lesao-de-victor-froholdt-2\/"},"author":{"name":"Telinha","@id":"https:\/\/portaltela.pt\/#\/schema\/person\/c4278d4a6028830caff9ee44b42d32ed"},"headline":"FC Porto revela les\u00e3o de Victor Froholdt","datePublished":"2026-01-23T21:24:00+00:00","mainEntityOfPage":{"@id":"https:\/\/portaltela.pt\/noticias\/2026\/01\/23\/fc-porto-revela-lesao-de-victor-froholdt-2\/"},"wordCount":159,"image":{"@id":"https:\/\/portaltela.pt\/noticias\/2026\/01\/23\/fc-porto-revela-lesao-de-victor-froholdt-2\/#primaryimage"},"thumbnailUrl":"https:\/\/portaltela.pt\/s.01k8rhncp4jt1\/2026\/01\/img_1200x721uu2026-01-23-19-26-34-2416907-im-639047934714860223-4.jpg","keywords":["Dinamarca","FC Porto","futebol","les\u00f5es","Portugal","Viktoria Plzen"],"articleSection":["Desporto","Futebol"],"inLanguage":"pt-PT"},{"@type":"WebPage","@id":"https:\/\/portaltela.pt\/noticias\/2026\/01\/23\/fc-porto-revela-lesao-de-victor-froholdt-2\/","url":"https:\/\/portaltela.pt\/noticias\/2026\/01\/23\/fc-porto-revela-lesao-de-victor-froholdt-2\/","name":"FC Porto revela les\u00e3o de Victor Froholdt - Portal Tela Portugal","isPartOf":{"@id":"https:\/\/portaltela.pt\/#website"},"primaryImageOfPage":{"@id":"https:\/\/portaltela.pt\/noticias\/2026\/01\/23\/fc-porto-revela-lesao-de-victor-froholdt-2\/#primaryimage"},"image":{"@id":"https:\/\/portaltela.pt\/noticias\/2026\/01\/23\/fc-porto-revela-lesao-de-victor-froholdt-2\/#primaryimage"},"thumbnailUrl":"https:\/\/portaltela.pt\/s.01k8rhncp4jt1\/2026\/01\/img_1200x721uu2026-01-23-19-26-34-2416907-im-639047934714860223-4.jpg","datePublished":"2026-01-23T21:24:00+00:00","author":{"@id":"https:\/\/portaltela.pt\/#\/schema\/person\/c4278d4a6028830caff9ee44b42d32ed"},"breadcrumb":{"@id":"https:\/\/portaltela.pt\/noticias\/2026\/01\/23\/fc-porto-revela-lesao-de-victor-froholdt-2\/#breadcrumb"},"inLanguage":"pt-PT","potentialAction":[{"@type":"ReadAction","target":["https:\/\/portaltela.pt\/noticias\/2026\/01\/23\/fc-porto-revela-lesao-de-victor-froholdt-2\/"]}]},{"@type":"ImageObject","inLanguage":"pt-PT","@id":"https:\/\/portaltela.pt\/noticias\/2026\/01\/23\/fc-porto-revela-lesao-de-victor-froholdt-2\/#primaryimage","url":"https:\/\/portaltela.pt\/s.01k8rhncp4jt1\/2026\/01\/img_1200x721uu2026-01-23-19-26-34-2416907-im-639047934714860223-4.jpg","contentUrl":"https:\/\/portaltela.pt\/s.01k8rhncp4jt1\/2026\/01\/img_1200x721uu2026-01-23-19-26-34-2416907-im-639047934714860223-4.jpg","width":796,"height":448,"caption":"Froholdt com Castro"},{"@type":"BreadcrumbList","@id":"https:\/\/portaltela.pt\/noticias\/2026\/01\/23\/fc-porto-revela-lesao-de-victor-froholdt-2\/#breadcrumb","itemListElement":[{"@type":"ListItem","position":1,"name":"In\u00edcio","item":"https:\/\/portaltela.pt\/"},{"@type":"ListItem","position":2,"name":"FC Porto revela les\u00e3o de Victor Froholdt"}]},{"@type":"WebSite","@id":"https:\/\/portaltela.pt\/#website","url":"https:\/\/portaltela.pt\/","name":"Portal Tela Portugal","description":"","potentialAction":[{"@type":"SearchAction","target":{"@type":"EntryPoint","urlTemplate":"https:\/\/portaltela.pt\/?s={search_term_string}"},"query-input":{"@type":"PropertyValueSpecification","valueRequired":true,"valueName":"search_term_string"}}],"inLanguage":"pt-PT"},{"@type":"Person","@id":"https:\/\/portaltela.pt\/#\/schema\/person\/c4278d4a6028830caff9ee44b42d32ed","name":"Telinha","image":{"@type":"ImageObject","inLanguage":"pt-PT","@id":"https:\/\/portaltela.pt\/s.01k8rhncp4jt1\/2025\/11\/talking-bot-125x125.png","url":"https:\/\/portaltela.pt\/s.01k8rhncp4jt1\/2025\/11\/talking-bot-125x125.png","contentUrl":"https:\/\/portaltela.pt\/s.01k8rhncp4jt1\/2025\/11\/talking-bot-125x125.png","caption":"Telinha"},"sameAs":["https:\/\/portaltela.pt\/"],"url":"https:\/\/portaltela.pt\/por\/367410592786\/"}]}},"_links":{"self":[{"href":"https:\/\/portaltela.pt\/api\/wp\/v2\/posts\/169432","targetHints":{"allow":["GET"]}}],"collection":[{"href":"https:\/\/portaltela.pt\/api\/wp\/v2\/posts"}],"about":[{"href":"https:\/\/portaltela.pt\/api\/wp\/v2\/types\/post"}],"author":[{"embeddable":true,"href":"https:\/\/portaltela.pt\/api\/wp\/v2\/users\/2"}],"replies":[{"embeddable":true,"href":"https:\/\/portaltela.pt\/api\/wp\/v2\/comments?post=169432"}],"version-history":[{"count":0,"href":"https:\/\/portaltela.pt\/api\/wp\/v2\/posts\/169432\/revisions"}],"wp:featuredmedia":[{"embeddable":true,"href":"https:\/\/portaltela.pt\/api\/wp\/v2\/media\/169434"}],"wp:attachment":[{"href":"https:\/\/portaltela.pt\/api\/wp\/v2\/media?parent=169432"}],"wp:term":[{"taxonomy":"category","embeddable":true,"href":"https:\/\/portaltela.pt\/api\/wp\/v2\/categories?post=169432"},{"taxonomy":"post_tag","embeddable":true,"href":"https:\/\/portaltela.pt\/api\/wp\/v2\/tags?post=169432"}],"curies":[{"name":"wp","href":"https:\/\/api.w.org\/{rel}","templated":true}]}}