{"id":169393,"date":"2026-01-23T09:51:00","date_gmt":"2026-01-23T12:51:00","guid":{"rendered":"https:\/\/portaltela.pt\/noticias\/2026\/01\/23\/rui-borges-esclarece-mensagens-pos-psg-e-regresso-de-nuno-santos-na-proxima-semana\/"},"modified":"2026-01-23T09:51:00","modified_gmt":"2026-01-23T12:51:00","slug":"rui-borges-esclarece-mensagens-pos-psg-e-regresso-de-nuno-santos-na-proxima-semana","status":"publish","type":"post","link":"https:\/\/portaltela.pt\/desporto\/futebol\/2026\/01\/23\/rui-borges-esclarece-mensagens-pos-psg-e-regresso-de-nuno-santos-na-proxima-semana\/","title":{"rendered":"Rui Borges esclarece mensagens p\u00f3s-PSG e regresso de Nuno Santos na pr\u00f3xima semana"},"content":{"rendered":"<p>A equipa do Sporting recebe o Arouca no s\u00e1bado, \u00e0s 18h00, em Alvalade, em jogo da liga. O foco est\u00e1 na recupera\u00e7\u00e3o de jogadores e na gest\u00e3o de recursos, numa jornada marcada pela necessidade de manter o ritmo competitivo. O t\u00e9cnico Rui Borges destaca o equil\u00edbrio entre ambi\u00e7\u00e3o e realismo, olhando para o presente e o futuro.<\/p>\n<p>Mesmo sem confirmar sa\u00eddas, o treinador admite que poder\u00e1 haver mudan\u00e7as no plantel at\u00e9 ao final da janela. O regresso de Nuno Santos \u00e9 esperado para a pr\u00f3xima semana, enquanto Ioannidis depende do dia a dia e de decis\u00f5es t\u00e9cnicas. Jogadores j\u00e1 chegaram para refor\u00e7ar o plantel, com dois extremos novos.<\/p>\n<p>A meio da conversa, o t\u00e9cnico analisa ainda a adapta\u00e7\u00e3o de Luis Su\u00e1rez ao Sporting, ap\u00f3s a sa\u00edda de Gy\u00f6keres. Considera que o uruguaio pode manter o n\u00edvel elevado durante a \u00e9poca e insiste na import\u00e2ncia de solu\u00e7\u00f5es coletivas, acima de qualquer individualidade.<\/p>\n<h3>Refor\u00e7os, regressos e panorama do plantel<\/h3>\n<p>O t\u00e9cnico confirma que Nuno Santos pode treinar com o grupo na pr\u00f3xima semana, se tudo correr como prev\u00ea. Ioannidis mant\u00e9m o foco no dia a dia, sem data espec\u00edfica para o regresso. Dois novos jogadores chegaram para refor\u00e7ar a mesma posi\u00e7\u00e3o, oferecendo op\u00e7\u00f5es diferentes.<\/p>\n<p>O treinador enfatiza que n\u00e3o quer perder ningu\u00e9m, mas admite que o plantel est\u00e1 mais bem preparado para o futuro. A estrat\u00e9gia passa por manter o foco no presente, garantindo rendimento imediato e evolu\u00e7\u00e3o ao longo da \u00e9poca.<\/p>\n<h3>Regresso de Hjulmand e escolhas de meio-campo<\/h3>\n<p>Hjulmand \u00e9 descrito como o pilar da equipa, l\u00edder em campo e capit\u00e3o. O momento de forma do dinamarqu\u00eas \u00e9 apontado como excelente, influenciando o equil\u00edbrio do jogo. Sim\u00f5es e Morita mostraram-se bem no confronto com o PSG, abrindo espa\u00e7o para mais op\u00e7\u00f5es.<\/p>\n<p>Questionado sobre alinhar titulares, o t\u00e9cnico afirma que prefere ter todos dispon\u00edveis e que a competitividade interna ajuda a manter o n\u00edvel. A ideia \u00e9 manter a equipa com responsabilidade e ambi\u00e7\u00e3o, sem depender de uma \u00fanica pe\u00e7a.<\/p>\n<h3>Prepara\u00e7\u00e3o para o jogo com neve<\/h3>\n<p>Sobre o cen\u00e1rio atmosf\u00e9rico, o treinador brinca com a neve artificial para a equipa manter o foco. Refor\u00e7a que, independentemente das condi\u00e7\u00f5es, o objetivo \u00e9 vencer o Arouca e manter a linha competitiva na liga.<\/p>\n<p>A equipa realizou treino sob chuva intensa, o que evidencia a exig\u00eancia f\u00edsica. O foco est\u00e1 na execu\u00e7\u00e3o t\u00e1tica, adapta\u00e7\u00e3o \u00e0s condi\u00e7\u00f5es e manter a concentra\u00e7\u00e3o at\u00e9 ao apito final.<\/p>\n","protected":false},"excerpt":{"rendered":"<ul>\n<li>O Sporting enfrenta o Arouca no s\u00e1bado, \u00e0s 18h00, em jogo da liga.<\/li>\n<li>O Nuno Santos pode come\u00e7ar a treinar com o grupo na pr\u00f3xima semana; o Ioannidis ainda sem data concreta, e chegaram dois refor\u00e7os para a mesma posi\u00e7\u00e3o.<\/li>\n<li>Su\u00e1rez j\u00e1 assume o papel de refer\u00eancia e a sa\u00edda de Gy\u00f6keres \u00e9 apresentada como natural; o treinador afirmou que ningu\u00e9m \u00e9 insubstitu\u00edvel e mant\u00e9m o foco no coletivo.<\/li>\n<li>O regresso de Hjulmand \u00e9 visto como crucial; Sim\u00f5es e Morita tiveram um bom desempenho frente ao PSG, e h\u00e1 oportunidades para todos.<\/li>\n<li>O treinador afirmou que o jogo pode exigir neve artificial ou chuva, mas o objetivo \u00e9 vencer o Arouca e manter a ambi\u00e7\u00e3o de chegar ao topo.<\/li>\n<\/ul>\n","protected":false},"author":2,"featured_media":169410,"comment_status":"closed","ping_status":"closed","sticky":false,"template":"","format":"standard","meta":{"footnotes":""},"categories":[21,24],"tags":[900,32,242,1786,1979,1652],"class_list":["post-169393","post","type-post","status-publish","format-standard","has-post-thumbnail","hentry","category-desporto","category-futebol","tag-arouca","tag-futebol","tag-jogadores","tag-liga","tag-paris-sg","tag-sporting"],"yoast_head":"<!-- This site is optimized with the Yoast SEO plugin v27.2 - https:\/\/yoast.com\/product\/yoast-seo-wordpress\/ -->\n<title>Rui Borges esclarece mensagens p\u00f3s-PSG e regresso de Nuno Santos na pr\u00f3xima semana - Portal Tela Portugal<\/title>\n<meta name=\"robots\" content=\"index, follow, max-snippet:-1, max-image-preview:large, max-video-preview:-1\" \/>\n<meta property=\"og:locale\" content=\"pt_PT\" \/>\n<meta property=\"og:type\" content=\"article\" \/>\n<meta property=\"og:title\" content=\"Rui Borges esclarece mensagens p\u00f3s-PSG e regresso de Nuno Santos na pr\u00f3xima semana - Portal Tela Portugal\" \/>\n<meta property=\"og:description\" content=\"O Sporting enfrenta o Arouca no s\u00e1bado, \u00e0s 18h00, em jogo da liga. O Nuno Santos pode come\u00e7ar a treinar com o grupo na pr\u00f3xima semana; o Ioannidis ainda sem data concreta, e chegaram dois refor\u00e7os para a mesma posi\u00e7\u00e3o. Su\u00e1rez j\u00e1 assume o papel de refer\u00eancia e a sa\u00edda de Gy\u00f6keres \u00e9 apresentada como natural; o treinador afirmou que ningu\u00e9m \u00e9 insubstitu\u00edvel e mant\u00e9m o foco no coletivo. O regresso de Hjulmand \u00e9 visto como crucial; Sim\u00f5es e Morita tiveram um bom desempenho frente ao PSG, e h\u00e1 oportunidades para todos. O treinador afirmou que o jogo pode exigir neve artificial ou chuva, mas o objetivo \u00e9 vencer o Arouca e manter a ambi\u00e7\u00e3o de chegar ao topo.\" \/>\n<meta property=\"og:url\" content=\"https:\/\/portaltela.pt\/noticias\/2026\/01\/23\/rui-borges-esclarece-mensagens-pos-psg-e-regresso-de-nuno-santos-na-proxima-semana\/\" \/>\n<meta property=\"og:site_name\" content=\"Portal Tela Portugal\" \/>\n<meta property=\"article:published_time\" content=\"2026-01-23T12:51:00+00:00\" \/>\n<meta name=\"author\" content=\"Telinha\" \/>\n<meta name=\"twitter:card\" content=\"summary_large_image\" \/>\n<meta name=\"twitter:label1\" content=\"Escrito por\" \/>\n\t<meta name=\"twitter:data1\" content=\"Telinha\" \/>\n\t<meta name=\"twitter:label2\" content=\"Tempo estimado de leitura\" \/>\n\t<meta name=\"twitter:data2\" content=\"2 minutos\" \/>\n<script type=\"application\/ld+json\" class=\"yoast-schema-graph\">{\"@context\":\"https:\/\/schema.org\",\"@graph\":[{\"@type\":\"Article\",\"@id\":\"https:\/\/portaltela.pt\/noticias\/2026\/01\/23\/rui-borges-esclarece-mensagens-pos-psg-e-regresso-de-nuno-santos-na-proxima-semana\/#article\",\"isPartOf\":{\"@id\":\"https:\/\/portaltela.pt\/noticias\/2026\/01\/23\/rui-borges-esclarece-mensagens-pos-psg-e-regresso-de-nuno-santos-na-proxima-semana\/\"},\"author\":{\"name\":\"Telinha\",\"@id\":\"https:\/\/portaltela.pt\/#\/schema\/person\/c4278d4a6028830caff9ee44b42d32ed\"},\"headline\":\"Rui Borges esclarece mensagens p\u00f3s-PSG e regresso de Nuno Santos na pr\u00f3xima semana\",\"datePublished\":\"2026-01-23T12:51:00+00:00\",\"mainEntityOfPage\":{\"@id\":\"https:\/\/portaltela.pt\/noticias\/2026\/01\/23\/rui-borges-esclarece-mensagens-pos-psg-e-regresso-de-nuno-santos-na-proxima-semana\/\"},\"wordCount\":466,\"image\":{\"@id\":\"https:\/\/portaltela.pt\/noticias\/2026\/01\/23\/rui-borges-esclarece-mensagens-pos-psg-e-regresso-de-nuno-santos-na-proxima-semana\/#primaryimage\"},\"thumbnailUrl\":\"https:\/\/portaltela.pt\/s.01k8rhncp4jt1\/2026\/01\/img_293x165uu2026-01-23-13-24-35-2416826-2.jpg\",\"keywords\":[\"Arouca\",\"futebol\",\"jogadores\",\"Liga\",\"Paris SG\",\"Sporting\"],\"articleSection\":[\"Desporto\",\"Futebol\"],\"inLanguage\":\"pt-PT\"},{\"@type\":\"WebPage\",\"@id\":\"https:\/\/portaltela.pt\/noticias\/2026\/01\/23\/rui-borges-esclarece-mensagens-pos-psg-e-regresso-de-nuno-santos-na-proxima-semana\/\",\"url\":\"https:\/\/portaltela.pt\/noticias\/2026\/01\/23\/rui-borges-esclarece-mensagens-pos-psg-e-regresso-de-nuno-santos-na-proxima-semana\/\",\"name\":\"Rui Borges esclarece mensagens p\u00f3s-PSG e regresso de Nuno Santos na pr\u00f3xima semana - Portal Tela Portugal\",\"isPartOf\":{\"@id\":\"https:\/\/portaltela.pt\/#website\"},\"primaryImageOfPage\":{\"@id\":\"https:\/\/portaltela.pt\/noticias\/2026\/01\/23\/rui-borges-esclarece-mensagens-pos-psg-e-regresso-de-nuno-santos-na-proxima-semana\/#primaryimage\"},\"image\":{\"@id\":\"https:\/\/portaltela.pt\/noticias\/2026\/01\/23\/rui-borges-esclarece-mensagens-pos-psg-e-regresso-de-nuno-santos-na-proxima-semana\/#primaryimage\"},\"thumbnailUrl\":\"https:\/\/portaltela.pt\/s.01k8rhncp4jt1\/2026\/01\/img_293x165uu2026-01-23-13-24-35-2416826-2.jpg\",\"datePublished\":\"2026-01-23T12:51:00+00:00\",\"author\":{\"@id\":\"https:\/\/portaltela.pt\/#\/schema\/person\/c4278d4a6028830caff9ee44b42d32ed\"},\"breadcrumb\":{\"@id\":\"https:\/\/portaltela.pt\/noticias\/2026\/01\/23\/rui-borges-esclarece-mensagens-pos-psg-e-regresso-de-nuno-santos-na-proxima-semana\/#breadcrumb\"},\"inLanguage\":\"pt-PT\",\"potentialAction\":[{\"@type\":\"ReadAction\",\"target\":[\"https:\/\/portaltela.pt\/noticias\/2026\/01\/23\/rui-borges-esclarece-mensagens-pos-psg-e-regresso-de-nuno-santos-na-proxima-semana\/\"]}]},{\"@type\":\"ImageObject\",\"inLanguage\":\"pt-PT\",\"@id\":\"https:\/\/portaltela.pt\/noticias\/2026\/01\/23\/rui-borges-esclarece-mensagens-pos-psg-e-regresso-de-nuno-santos-na-proxima-semana\/#primaryimage\",\"url\":\"https:\/\/portaltela.pt\/s.01k8rhncp4jt1\/2026\/01\/img_293x165uu2026-01-23-13-24-35-2416826-2.jpg\",\"contentUrl\":\"https:\/\/portaltela.pt\/s.01k8rhncp4jt1\/2026\/01\/img_293x165uu2026-01-23-13-24-35-2416826-2.jpg\",\"width\":796,\"height\":448,\"caption\":\"A \\\"neve artificial\\\" que n\u00e3o tem, o regresso de Nuno Santos \\\"na pr\u00f3xima semana\\\" e as mensagens depois do PSG: o que disse Rui Borges\"},{\"@type\":\"BreadcrumbList\",\"@id\":\"https:\/\/portaltela.pt\/noticias\/2026\/01\/23\/rui-borges-esclarece-mensagens-pos-psg-e-regresso-de-nuno-santos-na-proxima-semana\/#breadcrumb\",\"itemListElement\":[{\"@type\":\"ListItem\",\"position\":1,\"name\":\"In\u00edcio\",\"item\":\"https:\/\/portaltela.pt\/\"},{\"@type\":\"ListItem\",\"position\":2,\"name\":\"Rui Borges esclarece mensagens p\u00f3s-PSG e regresso de Nuno Santos na pr\u00f3xima semana\"}]},{\"@type\":\"WebSite\",\"@id\":\"https:\/\/portaltela.pt\/#website\",\"url\":\"https:\/\/portaltela.pt\/\",\"name\":\"Portal Tela Portugal\",\"description\":\"\",\"potentialAction\":[{\"@type\":\"SearchAction\",\"target\":{\"@type\":\"EntryPoint\",\"urlTemplate\":\"https:\/\/portaltela.pt\/?s={search_term_string}\"},\"query-input\":{\"@type\":\"PropertyValueSpecification\",\"valueRequired\":true,\"valueName\":\"search_term_string\"}}],\"inLanguage\":\"pt-PT\"},{\"@type\":\"Person\",\"@id\":\"https:\/\/portaltela.pt\/#\/schema\/person\/c4278d4a6028830caff9ee44b42d32ed\",\"name\":\"Telinha\",\"image\":{\"@type\":\"ImageObject\",\"inLanguage\":\"pt-PT\",\"@id\":\"https:\/\/portaltela.pt\/s.01k8rhncp4jt1\/2025\/11\/talking-bot-125x125.png\",\"url\":\"https:\/\/portaltela.pt\/s.01k8rhncp4jt1\/2025\/11\/talking-bot-125x125.png\",\"contentUrl\":\"https:\/\/portaltela.pt\/s.01k8rhncp4jt1\/2025\/11\/talking-bot-125x125.png\",\"caption\":\"Telinha\"},\"sameAs\":[\"https:\/\/portaltela.pt\/\"],\"url\":\"https:\/\/portaltela.pt\/por\/367410592786\/\"}]}<\/script>\n<!-- \/ Yoast SEO plugin. -->","yoast_head_json":{"title":"Rui Borges esclarece mensagens p\u00f3s-PSG e regresso de Nuno Santos na pr\u00f3xima semana - Portal Tela Portugal","robots":{"index":"index","follow":"follow","max-snippet":"max-snippet:-1","max-image-preview":"max-image-preview:large","max-video-preview":"max-video-preview:-1"},"og_locale":"pt_PT","og_type":"article","og_title":"Rui Borges esclarece mensagens p\u00f3s-PSG e regresso de Nuno Santos na pr\u00f3xima semana - Portal Tela Portugal","og_description":"O Sporting enfrenta o Arouca no s\u00e1bado, \u00e0s 18h00, em jogo da liga. O Nuno Santos pode come\u00e7ar a treinar com o grupo na pr\u00f3xima semana; o Ioannidis ainda sem data concreta, e chegaram dois refor\u00e7os para a mesma posi\u00e7\u00e3o. Su\u00e1rez j\u00e1 assume o papel de refer\u00eancia e a sa\u00edda de Gy\u00f6keres \u00e9 apresentada como natural; o treinador afirmou que ningu\u00e9m \u00e9 insubstitu\u00edvel e mant\u00e9m o foco no coletivo. O regresso de Hjulmand \u00e9 visto como crucial; Sim\u00f5es e Morita tiveram um bom desempenho frente ao PSG, e h\u00e1 oportunidades para todos. O treinador afirmou que o jogo pode exigir neve artificial ou chuva, mas o objetivo \u00e9 vencer o Arouca e manter a ambi\u00e7\u00e3o de chegar ao topo.","og_url":"https:\/\/portaltela.pt\/noticias\/2026\/01\/23\/rui-borges-esclarece-mensagens-pos-psg-e-regresso-de-nuno-santos-na-proxima-semana\/","og_site_name":"Portal Tela Portugal","article_published_time":"2026-01-23T12:51:00+00:00","author":"Telinha","twitter_card":"summary_large_image","twitter_misc":{"Escrito por":"Telinha","Tempo estimado de leitura":"2 minutos"},"schema":{"@context":"https:\/\/schema.org","@graph":[{"@type":"Article","@id":"https:\/\/portaltela.pt\/noticias\/2026\/01\/23\/rui-borges-esclarece-mensagens-pos-psg-e-regresso-de-nuno-santos-na-proxima-semana\/#article","isPartOf":{"@id":"https:\/\/portaltela.pt\/noticias\/2026\/01\/23\/rui-borges-esclarece-mensagens-pos-psg-e-regresso-de-nuno-santos-na-proxima-semana\/"},"author":{"name":"Telinha","@id":"https:\/\/portaltela.pt\/#\/schema\/person\/c4278d4a6028830caff9ee44b42d32ed"},"headline":"Rui Borges esclarece mensagens p\u00f3s-PSG e regresso de Nuno Santos na pr\u00f3xima semana","datePublished":"2026-01-23T12:51:00+00:00","mainEntityOfPage":{"@id":"https:\/\/portaltela.pt\/noticias\/2026\/01\/23\/rui-borges-esclarece-mensagens-pos-psg-e-regresso-de-nuno-santos-na-proxima-semana\/"},"wordCount":466,"image":{"@id":"https:\/\/portaltela.pt\/noticias\/2026\/01\/23\/rui-borges-esclarece-mensagens-pos-psg-e-regresso-de-nuno-santos-na-proxima-semana\/#primaryimage"},"thumbnailUrl":"https:\/\/portaltela.pt\/s.01k8rhncp4jt1\/2026\/01\/img_293x165uu2026-01-23-13-24-35-2416826-2.jpg","keywords":["Arouca","futebol","jogadores","Liga","Paris SG","Sporting"],"articleSection":["Desporto","Futebol"],"inLanguage":"pt-PT"},{"@type":"WebPage","@id":"https:\/\/portaltela.pt\/noticias\/2026\/01\/23\/rui-borges-esclarece-mensagens-pos-psg-e-regresso-de-nuno-santos-na-proxima-semana\/","url":"https:\/\/portaltela.pt\/noticias\/2026\/01\/23\/rui-borges-esclarece-mensagens-pos-psg-e-regresso-de-nuno-santos-na-proxima-semana\/","name":"Rui Borges esclarece mensagens p\u00f3s-PSG e regresso de Nuno Santos na pr\u00f3xima semana - Portal Tela Portugal","isPartOf":{"@id":"https:\/\/portaltela.pt\/#website"},"primaryImageOfPage":{"@id":"https:\/\/portaltela.pt\/noticias\/2026\/01\/23\/rui-borges-esclarece-mensagens-pos-psg-e-regresso-de-nuno-santos-na-proxima-semana\/#primaryimage"},"image":{"@id":"https:\/\/portaltela.pt\/noticias\/2026\/01\/23\/rui-borges-esclarece-mensagens-pos-psg-e-regresso-de-nuno-santos-na-proxima-semana\/#primaryimage"},"thumbnailUrl":"https:\/\/portaltela.pt\/s.01k8rhncp4jt1\/2026\/01\/img_293x165uu2026-01-23-13-24-35-2416826-2.jpg","datePublished":"2026-01-23T12:51:00+00:00","author":{"@id":"https:\/\/portaltela.pt\/#\/schema\/person\/c4278d4a6028830caff9ee44b42d32ed"},"breadcrumb":{"@id":"https:\/\/portaltela.pt\/noticias\/2026\/01\/23\/rui-borges-esclarece-mensagens-pos-psg-e-regresso-de-nuno-santos-na-proxima-semana\/#breadcrumb"},"inLanguage":"pt-PT","potentialAction":[{"@type":"ReadAction","target":["https:\/\/portaltela.pt\/noticias\/2026\/01\/23\/rui-borges-esclarece-mensagens-pos-psg-e-regresso-de-nuno-santos-na-proxima-semana\/"]}]},{"@type":"ImageObject","inLanguage":"pt-PT","@id":"https:\/\/portaltela.pt\/noticias\/2026\/01\/23\/rui-borges-esclarece-mensagens-pos-psg-e-regresso-de-nuno-santos-na-proxima-semana\/#primaryimage","url":"https:\/\/portaltela.pt\/s.01k8rhncp4jt1\/2026\/01\/img_293x165uu2026-01-23-13-24-35-2416826-2.jpg","contentUrl":"https:\/\/portaltela.pt\/s.01k8rhncp4jt1\/2026\/01\/img_293x165uu2026-01-23-13-24-35-2416826-2.jpg","width":796,"height":448,"caption":"A \"neve artificial\" que n\u00e3o tem, o regresso de Nuno Santos \"na pr\u00f3xima semana\" e as mensagens depois do PSG: o que disse Rui Borges"},{"@type":"BreadcrumbList","@id":"https:\/\/portaltela.pt\/noticias\/2026\/01\/23\/rui-borges-esclarece-mensagens-pos-psg-e-regresso-de-nuno-santos-na-proxima-semana\/#breadcrumb","itemListElement":[{"@type":"ListItem","position":1,"name":"In\u00edcio","item":"https:\/\/portaltela.pt\/"},{"@type":"ListItem","position":2,"name":"Rui Borges esclarece mensagens p\u00f3s-PSG e regresso de Nuno Santos na pr\u00f3xima semana"}]},{"@type":"WebSite","@id":"https:\/\/portaltela.pt\/#website","url":"https:\/\/portaltela.pt\/","name":"Portal Tela Portugal","description":"","potentialAction":[{"@type":"SearchAction","target":{"@type":"EntryPoint","urlTemplate":"https:\/\/portaltela.pt\/?s={search_term_string}"},"query-input":{"@type":"PropertyValueSpecification","valueRequired":true,"valueName":"search_term_string"}}],"inLanguage":"pt-PT"},{"@type":"Person","@id":"https:\/\/portaltela.pt\/#\/schema\/person\/c4278d4a6028830caff9ee44b42d32ed","name":"Telinha","image":{"@type":"ImageObject","inLanguage":"pt-PT","@id":"https:\/\/portaltela.pt\/s.01k8rhncp4jt1\/2025\/11\/talking-bot-125x125.png","url":"https:\/\/portaltela.pt\/s.01k8rhncp4jt1\/2025\/11\/talking-bot-125x125.png","contentUrl":"https:\/\/portaltela.pt\/s.01k8rhncp4jt1\/2025\/11\/talking-bot-125x125.png","caption":"Telinha"},"sameAs":["https:\/\/portaltela.pt\/"],"url":"https:\/\/portaltela.pt\/por\/367410592786\/"}]}},"_links":{"self":[{"href":"https:\/\/portaltela.pt\/api\/wp\/v2\/posts\/169393","targetHints":{"allow":["GET"]}}],"collection":[{"href":"https:\/\/portaltela.pt\/api\/wp\/v2\/posts"}],"about":[{"href":"https:\/\/portaltela.pt\/api\/wp\/v2\/types\/post"}],"author":[{"embeddable":true,"href":"https:\/\/portaltela.pt\/api\/wp\/v2\/users\/2"}],"replies":[{"embeddable":true,"href":"https:\/\/portaltela.pt\/api\/wp\/v2\/comments?post=169393"}],"version-history":[{"count":0,"href":"https:\/\/portaltela.pt\/api\/wp\/v2\/posts\/169393\/revisions"}],"wp:featuredmedia":[{"embeddable":true,"href":"https:\/\/portaltela.pt\/api\/wp\/v2\/media\/169410"}],"wp:attachment":[{"href":"https:\/\/portaltela.pt\/api\/wp\/v2\/media?parent=169393"}],"wp:term":[{"taxonomy":"category","embeddable":true,"href":"https:\/\/portaltela.pt\/api\/wp\/v2\/categories?post=169393"},{"taxonomy":"post_tag","embeddable":true,"href":"https:\/\/portaltela.pt\/api\/wp\/v2\/tags?post=169393"}],"curies":[{"name":"wp","href":"https:\/\/api.w.org\/{rel}","templated":true}]}}