{"id":169370,"date":"2026-01-24T06:31:00","date_gmt":"2026-01-24T09:31:00","guid":{"rendered":"https:\/\/portaltela.pt\/noticias\/2026\/01\/24\/homem-morre-apos-doenca-subita-na-ribeira-brava\/"},"modified":"2026-01-24T06:31:00","modified_gmt":"2026-01-24T09:31:00","slug":"homem-morre-apos-doenca-subita-na-ribeira-brava","status":"publish","type":"post","link":"https:\/\/portaltela.pt\/noticias\/internacional\/2026\/01\/24\/homem-morre-apos-doenca-subita-na-ribeira-brava\/","title":{"rendered":"Homem morre ap\u00f3s doen\u00e7a s\u00fabita na Ribeira Brava"},"content":{"rendered":"<p>Um homem na casa dos 70 anos morreu na noite de sexta-feira no centro da vila da Ribeira Brava, ap\u00f3s ter sido acometido de uma doen\u00e7a s\u00fabita.<\/p>\n<p>A equipa m\u00e9dica da EMIR e os Bombeiros Mistos da Ribeira Brava e Ponta do Sol foram mobilizados para a ocorr\u00eancia, tendo a v\u00edtima entrado em paragem cardiorrespirat\u00f3ria.<\/p>\n<p>Foram de imediato iniciadas manobras de reanima\u00e7\u00e3o com suporte avan\u00e7ado de vida, mas n\u00e3o foi poss\u00edvel reverter a situa\u00e7\u00e3o, tendo o \u00f3bito sido declarado no local. As autoridades de sa\u00fade e policiais estiveram presentes para proceder ao registo da ocorr\u00eancia e \u00e0 confirma\u00e7\u00e3o da morte.<\/p>\n<h3>Interven\u00e7\u00e3o e registo<\/h3>\n<p>As autoridades de sa\u00fade e a pol\u00edcia estiveram no local para o registo da ocorr\u00eancia e a confirma\u00e7\u00e3o do \u00f3bito. N\u00e3o foram avan\u00e7adas informa\u00e7\u00f5es sobre as causas subjacentes da condi\u00e7\u00e3o de sa\u00fade que levou ao desfecho.<\/p>\n","protected":false},"excerpt":{"rendered":"<ul>\n<li>Um homem na casa dos 70 anos morreu na noite de sexta-feira no centro da vila da Ribeira Brava, ap\u00f3s doen\u00e7a s\u00fabita.<\/li>\n<li>A equipa m\u00e9dica da EMIR e os Bombeiros Mistos da Ribeira Brava e Ponta do Sol foram mobilizados para a ocorr\u00eancia.<\/li>\n<li>Foram iniciadas manobras de reanima\u00e7\u00e3o com suporte avan\u00e7ado de vida, mas a v\u00edtima entrou em paragem cardiorrespirat\u00f3ria.<\/li>\n<li>O \u00f3bito foi declarado no local, com as autoridades de sa\u00fade e policiais a registar a ocorr\u00eancia.<\/li>\n<\/ul>\n","protected":false},"author":2,"featured_media":169398,"comment_status":"closed","ping_status":"closed","sticky":false,"template":"","format":"standard","meta":{"footnotes":""},"categories":[4,1],"tags":[971,1935,215,3418,991,172],"class_list":["post-169370","post","type-post","status-publish","format-standard","has-post-thumbnail","hentry","category-internacional","category-noticias","tag-bombeiros","tag-emergencias","tag-investigacao","tag-policia-de-seguranca-publica","tag-ribeira-brava","tag-saude"],"yoast_head":"<!-- This site is optimized with the Yoast SEO plugin v27.2 - https:\/\/yoast.com\/product\/yoast-seo-wordpress\/ -->\n<title>Homem morre ap\u00f3s doen\u00e7a s\u00fabita na Ribeira Brava - Portal Tela Portugal<\/title>\n<meta name=\"robots\" content=\"index, follow, max-snippet:-1, max-image-preview:large, max-video-preview:-1\" \/>\n<meta property=\"og:locale\" content=\"pt_PT\" \/>\n<meta property=\"og:type\" content=\"article\" \/>\n<meta property=\"og:title\" content=\"Homem morre ap\u00f3s doen\u00e7a s\u00fabita na Ribeira Brava - Portal Tela Portugal\" \/>\n<meta property=\"og:description\" content=\"Um homem na casa dos 70 anos morreu na noite de sexta-feira no centro da vila da Ribeira Brava, ap\u00f3s doen\u00e7a s\u00fabita. A equipa m\u00e9dica da EMIR e os Bombeiros Mistos da Ribeira Brava e Ponta do Sol foram mobilizados para a ocorr\u00eancia. Foram iniciadas manobras de reanima\u00e7\u00e3o com suporte avan\u00e7ado de vida, mas a v\u00edtima entrou em paragem cardiorrespirat\u00f3ria. O \u00f3bito foi declarado no local, com as autoridades de sa\u00fade e policiais a registar a ocorr\u00eancia.\" \/>\n<meta property=\"og:url\" content=\"https:\/\/portaltela.pt\/noticias\/2026\/01\/24\/homem-morre-apos-doenca-subita-na-ribeira-brava\/\" \/>\n<meta property=\"og:site_name\" content=\"Portal Tela Portugal\" \/>\n<meta property=\"article:published_time\" content=\"2026-01-24T09:31:00+00:00\" \/>\n<meta name=\"author\" content=\"Telinha\" \/>\n<meta name=\"twitter:card\" content=\"summary_large_image\" \/>\n<meta name=\"twitter:label1\" content=\"Escrito por\" \/>\n\t<meta name=\"twitter:data1\" content=\"Telinha\" \/>\n\t<meta name=\"twitter:label2\" content=\"Tempo estimado de leitura\" \/>\n\t<meta name=\"twitter:data2\" content=\"1 minuto\" \/>\n<script type=\"application\/ld+json\" class=\"yoast-schema-graph\">{\"@context\":\"https:\/\/schema.org\",\"@graph\":[{\"@type\":\"Article\",\"@id\":\"https:\/\/portaltela.pt\/noticias\/2026\/01\/24\/homem-morre-apos-doenca-subita-na-ribeira-brava\/#article\",\"isPartOf\":{\"@id\":\"https:\/\/portaltela.pt\/noticias\/2026\/01\/24\/homem-morre-apos-doenca-subita-na-ribeira-brava\/\"},\"author\":{\"name\":\"Telinha\",\"@id\":\"https:\/\/portaltela.pt\/#\/schema\/person\/c4278d4a6028830caff9ee44b42d32ed\"},\"headline\":\"Homem morre ap\u00f3s doen\u00e7a s\u00fabita na Ribeira Brava\",\"datePublished\":\"2026-01-24T09:31:00+00:00\",\"mainEntityOfPage\":{\"@id\":\"https:\/\/portaltela.pt\/noticias\/2026\/01\/24\/homem-morre-apos-doenca-subita-na-ribeira-brava\/\"},\"wordCount\":173,\"image\":{\"@id\":\"https:\/\/portaltela.pt\/noticias\/2026\/01\/24\/homem-morre-apos-doenca-subita-na-ribeira-brava\/#primaryimage\"},\"thumbnailUrl\":\"https:\/\/portaltela.pt\/s.01k8rhncp4jt1\/2026\/01\/unnamed-file-4934.jpg\",\"keywords\":[\"bombeiros\",\"emerg\u00eancias\",\"investiga\u00e7\u00e3o\",\"Pol\u00edcia de Seguran\u00e7a P\u00fablica\",\"Ribeira Brava\",\"sa\u00fade\"],\"articleSection\":[\"Internacional\",\"Not\u00edcias\"],\"inLanguage\":\"pt-PT\"},{\"@type\":\"WebPage\",\"@id\":\"https:\/\/portaltela.pt\/noticias\/2026\/01\/24\/homem-morre-apos-doenca-subita-na-ribeira-brava\/\",\"url\":\"https:\/\/portaltela.pt\/noticias\/2026\/01\/24\/homem-morre-apos-doenca-subita-na-ribeira-brava\/\",\"name\":\"Homem morre ap\u00f3s doen\u00e7a s\u00fabita na Ribeira Brava - Portal Tela Portugal\",\"isPartOf\":{\"@id\":\"https:\/\/portaltela.pt\/#website\"},\"primaryImageOfPage\":{\"@id\":\"https:\/\/portaltela.pt\/noticias\/2026\/01\/24\/homem-morre-apos-doenca-subita-na-ribeira-brava\/#primaryimage\"},\"image\":{\"@id\":\"https:\/\/portaltela.pt\/noticias\/2026\/01\/24\/homem-morre-apos-doenca-subita-na-ribeira-brava\/#primaryimage\"},\"thumbnailUrl\":\"https:\/\/portaltela.pt\/s.01k8rhncp4jt1\/2026\/01\/unnamed-file-4934.jpg\",\"datePublished\":\"2026-01-24T09:31:00+00:00\",\"author\":{\"@id\":\"https:\/\/portaltela.pt\/#\/schema\/person\/c4278d4a6028830caff9ee44b42d32ed\"},\"breadcrumb\":{\"@id\":\"https:\/\/portaltela.pt\/noticias\/2026\/01\/24\/homem-morre-apos-doenca-subita-na-ribeira-brava\/#breadcrumb\"},\"inLanguage\":\"pt-PT\",\"potentialAction\":[{\"@type\":\"ReadAction\",\"target\":[\"https:\/\/portaltela.pt\/noticias\/2026\/01\/24\/homem-morre-apos-doenca-subita-na-ribeira-brava\/\"]}]},{\"@type\":\"ImageObject\",\"inLanguage\":\"pt-PT\",\"@id\":\"https:\/\/portaltela.pt\/noticias\/2026\/01\/24\/homem-morre-apos-doenca-subita-na-ribeira-brava\/#primaryimage\",\"url\":\"https:\/\/portaltela.pt\/s.01k8rhncp4jt1\/2026\/01\/unnamed-file-4934.jpg\",\"contentUrl\":\"https:\/\/portaltela.pt\/s.01k8rhncp4jt1\/2026\/01\/unnamed-file-4934.jpg\",\"width\":796,\"height\":448,\"caption\":\"Homem morre ap\u00f3s doen\u00e7a s\u00fabita na Ribeira Brava\"},{\"@type\":\"BreadcrumbList\",\"@id\":\"https:\/\/portaltela.pt\/noticias\/2026\/01\/24\/homem-morre-apos-doenca-subita-na-ribeira-brava\/#breadcrumb\",\"itemListElement\":[{\"@type\":\"ListItem\",\"position\":1,\"name\":\"In\u00edcio\",\"item\":\"https:\/\/portaltela.pt\/\"},{\"@type\":\"ListItem\",\"position\":2,\"name\":\"Homem morre ap\u00f3s doen\u00e7a s\u00fabita na Ribeira Brava\"}]},{\"@type\":\"WebSite\",\"@id\":\"https:\/\/portaltela.pt\/#website\",\"url\":\"https:\/\/portaltela.pt\/\",\"name\":\"Portal Tela Portugal\",\"description\":\"\",\"potentialAction\":[{\"@type\":\"SearchAction\",\"target\":{\"@type\":\"EntryPoint\",\"urlTemplate\":\"https:\/\/portaltela.pt\/?s={search_term_string}\"},\"query-input\":{\"@type\":\"PropertyValueSpecification\",\"valueRequired\":true,\"valueName\":\"search_term_string\"}}],\"inLanguage\":\"pt-PT\"},{\"@type\":\"Person\",\"@id\":\"https:\/\/portaltela.pt\/#\/schema\/person\/c4278d4a6028830caff9ee44b42d32ed\",\"name\":\"Telinha\",\"image\":{\"@type\":\"ImageObject\",\"inLanguage\":\"pt-PT\",\"@id\":\"https:\/\/portaltela.pt\/s.01k8rhncp4jt1\/2025\/11\/talking-bot-125x125.png\",\"url\":\"https:\/\/portaltela.pt\/s.01k8rhncp4jt1\/2025\/11\/talking-bot-125x125.png\",\"contentUrl\":\"https:\/\/portaltela.pt\/s.01k8rhncp4jt1\/2025\/11\/talking-bot-125x125.png\",\"caption\":\"Telinha\"},\"sameAs\":[\"https:\/\/portaltela.pt\/\"],\"url\":\"https:\/\/portaltela.pt\/por\/367410592786\/\"}]}<\/script>\n<!-- \/ Yoast SEO plugin. -->","yoast_head_json":{"title":"Homem morre ap\u00f3s doen\u00e7a s\u00fabita na Ribeira Brava - Portal Tela Portugal","robots":{"index":"index","follow":"follow","max-snippet":"max-snippet:-1","max-image-preview":"max-image-preview:large","max-video-preview":"max-video-preview:-1"},"og_locale":"pt_PT","og_type":"article","og_title":"Homem morre ap\u00f3s doen\u00e7a s\u00fabita na Ribeira Brava - Portal Tela Portugal","og_description":"Um homem na casa dos 70 anos morreu na noite de sexta-feira no centro da vila da Ribeira Brava, ap\u00f3s doen\u00e7a s\u00fabita. A equipa m\u00e9dica da EMIR e os Bombeiros Mistos da Ribeira Brava e Ponta do Sol foram mobilizados para a ocorr\u00eancia. Foram iniciadas manobras de reanima\u00e7\u00e3o com suporte avan\u00e7ado de vida, mas a v\u00edtima entrou em paragem cardiorrespirat\u00f3ria. O \u00f3bito foi declarado no local, com as autoridades de sa\u00fade e policiais a registar a ocorr\u00eancia.","og_url":"https:\/\/portaltela.pt\/noticias\/2026\/01\/24\/homem-morre-apos-doenca-subita-na-ribeira-brava\/","og_site_name":"Portal Tela Portugal","article_published_time":"2026-01-24T09:31:00+00:00","author":"Telinha","twitter_card":"summary_large_image","twitter_misc":{"Escrito por":"Telinha","Tempo estimado de leitura":"1 minuto"},"schema":{"@context":"https:\/\/schema.org","@graph":[{"@type":"Article","@id":"https:\/\/portaltela.pt\/noticias\/2026\/01\/24\/homem-morre-apos-doenca-subita-na-ribeira-brava\/#article","isPartOf":{"@id":"https:\/\/portaltela.pt\/noticias\/2026\/01\/24\/homem-morre-apos-doenca-subita-na-ribeira-brava\/"},"author":{"name":"Telinha","@id":"https:\/\/portaltela.pt\/#\/schema\/person\/c4278d4a6028830caff9ee44b42d32ed"},"headline":"Homem morre ap\u00f3s doen\u00e7a s\u00fabita na Ribeira Brava","datePublished":"2026-01-24T09:31:00+00:00","mainEntityOfPage":{"@id":"https:\/\/portaltela.pt\/noticias\/2026\/01\/24\/homem-morre-apos-doenca-subita-na-ribeira-brava\/"},"wordCount":173,"image":{"@id":"https:\/\/portaltela.pt\/noticias\/2026\/01\/24\/homem-morre-apos-doenca-subita-na-ribeira-brava\/#primaryimage"},"thumbnailUrl":"https:\/\/portaltela.pt\/s.01k8rhncp4jt1\/2026\/01\/unnamed-file-4934.jpg","keywords":["bombeiros","emerg\u00eancias","investiga\u00e7\u00e3o","Pol\u00edcia de Seguran\u00e7a P\u00fablica","Ribeira Brava","sa\u00fade"],"articleSection":["Internacional","Not\u00edcias"],"inLanguage":"pt-PT"},{"@type":"WebPage","@id":"https:\/\/portaltela.pt\/noticias\/2026\/01\/24\/homem-morre-apos-doenca-subita-na-ribeira-brava\/","url":"https:\/\/portaltela.pt\/noticias\/2026\/01\/24\/homem-morre-apos-doenca-subita-na-ribeira-brava\/","name":"Homem morre ap\u00f3s doen\u00e7a s\u00fabita na Ribeira Brava - Portal Tela Portugal","isPartOf":{"@id":"https:\/\/portaltela.pt\/#website"},"primaryImageOfPage":{"@id":"https:\/\/portaltela.pt\/noticias\/2026\/01\/24\/homem-morre-apos-doenca-subita-na-ribeira-brava\/#primaryimage"},"image":{"@id":"https:\/\/portaltela.pt\/noticias\/2026\/01\/24\/homem-morre-apos-doenca-subita-na-ribeira-brava\/#primaryimage"},"thumbnailUrl":"https:\/\/portaltela.pt\/s.01k8rhncp4jt1\/2026\/01\/unnamed-file-4934.jpg","datePublished":"2026-01-24T09:31:00+00:00","author":{"@id":"https:\/\/portaltela.pt\/#\/schema\/person\/c4278d4a6028830caff9ee44b42d32ed"},"breadcrumb":{"@id":"https:\/\/portaltela.pt\/noticias\/2026\/01\/24\/homem-morre-apos-doenca-subita-na-ribeira-brava\/#breadcrumb"},"inLanguage":"pt-PT","potentialAction":[{"@type":"ReadAction","target":["https:\/\/portaltela.pt\/noticias\/2026\/01\/24\/homem-morre-apos-doenca-subita-na-ribeira-brava\/"]}]},{"@type":"ImageObject","inLanguage":"pt-PT","@id":"https:\/\/portaltela.pt\/noticias\/2026\/01\/24\/homem-morre-apos-doenca-subita-na-ribeira-brava\/#primaryimage","url":"https:\/\/portaltela.pt\/s.01k8rhncp4jt1\/2026\/01\/unnamed-file-4934.jpg","contentUrl":"https:\/\/portaltela.pt\/s.01k8rhncp4jt1\/2026\/01\/unnamed-file-4934.jpg","width":796,"height":448,"caption":"Homem morre ap\u00f3s doen\u00e7a s\u00fabita na Ribeira Brava"},{"@type":"BreadcrumbList","@id":"https:\/\/portaltela.pt\/noticias\/2026\/01\/24\/homem-morre-apos-doenca-subita-na-ribeira-brava\/#breadcrumb","itemListElement":[{"@type":"ListItem","position":1,"name":"In\u00edcio","item":"https:\/\/portaltela.pt\/"},{"@type":"ListItem","position":2,"name":"Homem morre ap\u00f3s doen\u00e7a s\u00fabita na Ribeira Brava"}]},{"@type":"WebSite","@id":"https:\/\/portaltela.pt\/#website","url":"https:\/\/portaltela.pt\/","name":"Portal Tela Portugal","description":"","potentialAction":[{"@type":"SearchAction","target":{"@type":"EntryPoint","urlTemplate":"https:\/\/portaltela.pt\/?s={search_term_string}"},"query-input":{"@type":"PropertyValueSpecification","valueRequired":true,"valueName":"search_term_string"}}],"inLanguage":"pt-PT"},{"@type":"Person","@id":"https:\/\/portaltela.pt\/#\/schema\/person\/c4278d4a6028830caff9ee44b42d32ed","name":"Telinha","image":{"@type":"ImageObject","inLanguage":"pt-PT","@id":"https:\/\/portaltela.pt\/s.01k8rhncp4jt1\/2025\/11\/talking-bot-125x125.png","url":"https:\/\/portaltela.pt\/s.01k8rhncp4jt1\/2025\/11\/talking-bot-125x125.png","contentUrl":"https:\/\/portaltela.pt\/s.01k8rhncp4jt1\/2025\/11\/talking-bot-125x125.png","caption":"Telinha"},"sameAs":["https:\/\/portaltela.pt\/"],"url":"https:\/\/portaltela.pt\/por\/367410592786\/"}]}},"_links":{"self":[{"href":"https:\/\/portaltela.pt\/api\/wp\/v2\/posts\/169370","targetHints":{"allow":["GET"]}}],"collection":[{"href":"https:\/\/portaltela.pt\/api\/wp\/v2\/posts"}],"about":[{"href":"https:\/\/portaltela.pt\/api\/wp\/v2\/types\/post"}],"author":[{"embeddable":true,"href":"https:\/\/portaltela.pt\/api\/wp\/v2\/users\/2"}],"replies":[{"embeddable":true,"href":"https:\/\/portaltela.pt\/api\/wp\/v2\/comments?post=169370"}],"version-history":[{"count":0,"href":"https:\/\/portaltela.pt\/api\/wp\/v2\/posts\/169370\/revisions"}],"wp:featuredmedia":[{"embeddable":true,"href":"https:\/\/portaltela.pt\/api\/wp\/v2\/media\/169398"}],"wp:attachment":[{"href":"https:\/\/portaltela.pt\/api\/wp\/v2\/media?parent=169370"}],"wp:term":[{"taxonomy":"category","embeddable":true,"href":"https:\/\/portaltela.pt\/api\/wp\/v2\/categories?post=169370"},{"taxonomy":"post_tag","embeddable":true,"href":"https:\/\/portaltela.pt\/api\/wp\/v2\/tags?post=169370"}],"curies":[{"name":"wp","href":"https:\/\/api.w.org\/{rel}","templated":true}]}}