{"id":169358,"date":"2026-01-24T06:36:00","date_gmt":"2026-01-24T09:36:00","guid":{"rendered":"https:\/\/portaltela.pt\/noticias\/2026\/01\/24\/despiste-deixa-ferido-nos-canhas\/"},"modified":"2026-01-24T06:36:00","modified_gmt":"2026-01-24T09:36:00","slug":"despiste-deixa-ferido-nos-canhas","status":"publish","type":"post","link":"https:\/\/portaltela.pt\/noticias\/2026\/01\/24\/despiste-deixa-ferido-nos-canhas\/","title":{"rendered":"Despiste deixa ferido nos Canhas"},"content":{"rendered":"<p>Um despiste provocou ferimentos num homem na casa dos 30 anos, ontem \u00e0 noite, na estrada regional dos Canhas, no acesso ao Paul da Serra.<\/p>\n<p>O condutor perdeu o controlo da viatura e embateu num carro estacionado. Na sequ\u00eancia do impacto ficou inconsciente temporariamente, recuperando a consci\u00eancia antes da chegada dos meios de socorro, apresentando ferimentos na face.<\/p>\n<p>Os Bombeiros Mistos da Ribeira Brava e Ponta do Sol assistiram a v\u00edtima, que foi transportada para o servi\u00e7o de urg\u00eancia do Hospital Dr. N\u00e9lio Mendon\u00e7a.<\/p>\n","protected":false},"excerpt":{"rendered":"<ul>\n<li>Um homem na casa dos 30 anos ficou ferido ap\u00f3s despiste ontem \u00e0 noite, perto das 22:00, na estrada regional nos Canhas, acesso ao Paul da Serra.<\/li>\n<li>O condutor perdeu o controlo e embateu num carro estacionado.<\/li>\n<li>Ficou inicialmente inconsciente, recuperando a consci\u00eancia antes da chegada dos meios de socorro, com ferimentos na face.<\/li>\n<li>Os Bombeiros Mistos da Ribeira Brava e Ponta do Sol prestaram assist\u00eancia \u00e0 v\u00edtima.<\/li>\n<li>A v\u00edtima foi transportada para o servi\u00e7o de urg\u00eancia do Hospital Dr. N\u00e9lio Mendon\u00e7a.<\/li>\n<\/ul>\n","protected":false},"author":2,"featured_media":169426,"comment_status":"closed","ping_status":"closed","sticky":false,"template":"","format":"standard","meta":{"footnotes":""},"categories":[1],"tags":[2088,2335,3449,633,991,1899],"class_list":["post-169358","post","type-post","status-publish","format-standard","has-post-thumbnail","hentry","category-noticias","tag-acidente-de-viacao","tag-acidentes-rodoviarios","tag-feridos","tag-hospital","tag-ribeira-brava","tag-urgencias"],"yoast_head":"<!-- This site is optimized with the Yoast SEO plugin v27.2 - https:\/\/yoast.com\/product\/yoast-seo-wordpress\/ -->\n<title>Despiste deixa ferido nos Canhas - Portal Tela Portugal<\/title>\n<meta name=\"robots\" content=\"index, follow, max-snippet:-1, max-image-preview:large, max-video-preview:-1\" \/>\n<meta property=\"og:locale\" content=\"pt_PT\" \/>\n<meta property=\"og:type\" content=\"article\" \/>\n<meta property=\"og:title\" content=\"Despiste deixa ferido nos Canhas - Portal Tela Portugal\" \/>\n<meta property=\"og:description\" content=\"Um homem na casa dos 30 anos ficou ferido ap\u00f3s despiste ontem \u00e0 noite, perto das 22:00, na estrada regional nos Canhas, acesso ao Paul da Serra. O condutor perdeu o controlo e embateu num carro estacionado. Ficou inicialmente inconsciente, recuperando a consci\u00eancia antes da chegada dos meios de socorro, com ferimentos na face. Os Bombeiros Mistos da Ribeira Brava e Ponta do Sol prestaram assist\u00eancia \u00e0 v\u00edtima. A v\u00edtima foi transportada para o servi\u00e7o de urg\u00eancia do Hospital Dr. N\u00e9lio Mendon\u00e7a.\" \/>\n<meta property=\"og:url\" content=\"https:\/\/portaltela.pt\/noticias\/2026\/01\/24\/despiste-deixa-ferido-nos-canhas\/\" \/>\n<meta property=\"og:site_name\" content=\"Portal Tela Portugal\" \/>\n<meta property=\"article:published_time\" content=\"2026-01-24T09:36:00+00:00\" \/>\n<meta name=\"author\" content=\"Telinha\" \/>\n<meta name=\"twitter:card\" content=\"summary_large_image\" \/>\n<meta name=\"twitter:label1\" content=\"Escrito por\" \/>\n\t<meta name=\"twitter:data1\" content=\"Telinha\" \/>\n<script type=\"application\/ld+json\" class=\"yoast-schema-graph\">{\"@context\":\"https:\/\/schema.org\",\"@graph\":[{\"@type\":\"Article\",\"@id\":\"https:\/\/portaltela.pt\/noticias\/2026\/01\/24\/despiste-deixa-ferido-nos-canhas\/#article\",\"isPartOf\":{\"@id\":\"https:\/\/portaltela.pt\/noticias\/2026\/01\/24\/despiste-deixa-ferido-nos-canhas\/\"},\"author\":{\"name\":\"Telinha\",\"@id\":\"https:\/\/portaltela.pt\/#\/schema\/person\/c4278d4a6028830caff9ee44b42d32ed\"},\"headline\":\"Despiste deixa ferido nos Canhas\",\"datePublished\":\"2026-01-24T09:36:00+00:00\",\"mainEntityOfPage\":{\"@id\":\"https:\/\/portaltela.pt\/noticias\/2026\/01\/24\/despiste-deixa-ferido-nos-canhas\/\"},\"wordCount\":94,\"image\":{\"@id\":\"https:\/\/portaltela.pt\/noticias\/2026\/01\/24\/despiste-deixa-ferido-nos-canhas\/#primaryimage\"},\"thumbnailUrl\":\"https:\/\/portaltela.pt\/s.01k8rhncp4jt1\/2026\/01\/unnamed-file-4938.jpg\",\"keywords\":[\"acidente de via\u00e7\u00e3o\",\"acidentes rodovi\u00e1rios\",\"feridos\",\"hospital\",\"Ribeira Brava\",\"urg\u00eancias\"],\"articleSection\":[\"Not\u00edcias\"],\"inLanguage\":\"pt-PT\"},{\"@type\":\"WebPage\",\"@id\":\"https:\/\/portaltela.pt\/noticias\/2026\/01\/24\/despiste-deixa-ferido-nos-canhas\/\",\"url\":\"https:\/\/portaltela.pt\/noticias\/2026\/01\/24\/despiste-deixa-ferido-nos-canhas\/\",\"name\":\"Despiste deixa ferido nos Canhas - Portal Tela Portugal\",\"isPartOf\":{\"@id\":\"https:\/\/portaltela.pt\/#website\"},\"primaryImageOfPage\":{\"@id\":\"https:\/\/portaltela.pt\/noticias\/2026\/01\/24\/despiste-deixa-ferido-nos-canhas\/#primaryimage\"},\"image\":{\"@id\":\"https:\/\/portaltela.pt\/noticias\/2026\/01\/24\/despiste-deixa-ferido-nos-canhas\/#primaryimage\"},\"thumbnailUrl\":\"https:\/\/portaltela.pt\/s.01k8rhncp4jt1\/2026\/01\/unnamed-file-4938.jpg\",\"datePublished\":\"2026-01-24T09:36:00+00:00\",\"author\":{\"@id\":\"https:\/\/portaltela.pt\/#\/schema\/person\/c4278d4a6028830caff9ee44b42d32ed\"},\"breadcrumb\":{\"@id\":\"https:\/\/portaltela.pt\/noticias\/2026\/01\/24\/despiste-deixa-ferido-nos-canhas\/#breadcrumb\"},\"inLanguage\":\"pt-PT\",\"potentialAction\":[{\"@type\":\"ReadAction\",\"target\":[\"https:\/\/portaltela.pt\/noticias\/2026\/01\/24\/despiste-deixa-ferido-nos-canhas\/\"]}]},{\"@type\":\"ImageObject\",\"inLanguage\":\"pt-PT\",\"@id\":\"https:\/\/portaltela.pt\/noticias\/2026\/01\/24\/despiste-deixa-ferido-nos-canhas\/#primaryimage\",\"url\":\"https:\/\/portaltela.pt\/s.01k8rhncp4jt1\/2026\/01\/unnamed-file-4938.jpg\",\"contentUrl\":\"https:\/\/portaltela.pt\/s.01k8rhncp4jt1\/2026\/01\/unnamed-file-4938.jpg\",\"width\":796,\"height\":448,\"caption\":\"Despiste provoca ferido nos Canhas\"},{\"@type\":\"BreadcrumbList\",\"@id\":\"https:\/\/portaltela.pt\/noticias\/2026\/01\/24\/despiste-deixa-ferido-nos-canhas\/#breadcrumb\",\"itemListElement\":[{\"@type\":\"ListItem\",\"position\":1,\"name\":\"In\u00edcio\",\"item\":\"https:\/\/portaltela.pt\/\"},{\"@type\":\"ListItem\",\"position\":2,\"name\":\"Despiste deixa ferido nos Canhas\"}]},{\"@type\":\"WebSite\",\"@id\":\"https:\/\/portaltela.pt\/#website\",\"url\":\"https:\/\/portaltela.pt\/\",\"name\":\"Portal Tela Portugal\",\"description\":\"\",\"potentialAction\":[{\"@type\":\"SearchAction\",\"target\":{\"@type\":\"EntryPoint\",\"urlTemplate\":\"https:\/\/portaltela.pt\/?s={search_term_string}\"},\"query-input\":{\"@type\":\"PropertyValueSpecification\",\"valueRequired\":true,\"valueName\":\"search_term_string\"}}],\"inLanguage\":\"pt-PT\"},{\"@type\":\"Person\",\"@id\":\"https:\/\/portaltela.pt\/#\/schema\/person\/c4278d4a6028830caff9ee44b42d32ed\",\"name\":\"Telinha\",\"image\":{\"@type\":\"ImageObject\",\"inLanguage\":\"pt-PT\",\"@id\":\"https:\/\/portaltela.pt\/s.01k8rhncp4jt1\/2025\/11\/talking-bot-125x125.png\",\"url\":\"https:\/\/portaltela.pt\/s.01k8rhncp4jt1\/2025\/11\/talking-bot-125x125.png\",\"contentUrl\":\"https:\/\/portaltela.pt\/s.01k8rhncp4jt1\/2025\/11\/talking-bot-125x125.png\",\"caption\":\"Telinha\"},\"sameAs\":[\"https:\/\/portaltela.pt\/\"],\"url\":\"https:\/\/portaltela.pt\/por\/367410592786\/\"}]}<\/script>\n<!-- \/ Yoast SEO plugin. -->","yoast_head_json":{"title":"Despiste deixa ferido nos Canhas - Portal Tela Portugal","robots":{"index":"index","follow":"follow","max-snippet":"max-snippet:-1","max-image-preview":"max-image-preview:large","max-video-preview":"max-video-preview:-1"},"og_locale":"pt_PT","og_type":"article","og_title":"Despiste deixa ferido nos Canhas - Portal Tela Portugal","og_description":"Um homem na casa dos 30 anos ficou ferido ap\u00f3s despiste ontem \u00e0 noite, perto das 22:00, na estrada regional nos Canhas, acesso ao Paul da Serra. O condutor perdeu o controlo e embateu num carro estacionado. Ficou inicialmente inconsciente, recuperando a consci\u00eancia antes da chegada dos meios de socorro, com ferimentos na face. Os Bombeiros Mistos da Ribeira Brava e Ponta do Sol prestaram assist\u00eancia \u00e0 v\u00edtima. A v\u00edtima foi transportada para o servi\u00e7o de urg\u00eancia do Hospital Dr. N\u00e9lio Mendon\u00e7a.","og_url":"https:\/\/portaltela.pt\/noticias\/2026\/01\/24\/despiste-deixa-ferido-nos-canhas\/","og_site_name":"Portal Tela Portugal","article_published_time":"2026-01-24T09:36:00+00:00","author":"Telinha","twitter_card":"summary_large_image","twitter_misc":{"Escrito por":"Telinha"},"schema":{"@context":"https:\/\/schema.org","@graph":[{"@type":"Article","@id":"https:\/\/portaltela.pt\/noticias\/2026\/01\/24\/despiste-deixa-ferido-nos-canhas\/#article","isPartOf":{"@id":"https:\/\/portaltela.pt\/noticias\/2026\/01\/24\/despiste-deixa-ferido-nos-canhas\/"},"author":{"name":"Telinha","@id":"https:\/\/portaltela.pt\/#\/schema\/person\/c4278d4a6028830caff9ee44b42d32ed"},"headline":"Despiste deixa ferido nos Canhas","datePublished":"2026-01-24T09:36:00+00:00","mainEntityOfPage":{"@id":"https:\/\/portaltela.pt\/noticias\/2026\/01\/24\/despiste-deixa-ferido-nos-canhas\/"},"wordCount":94,"image":{"@id":"https:\/\/portaltela.pt\/noticias\/2026\/01\/24\/despiste-deixa-ferido-nos-canhas\/#primaryimage"},"thumbnailUrl":"https:\/\/portaltela.pt\/s.01k8rhncp4jt1\/2026\/01\/unnamed-file-4938.jpg","keywords":["acidente de via\u00e7\u00e3o","acidentes rodovi\u00e1rios","feridos","hospital","Ribeira Brava","urg\u00eancias"],"articleSection":["Not\u00edcias"],"inLanguage":"pt-PT"},{"@type":"WebPage","@id":"https:\/\/portaltela.pt\/noticias\/2026\/01\/24\/despiste-deixa-ferido-nos-canhas\/","url":"https:\/\/portaltela.pt\/noticias\/2026\/01\/24\/despiste-deixa-ferido-nos-canhas\/","name":"Despiste deixa ferido nos Canhas - Portal Tela Portugal","isPartOf":{"@id":"https:\/\/portaltela.pt\/#website"},"primaryImageOfPage":{"@id":"https:\/\/portaltela.pt\/noticias\/2026\/01\/24\/despiste-deixa-ferido-nos-canhas\/#primaryimage"},"image":{"@id":"https:\/\/portaltela.pt\/noticias\/2026\/01\/24\/despiste-deixa-ferido-nos-canhas\/#primaryimage"},"thumbnailUrl":"https:\/\/portaltela.pt\/s.01k8rhncp4jt1\/2026\/01\/unnamed-file-4938.jpg","datePublished":"2026-01-24T09:36:00+00:00","author":{"@id":"https:\/\/portaltela.pt\/#\/schema\/person\/c4278d4a6028830caff9ee44b42d32ed"},"breadcrumb":{"@id":"https:\/\/portaltela.pt\/noticias\/2026\/01\/24\/despiste-deixa-ferido-nos-canhas\/#breadcrumb"},"inLanguage":"pt-PT","potentialAction":[{"@type":"ReadAction","target":["https:\/\/portaltela.pt\/noticias\/2026\/01\/24\/despiste-deixa-ferido-nos-canhas\/"]}]},{"@type":"ImageObject","inLanguage":"pt-PT","@id":"https:\/\/portaltela.pt\/noticias\/2026\/01\/24\/despiste-deixa-ferido-nos-canhas\/#primaryimage","url":"https:\/\/portaltela.pt\/s.01k8rhncp4jt1\/2026\/01\/unnamed-file-4938.jpg","contentUrl":"https:\/\/portaltela.pt\/s.01k8rhncp4jt1\/2026\/01\/unnamed-file-4938.jpg","width":796,"height":448,"caption":"Despiste provoca ferido nos Canhas"},{"@type":"BreadcrumbList","@id":"https:\/\/portaltela.pt\/noticias\/2026\/01\/24\/despiste-deixa-ferido-nos-canhas\/#breadcrumb","itemListElement":[{"@type":"ListItem","position":1,"name":"In\u00edcio","item":"https:\/\/portaltela.pt\/"},{"@type":"ListItem","position":2,"name":"Despiste deixa ferido nos Canhas"}]},{"@type":"WebSite","@id":"https:\/\/portaltela.pt\/#website","url":"https:\/\/portaltela.pt\/","name":"Portal Tela Portugal","description":"","potentialAction":[{"@type":"SearchAction","target":{"@type":"EntryPoint","urlTemplate":"https:\/\/portaltela.pt\/?s={search_term_string}"},"query-input":{"@type":"PropertyValueSpecification","valueRequired":true,"valueName":"search_term_string"}}],"inLanguage":"pt-PT"},{"@type":"Person","@id":"https:\/\/portaltela.pt\/#\/schema\/person\/c4278d4a6028830caff9ee44b42d32ed","name":"Telinha","image":{"@type":"ImageObject","inLanguage":"pt-PT","@id":"https:\/\/portaltela.pt\/s.01k8rhncp4jt1\/2025\/11\/talking-bot-125x125.png","url":"https:\/\/portaltela.pt\/s.01k8rhncp4jt1\/2025\/11\/talking-bot-125x125.png","contentUrl":"https:\/\/portaltela.pt\/s.01k8rhncp4jt1\/2025\/11\/talking-bot-125x125.png","caption":"Telinha"},"sameAs":["https:\/\/portaltela.pt\/"],"url":"https:\/\/portaltela.pt\/por\/367410592786\/"}]}},"_links":{"self":[{"href":"https:\/\/portaltela.pt\/api\/wp\/v2\/posts\/169358","targetHints":{"allow":["GET"]}}],"collection":[{"href":"https:\/\/portaltela.pt\/api\/wp\/v2\/posts"}],"about":[{"href":"https:\/\/portaltela.pt\/api\/wp\/v2\/types\/post"}],"author":[{"embeddable":true,"href":"https:\/\/portaltela.pt\/api\/wp\/v2\/users\/2"}],"replies":[{"embeddable":true,"href":"https:\/\/portaltela.pt\/api\/wp\/v2\/comments?post=169358"}],"version-history":[{"count":0,"href":"https:\/\/portaltela.pt\/api\/wp\/v2\/posts\/169358\/revisions"}],"wp:featuredmedia":[{"embeddable":true,"href":"https:\/\/portaltela.pt\/api\/wp\/v2\/media\/169426"}],"wp:attachment":[{"href":"https:\/\/portaltela.pt\/api\/wp\/v2\/media?parent=169358"}],"wp:term":[{"taxonomy":"category","embeddable":true,"href":"https:\/\/portaltela.pt\/api\/wp\/v2\/categories?post=169358"},{"taxonomy":"post_tag","embeddable":true,"href":"https:\/\/portaltela.pt\/api\/wp\/v2\/tags?post=169358"}],"curies":[{"name":"wp","href":"https:\/\/api.w.org\/{rel}","templated":true}]}}