{"id":169275,"date":"2026-01-23T16:53:00","date_gmt":"2026-01-23T19:53:00","guid":{"rendered":"https:\/\/portaltela.pt\/noticias\/2026\/01\/23\/gomes-pede-a-fpf-contestar-pagamento-de-26-milhoes-a-seguranca-social\/"},"modified":"2026-01-23T16:53:00","modified_gmt":"2026-01-23T19:53:00","slug":"gomes-pede-a-fpf-contestar-pagamento-de-26-milhoes-a-seguranca-social","status":"publish","type":"post","link":"https:\/\/portaltela.pt\/desporto\/futebol\/2026\/01\/23\/gomes-pede-a-fpf-contestar-pagamento-de-26-milhoes-a-seguranca-social\/","title":{"rendered":"Gomes pede \u00e0 FPF contestar pagamento de 2,6 milh\u00f5es \u00e0 Seguran\u00e7a Social"},"content":{"rendered":"<p>O ex-presidente da Federa\u00e7\u00e3o Portuguesa de Futebol (FPF), Fernando Gomes, pediu \u00e0 mesma entidade que conteste seriamente o pagamento de cerca de 2,6 milh\u00f5es de euros \u00e0 Seguran\u00e7a Social. O montante est\u00e1 relacionado aos contratos com a Femacosa.<\/p>\n<p>Gomes, que dirigiu a FPF entre 2011 e 2025, solicita uma posi\u00e7\u00e3o firme da dire\u00e7\u00e3o atual face ao entendimento da Seguran\u00e7a Social sobre a d\u00edvida. A quest\u00e3o envolve a equipa t\u00e9cnica do antigo seleccionador Fernando Santos em 2021 e 2022.<\/p>\n<p>O pedido chega numa altura em que Gomes \u00e9 presidente do Comit\u00e9 Ol\u00edmpico de Portugal (COP). O ex-dirigente sustenta que o pagamento n\u00e3o corresponde \u00e0 realidade contratual entre as partes.<\/p>\n<p>A notifica\u00e7\u00e3o refere que a Seguran\u00e7a Social entende uma obriga\u00e7\u00e3o, enquanto autoridades j\u00e1 analisaram o caso e conclu\u00edram pela licitude da presta\u00e7\u00e3o de servi\u00e7os. Relatos apontam que n\u00e3o houve ilicitude na contrata\u00e7\u00e3o via sociedades comerciais.<\/p>\n<p>Gomes afirma que a presta\u00e7\u00e3o de servi\u00e7os foi j\u00e1 reconhecida como l\u00edcita, com a tributa\u00e7\u00e3o a ser feita como se o pagamento tivesse sido feito diretamente. Alega que decis\u00f5es anteriores arquivaram o inqu\u00e9rito e n\u00e3o houve reconocimiento de irregularidades.<\/p>\n<p>O comunicado da FPF tamb\u00e9m indica que o processo foi herdado da gest\u00e3o anterior. A atual dire\u00e7\u00e3o, liderada por Pedro Proen\u00e7a, promete esclarecer o caso em Assembleia Geral devido \u00e0 gravidade dos factos.<\/p>\n<p>Al\u00e9m disso, Gomes lembra que, durante o seu mandato, a FPF contava com uma empresa de auditoria indicanda pela atual presidente do Conselho Fiscal, Raquel Esperan\u00e7a Sismeiro, sem reportes de anomalias sobre o tema.<\/p>\n<p>O ex-presidente acrescenta que deixou provis\u00f5es superiores a cinco milh\u00f5es de euros para cobrir poss\u00edveis riscos. Mant\u00e9m que a credibilidade institucional deve prevalecer e que a dire\u00e7\u00e3o deve contestar para defender a FPF.<\/p>\n<p>A FPF confirmou hoje o pagamento imediato da d\u00edvida \u00e0 Seguran\u00e7a Social, relacionada com a Femacosa, do antigo seleccionador Fernando Santos. O montante ronda os 2,6 milh\u00f5es de euros, segundo a nota da dire\u00e7\u00e3o.<\/p>\n<p>A d\u00edvida, referente a contribui\u00e7\u00f5es entre dezembro de 2021 e dezembro de 2022, inclui juros de mora e coimas ainda n\u00e3o contabilizados. A FPF indicou um impacto financeiro relevante para o per\u00edodo, que previa lucro de 3,1 milh\u00f5es de euros.<\/p>\n<p>A dire\u00e7\u00e3o liderada por Proen\u00e7a explicou que, face \u00e0s possibilidades limitadas de sucesso numa contesta\u00e7\u00e3o e aos custos envolvidos, decidiu liquidar de imediato os montantes em d\u00edvida para evitar agravamentos.<\/p>\n","protected":false},"excerpt":{"rendered":"<ul>\n<li>Fernando Gomes pediu \u00e0 Federa\u00e7\u00e3o Portuguesa de Futebol que conteste o pagamento de cerca de 2,6 milh\u00f5es de euros \u00e0 Seguran\u00e7a Social, relativo aos contratos com a Femacosa (2021-2022).<\/li>\n<li>A FPF confirmou o pagamento imediato da d\u00edvida, no montante de 2.603.838 euros, acrescida de juros de mora e coimas ainda n\u00e3o contabilizados.<\/li>\n<li>A decis\u00e3o foi tomada pela dire\u00e7\u00e3o atual, liderada por Pedro Proen\u00e7a, ap\u00f3s reuni\u00e3o de emerg\u00eancia, e pode ter impacto financeiro significativo na \u00e9poca atual, que previa um resultado positivo de 3,1 milh\u00f5es.<\/li>\n<li>Gomes sustenta que a contrata\u00e7\u00e3o foi l\u00edcita na pr\u00e1tica e que as autoridades j\u00e1 consideraram a presta\u00e7\u00e3o de servi\u00e7os sem ilicitude, defendendo que a tributa\u00e7\u00e3o deveria ser feita de outra forma.<\/li>\n<li>A FPF diz que o processo foi herdado da administra\u00e7\u00e3o anterior e prepara uma Assembleia Geral para divulgar o tema, lembrando provis\u00f5es superiores a cinco milh\u00f5es de euros \u00e0 disposi\u00e7\u00e3o.<\/li>\n<\/ul>\n","protected":false},"author":2,"featured_media":169301,"comment_status":"closed","ping_status":"closed","sticky":false,"template":"","format":"standard","meta":{"footnotes":""},"categories":[21,24],"tags":[168,551,2705,32,215,243],"class_list":["post-169275","post","type-post","status-publish","format-standard","has-post-thumbnail","hentry","category-desporto","category-futebol","tag-administracao-publica","tag-conselho-fiscal","tag-federacao-portuguesa-de-futebol","tag-futebol","tag-investigacao","tag-seguranca-social"],"yoast_head":"<!-- This site is optimized with the Yoast SEO plugin v27.2 - https:\/\/yoast.com\/product\/yoast-seo-wordpress\/ -->\n<title>Gomes pede \u00e0 FPF contestar pagamento de 2,6 milh\u00f5es \u00e0 Seguran\u00e7a Social - Portal Tela Portugal<\/title>\n<meta name=\"robots\" content=\"index, follow, max-snippet:-1, max-image-preview:large, max-video-preview:-1\" \/>\n<meta property=\"og:locale\" content=\"pt_PT\" \/>\n<meta property=\"og:type\" content=\"article\" \/>\n<meta property=\"og:title\" content=\"Gomes pede \u00e0 FPF contestar pagamento de 2,6 milh\u00f5es \u00e0 Seguran\u00e7a Social - Portal Tela Portugal\" \/>\n<meta property=\"og:description\" content=\"Fernando Gomes pediu \u00e0 Federa\u00e7\u00e3o Portuguesa de Futebol que conteste o pagamento de cerca de 2,6 milh\u00f5es de euros \u00e0 Seguran\u00e7a Social, relativo aos contratos com a Femacosa (2021-2022). A FPF confirmou o pagamento imediato da d\u00edvida, no montante de 2.603.838 euros, acrescida de juros de mora e coimas ainda n\u00e3o contabilizados. A decis\u00e3o foi tomada pela dire\u00e7\u00e3o atual, liderada por Pedro Proen\u00e7a, ap\u00f3s reuni\u00e3o de emerg\u00eancia, e pode ter impacto financeiro significativo na \u00e9poca atual, que previa um resultado positivo de 3,1 milh\u00f5es. Gomes sustenta que a contrata\u00e7\u00e3o foi l\u00edcita na pr\u00e1tica e que as autoridades j\u00e1 consideraram a presta\u00e7\u00e3o de servi\u00e7os sem ilicitude, defendendo que a tributa\u00e7\u00e3o deveria ser feita de outra forma. A FPF diz que o processo foi herdado da administra\u00e7\u00e3o anterior e prepara uma Assembleia Geral para divulgar o tema, lembrando provis\u00f5es superiores a cinco milh\u00f5es de euros \u00e0 disposi\u00e7\u00e3o.\" \/>\n<meta property=\"og:url\" content=\"https:\/\/portaltela.pt\/noticias\/2026\/01\/23\/gomes-pede-a-fpf-contestar-pagamento-de-26-milhoes-a-seguranca-social\/\" \/>\n<meta property=\"og:site_name\" content=\"Portal Tela Portugal\" \/>\n<meta property=\"article:published_time\" content=\"2026-01-23T19:53:00+00:00\" \/>\n<meta name=\"author\" content=\"Telinha\" \/>\n<meta name=\"twitter:card\" content=\"summary_large_image\" \/>\n<meta name=\"twitter:label1\" content=\"Escrito por\" \/>\n\t<meta name=\"twitter:data1\" content=\"Telinha\" \/>\n\t<meta name=\"twitter:label2\" content=\"Tempo estimado de leitura\" \/>\n\t<meta name=\"twitter:data2\" content=\"2 minutos\" \/>\n<script type=\"application\/ld+json\" class=\"yoast-schema-graph\">{\"@context\":\"https:\/\/schema.org\",\"@graph\":[{\"@type\":\"Article\",\"@id\":\"https:\/\/portaltela.pt\/noticias\/2026\/01\/23\/gomes-pede-a-fpf-contestar-pagamento-de-26-milhoes-a-seguranca-social\/#article\",\"isPartOf\":{\"@id\":\"https:\/\/portaltela.pt\/noticias\/2026\/01\/23\/gomes-pede-a-fpf-contestar-pagamento-de-26-milhoes-a-seguranca-social\/\"},\"author\":{\"name\":\"Telinha\",\"@id\":\"https:\/\/portaltela.pt\/#\/schema\/person\/c4278d4a6028830caff9ee44b42d32ed\"},\"headline\":\"Gomes pede \u00e0 FPF contestar pagamento de 2,6 milh\u00f5es \u00e0 Seguran\u00e7a Social\",\"datePublished\":\"2026-01-23T19:53:00+00:00\",\"mainEntityOfPage\":{\"@id\":\"https:\/\/portaltela.pt\/noticias\/2026\/01\/23\/gomes-pede-a-fpf-contestar-pagamento-de-26-milhoes-a-seguranca-social\/\"},\"wordCount\":432,\"image\":{\"@id\":\"https:\/\/portaltela.pt\/noticias\/2026\/01\/23\/gomes-pede-a-fpf-contestar-pagamento-de-26-milhoes-a-seguranca-social\/#primaryimage\"},\"thumbnailUrl\":\"https:\/\/portaltela.pt\/s.01k8rhncp4jt1\/2026\/01\/img_920x518uu2026-01-01-12-19-35-2412167-6.jpg\",\"keywords\":[\"administra\u00e7\u00e3o p\u00fablica\",\"Conselho Fiscal\",\"Federa\u00e7\u00e3o Portuguesa de Futebol\",\"futebol\",\"investiga\u00e7\u00e3o\",\"seguran\u00e7a social\"],\"articleSection\":[\"Desporto\",\"Futebol\"],\"inLanguage\":\"pt-PT\"},{\"@type\":\"WebPage\",\"@id\":\"https:\/\/portaltela.pt\/noticias\/2026\/01\/23\/gomes-pede-a-fpf-contestar-pagamento-de-26-milhoes-a-seguranca-social\/\",\"url\":\"https:\/\/portaltela.pt\/noticias\/2026\/01\/23\/gomes-pede-a-fpf-contestar-pagamento-de-26-milhoes-a-seguranca-social\/\",\"name\":\"Gomes pede \u00e0 FPF contestar pagamento de 2,6 milh\u00f5es \u00e0 Seguran\u00e7a Social - Portal Tela Portugal\",\"isPartOf\":{\"@id\":\"https:\/\/portaltela.pt\/#website\"},\"primaryImageOfPage\":{\"@id\":\"https:\/\/portaltela.pt\/noticias\/2026\/01\/23\/gomes-pede-a-fpf-contestar-pagamento-de-26-milhoes-a-seguranca-social\/#primaryimage\"},\"image\":{\"@id\":\"https:\/\/portaltela.pt\/noticias\/2026\/01\/23\/gomes-pede-a-fpf-contestar-pagamento-de-26-milhoes-a-seguranca-social\/#primaryimage\"},\"thumbnailUrl\":\"https:\/\/portaltela.pt\/s.01k8rhncp4jt1\/2026\/01\/img_920x518uu2026-01-01-12-19-35-2412167-6.jpg\",\"datePublished\":\"2026-01-23T19:53:00+00:00\",\"author\":{\"@id\":\"https:\/\/portaltela.pt\/#\/schema\/person\/c4278d4a6028830caff9ee44b42d32ed\"},\"breadcrumb\":{\"@id\":\"https:\/\/portaltela.pt\/noticias\/2026\/01\/23\/gomes-pede-a-fpf-contestar-pagamento-de-26-milhoes-a-seguranca-social\/#breadcrumb\"},\"inLanguage\":\"pt-PT\",\"potentialAction\":[{\"@type\":\"ReadAction\",\"target\":[\"https:\/\/portaltela.pt\/noticias\/2026\/01\/23\/gomes-pede-a-fpf-contestar-pagamento-de-26-milhoes-a-seguranca-social\/\"]}]},{\"@type\":\"ImageObject\",\"inLanguage\":\"pt-PT\",\"@id\":\"https:\/\/portaltela.pt\/noticias\/2026\/01\/23\/gomes-pede-a-fpf-contestar-pagamento-de-26-milhoes-a-seguranca-social\/#primaryimage\",\"url\":\"https:\/\/portaltela.pt\/s.01k8rhncp4jt1\/2026\/01\/img_920x518uu2026-01-01-12-19-35-2412167-6.jpg\",\"contentUrl\":\"https:\/\/portaltela.pt\/s.01k8rhncp4jt1\/2026\/01\/img_920x518uu2026-01-01-12-19-35-2412167-6.jpg\",\"width\":796,\"height\":448,\"caption\":\"Fernando Gomes\"},{\"@type\":\"BreadcrumbList\",\"@id\":\"https:\/\/portaltela.pt\/noticias\/2026\/01\/23\/gomes-pede-a-fpf-contestar-pagamento-de-26-milhoes-a-seguranca-social\/#breadcrumb\",\"itemListElement\":[{\"@type\":\"ListItem\",\"position\":1,\"name\":\"In\u00edcio\",\"item\":\"https:\/\/portaltela.pt\/\"},{\"@type\":\"ListItem\",\"position\":2,\"name\":\"Gomes pede \u00e0 FPF contestar pagamento de 2,6 milh\u00f5es \u00e0 Seguran\u00e7a Social\"}]},{\"@type\":\"WebSite\",\"@id\":\"https:\/\/portaltela.pt\/#website\",\"url\":\"https:\/\/portaltela.pt\/\",\"name\":\"Portal Tela Portugal\",\"description\":\"\",\"potentialAction\":[{\"@type\":\"SearchAction\",\"target\":{\"@type\":\"EntryPoint\",\"urlTemplate\":\"https:\/\/portaltela.pt\/?s={search_term_string}\"},\"query-input\":{\"@type\":\"PropertyValueSpecification\",\"valueRequired\":true,\"valueName\":\"search_term_string\"}}],\"inLanguage\":\"pt-PT\"},{\"@type\":\"Person\",\"@id\":\"https:\/\/portaltela.pt\/#\/schema\/person\/c4278d4a6028830caff9ee44b42d32ed\",\"name\":\"Telinha\",\"image\":{\"@type\":\"ImageObject\",\"inLanguage\":\"pt-PT\",\"@id\":\"https:\/\/portaltela.pt\/s.01k8rhncp4jt1\/2025\/11\/talking-bot-125x125.png\",\"url\":\"https:\/\/portaltela.pt\/s.01k8rhncp4jt1\/2025\/11\/talking-bot-125x125.png\",\"contentUrl\":\"https:\/\/portaltela.pt\/s.01k8rhncp4jt1\/2025\/11\/talking-bot-125x125.png\",\"caption\":\"Telinha\"},\"sameAs\":[\"https:\/\/portaltela.pt\/\"],\"url\":\"https:\/\/portaltela.pt\/por\/367410592786\/\"}]}<\/script>\n<!-- \/ Yoast SEO plugin. -->","yoast_head_json":{"title":"Gomes pede \u00e0 FPF contestar pagamento de 2,6 milh\u00f5es \u00e0 Seguran\u00e7a Social - Portal Tela Portugal","robots":{"index":"index","follow":"follow","max-snippet":"max-snippet:-1","max-image-preview":"max-image-preview:large","max-video-preview":"max-video-preview:-1"},"og_locale":"pt_PT","og_type":"article","og_title":"Gomes pede \u00e0 FPF contestar pagamento de 2,6 milh\u00f5es \u00e0 Seguran\u00e7a Social - Portal Tela Portugal","og_description":"Fernando Gomes pediu \u00e0 Federa\u00e7\u00e3o Portuguesa de Futebol que conteste o pagamento de cerca de 2,6 milh\u00f5es de euros \u00e0 Seguran\u00e7a Social, relativo aos contratos com a Femacosa (2021-2022). A FPF confirmou o pagamento imediato da d\u00edvida, no montante de 2.603.838 euros, acrescida de juros de mora e coimas ainda n\u00e3o contabilizados. A decis\u00e3o foi tomada pela dire\u00e7\u00e3o atual, liderada por Pedro Proen\u00e7a, ap\u00f3s reuni\u00e3o de emerg\u00eancia, e pode ter impacto financeiro significativo na \u00e9poca atual, que previa um resultado positivo de 3,1 milh\u00f5es. Gomes sustenta que a contrata\u00e7\u00e3o foi l\u00edcita na pr\u00e1tica e que as autoridades j\u00e1 consideraram a presta\u00e7\u00e3o de servi\u00e7os sem ilicitude, defendendo que a tributa\u00e7\u00e3o deveria ser feita de outra forma. A FPF diz que o processo foi herdado da administra\u00e7\u00e3o anterior e prepara uma Assembleia Geral para divulgar o tema, lembrando provis\u00f5es superiores a cinco milh\u00f5es de euros \u00e0 disposi\u00e7\u00e3o.","og_url":"https:\/\/portaltela.pt\/noticias\/2026\/01\/23\/gomes-pede-a-fpf-contestar-pagamento-de-26-milhoes-a-seguranca-social\/","og_site_name":"Portal Tela Portugal","article_published_time":"2026-01-23T19:53:00+00:00","author":"Telinha","twitter_card":"summary_large_image","twitter_misc":{"Escrito por":"Telinha","Tempo estimado de leitura":"2 minutos"},"schema":{"@context":"https:\/\/schema.org","@graph":[{"@type":"Article","@id":"https:\/\/portaltela.pt\/noticias\/2026\/01\/23\/gomes-pede-a-fpf-contestar-pagamento-de-26-milhoes-a-seguranca-social\/#article","isPartOf":{"@id":"https:\/\/portaltela.pt\/noticias\/2026\/01\/23\/gomes-pede-a-fpf-contestar-pagamento-de-26-milhoes-a-seguranca-social\/"},"author":{"name":"Telinha","@id":"https:\/\/portaltela.pt\/#\/schema\/person\/c4278d4a6028830caff9ee44b42d32ed"},"headline":"Gomes pede \u00e0 FPF contestar pagamento de 2,6 milh\u00f5es \u00e0 Seguran\u00e7a Social","datePublished":"2026-01-23T19:53:00+00:00","mainEntityOfPage":{"@id":"https:\/\/portaltela.pt\/noticias\/2026\/01\/23\/gomes-pede-a-fpf-contestar-pagamento-de-26-milhoes-a-seguranca-social\/"},"wordCount":432,"image":{"@id":"https:\/\/portaltela.pt\/noticias\/2026\/01\/23\/gomes-pede-a-fpf-contestar-pagamento-de-26-milhoes-a-seguranca-social\/#primaryimage"},"thumbnailUrl":"https:\/\/portaltela.pt\/s.01k8rhncp4jt1\/2026\/01\/img_920x518uu2026-01-01-12-19-35-2412167-6.jpg","keywords":["administra\u00e7\u00e3o p\u00fablica","Conselho Fiscal","Federa\u00e7\u00e3o Portuguesa de Futebol","futebol","investiga\u00e7\u00e3o","seguran\u00e7a social"],"articleSection":["Desporto","Futebol"],"inLanguage":"pt-PT"},{"@type":"WebPage","@id":"https:\/\/portaltela.pt\/noticias\/2026\/01\/23\/gomes-pede-a-fpf-contestar-pagamento-de-26-milhoes-a-seguranca-social\/","url":"https:\/\/portaltela.pt\/noticias\/2026\/01\/23\/gomes-pede-a-fpf-contestar-pagamento-de-26-milhoes-a-seguranca-social\/","name":"Gomes pede \u00e0 FPF contestar pagamento de 2,6 milh\u00f5es \u00e0 Seguran\u00e7a Social - Portal Tela Portugal","isPartOf":{"@id":"https:\/\/portaltela.pt\/#website"},"primaryImageOfPage":{"@id":"https:\/\/portaltela.pt\/noticias\/2026\/01\/23\/gomes-pede-a-fpf-contestar-pagamento-de-26-milhoes-a-seguranca-social\/#primaryimage"},"image":{"@id":"https:\/\/portaltela.pt\/noticias\/2026\/01\/23\/gomes-pede-a-fpf-contestar-pagamento-de-26-milhoes-a-seguranca-social\/#primaryimage"},"thumbnailUrl":"https:\/\/portaltela.pt\/s.01k8rhncp4jt1\/2026\/01\/img_920x518uu2026-01-01-12-19-35-2412167-6.jpg","datePublished":"2026-01-23T19:53:00+00:00","author":{"@id":"https:\/\/portaltela.pt\/#\/schema\/person\/c4278d4a6028830caff9ee44b42d32ed"},"breadcrumb":{"@id":"https:\/\/portaltela.pt\/noticias\/2026\/01\/23\/gomes-pede-a-fpf-contestar-pagamento-de-26-milhoes-a-seguranca-social\/#breadcrumb"},"inLanguage":"pt-PT","potentialAction":[{"@type":"ReadAction","target":["https:\/\/portaltela.pt\/noticias\/2026\/01\/23\/gomes-pede-a-fpf-contestar-pagamento-de-26-milhoes-a-seguranca-social\/"]}]},{"@type":"ImageObject","inLanguage":"pt-PT","@id":"https:\/\/portaltela.pt\/noticias\/2026\/01\/23\/gomes-pede-a-fpf-contestar-pagamento-de-26-milhoes-a-seguranca-social\/#primaryimage","url":"https:\/\/portaltela.pt\/s.01k8rhncp4jt1\/2026\/01\/img_920x518uu2026-01-01-12-19-35-2412167-6.jpg","contentUrl":"https:\/\/portaltela.pt\/s.01k8rhncp4jt1\/2026\/01\/img_920x518uu2026-01-01-12-19-35-2412167-6.jpg","width":796,"height":448,"caption":"Fernando Gomes"},{"@type":"BreadcrumbList","@id":"https:\/\/portaltela.pt\/noticias\/2026\/01\/23\/gomes-pede-a-fpf-contestar-pagamento-de-26-milhoes-a-seguranca-social\/#breadcrumb","itemListElement":[{"@type":"ListItem","position":1,"name":"In\u00edcio","item":"https:\/\/portaltela.pt\/"},{"@type":"ListItem","position":2,"name":"Gomes pede \u00e0 FPF contestar pagamento de 2,6 milh\u00f5es \u00e0 Seguran\u00e7a Social"}]},{"@type":"WebSite","@id":"https:\/\/portaltela.pt\/#website","url":"https:\/\/portaltela.pt\/","name":"Portal Tela Portugal","description":"","potentialAction":[{"@type":"SearchAction","target":{"@type":"EntryPoint","urlTemplate":"https:\/\/portaltela.pt\/?s={search_term_string}"},"query-input":{"@type":"PropertyValueSpecification","valueRequired":true,"valueName":"search_term_string"}}],"inLanguage":"pt-PT"},{"@type":"Person","@id":"https:\/\/portaltela.pt\/#\/schema\/person\/c4278d4a6028830caff9ee44b42d32ed","name":"Telinha","image":{"@type":"ImageObject","inLanguage":"pt-PT","@id":"https:\/\/portaltela.pt\/s.01k8rhncp4jt1\/2025\/11\/talking-bot-125x125.png","url":"https:\/\/portaltela.pt\/s.01k8rhncp4jt1\/2025\/11\/talking-bot-125x125.png","contentUrl":"https:\/\/portaltela.pt\/s.01k8rhncp4jt1\/2025\/11\/talking-bot-125x125.png","caption":"Telinha"},"sameAs":["https:\/\/portaltela.pt\/"],"url":"https:\/\/portaltela.pt\/por\/367410592786\/"}]}},"_links":{"self":[{"href":"https:\/\/portaltela.pt\/api\/wp\/v2\/posts\/169275","targetHints":{"allow":["GET"]}}],"collection":[{"href":"https:\/\/portaltela.pt\/api\/wp\/v2\/posts"}],"about":[{"href":"https:\/\/portaltela.pt\/api\/wp\/v2\/types\/post"}],"author":[{"embeddable":true,"href":"https:\/\/portaltela.pt\/api\/wp\/v2\/users\/2"}],"replies":[{"embeddable":true,"href":"https:\/\/portaltela.pt\/api\/wp\/v2\/comments?post=169275"}],"version-history":[{"count":0,"href":"https:\/\/portaltela.pt\/api\/wp\/v2\/posts\/169275\/revisions"}],"wp:featuredmedia":[{"embeddable":true,"href":"https:\/\/portaltela.pt\/api\/wp\/v2\/media\/169301"}],"wp:attachment":[{"href":"https:\/\/portaltela.pt\/api\/wp\/v2\/media?parent=169275"}],"wp:term":[{"taxonomy":"category","embeddable":true,"href":"https:\/\/portaltela.pt\/api\/wp\/v2\/categories?post=169275"},{"taxonomy":"post_tag","embeddable":true,"href":"https:\/\/portaltela.pt\/api\/wp\/v2\/tags?post=169275"}],"curies":[{"name":"wp","href":"https:\/\/api.w.org\/{rel}","templated":true}]}}