{"id":169196,"date":"2026-01-24T05:31:00","date_gmt":"2026-01-24T08:31:00","guid":{"rendered":"https:\/\/portaltela.pt\/noticias\/2026\/01\/24\/ana-e-suzi-reaprenderam-a-falar-e-querem-ajudar-outros\/"},"modified":"2026-01-24T05:31:00","modified_gmt":"2026-01-24T08:31:00","slug":"ana-e-suzi-reaprenderam-a-falar-e-querem-ajudar-outros","status":"publish","type":"post","link":"https:\/\/portaltela.pt\/noticias\/2026\/01\/24\/ana-e-suzi-reaprenderam-a-falar-e-querem-ajudar-outros\/","title":{"rendered":"Ana e Suzi reaprenderam a falar e querem ajudar outros"},"content":{"rendered":"<p>Pouco depois de nascer, em Cascais, surge uma associa\u00e7\u00e3o dedicada a apoiar pessoas com afasia, uma perturba\u00e7\u00e3o adquirida da comunica\u00e7\u00e3o. O CAPA \u2013 Centro de Apoio \u00e0 Pessoa com Afasia, fica em Alcabideche. A resposta p\u00fablica tem sido reduzida, enquanto a privada, por vezes, se revela cara.<\/p>\n<p>A iniciativa envolve pessoas afetadas pela condi\u00e7\u00e3o e familiares que pretendem contribuir para a reabilita\u00e7\u00e3o e inclus\u00e3o. O objetivo \u00e9 proporcionar apoio, informa\u00e7\u00e3o e oportunidades de interven\u00e7\u00e3o para quem vivencia a afasia.<\/p>\n<p>No evento de inaugura\u00e7\u00e3o, Suzi Rodrigues preparou brigadeiros de coco e de chocolate, s\u00edmbolo de supera\u00e7\u00e3o para a fundadora. A a\u00e7\u00e3o ilustra o esp\u00edrito de partilha que marca o CAPA, ainda sem financiamento p\u00fablico est\u00e1vel.<\/p>\n<h3>Sobre o CAPA e os objetivos<\/h3>\n<p>O CAPA surge para preencher uma lacuna no apoio a quem tem afasia, em particular no concelho de Cascais. A associa\u00e7\u00e3o pretende facilitar o acesso a terapias, informa\u00e7\u00f5es \u00fateis e redes de suporte entre familiares, profissionais e utentes.<\/p>\n<p>A iniciativa pretende tamb\u00e9m sensibilizar a comunidade para a afasia, promovendo a inclus\u00e3o social e a participa\u00e7\u00e3o em atividades do dia a dia. O grupo j\u00e1 trabalha para obter financiamento est\u00e1vel e parcerias que assegurem a continuidade dos servi\u00e7os.<\/p>\n","protected":false},"excerpt":{"rendered":"<ul>\n<li>Ana e Suzi tiveram de reaprender a falar, ap\u00f3s uma perturba\u00e7\u00e3o da comunica\u00e7\u00e3o adquirida.<\/li>\n<li>Foi criada em Cascais a associa\u00e7\u00e3o CAPA \u2013 Centro de Apoio \u00e0 Pessoa com Afasia, para apoiar pessoas com afasia.<\/li>\n<li>O CAPA fica em Alcabideche, Cascais, visando dar apoio \u00e0s pessoas com afasia adquirida.<\/li>\n<li>A resposta p\u00fablica aos servi\u00e7os dispon\u00edveis tem sido escassa e a resposta privada empresarial \u00e9 cara.<\/li>\n<li>Na inaugura\u00e7\u00e3o, Suzi Rodrigues preparou brigadeiros de coco e de chocolate, s\u00edmbolo de supera\u00e7\u00e3o para ela.<\/li>\n<\/ul>\n","protected":false},"author":2,"featured_media":169202,"comment_status":"closed","ping_status":"closed","sticky":false,"template":"","format":"standard","meta":{"footnotes":""},"categories":[1],"tags":[2172,1111,3035,4074,172,3590],"class_list":["post-169196","post","type-post","status-publish","format-standard","has-post-thumbnail","hentry","category-noticias","tag-assistencia-social","tag-cascais","tag-comunidade","tag-inclusao-social","tag-saude","tag-terapia-da-fala"],"yoast_head":"<!-- This site is optimized with the Yoast SEO plugin v27.2 - https:\/\/yoast.com\/product\/yoast-seo-wordpress\/ -->\n<title>Ana e Suzi reaprenderam a falar e querem ajudar outros - Portal Tela Portugal<\/title>\n<meta name=\"robots\" content=\"index, follow, max-snippet:-1, max-image-preview:large, max-video-preview:-1\" \/>\n<meta property=\"og:locale\" content=\"pt_PT\" \/>\n<meta property=\"og:type\" content=\"article\" \/>\n<meta property=\"og:title\" content=\"Ana e Suzi reaprenderam a falar e querem ajudar outros - Portal Tela Portugal\" \/>\n<meta property=\"og:description\" content=\"Ana e Suzi tiveram de reaprender a falar, ap\u00f3s uma perturba\u00e7\u00e3o da comunica\u00e7\u00e3o adquirida. Foi criada em Cascais a associa\u00e7\u00e3o CAPA \u2013 Centro de Apoio \u00e0 Pessoa com Afasia, para apoiar pessoas com afasia. O CAPA fica em Alcabideche, Cascais, visando dar apoio \u00e0s pessoas com afasia adquirida. A resposta p\u00fablica aos servi\u00e7os dispon\u00edveis tem sido escassa e a resposta privada empresarial \u00e9 cara. Na inaugura\u00e7\u00e3o, Suzi Rodrigues preparou brigadeiros de coco e de chocolate, s\u00edmbolo de supera\u00e7\u00e3o para ela.\" \/>\n<meta property=\"og:url\" content=\"https:\/\/portaltela.pt\/noticias\/2026\/01\/24\/ana-e-suzi-reaprenderam-a-falar-e-querem-ajudar-outros\/\" \/>\n<meta property=\"og:site_name\" content=\"Portal Tela Portugal\" \/>\n<meta property=\"article:published_time\" content=\"2026-01-24T08:31:00+00:00\" \/>\n<meta name=\"author\" content=\"Telinha\" \/>\n<meta name=\"twitter:card\" content=\"summary_large_image\" \/>\n<meta name=\"twitter:label1\" content=\"Escrito por\" \/>\n\t<meta name=\"twitter:data1\" content=\"Telinha\" \/>\n\t<meta name=\"twitter:label2\" content=\"Tempo estimado de leitura\" \/>\n\t<meta name=\"twitter:data2\" content=\"1 minuto\" \/>\n<script type=\"application\/ld+json\" class=\"yoast-schema-graph\">{\"@context\":\"https:\/\/schema.org\",\"@graph\":[{\"@type\":\"Article\",\"@id\":\"https:\/\/portaltela.pt\/noticias\/2026\/01\/24\/ana-e-suzi-reaprenderam-a-falar-e-querem-ajudar-outros\/#article\",\"isPartOf\":{\"@id\":\"https:\/\/portaltela.pt\/noticias\/2026\/01\/24\/ana-e-suzi-reaprenderam-a-falar-e-querem-ajudar-outros\/\"},\"author\":{\"name\":\"Telinha\",\"@id\":\"https:\/\/portaltela.pt\/#\/schema\/person\/c4278d4a6028830caff9ee44b42d32ed\"},\"headline\":\"Ana e Suzi reaprenderam a falar e querem ajudar outros\",\"datePublished\":\"2026-01-24T08:31:00+00:00\",\"mainEntityOfPage\":{\"@id\":\"https:\/\/portaltela.pt\/noticias\/2026\/01\/24\/ana-e-suzi-reaprenderam-a-falar-e-querem-ajudar-outros\/\"},\"wordCount\":227,\"image\":{\"@id\":\"https:\/\/portaltela.pt\/noticias\/2026\/01\/24\/ana-e-suzi-reaprenderam-a-falar-e-querem-ajudar-outros\/#primaryimage\"},\"thumbnailUrl\":\"https:\/\/portaltela.pt\/s.01k8rhncp4jt1\/2026\/01\/2061431.jpg\",\"keywords\":[\"assist\u00eancia social\",\"Cascais\",\"comunidade\",\"inclus\u00e3o social\",\"sa\u00fade\",\"Terapia da Fala\"],\"articleSection\":[\"Not\u00edcias\"],\"inLanguage\":\"pt-PT\"},{\"@type\":\"WebPage\",\"@id\":\"https:\/\/portaltela.pt\/noticias\/2026\/01\/24\/ana-e-suzi-reaprenderam-a-falar-e-querem-ajudar-outros\/\",\"url\":\"https:\/\/portaltela.pt\/noticias\/2026\/01\/24\/ana-e-suzi-reaprenderam-a-falar-e-querem-ajudar-outros\/\",\"name\":\"Ana e Suzi reaprenderam a falar e querem ajudar outros - Portal Tela Portugal\",\"isPartOf\":{\"@id\":\"https:\/\/portaltela.pt\/#website\"},\"primaryImageOfPage\":{\"@id\":\"https:\/\/portaltela.pt\/noticias\/2026\/01\/24\/ana-e-suzi-reaprenderam-a-falar-e-querem-ajudar-outros\/#primaryimage\"},\"image\":{\"@id\":\"https:\/\/portaltela.pt\/noticias\/2026\/01\/24\/ana-e-suzi-reaprenderam-a-falar-e-querem-ajudar-outros\/#primaryimage\"},\"thumbnailUrl\":\"https:\/\/portaltela.pt\/s.01k8rhncp4jt1\/2026\/01\/2061431.jpg\",\"datePublished\":\"2026-01-24T08:31:00+00:00\",\"author\":{\"@id\":\"https:\/\/portaltela.pt\/#\/schema\/person\/c4278d4a6028830caff9ee44b42d32ed\"},\"breadcrumb\":{\"@id\":\"https:\/\/portaltela.pt\/noticias\/2026\/01\/24\/ana-e-suzi-reaprenderam-a-falar-e-querem-ajudar-outros\/#breadcrumb\"},\"inLanguage\":\"pt-PT\",\"potentialAction\":[{\"@type\":\"ReadAction\",\"target\":[\"https:\/\/portaltela.pt\/noticias\/2026\/01\/24\/ana-e-suzi-reaprenderam-a-falar-e-querem-ajudar-outros\/\"]}]},{\"@type\":\"ImageObject\",\"inLanguage\":\"pt-PT\",\"@id\":\"https:\/\/portaltela.pt\/noticias\/2026\/01\/24\/ana-e-suzi-reaprenderam-a-falar-e-querem-ajudar-outros\/#primaryimage\",\"url\":\"https:\/\/portaltela.pt\/s.01k8rhncp4jt1\/2026\/01\/2061431.jpg\",\"contentUrl\":\"https:\/\/portaltela.pt\/s.01k8rhncp4jt1\/2026\/01\/2061431.jpg\",\"width\":796,\"height\":448,\"caption\":\"Ana Cerqueira e Suzi Rodrigues\"},{\"@type\":\"BreadcrumbList\",\"@id\":\"https:\/\/portaltela.pt\/noticias\/2026\/01\/24\/ana-e-suzi-reaprenderam-a-falar-e-querem-ajudar-outros\/#breadcrumb\",\"itemListElement\":[{\"@type\":\"ListItem\",\"position\":1,\"name\":\"In\u00edcio\",\"item\":\"https:\/\/portaltela.pt\/\"},{\"@type\":\"ListItem\",\"position\":2,\"name\":\"Ana e Suzi reaprenderam a falar e querem ajudar outros\"}]},{\"@type\":\"WebSite\",\"@id\":\"https:\/\/portaltela.pt\/#website\",\"url\":\"https:\/\/portaltela.pt\/\",\"name\":\"Portal Tela Portugal\",\"description\":\"\",\"potentialAction\":[{\"@type\":\"SearchAction\",\"target\":{\"@type\":\"EntryPoint\",\"urlTemplate\":\"https:\/\/portaltela.pt\/?s={search_term_string}\"},\"query-input\":{\"@type\":\"PropertyValueSpecification\",\"valueRequired\":true,\"valueName\":\"search_term_string\"}}],\"inLanguage\":\"pt-PT\"},{\"@type\":\"Person\",\"@id\":\"https:\/\/portaltela.pt\/#\/schema\/person\/c4278d4a6028830caff9ee44b42d32ed\",\"name\":\"Telinha\",\"image\":{\"@type\":\"ImageObject\",\"inLanguage\":\"pt-PT\",\"@id\":\"https:\/\/portaltela.pt\/s.01k8rhncp4jt1\/2025\/11\/talking-bot-125x125.png\",\"url\":\"https:\/\/portaltela.pt\/s.01k8rhncp4jt1\/2025\/11\/talking-bot-125x125.png\",\"contentUrl\":\"https:\/\/portaltela.pt\/s.01k8rhncp4jt1\/2025\/11\/talking-bot-125x125.png\",\"caption\":\"Telinha\"},\"sameAs\":[\"https:\/\/portaltela.pt\/\"],\"url\":\"https:\/\/portaltela.pt\/por\/367410592786\/\"}]}<\/script>\n<!-- \/ Yoast SEO plugin. -->","yoast_head_json":{"title":"Ana e Suzi reaprenderam a falar e querem ajudar outros - Portal Tela Portugal","robots":{"index":"index","follow":"follow","max-snippet":"max-snippet:-1","max-image-preview":"max-image-preview:large","max-video-preview":"max-video-preview:-1"},"og_locale":"pt_PT","og_type":"article","og_title":"Ana e Suzi reaprenderam a falar e querem ajudar outros - Portal Tela Portugal","og_description":"Ana e Suzi tiveram de reaprender a falar, ap\u00f3s uma perturba\u00e7\u00e3o da comunica\u00e7\u00e3o adquirida. Foi criada em Cascais a associa\u00e7\u00e3o CAPA \u2013 Centro de Apoio \u00e0 Pessoa com Afasia, para apoiar pessoas com afasia. O CAPA fica em Alcabideche, Cascais, visando dar apoio \u00e0s pessoas com afasia adquirida. A resposta p\u00fablica aos servi\u00e7os dispon\u00edveis tem sido escassa e a resposta privada empresarial \u00e9 cara. Na inaugura\u00e7\u00e3o, Suzi Rodrigues preparou brigadeiros de coco e de chocolate, s\u00edmbolo de supera\u00e7\u00e3o para ela.","og_url":"https:\/\/portaltela.pt\/noticias\/2026\/01\/24\/ana-e-suzi-reaprenderam-a-falar-e-querem-ajudar-outros\/","og_site_name":"Portal Tela Portugal","article_published_time":"2026-01-24T08:31:00+00:00","author":"Telinha","twitter_card":"summary_large_image","twitter_misc":{"Escrito por":"Telinha","Tempo estimado de leitura":"1 minuto"},"schema":{"@context":"https:\/\/schema.org","@graph":[{"@type":"Article","@id":"https:\/\/portaltela.pt\/noticias\/2026\/01\/24\/ana-e-suzi-reaprenderam-a-falar-e-querem-ajudar-outros\/#article","isPartOf":{"@id":"https:\/\/portaltela.pt\/noticias\/2026\/01\/24\/ana-e-suzi-reaprenderam-a-falar-e-querem-ajudar-outros\/"},"author":{"name":"Telinha","@id":"https:\/\/portaltela.pt\/#\/schema\/person\/c4278d4a6028830caff9ee44b42d32ed"},"headline":"Ana e Suzi reaprenderam a falar e querem ajudar outros","datePublished":"2026-01-24T08:31:00+00:00","mainEntityOfPage":{"@id":"https:\/\/portaltela.pt\/noticias\/2026\/01\/24\/ana-e-suzi-reaprenderam-a-falar-e-querem-ajudar-outros\/"},"wordCount":227,"image":{"@id":"https:\/\/portaltela.pt\/noticias\/2026\/01\/24\/ana-e-suzi-reaprenderam-a-falar-e-querem-ajudar-outros\/#primaryimage"},"thumbnailUrl":"https:\/\/portaltela.pt\/s.01k8rhncp4jt1\/2026\/01\/2061431.jpg","keywords":["assist\u00eancia social","Cascais","comunidade","inclus\u00e3o social","sa\u00fade","Terapia da Fala"],"articleSection":["Not\u00edcias"],"inLanguage":"pt-PT"},{"@type":"WebPage","@id":"https:\/\/portaltela.pt\/noticias\/2026\/01\/24\/ana-e-suzi-reaprenderam-a-falar-e-querem-ajudar-outros\/","url":"https:\/\/portaltela.pt\/noticias\/2026\/01\/24\/ana-e-suzi-reaprenderam-a-falar-e-querem-ajudar-outros\/","name":"Ana e Suzi reaprenderam a falar e querem ajudar outros - Portal Tela Portugal","isPartOf":{"@id":"https:\/\/portaltela.pt\/#website"},"primaryImageOfPage":{"@id":"https:\/\/portaltela.pt\/noticias\/2026\/01\/24\/ana-e-suzi-reaprenderam-a-falar-e-querem-ajudar-outros\/#primaryimage"},"image":{"@id":"https:\/\/portaltela.pt\/noticias\/2026\/01\/24\/ana-e-suzi-reaprenderam-a-falar-e-querem-ajudar-outros\/#primaryimage"},"thumbnailUrl":"https:\/\/portaltela.pt\/s.01k8rhncp4jt1\/2026\/01\/2061431.jpg","datePublished":"2026-01-24T08:31:00+00:00","author":{"@id":"https:\/\/portaltela.pt\/#\/schema\/person\/c4278d4a6028830caff9ee44b42d32ed"},"breadcrumb":{"@id":"https:\/\/portaltela.pt\/noticias\/2026\/01\/24\/ana-e-suzi-reaprenderam-a-falar-e-querem-ajudar-outros\/#breadcrumb"},"inLanguage":"pt-PT","potentialAction":[{"@type":"ReadAction","target":["https:\/\/portaltela.pt\/noticias\/2026\/01\/24\/ana-e-suzi-reaprenderam-a-falar-e-querem-ajudar-outros\/"]}]},{"@type":"ImageObject","inLanguage":"pt-PT","@id":"https:\/\/portaltela.pt\/noticias\/2026\/01\/24\/ana-e-suzi-reaprenderam-a-falar-e-querem-ajudar-outros\/#primaryimage","url":"https:\/\/portaltela.pt\/s.01k8rhncp4jt1\/2026\/01\/2061431.jpg","contentUrl":"https:\/\/portaltela.pt\/s.01k8rhncp4jt1\/2026\/01\/2061431.jpg","width":796,"height":448,"caption":"Ana Cerqueira e Suzi Rodrigues"},{"@type":"BreadcrumbList","@id":"https:\/\/portaltela.pt\/noticias\/2026\/01\/24\/ana-e-suzi-reaprenderam-a-falar-e-querem-ajudar-outros\/#breadcrumb","itemListElement":[{"@type":"ListItem","position":1,"name":"In\u00edcio","item":"https:\/\/portaltela.pt\/"},{"@type":"ListItem","position":2,"name":"Ana e Suzi reaprenderam a falar e querem ajudar outros"}]},{"@type":"WebSite","@id":"https:\/\/portaltela.pt\/#website","url":"https:\/\/portaltela.pt\/","name":"Portal Tela Portugal","description":"","potentialAction":[{"@type":"SearchAction","target":{"@type":"EntryPoint","urlTemplate":"https:\/\/portaltela.pt\/?s={search_term_string}"},"query-input":{"@type":"PropertyValueSpecification","valueRequired":true,"valueName":"search_term_string"}}],"inLanguage":"pt-PT"},{"@type":"Person","@id":"https:\/\/portaltela.pt\/#\/schema\/person\/c4278d4a6028830caff9ee44b42d32ed","name":"Telinha","image":{"@type":"ImageObject","inLanguage":"pt-PT","@id":"https:\/\/portaltela.pt\/s.01k8rhncp4jt1\/2025\/11\/talking-bot-125x125.png","url":"https:\/\/portaltela.pt\/s.01k8rhncp4jt1\/2025\/11\/talking-bot-125x125.png","contentUrl":"https:\/\/portaltela.pt\/s.01k8rhncp4jt1\/2025\/11\/talking-bot-125x125.png","caption":"Telinha"},"sameAs":["https:\/\/portaltela.pt\/"],"url":"https:\/\/portaltela.pt\/por\/367410592786\/"}]}},"_links":{"self":[{"href":"https:\/\/portaltela.pt\/api\/wp\/v2\/posts\/169196","targetHints":{"allow":["GET"]}}],"collection":[{"href":"https:\/\/portaltela.pt\/api\/wp\/v2\/posts"}],"about":[{"href":"https:\/\/portaltela.pt\/api\/wp\/v2\/types\/post"}],"author":[{"embeddable":true,"href":"https:\/\/portaltela.pt\/api\/wp\/v2\/users\/2"}],"replies":[{"embeddable":true,"href":"https:\/\/portaltela.pt\/api\/wp\/v2\/comments?post=169196"}],"version-history":[{"count":0,"href":"https:\/\/portaltela.pt\/api\/wp\/v2\/posts\/169196\/revisions"}],"wp:featuredmedia":[{"embeddable":true,"href":"https:\/\/portaltela.pt\/api\/wp\/v2\/media\/169202"}],"wp:attachment":[{"href":"https:\/\/portaltela.pt\/api\/wp\/v2\/media?parent=169196"}],"wp:term":[{"taxonomy":"category","embeddable":true,"href":"https:\/\/portaltela.pt\/api\/wp\/v2\/categories?post=169196"},{"taxonomy":"post_tag","embeddable":true,"href":"https:\/\/portaltela.pt\/api\/wp\/v2\/tags?post=169196"}],"curies":[{"name":"wp","href":"https:\/\/api.w.org\/{rel}","templated":true}]}}