{"id":169165,"date":"2026-01-23T16:35:00","date_gmt":"2026-01-23T19:35:00","guid":{"rendered":"https:\/\/portaltela.pt\/noticias\/2026\/01\/23\/svilar-continua-a-impressionar-em-italia-e-entra-no-top-3-mundial\/"},"modified":"2026-01-23T16:35:00","modified_gmt":"2026-01-23T19:35:00","slug":"svilar-continua-a-impressionar-em-italia-e-entra-no-top-3-mundial","status":"publish","type":"post","link":"https:\/\/portaltela.pt\/desporto\/futebol\/2026\/01\/23\/svilar-continua-a-impressionar-em-italia-e-entra-no-top-3-mundial\/","title":{"rendered":"Svilar continua a impressionar em It\u00e1lia e entra no top 3 mundial"},"content":{"rendered":"<p>Mile Svilar tem sido alvo de elogios no futebol italiano, ap\u00f3s a sua exibi\u00e7\u00e3o pela Roma. O guarda-redes s\u00e9rvio, que passou pelos escal\u00f5es jovens do Anderlecht e do Benfica, consolidou-se na baliza da Roma na \u00faltima temporada. A sua evolu\u00e7\u00e3o coincide com o reconhecimento de que pode estar entre os melhores do mundo.<\/p>\n<p>Depois de sair do Benfica para a Roma, Svilar s\u00f3 garantiu a titularidade na \u00e9poca 2023\/24, devido \u00e0 les\u00e3o de Rui Patr\u00edcio. O atual treinador do G\u00e9nova, Daniele De Rossi, assumiu um papel decisivo no seu desenvolvimento e passou a confiar no atleta.<\/p>\n<h3>Declara\u00e7\u00f5es de Daniele De Rossi<\/h3>\n<p>De Rossi afirmou que Svilar tem qualidade para figurar entre os 3\/5 melhores guarda-redes do mundo, referindo ter tido sorte em encontr\u00e1-lo. O t\u00e9cnico italiano lembrou ainda o papel de Patr\u00edcio na forma\u00e7\u00e3o de Svilar e manifestou admira\u00e7\u00e3o pelo desempenho do atleta.<\/p>\n<p>Actualmente, Svilar \u00e9 o dono da baliza da Roma e, na \u00faltima \u00e9poca, foi considerado o melhor guardi\u00e3o da Serie A. Internacional por Serbia, completa apenas uma internacionaliza\u00e7\u00e3o, ap\u00f3s ter passado por equipas jovens da B\u00e9lgica. O seu valor de mercado \u00e9 apontado em 35 milh\u00f5es de euros pelo Transfermarkt.<\/p>\n","protected":false},"excerpt":{"rendered":"<ul>\n<li>Daniele De Rossi, atual treinador do G\u00e9nova, elogiou Mile Svilar, dizendo que pode ficar entre os tr\u00eas a cinco melhores guarda-redes do mundo.<\/li>\n<li>Svilar formou-se no Anderlecht, foi para o Benfica ainda jovem e s\u00f3 chegou a titularidade na Roma na \u00e9poca de 2023\/24, ap\u00f3s a les\u00e3o de Rui Patr\u00edcio.<\/li>\n<li>Atualmente \u00e9 o guarda-redes titular da Roma e foi eleito o melhor guarda-redes da Serie A na \u00faltima temporada.<\/li>\n<li>Embora tenha representado as sele\u00e7\u00f5es jovens da B\u00e9lgica, Svilar optou por jogar pela S\u00e9rvia, somando apenas uma internacionaliza\u00e7\u00e3o.<\/li>\n<li>De acordo com o Transfermarkt, o seu valor de mercado \u00e9 de 35 milh\u00f5es de euros.<\/li>\n<\/ul>\n","protected":false},"author":2,"featured_media":169188,"comment_status":"closed","ping_status":"closed","sticky":false,"template":"","format":"standard","meta":{"footnotes":""},"categories":[21,24],"tags":[2726,1946,32,3338,81,2062],"class_list":["post-169165","post","type-post","status-publish","format-standard","has-post-thumbnail","hentry","category-desporto","category-futebol","tag-anderlecht","tag-benfica","tag-futebol","tag-futebol-internacional","tag-internacionais","tag-serie-a"],"yoast_head":"<!-- This site is optimized with the Yoast SEO plugin v27.2 - https:\/\/yoast.com\/product\/yoast-seo-wordpress\/ -->\n<title>Svilar continua a impressionar em It\u00e1lia e entra no top 3 mundial - Portal Tela Portugal<\/title>\n<meta name=\"robots\" content=\"index, follow, max-snippet:-1, max-image-preview:large, max-video-preview:-1\" \/>\n<meta property=\"og:locale\" content=\"pt_PT\" \/>\n<meta property=\"og:type\" content=\"article\" \/>\n<meta property=\"og:title\" content=\"Svilar continua a impressionar em It\u00e1lia e entra no top 3 mundial - Portal Tela Portugal\" \/>\n<meta property=\"og:description\" content=\"Daniele De Rossi, atual treinador do G\u00e9nova, elogiou Mile Svilar, dizendo que pode ficar entre os tr\u00eas a cinco melhores guarda-redes do mundo. Svilar formou-se no Anderlecht, foi para o Benfica ainda jovem e s\u00f3 chegou a titularidade na Roma na \u00e9poca de 2023\/24, ap\u00f3s a les\u00e3o de Rui Patr\u00edcio. Atualmente \u00e9 o guarda-redes titular da Roma e foi eleito o melhor guarda-redes da Serie A na \u00faltima temporada. Embora tenha representado as sele\u00e7\u00f5es jovens da B\u00e9lgica, Svilar optou por jogar pela S\u00e9rvia, somando apenas uma internacionaliza\u00e7\u00e3o. De acordo com o Transfermarkt, o seu valor de mercado \u00e9 de 35 milh\u00f5es de euros.\" \/>\n<meta property=\"og:url\" content=\"https:\/\/portaltela.pt\/noticias\/2026\/01\/23\/svilar-continua-a-impressionar-em-italia-e-entra-no-top-3-mundial\/\" \/>\n<meta property=\"og:site_name\" content=\"Portal Tela Portugal\" \/>\n<meta property=\"article:published_time\" content=\"2026-01-23T19:35:00+00:00\" \/>\n<meta name=\"author\" content=\"Telinha\" \/>\n<meta name=\"twitter:card\" content=\"summary_large_image\" \/>\n<meta name=\"twitter:label1\" content=\"Escrito por\" \/>\n\t<meta name=\"twitter:data1\" content=\"Telinha\" \/>\n\t<meta name=\"twitter:label2\" content=\"Tempo estimado de leitura\" \/>\n\t<meta name=\"twitter:data2\" content=\"1 minuto\" \/>\n<script type=\"application\/ld+json\" class=\"yoast-schema-graph\">{\"@context\":\"https:\/\/schema.org\",\"@graph\":[{\"@type\":\"Article\",\"@id\":\"https:\/\/portaltela.pt\/noticias\/2026\/01\/23\/svilar-continua-a-impressionar-em-italia-e-entra-no-top-3-mundial\/#article\",\"isPartOf\":{\"@id\":\"https:\/\/portaltela.pt\/noticias\/2026\/01\/23\/svilar-continua-a-impressionar-em-italia-e-entra-no-top-3-mundial\/\"},\"author\":{\"name\":\"Telinha\",\"@id\":\"https:\/\/portaltela.pt\/#\/schema\/person\/c4278d4a6028830caff9ee44b42d32ed\"},\"headline\":\"Svilar continua a impressionar em It\u00e1lia e entra no top 3 mundial\",\"datePublished\":\"2026-01-23T19:35:00+00:00\",\"mainEntityOfPage\":{\"@id\":\"https:\/\/portaltela.pt\/noticias\/2026\/01\/23\/svilar-continua-a-impressionar-em-italia-e-entra-no-top-3-mundial\/\"},\"wordCount\":218,\"image\":{\"@id\":\"https:\/\/portaltela.pt\/noticias\/2026\/01\/23\/svilar-continua-a-impressionar-em-italia-e-entra-no-top-3-mundial\/#primaryimage\"},\"thumbnailUrl\":\"https:\/\/portaltela.pt\/s.01k8rhncp4jt1\/2026\/01\/img_920x518uu2026-01-23-19-24-03-2416903-im-639047930611989374-2.jpg\",\"keywords\":[\"Anderlecht\",\"Benfica\",\"futebol\",\"futebol internacional\",\"internacionais\",\"S\u00e9rie A\"],\"articleSection\":[\"Desporto\",\"Futebol\"],\"inLanguage\":\"pt-PT\"},{\"@type\":\"WebPage\",\"@id\":\"https:\/\/portaltela.pt\/noticias\/2026\/01\/23\/svilar-continua-a-impressionar-em-italia-e-entra-no-top-3-mundial\/\",\"url\":\"https:\/\/portaltela.pt\/noticias\/2026\/01\/23\/svilar-continua-a-impressionar-em-italia-e-entra-no-top-3-mundial\/\",\"name\":\"Svilar continua a impressionar em It\u00e1lia e entra no top 3 mundial - Portal Tela Portugal\",\"isPartOf\":{\"@id\":\"https:\/\/portaltela.pt\/#website\"},\"primaryImageOfPage\":{\"@id\":\"https:\/\/portaltela.pt\/noticias\/2026\/01\/23\/svilar-continua-a-impressionar-em-italia-e-entra-no-top-3-mundial\/#primaryimage\"},\"image\":{\"@id\":\"https:\/\/portaltela.pt\/noticias\/2026\/01\/23\/svilar-continua-a-impressionar-em-italia-e-entra-no-top-3-mundial\/#primaryimage\"},\"thumbnailUrl\":\"https:\/\/portaltela.pt\/s.01k8rhncp4jt1\/2026\/01\/img_920x518uu2026-01-23-19-24-03-2416903-im-639047930611989374-2.jpg\",\"datePublished\":\"2026-01-23T19:35:00+00:00\",\"author\":{\"@id\":\"https:\/\/portaltela.pt\/#\/schema\/person\/c4278d4a6028830caff9ee44b42d32ed\"},\"breadcrumb\":{\"@id\":\"https:\/\/portaltela.pt\/noticias\/2026\/01\/23\/svilar-continua-a-impressionar-em-italia-e-entra-no-top-3-mundial\/#breadcrumb\"},\"inLanguage\":\"pt-PT\",\"potentialAction\":[{\"@type\":\"ReadAction\",\"target\":[\"https:\/\/portaltela.pt\/noticias\/2026\/01\/23\/svilar-continua-a-impressionar-em-italia-e-entra-no-top-3-mundial\/\"]}]},{\"@type\":\"ImageObject\",\"inLanguage\":\"pt-PT\",\"@id\":\"https:\/\/portaltela.pt\/noticias\/2026\/01\/23\/svilar-continua-a-impressionar-em-italia-e-entra-no-top-3-mundial\/#primaryimage\",\"url\":\"https:\/\/portaltela.pt\/s.01k8rhncp4jt1\/2026\/01\/img_920x518uu2026-01-23-19-24-03-2416903-im-639047930611989374-2.jpg\",\"contentUrl\":\"https:\/\/portaltela.pt\/s.01k8rhncp4jt1\/2026\/01\/img_920x518uu2026-01-23-19-24-03-2416903-im-639047930611989374-2.jpg\",\"width\":796,\"height\":448,\"caption\":\"Mile Svilar, guarda-redes da Roma\"},{\"@type\":\"BreadcrumbList\",\"@id\":\"https:\/\/portaltela.pt\/noticias\/2026\/01\/23\/svilar-continua-a-impressionar-em-italia-e-entra-no-top-3-mundial\/#breadcrumb\",\"itemListElement\":[{\"@type\":\"ListItem\",\"position\":1,\"name\":\"In\u00edcio\",\"item\":\"https:\/\/portaltela.pt\/\"},{\"@type\":\"ListItem\",\"position\":2,\"name\":\"Svilar continua a impressionar em It\u00e1lia e entra no top 3 mundial\"}]},{\"@type\":\"WebSite\",\"@id\":\"https:\/\/portaltela.pt\/#website\",\"url\":\"https:\/\/portaltela.pt\/\",\"name\":\"Portal Tela Portugal\",\"description\":\"\",\"potentialAction\":[{\"@type\":\"SearchAction\",\"target\":{\"@type\":\"EntryPoint\",\"urlTemplate\":\"https:\/\/portaltela.pt\/?s={search_term_string}\"},\"query-input\":{\"@type\":\"PropertyValueSpecification\",\"valueRequired\":true,\"valueName\":\"search_term_string\"}}],\"inLanguage\":\"pt-PT\"},{\"@type\":\"Person\",\"@id\":\"https:\/\/portaltela.pt\/#\/schema\/person\/c4278d4a6028830caff9ee44b42d32ed\",\"name\":\"Telinha\",\"image\":{\"@type\":\"ImageObject\",\"inLanguage\":\"pt-PT\",\"@id\":\"https:\/\/portaltela.pt\/s.01k8rhncp4jt1\/2025\/11\/talking-bot-125x125.png\",\"url\":\"https:\/\/portaltela.pt\/s.01k8rhncp4jt1\/2025\/11\/talking-bot-125x125.png\",\"contentUrl\":\"https:\/\/portaltela.pt\/s.01k8rhncp4jt1\/2025\/11\/talking-bot-125x125.png\",\"caption\":\"Telinha\"},\"sameAs\":[\"https:\/\/portaltela.pt\/\"],\"url\":\"https:\/\/portaltela.pt\/por\/367410592786\/\"}]}<\/script>\n<!-- \/ Yoast SEO plugin. -->","yoast_head_json":{"title":"Svilar continua a impressionar em It\u00e1lia e entra no top 3 mundial - Portal Tela Portugal","robots":{"index":"index","follow":"follow","max-snippet":"max-snippet:-1","max-image-preview":"max-image-preview:large","max-video-preview":"max-video-preview:-1"},"og_locale":"pt_PT","og_type":"article","og_title":"Svilar continua a impressionar em It\u00e1lia e entra no top 3 mundial - Portal Tela Portugal","og_description":"Daniele De Rossi, atual treinador do G\u00e9nova, elogiou Mile Svilar, dizendo que pode ficar entre os tr\u00eas a cinco melhores guarda-redes do mundo. Svilar formou-se no Anderlecht, foi para o Benfica ainda jovem e s\u00f3 chegou a titularidade na Roma na \u00e9poca de 2023\/24, ap\u00f3s a les\u00e3o de Rui Patr\u00edcio. Atualmente \u00e9 o guarda-redes titular da Roma e foi eleito o melhor guarda-redes da Serie A na \u00faltima temporada. Embora tenha representado as sele\u00e7\u00f5es jovens da B\u00e9lgica, Svilar optou por jogar pela S\u00e9rvia, somando apenas uma internacionaliza\u00e7\u00e3o. De acordo com o Transfermarkt, o seu valor de mercado \u00e9 de 35 milh\u00f5es de euros.","og_url":"https:\/\/portaltela.pt\/noticias\/2026\/01\/23\/svilar-continua-a-impressionar-em-italia-e-entra-no-top-3-mundial\/","og_site_name":"Portal Tela Portugal","article_published_time":"2026-01-23T19:35:00+00:00","author":"Telinha","twitter_card":"summary_large_image","twitter_misc":{"Escrito por":"Telinha","Tempo estimado de leitura":"1 minuto"},"schema":{"@context":"https:\/\/schema.org","@graph":[{"@type":"Article","@id":"https:\/\/portaltela.pt\/noticias\/2026\/01\/23\/svilar-continua-a-impressionar-em-italia-e-entra-no-top-3-mundial\/#article","isPartOf":{"@id":"https:\/\/portaltela.pt\/noticias\/2026\/01\/23\/svilar-continua-a-impressionar-em-italia-e-entra-no-top-3-mundial\/"},"author":{"name":"Telinha","@id":"https:\/\/portaltela.pt\/#\/schema\/person\/c4278d4a6028830caff9ee44b42d32ed"},"headline":"Svilar continua a impressionar em It\u00e1lia e entra no top 3 mundial","datePublished":"2026-01-23T19:35:00+00:00","mainEntityOfPage":{"@id":"https:\/\/portaltela.pt\/noticias\/2026\/01\/23\/svilar-continua-a-impressionar-em-italia-e-entra-no-top-3-mundial\/"},"wordCount":218,"image":{"@id":"https:\/\/portaltela.pt\/noticias\/2026\/01\/23\/svilar-continua-a-impressionar-em-italia-e-entra-no-top-3-mundial\/#primaryimage"},"thumbnailUrl":"https:\/\/portaltela.pt\/s.01k8rhncp4jt1\/2026\/01\/img_920x518uu2026-01-23-19-24-03-2416903-im-639047930611989374-2.jpg","keywords":["Anderlecht","Benfica","futebol","futebol internacional","internacionais","S\u00e9rie A"],"articleSection":["Desporto","Futebol"],"inLanguage":"pt-PT"},{"@type":"WebPage","@id":"https:\/\/portaltela.pt\/noticias\/2026\/01\/23\/svilar-continua-a-impressionar-em-italia-e-entra-no-top-3-mundial\/","url":"https:\/\/portaltela.pt\/noticias\/2026\/01\/23\/svilar-continua-a-impressionar-em-italia-e-entra-no-top-3-mundial\/","name":"Svilar continua a impressionar em It\u00e1lia e entra no top 3 mundial - Portal Tela Portugal","isPartOf":{"@id":"https:\/\/portaltela.pt\/#website"},"primaryImageOfPage":{"@id":"https:\/\/portaltela.pt\/noticias\/2026\/01\/23\/svilar-continua-a-impressionar-em-italia-e-entra-no-top-3-mundial\/#primaryimage"},"image":{"@id":"https:\/\/portaltela.pt\/noticias\/2026\/01\/23\/svilar-continua-a-impressionar-em-italia-e-entra-no-top-3-mundial\/#primaryimage"},"thumbnailUrl":"https:\/\/portaltela.pt\/s.01k8rhncp4jt1\/2026\/01\/img_920x518uu2026-01-23-19-24-03-2416903-im-639047930611989374-2.jpg","datePublished":"2026-01-23T19:35:00+00:00","author":{"@id":"https:\/\/portaltela.pt\/#\/schema\/person\/c4278d4a6028830caff9ee44b42d32ed"},"breadcrumb":{"@id":"https:\/\/portaltela.pt\/noticias\/2026\/01\/23\/svilar-continua-a-impressionar-em-italia-e-entra-no-top-3-mundial\/#breadcrumb"},"inLanguage":"pt-PT","potentialAction":[{"@type":"ReadAction","target":["https:\/\/portaltela.pt\/noticias\/2026\/01\/23\/svilar-continua-a-impressionar-em-italia-e-entra-no-top-3-mundial\/"]}]},{"@type":"ImageObject","inLanguage":"pt-PT","@id":"https:\/\/portaltela.pt\/noticias\/2026\/01\/23\/svilar-continua-a-impressionar-em-italia-e-entra-no-top-3-mundial\/#primaryimage","url":"https:\/\/portaltela.pt\/s.01k8rhncp4jt1\/2026\/01\/img_920x518uu2026-01-23-19-24-03-2416903-im-639047930611989374-2.jpg","contentUrl":"https:\/\/portaltela.pt\/s.01k8rhncp4jt1\/2026\/01\/img_920x518uu2026-01-23-19-24-03-2416903-im-639047930611989374-2.jpg","width":796,"height":448,"caption":"Mile Svilar, guarda-redes da Roma"},{"@type":"BreadcrumbList","@id":"https:\/\/portaltela.pt\/noticias\/2026\/01\/23\/svilar-continua-a-impressionar-em-italia-e-entra-no-top-3-mundial\/#breadcrumb","itemListElement":[{"@type":"ListItem","position":1,"name":"In\u00edcio","item":"https:\/\/portaltela.pt\/"},{"@type":"ListItem","position":2,"name":"Svilar continua a impressionar em It\u00e1lia e entra no top 3 mundial"}]},{"@type":"WebSite","@id":"https:\/\/portaltela.pt\/#website","url":"https:\/\/portaltela.pt\/","name":"Portal Tela Portugal","description":"","potentialAction":[{"@type":"SearchAction","target":{"@type":"EntryPoint","urlTemplate":"https:\/\/portaltela.pt\/?s={search_term_string}"},"query-input":{"@type":"PropertyValueSpecification","valueRequired":true,"valueName":"search_term_string"}}],"inLanguage":"pt-PT"},{"@type":"Person","@id":"https:\/\/portaltela.pt\/#\/schema\/person\/c4278d4a6028830caff9ee44b42d32ed","name":"Telinha","image":{"@type":"ImageObject","inLanguage":"pt-PT","@id":"https:\/\/portaltela.pt\/s.01k8rhncp4jt1\/2025\/11\/talking-bot-125x125.png","url":"https:\/\/portaltela.pt\/s.01k8rhncp4jt1\/2025\/11\/talking-bot-125x125.png","contentUrl":"https:\/\/portaltela.pt\/s.01k8rhncp4jt1\/2025\/11\/talking-bot-125x125.png","caption":"Telinha"},"sameAs":["https:\/\/portaltela.pt\/"],"url":"https:\/\/portaltela.pt\/por\/367410592786\/"}]}},"_links":{"self":[{"href":"https:\/\/portaltela.pt\/api\/wp\/v2\/posts\/169165","targetHints":{"allow":["GET"]}}],"collection":[{"href":"https:\/\/portaltela.pt\/api\/wp\/v2\/posts"}],"about":[{"href":"https:\/\/portaltela.pt\/api\/wp\/v2\/types\/post"}],"author":[{"embeddable":true,"href":"https:\/\/portaltela.pt\/api\/wp\/v2\/users\/2"}],"replies":[{"embeddable":true,"href":"https:\/\/portaltela.pt\/api\/wp\/v2\/comments?post=169165"}],"version-history":[{"count":0,"href":"https:\/\/portaltela.pt\/api\/wp\/v2\/posts\/169165\/revisions"}],"wp:featuredmedia":[{"embeddable":true,"href":"https:\/\/portaltela.pt\/api\/wp\/v2\/media\/169188"}],"wp:attachment":[{"href":"https:\/\/portaltela.pt\/api\/wp\/v2\/media?parent=169165"}],"wp:term":[{"taxonomy":"category","embeddable":true,"href":"https:\/\/portaltela.pt\/api\/wp\/v2\/categories?post=169165"},{"taxonomy":"post_tag","embeddable":true,"href":"https:\/\/portaltela.pt\/api\/wp\/v2\/tags?post=169165"}],"curies":[{"name":"wp","href":"https:\/\/api.w.org\/{rel}","templated":true}]}}