{"id":169155,"date":"2026-01-24T05:15:00","date_gmt":"2026-01-24T08:15:00","guid":{"rendered":"https:\/\/portaltela.pt\/noticias\/2026\/01\/24\/vitima-de-violencia-domestica-acusa-estado-de-falha-na-protecao-do-ex-marido\/"},"modified":"2026-01-24T05:15:00","modified_gmt":"2026-01-24T08:15:00","slug":"vitima-de-violencia-domestica-acusa-estado-de-falha-na-protecao-do-ex-marido","status":"publish","type":"post","link":"https:\/\/portaltela.pt\/noticias\/2026\/01\/24\/vitima-de-violencia-domestica-acusa-estado-de-falha-na-protecao-do-ex-marido\/","title":{"rendered":"V\u00edtima de viol\u00eancia dom\u00e9stica acusa Estado de falha na prote\u00e7\u00e3o do ex-marido"},"content":{"rendered":"<p>Uma v\u00edtima de viol\u00eancia dom\u00e9stica, que sofre h\u00e1 18 anos, acusa o Estado de n\u00e3o a proteger, nem ao filho, do ex-marido. Este foi condenado no final do ano passado a uma pena que impede contactos entre ambos.<\/p>\n<p>O agressor est\u00e1 tamb\u00e9m acusado de uma tentativa de abalroamento. Os tribunais envolvidos n\u00e3o comunicam entre si, e as medidas de prote\u00e7\u00e3o resumem\u2011se a um bot\u00e3o de p\u00e2nico pouco eficaz.<\/p>\n<p>A v\u00edtima anunciou que est\u00e1 a preparar uma queixa junto do Tribunal Europeu dos Direitos Humanos (TEDH).<\/p>\n<p>Ao longo de anos, a mulher tem sido alvo de agress\u00f5es, persegui\u00e7\u00e3o e amea\u00e7as, sem que haja uma coordena\u00e7\u00e3o adequada entre os tribunais nacionais para assegurar a prote\u00e7\u00e3o solicitada.<\/p>\n<p>A situa\u00e7\u00e3o revela falhas no sistema: apesar da condena\u00e7\u00e3o do agressor, a falta de interc\u00e2mbio de informa\u00e7\u00e3o entre tribunais compromete a interven\u00e7\u00e3o r\u00e1pida e eficaz.<\/p>\n","protected":false},"excerpt":{"rendered":"<ul>\n<li>V\u00edtima de viol\u00eancia dom\u00e9stica, j\u00e1 h\u00e1 dezoito anos, acusa o Estado de n\u00e3o a proteger, nem ao filho, do ex-marido.<\/li>\n<li>O ex-marido foi condenado no final do ano passado e tem uma pena que pro\u00edbe contactos entre ambos.<\/li>\n<li>O agressor tamb\u00e9m est\u00e1 acusado de uma tentativa de abalroamento.<\/li>\n<li>Os tribunais envolvidos n\u00e3o comunicam entre si e as medidas de prote\u00e7\u00e3o resumem-se a um bot\u00e3o de p\u00e2nico pouco eficaz.<\/li>\n<li>Uma queixa no Tribunal Europeu dos Direitos Humanos (TEDH) est\u00e1 a ser preparada.<\/li>\n<\/ul>\n","protected":false},"author":2,"featured_media":169157,"comment_status":"closed","ping_status":"closed","sticky":false,"template":"","format":"standard","meta":{"footnotes":""},"categories":[1],"tags":[2633,803,2882,52,939,214],"class_list":["post-169155","post","type-post","status-publish","format-standard","has-post-thumbnail","hentry","category-noticias","tag-direitos-humanos","tag-justica","tag-perseguicoes","tag-tribunal","tag-violencia","tag-violencia-domestica"],"yoast_head":"<!-- This site is optimized with the Yoast SEO plugin v27.2 - https:\/\/yoast.com\/product\/yoast-seo-wordpress\/ -->\n<title>V\u00edtima de viol\u00eancia dom\u00e9stica acusa Estado de falha na prote\u00e7\u00e3o do ex-marido - Portal Tela Portugal<\/title>\n<meta name=\"robots\" content=\"index, follow, max-snippet:-1, max-image-preview:large, max-video-preview:-1\" \/>\n<meta property=\"og:locale\" content=\"pt_PT\" \/>\n<meta property=\"og:type\" content=\"article\" \/>\n<meta property=\"og:title\" content=\"V\u00edtima de viol\u00eancia dom\u00e9stica acusa Estado de falha na prote\u00e7\u00e3o do ex-marido - Portal Tela Portugal\" \/>\n<meta property=\"og:description\" content=\"V\u00edtima de viol\u00eancia dom\u00e9stica, j\u00e1 h\u00e1 dezoito anos, acusa o Estado de n\u00e3o a proteger, nem ao filho, do ex-marido. O ex-marido foi condenado no final do ano passado e tem uma pena que pro\u00edbe contactos entre ambos. O agressor tamb\u00e9m est\u00e1 acusado de uma tentativa de abalroamento. Os tribunais envolvidos n\u00e3o comunicam entre si e as medidas de prote\u00e7\u00e3o resumem-se a um bot\u00e3o de p\u00e2nico pouco eficaz. Uma queixa no Tribunal Europeu dos Direitos Humanos (TEDH) est\u00e1 a ser preparada.\" \/>\n<meta property=\"og:url\" content=\"https:\/\/portaltela.pt\/noticias\/2026\/01\/24\/vitima-de-violencia-domestica-acusa-estado-de-falha-na-protecao-do-ex-marido\/\" \/>\n<meta property=\"og:site_name\" content=\"Portal Tela Portugal\" \/>\n<meta property=\"article:published_time\" content=\"2026-01-24T08:15:00+00:00\" \/>\n<meta name=\"author\" content=\"Telinha\" \/>\n<meta name=\"twitter:card\" content=\"summary_large_image\" \/>\n<meta name=\"twitter:label1\" content=\"Escrito por\" \/>\n\t<meta name=\"twitter:data1\" content=\"Telinha\" \/>\n\t<meta name=\"twitter:label2\" content=\"Tempo estimado de leitura\" \/>\n\t<meta name=\"twitter:data2\" content=\"1 minuto\" \/>\n<script type=\"application\/ld+json\" class=\"yoast-schema-graph\">{\"@context\":\"https:\/\/schema.org\",\"@graph\":[{\"@type\":\"Article\",\"@id\":\"https:\/\/portaltela.pt\/noticias\/2026\/01\/24\/vitima-de-violencia-domestica-acusa-estado-de-falha-na-protecao-do-ex-marido\/#article\",\"isPartOf\":{\"@id\":\"https:\/\/portaltela.pt\/noticias\/2026\/01\/24\/vitima-de-violencia-domestica-acusa-estado-de-falha-na-protecao-do-ex-marido\/\"},\"author\":{\"name\":\"Telinha\",\"@id\":\"https:\/\/portaltela.pt\/#\/schema\/person\/c4278d4a6028830caff9ee44b42d32ed\"},\"headline\":\"V\u00edtima de viol\u00eancia dom\u00e9stica acusa Estado de falha na prote\u00e7\u00e3o do ex-marido\",\"datePublished\":\"2026-01-24T08:15:00+00:00\",\"mainEntityOfPage\":{\"@id\":\"https:\/\/portaltela.pt\/noticias\/2026\/01\/24\/vitima-de-violencia-domestica-acusa-estado-de-falha-na-protecao-do-ex-marido\/\"},\"wordCount\":176,\"image\":{\"@id\":\"https:\/\/portaltela.pt\/noticias\/2026\/01\/24\/vitima-de-violencia-domestica-acusa-estado-de-falha-na-protecao-do-ex-marido\/#primaryimage\"},\"thumbnailUrl\":\"https:\/\/portaltela.pt\/s.01k8rhncp4jt1\/2026\/01\/image-1597.jpg\",\"keywords\":[\"direitos humanos\",\"justi\u00e7a\",\"persegui\u00e7\u00f5es\",\"tribunal\",\"viol\u00eancia\",\"viol\u00eancia dom\u00e9stica\"],\"articleSection\":[\"Not\u00edcias\"],\"inLanguage\":\"pt-PT\"},{\"@type\":\"WebPage\",\"@id\":\"https:\/\/portaltela.pt\/noticias\/2026\/01\/24\/vitima-de-violencia-domestica-acusa-estado-de-falha-na-protecao-do-ex-marido\/\",\"url\":\"https:\/\/portaltela.pt\/noticias\/2026\/01\/24\/vitima-de-violencia-domestica-acusa-estado-de-falha-na-protecao-do-ex-marido\/\",\"name\":\"V\u00edtima de viol\u00eancia dom\u00e9stica acusa Estado de falha na prote\u00e7\u00e3o do ex-marido - Portal Tela Portugal\",\"isPartOf\":{\"@id\":\"https:\/\/portaltela.pt\/#website\"},\"primaryImageOfPage\":{\"@id\":\"https:\/\/portaltela.pt\/noticias\/2026\/01\/24\/vitima-de-violencia-domestica-acusa-estado-de-falha-na-protecao-do-ex-marido\/#primaryimage\"},\"image\":{\"@id\":\"https:\/\/portaltela.pt\/noticias\/2026\/01\/24\/vitima-de-violencia-domestica-acusa-estado-de-falha-na-protecao-do-ex-marido\/#primaryimage\"},\"thumbnailUrl\":\"https:\/\/portaltela.pt\/s.01k8rhncp4jt1\/2026\/01\/image-1597.jpg\",\"datePublished\":\"2026-01-24T08:15:00+00:00\",\"author\":{\"@id\":\"https:\/\/portaltela.pt\/#\/schema\/person\/c4278d4a6028830caff9ee44b42d32ed\"},\"breadcrumb\":{\"@id\":\"https:\/\/portaltela.pt\/noticias\/2026\/01\/24\/vitima-de-violencia-domestica-acusa-estado-de-falha-na-protecao-do-ex-marido\/#breadcrumb\"},\"inLanguage\":\"pt-PT\",\"potentialAction\":[{\"@type\":\"ReadAction\",\"target\":[\"https:\/\/portaltela.pt\/noticias\/2026\/01\/24\/vitima-de-violencia-domestica-acusa-estado-de-falha-na-protecao-do-ex-marido\/\"]}]},{\"@type\":\"ImageObject\",\"inLanguage\":\"pt-PT\",\"@id\":\"https:\/\/portaltela.pt\/noticias\/2026\/01\/24\/vitima-de-violencia-domestica-acusa-estado-de-falha-na-protecao-do-ex-marido\/#primaryimage\",\"url\":\"https:\/\/portaltela.pt\/s.01k8rhncp4jt1\/2026\/01\/image-1597.jpg\",\"contentUrl\":\"https:\/\/portaltela.pt\/s.01k8rhncp4jt1\/2026\/01\/image-1597.jpg\",\"width\":796,\"height\":448,\"caption\":\"\\\"Estou a tentar fugir desde os 18 anos\\\", desespera a mulher de 37 anos. Fez a primeira queixa em 2010\"},{\"@type\":\"BreadcrumbList\",\"@id\":\"https:\/\/portaltela.pt\/noticias\/2026\/01\/24\/vitima-de-violencia-domestica-acusa-estado-de-falha-na-protecao-do-ex-marido\/#breadcrumb\",\"itemListElement\":[{\"@type\":\"ListItem\",\"position\":1,\"name\":\"In\u00edcio\",\"item\":\"https:\/\/portaltela.pt\/\"},{\"@type\":\"ListItem\",\"position\":2,\"name\":\"V\u00edtima de viol\u00eancia dom\u00e9stica acusa Estado de falha na prote\u00e7\u00e3o do ex-marido\"}]},{\"@type\":\"WebSite\",\"@id\":\"https:\/\/portaltela.pt\/#website\",\"url\":\"https:\/\/portaltela.pt\/\",\"name\":\"Portal Tela Portugal\",\"description\":\"\",\"potentialAction\":[{\"@type\":\"SearchAction\",\"target\":{\"@type\":\"EntryPoint\",\"urlTemplate\":\"https:\/\/portaltela.pt\/?s={search_term_string}\"},\"query-input\":{\"@type\":\"PropertyValueSpecification\",\"valueRequired\":true,\"valueName\":\"search_term_string\"}}],\"inLanguage\":\"pt-PT\"},{\"@type\":\"Person\",\"@id\":\"https:\/\/portaltela.pt\/#\/schema\/person\/c4278d4a6028830caff9ee44b42d32ed\",\"name\":\"Telinha\",\"image\":{\"@type\":\"ImageObject\",\"inLanguage\":\"pt-PT\",\"@id\":\"https:\/\/portaltela.pt\/s.01k8rhncp4jt1\/2025\/11\/talking-bot-125x125.png\",\"url\":\"https:\/\/portaltela.pt\/s.01k8rhncp4jt1\/2025\/11\/talking-bot-125x125.png\",\"contentUrl\":\"https:\/\/portaltela.pt\/s.01k8rhncp4jt1\/2025\/11\/talking-bot-125x125.png\",\"caption\":\"Telinha\"},\"sameAs\":[\"https:\/\/portaltela.pt\/\"],\"url\":\"https:\/\/portaltela.pt\/por\/367410592786\/\"}]}<\/script>\n<!-- \/ Yoast SEO plugin. -->","yoast_head_json":{"title":"V\u00edtima de viol\u00eancia dom\u00e9stica acusa Estado de falha na prote\u00e7\u00e3o do ex-marido - Portal Tela Portugal","robots":{"index":"index","follow":"follow","max-snippet":"max-snippet:-1","max-image-preview":"max-image-preview:large","max-video-preview":"max-video-preview:-1"},"og_locale":"pt_PT","og_type":"article","og_title":"V\u00edtima de viol\u00eancia dom\u00e9stica acusa Estado de falha na prote\u00e7\u00e3o do ex-marido - Portal Tela Portugal","og_description":"V\u00edtima de viol\u00eancia dom\u00e9stica, j\u00e1 h\u00e1 dezoito anos, acusa o Estado de n\u00e3o a proteger, nem ao filho, do ex-marido. O ex-marido foi condenado no final do ano passado e tem uma pena que pro\u00edbe contactos entre ambos. O agressor tamb\u00e9m est\u00e1 acusado de uma tentativa de abalroamento. Os tribunais envolvidos n\u00e3o comunicam entre si e as medidas de prote\u00e7\u00e3o resumem-se a um bot\u00e3o de p\u00e2nico pouco eficaz. Uma queixa no Tribunal Europeu dos Direitos Humanos (TEDH) est\u00e1 a ser preparada.","og_url":"https:\/\/portaltela.pt\/noticias\/2026\/01\/24\/vitima-de-violencia-domestica-acusa-estado-de-falha-na-protecao-do-ex-marido\/","og_site_name":"Portal Tela Portugal","article_published_time":"2026-01-24T08:15:00+00:00","author":"Telinha","twitter_card":"summary_large_image","twitter_misc":{"Escrito por":"Telinha","Tempo estimado de leitura":"1 minuto"},"schema":{"@context":"https:\/\/schema.org","@graph":[{"@type":"Article","@id":"https:\/\/portaltela.pt\/noticias\/2026\/01\/24\/vitima-de-violencia-domestica-acusa-estado-de-falha-na-protecao-do-ex-marido\/#article","isPartOf":{"@id":"https:\/\/portaltela.pt\/noticias\/2026\/01\/24\/vitima-de-violencia-domestica-acusa-estado-de-falha-na-protecao-do-ex-marido\/"},"author":{"name":"Telinha","@id":"https:\/\/portaltela.pt\/#\/schema\/person\/c4278d4a6028830caff9ee44b42d32ed"},"headline":"V\u00edtima de viol\u00eancia dom\u00e9stica acusa Estado de falha na prote\u00e7\u00e3o do ex-marido","datePublished":"2026-01-24T08:15:00+00:00","mainEntityOfPage":{"@id":"https:\/\/portaltela.pt\/noticias\/2026\/01\/24\/vitima-de-violencia-domestica-acusa-estado-de-falha-na-protecao-do-ex-marido\/"},"wordCount":176,"image":{"@id":"https:\/\/portaltela.pt\/noticias\/2026\/01\/24\/vitima-de-violencia-domestica-acusa-estado-de-falha-na-protecao-do-ex-marido\/#primaryimage"},"thumbnailUrl":"https:\/\/portaltela.pt\/s.01k8rhncp4jt1\/2026\/01\/image-1597.jpg","keywords":["direitos humanos","justi\u00e7a","persegui\u00e7\u00f5es","tribunal","viol\u00eancia","viol\u00eancia dom\u00e9stica"],"articleSection":["Not\u00edcias"],"inLanguage":"pt-PT"},{"@type":"WebPage","@id":"https:\/\/portaltela.pt\/noticias\/2026\/01\/24\/vitima-de-violencia-domestica-acusa-estado-de-falha-na-protecao-do-ex-marido\/","url":"https:\/\/portaltela.pt\/noticias\/2026\/01\/24\/vitima-de-violencia-domestica-acusa-estado-de-falha-na-protecao-do-ex-marido\/","name":"V\u00edtima de viol\u00eancia dom\u00e9stica acusa Estado de falha na prote\u00e7\u00e3o do ex-marido - Portal Tela Portugal","isPartOf":{"@id":"https:\/\/portaltela.pt\/#website"},"primaryImageOfPage":{"@id":"https:\/\/portaltela.pt\/noticias\/2026\/01\/24\/vitima-de-violencia-domestica-acusa-estado-de-falha-na-protecao-do-ex-marido\/#primaryimage"},"image":{"@id":"https:\/\/portaltela.pt\/noticias\/2026\/01\/24\/vitima-de-violencia-domestica-acusa-estado-de-falha-na-protecao-do-ex-marido\/#primaryimage"},"thumbnailUrl":"https:\/\/portaltela.pt\/s.01k8rhncp4jt1\/2026\/01\/image-1597.jpg","datePublished":"2026-01-24T08:15:00+00:00","author":{"@id":"https:\/\/portaltela.pt\/#\/schema\/person\/c4278d4a6028830caff9ee44b42d32ed"},"breadcrumb":{"@id":"https:\/\/portaltela.pt\/noticias\/2026\/01\/24\/vitima-de-violencia-domestica-acusa-estado-de-falha-na-protecao-do-ex-marido\/#breadcrumb"},"inLanguage":"pt-PT","potentialAction":[{"@type":"ReadAction","target":["https:\/\/portaltela.pt\/noticias\/2026\/01\/24\/vitima-de-violencia-domestica-acusa-estado-de-falha-na-protecao-do-ex-marido\/"]}]},{"@type":"ImageObject","inLanguage":"pt-PT","@id":"https:\/\/portaltela.pt\/noticias\/2026\/01\/24\/vitima-de-violencia-domestica-acusa-estado-de-falha-na-protecao-do-ex-marido\/#primaryimage","url":"https:\/\/portaltela.pt\/s.01k8rhncp4jt1\/2026\/01\/image-1597.jpg","contentUrl":"https:\/\/portaltela.pt\/s.01k8rhncp4jt1\/2026\/01\/image-1597.jpg","width":796,"height":448,"caption":"\"Estou a tentar fugir desde os 18 anos\", desespera a mulher de 37 anos. Fez a primeira queixa em 2010"},{"@type":"BreadcrumbList","@id":"https:\/\/portaltela.pt\/noticias\/2026\/01\/24\/vitima-de-violencia-domestica-acusa-estado-de-falha-na-protecao-do-ex-marido\/#breadcrumb","itemListElement":[{"@type":"ListItem","position":1,"name":"In\u00edcio","item":"https:\/\/portaltela.pt\/"},{"@type":"ListItem","position":2,"name":"V\u00edtima de viol\u00eancia dom\u00e9stica acusa Estado de falha na prote\u00e7\u00e3o do ex-marido"}]},{"@type":"WebSite","@id":"https:\/\/portaltela.pt\/#website","url":"https:\/\/portaltela.pt\/","name":"Portal Tela Portugal","description":"","potentialAction":[{"@type":"SearchAction","target":{"@type":"EntryPoint","urlTemplate":"https:\/\/portaltela.pt\/?s={search_term_string}"},"query-input":{"@type":"PropertyValueSpecification","valueRequired":true,"valueName":"search_term_string"}}],"inLanguage":"pt-PT"},{"@type":"Person","@id":"https:\/\/portaltela.pt\/#\/schema\/person\/c4278d4a6028830caff9ee44b42d32ed","name":"Telinha","image":{"@type":"ImageObject","inLanguage":"pt-PT","@id":"https:\/\/portaltela.pt\/s.01k8rhncp4jt1\/2025\/11\/talking-bot-125x125.png","url":"https:\/\/portaltela.pt\/s.01k8rhncp4jt1\/2025\/11\/talking-bot-125x125.png","contentUrl":"https:\/\/portaltela.pt\/s.01k8rhncp4jt1\/2025\/11\/talking-bot-125x125.png","caption":"Telinha"},"sameAs":["https:\/\/portaltela.pt\/"],"url":"https:\/\/portaltela.pt\/por\/367410592786\/"}]}},"_links":{"self":[{"href":"https:\/\/portaltela.pt\/api\/wp\/v2\/posts\/169155","targetHints":{"allow":["GET"]}}],"collection":[{"href":"https:\/\/portaltela.pt\/api\/wp\/v2\/posts"}],"about":[{"href":"https:\/\/portaltela.pt\/api\/wp\/v2\/types\/post"}],"author":[{"embeddable":true,"href":"https:\/\/portaltela.pt\/api\/wp\/v2\/users\/2"}],"replies":[{"embeddable":true,"href":"https:\/\/portaltela.pt\/api\/wp\/v2\/comments?post=169155"}],"version-history":[{"count":0,"href":"https:\/\/portaltela.pt\/api\/wp\/v2\/posts\/169155\/revisions"}],"wp:featuredmedia":[{"embeddable":true,"href":"https:\/\/portaltela.pt\/api\/wp\/v2\/media\/169157"}],"wp:attachment":[{"href":"https:\/\/portaltela.pt\/api\/wp\/v2\/media?parent=169155"}],"wp:term":[{"taxonomy":"category","embeddable":true,"href":"https:\/\/portaltela.pt\/api\/wp\/v2\/categories?post=169155"},{"taxonomy":"post_tag","embeddable":true,"href":"https:\/\/portaltela.pt\/api\/wp\/v2\/tags?post=169155"}],"curies":[{"name":"wp","href":"https:\/\/api.w.org\/{rel}","templated":true}]}}