{"id":169144,"date":"2026-01-23T21:05:00","date_gmt":"2026-01-24T00:05:00","guid":{"rendered":"https:\/\/portaltela.pt\/noticias\/2026\/01\/23\/carbono-a-preco-do-ouro-implicacoes-para-portugal\/"},"modified":"2026-01-23T21:05:00","modified_gmt":"2026-01-24T00:05:00","slug":"carbono-a-preco-do-ouro-implicacoes-para-portugal","status":"publish","type":"post","link":"https:\/\/portaltela.pt\/noticias\/2026\/01\/23\/carbono-a-preco-do-ouro-implicacoes-para-portugal\/","title":{"rendered":"Carbono a pre\u00e7o do ouro: implica\u00e7\u00f5es para Portugal"},"content":{"rendered":"<p>Nos pr\u00f3ximos meses, Bruxelas vai parar os leil\u00f5es de licen\u00e7as de emiss\u00e3o de carbono ligadas ao REPowerEU assim que a receita de 20 mil milh\u00f5es de euros for atingida. Em Portugal, isso pode influenciar o custo de produzir cimento em Sines, a fatura da eletricidade familiar e a margem or\u00e7amental para investir em energia limpa.<\/p>\n<p>A Comiss\u00e3o Europeia confirmou o fim gradual dos leil\u00f5es, com potencial redu\u00e7\u00e3o de cerca de 40 milh\u00f5es de licen\u00e7as em 2026, se o pre\u00e7o do carbono se mantiver nos n\u00edveis atuais. O an\u00fancio marca o in\u00edcio de uma escassez programada no mercado, que afeta a competitividade da ind\u00fastria europeia e a forma como o pa\u00eds financia a transi\u00e7\u00e3o energ\u00e9tica.<\/p>\n<p>O que \u00e9 o REPowerEU e como \u00e9 financiado<\/p>\n<p>O REPowerEU foi lan\u00e7ado pela UE em 2022 para enfrentar a crise energ\u00e9tica. Os objetivos passam por reduzir a depend\u00eancia de g\u00e1s e carv\u00e3o, acelerar as renov\u00e1veis e aumentar a efici\u00eancia energ\u00e9tica. O financiamento total do plano atinge cerca de 300 mil milh\u00f5es de euros, com 20 mil milh\u00f5es reservados para a transi\u00e7\u00e3o energ\u00e9tica.<\/p>\n<p>Deste montante, 60 por cento prov\u00eam do Fundo de Inova\u00e7\u00e3o e 40 por cento resultam da venda antecipada de licen\u00e7as de emiss\u00e3o do EU ETS. Assim, licen\u00e7as do futuro foram trazidas para j\u00e1 para financiar energia limpa, redes el\u00e9tricas e efici\u00eancia. Entre 2023 e 2026, parte das licen\u00e7as foi redirecionada para o MRR.<\/p>\n<h3>Porqu\u00ea o fim dos leil\u00f5es em 2026 \u00e9 relevante<\/h3>\n<p>O REPowerEU tem como meta angariar 20 mil milh\u00f5es de euros, n\u00e3o um n\u00famero fixo de licen\u00e7as. Se o pre\u00e7o da licen\u00e7a subir, menos licen\u00e7as s\u00e3o necess\u00e1rias para atingir o montante. Os pre\u00e7os recentes rondaram os 90 euros por tonelada de CO2, acima das previs\u00f5es iniciais.<\/p>\n<p>Por isso, o fim antecipado dos leil\u00f5es pode ocorrer antes de agosto de 2026. Analistas estimam uma menor venda de licen\u00e7as, com menos 40 milh\u00f5es de licen\u00e7as em 2026 no cen\u00e1rio atual.<\/p>\n<h3>MSR, teto de emiss\u00f5es e setores em ascens\u00e3o<\/h3>\n<p>A MSR funciona como amortecedor do mercado de carbono. De 2025 a 2026, cerca de 276 milh\u00f5es de licen\u00e7as ficaram retenidas na MSR, reduzindo a oferta em leil\u00e3o. Paralelamente, o teto anual de emiss\u00f5es sofre cortes no \u00e2mbito do fator de redu\u00e7\u00e3o linear, alinhando o sistema \u00e0 meta de redu\u00e7\u00e3o at\u00e9 2030.<\/p>\n<p>Al\u00e9m disso, o transporte mar\u00edtimo passa a integrar parcialmente o EU ETS desde 2024, com cobertura total prevista para 2026, e a avia\u00e7\u00e3o v\u00ea redu\u00e7\u00f5es graduais de licen\u00e7as gratuitas at\u00e9 2034. O CBAM entra em funcionamento em 2026, com impacto nas importa\u00e7\u00f5es de a\u00e7o, cimento, fertilizantes e alum\u00ednio.<\/p>\n<h3>ETS 2: o carbono nas casas e na mobilidade<\/h3>\n<p>O ETS 2 entra em vigor potencialmente a partir de 2027, com o custo do carbono a impactar combust\u00edveis para edif\u00edcios e transportes. Os distribuidores de combust\u00edvel repassar\u00e3o esse custo aos pre\u00e7os de gas\u00f3leo, g\u00e1s e eletricidade, afetando faturas dom\u00e9sticas e de empresas.<\/p>\n<p>Este regime completo poder\u00e1 agravar a pobreza energ\u00e9tica se n\u00e3o houver pol\u00edticas de apoio, como o Fundo Social para o Clima e programas de efici\u00eancia energ\u00e9tica. A componente social \u00e9 relevante para Portugal, que tem parte da popula\u00e7\u00e3o sens\u00edvel a aumentos de custos.<\/p>\n<h3>O que isto significa para Portugal<\/h3>\n<p>Portugal beneficia de fundos REPowerEU e integra-se no mercado de carbono que se torna mais restrito. A ades\u00e3o ao ETS 2 requer a\u00e7\u00f5es nacionais para reduzir consumo, melhorar efici\u00eancia e promover mobilidade sustent\u00e1vel. O pa\u00eds pode apostar em incentivo a energias renov\u00e1veis, reabilita\u00e7\u00e3o energ\u00e9tica e redes de transportes p\u00fablicos.<\/p>\n<p>As empresas portuguesas abrangidas pelo EU ETS enfrentam custos de cumprimento maiores se n\u00e3o reduzirem emiss\u00f5es. A descarboniza\u00e7\u00e3o industrial e o uso de contratos de energia renov\u00e1vel tornam-se estrat\u00e9gicos para manter competitividade.<\/p>\n<h3>Caminhos de pol\u00edtica para responder<\/h3>\n<p>Tratar o pre\u00e7o de carbono como vari\u00e1vel estrat\u00e9gica na pol\u00edtica econ\u00f3mica, integrar cen\u00e1rios de pre\u00e7o nas decis\u00f5es setoriais e planeamento or\u00e7amental.<\/p>\n<p>Executar com rigor o cap\u00edtulo REPowerEU do PRR e preparar o Fundo Social para o Clima para o ETS 2, articulando com instrumentos nacionais e europeus.<\/p>\n<p>Preparar a ind\u00fastria e o parque edificado para um mundo sem almofadas gratuitas, com planos de investimento em tecnologias de baixo carbono e mobilidade sustent\u00e1vel.<\/p>\n<p>Um desafio que exige a\u00e7\u00e3o coordenada entre financiamento, efici\u00eancia e moderniza\u00e7\u00e3o, para evitar que o carbono se torne apenas mais um encargo para quem j\u00e1 enfrenta vulnerabilidades.<\/p>\n","protected":false},"excerpt":{"rendered":"<ul>\n<li>A Comiss\u00e3o Europeia confirmou que ir\u00e1 parar os leil\u00f5es de licen\u00e7as de emiss\u00e3o de carbono (EUAs) ligados ao REPowerEU assim que atingido o objetivo de 20 mil milh\u00f5es de euros de receita, o que pode deixar de lan\u00e7ar cerca de 40 milh\u00f5es de licen\u00e7as em 2026 se o pre\u00e7o se mantiver pr\u00f3ximo de 90 euros por tonelada.<\/li>\n<li>O REPowerEU, com financiamento de cerca de 20 mil milh\u00f5es de euros, utiliza 60 por cento do Fundo de Inova\u00e7\u00e3o e 40 por cento de licen\u00e7as vendidas antecipadamente; em Portugal, o PRR prev\u00ea cerca de 855 milh\u00f5es de euros para efici\u00eancia energ\u00e9tica, renov\u00e1veis e mobilidade sustent\u00e1vel.<\/li>\n<li>Em 2026 entram em jogo v\u00e1rias medidas que reduzem a oferta de licen\u00e7as (MSR), reduzem o teto de emiss\u00f5es (fator de redu\u00e7\u00e3o linear e rebasing) e aumentam a procura regulat\u00f3ria (transporte mar\u00edtimo, avia\u00e7\u00e3o e CBAM), preparando o terreno para o ETS 2.<\/li>\n<li>O ETS 2, dedicado a edif\u00edcios e transportes, dever\u00e1 arrancar em 2027 (podendo atrasar-se at\u00e9 2028) e far\u00e1 incidir o custo do carbono sobre aquecimento, g\u00e1s e combust\u00edvel, impactando especialmente fam\u00edlias, empresas e territ\u00f3rios com depend\u00eancia do autom\u00f3vel.<\/li>\n<li>Para Portugal, isto significa aproveitar ao m\u00e1ximo o REPowerEU e o PRR, preparar o Fundo Social para o Clima, investir em efici\u00eancia energ\u00e9tica e mobilidade sustent\u00e1vel, e evitar que o ETS 2 agrave a pobreza energ\u00e9tica, assegurando uma transi\u00e7\u00e3o energ\u00e9tica justa e competitiva.<\/li>\n<\/ul>\n","protected":false},"author":2,"featured_media":169145,"comment_status":"closed","ping_status":"closed","sticky":false,"template":"","format":"standard","meta":{"footnotes":""},"categories":[1],"tags":[1241,174,3603,202,1014,2055],"class_list":["post-169144","post","type-post","status-publish","format-standard","has-post-thumbnail","hentry","category-noticias","tag-emissoes-de-gases-de-estufa","tag-energia","tag-energias-renovaveis","tag-mobilidade-urbana-e-cidades-inteligentes","tag-portugal","tag-uniao-europeia"],"yoast_head":"<!-- This site is optimized with the Yoast SEO plugin v27.2 - https:\/\/yoast.com\/product\/yoast-seo-wordpress\/ -->\n<title>Carbono a pre\u00e7o do ouro: implica\u00e7\u00f5es para Portugal - Portal Tela Portugal<\/title>\n<meta name=\"robots\" content=\"index, follow, max-snippet:-1, max-image-preview:large, max-video-preview:-1\" \/>\n<meta property=\"og:locale\" content=\"pt_PT\" \/>\n<meta property=\"og:type\" content=\"article\" \/>\n<meta property=\"og:title\" content=\"Carbono a pre\u00e7o do ouro: implica\u00e7\u00f5es para Portugal - Portal Tela Portugal\" \/>\n<meta property=\"og:description\" content=\"A Comiss\u00e3o Europeia confirmou que ir\u00e1 parar os leil\u00f5es de licen\u00e7as de emiss\u00e3o de carbono (EUAs) ligados ao REPowerEU assim que atingido o objetivo de 20 mil milh\u00f5es de euros de receita, o que pode deixar de lan\u00e7ar cerca de 40 milh\u00f5es de licen\u00e7as em 2026 se o pre\u00e7o se mantiver pr\u00f3ximo de 90 euros por tonelada. O REPowerEU, com financiamento de cerca de 20 mil milh\u00f5es de euros, utiliza 60 por cento do Fundo de Inova\u00e7\u00e3o e 40 por cento de licen\u00e7as vendidas antecipadamente; em Portugal, o PRR prev\u00ea cerca de 855 milh\u00f5es de euros para efici\u00eancia energ\u00e9tica, renov\u00e1veis e mobilidade sustent\u00e1vel. Em 2026 entram em jogo v\u00e1rias medidas que reduzem a oferta de licen\u00e7as (MSR), reduzem o teto de emiss\u00f5es (fator de redu\u00e7\u00e3o linear e rebasing) e aumentam a procura regulat\u00f3ria (transporte mar\u00edtimo, avia\u00e7\u00e3o e CBAM), preparando o terreno para o ETS 2. O ETS 2, dedicado a edif\u00edcios e transportes, dever\u00e1 arrancar em 2027 (podendo atrasar-se at\u00e9 2028) e far\u00e1 incidir o custo do carbono sobre aquecimento, g\u00e1s e combust\u00edvel, impactando especialmente fam\u00edlias, empresas e territ\u00f3rios com depend\u00eancia do autom\u00f3vel. Para Portugal, isto significa aproveitar ao m\u00e1ximo o REPowerEU e o PRR, preparar o Fundo Social para o Clima, investir em efici\u00eancia energ\u00e9tica e mobilidade sustent\u00e1vel, e evitar que o ETS 2 agrave a pobreza energ\u00e9tica, assegurando uma transi\u00e7\u00e3o energ\u00e9tica justa e competitiva.\" \/>\n<meta property=\"og:url\" content=\"https:\/\/portaltela.pt\/noticias\/2026\/01\/23\/carbono-a-preco-do-ouro-implicacoes-para-portugal\/\" \/>\n<meta property=\"og:site_name\" content=\"Portal Tela Portugal\" \/>\n<meta property=\"article:published_time\" content=\"2026-01-24T00:05:00+00:00\" \/>\n<meta name=\"author\" content=\"Telinha\" \/>\n<meta name=\"twitter:card\" content=\"summary_large_image\" \/>\n<meta name=\"twitter:label1\" content=\"Escrito por\" \/>\n\t<meta name=\"twitter:data1\" content=\"Telinha\" \/>\n\t<meta name=\"twitter:label2\" content=\"Tempo estimado de leitura\" \/>\n\t<meta name=\"twitter:data2\" content=\"4 minutos\" \/>\n<script type=\"application\/ld+json\" class=\"yoast-schema-graph\">{\"@context\":\"https:\/\/schema.org\",\"@graph\":[{\"@type\":\"Article\",\"@id\":\"https:\/\/portaltela.pt\/noticias\/2026\/01\/23\/carbono-a-preco-do-ouro-implicacoes-para-portugal\/#article\",\"isPartOf\":{\"@id\":\"https:\/\/portaltela.pt\/noticias\/2026\/01\/23\/carbono-a-preco-do-ouro-implicacoes-para-portugal\/\"},\"author\":{\"name\":\"Telinha\",\"@id\":\"https:\/\/portaltela.pt\/#\/schema\/person\/c4278d4a6028830caff9ee44b42d32ed\"},\"headline\":\"Carbono a pre\u00e7o do ouro: implica\u00e7\u00f5es para Portugal\",\"datePublished\":\"2026-01-24T00:05:00+00:00\",\"mainEntityOfPage\":{\"@id\":\"https:\/\/portaltela.pt\/noticias\/2026\/01\/23\/carbono-a-preco-do-ouro-implicacoes-para-portugal\/\"},\"wordCount\":804,\"image\":{\"@id\":\"https:\/\/portaltela.pt\/noticias\/2026\/01\/23\/carbono-a-preco-do-ouro-implicacoes-para-portugal\/#primaryimage\"},\"thumbnailUrl\":\"https:\/\/portaltela.pt\/s.01k8rhncp4jt1\/2026\/01\/antero-carvalho-foto-1.jpg\",\"keywords\":[\"Emiss\u00f5es de Gases de Estufa\",\"energia\",\"energias renov\u00e1veis\",\"Mobilidade Urbana e Cidades Inteligentes\",\"Portugal\",\"Uni\u00e3o Europeia\"],\"articleSection\":[\"Not\u00edcias\"],\"inLanguage\":\"pt-PT\"},{\"@type\":\"WebPage\",\"@id\":\"https:\/\/portaltela.pt\/noticias\/2026\/01\/23\/carbono-a-preco-do-ouro-implicacoes-para-portugal\/\",\"url\":\"https:\/\/portaltela.pt\/noticias\/2026\/01\/23\/carbono-a-preco-do-ouro-implicacoes-para-portugal\/\",\"name\":\"Carbono a pre\u00e7o do ouro: implica\u00e7\u00f5es para Portugal - Portal Tela Portugal\",\"isPartOf\":{\"@id\":\"https:\/\/portaltela.pt\/#website\"},\"primaryImageOfPage\":{\"@id\":\"https:\/\/portaltela.pt\/noticias\/2026\/01\/23\/carbono-a-preco-do-ouro-implicacoes-para-portugal\/#primaryimage\"},\"image\":{\"@id\":\"https:\/\/portaltela.pt\/noticias\/2026\/01\/23\/carbono-a-preco-do-ouro-implicacoes-para-portugal\/#primaryimage\"},\"thumbnailUrl\":\"https:\/\/portaltela.pt\/s.01k8rhncp4jt1\/2026\/01\/antero-carvalho-foto-1.jpg\",\"datePublished\":\"2026-01-24T00:05:00+00:00\",\"author\":{\"@id\":\"https:\/\/portaltela.pt\/#\/schema\/person\/c4278d4a6028830caff9ee44b42d32ed\"},\"breadcrumb\":{\"@id\":\"https:\/\/portaltela.pt\/noticias\/2026\/01\/23\/carbono-a-preco-do-ouro-implicacoes-para-portugal\/#breadcrumb\"},\"inLanguage\":\"pt-PT\",\"potentialAction\":[{\"@type\":\"ReadAction\",\"target\":[\"https:\/\/portaltela.pt\/noticias\/2026\/01\/23\/carbono-a-preco-do-ouro-implicacoes-para-portugal\/\"]}]},{\"@type\":\"ImageObject\",\"inLanguage\":\"pt-PT\",\"@id\":\"https:\/\/portaltela.pt\/noticias\/2026\/01\/23\/carbono-a-preco-do-ouro-implicacoes-para-portugal\/#primaryimage\",\"url\":\"https:\/\/portaltela.pt\/s.01k8rhncp4jt1\/2026\/01\/antero-carvalho-foto-1.jpg\",\"contentUrl\":\"https:\/\/portaltela.pt\/s.01k8rhncp4jt1\/2026\/01\/antero-carvalho-foto-1.jpg\",\"width\":796,\"height\":448,\"caption\":\"Photo\"},{\"@type\":\"BreadcrumbList\",\"@id\":\"https:\/\/portaltela.pt\/noticias\/2026\/01\/23\/carbono-a-preco-do-ouro-implicacoes-para-portugal\/#breadcrumb\",\"itemListElement\":[{\"@type\":\"ListItem\",\"position\":1,\"name\":\"In\u00edcio\",\"item\":\"https:\/\/portaltela.pt\/\"},{\"@type\":\"ListItem\",\"position\":2,\"name\":\"Carbono a pre\u00e7o do ouro: implica\u00e7\u00f5es para Portugal\"}]},{\"@type\":\"WebSite\",\"@id\":\"https:\/\/portaltela.pt\/#website\",\"url\":\"https:\/\/portaltela.pt\/\",\"name\":\"Portal Tela Portugal\",\"description\":\"\",\"potentialAction\":[{\"@type\":\"SearchAction\",\"target\":{\"@type\":\"EntryPoint\",\"urlTemplate\":\"https:\/\/portaltela.pt\/?s={search_term_string}\"},\"query-input\":{\"@type\":\"PropertyValueSpecification\",\"valueRequired\":true,\"valueName\":\"search_term_string\"}}],\"inLanguage\":\"pt-PT\"},{\"@type\":\"Person\",\"@id\":\"https:\/\/portaltela.pt\/#\/schema\/person\/c4278d4a6028830caff9ee44b42d32ed\",\"name\":\"Telinha\",\"image\":{\"@type\":\"ImageObject\",\"inLanguage\":\"pt-PT\",\"@id\":\"https:\/\/portaltela.pt\/s.01k8rhncp4jt1\/2025\/11\/talking-bot-125x125.png\",\"url\":\"https:\/\/portaltela.pt\/s.01k8rhncp4jt1\/2025\/11\/talking-bot-125x125.png\",\"contentUrl\":\"https:\/\/portaltela.pt\/s.01k8rhncp4jt1\/2025\/11\/talking-bot-125x125.png\",\"caption\":\"Telinha\"},\"sameAs\":[\"https:\/\/portaltela.pt\/\"],\"url\":\"https:\/\/portaltela.pt\/por\/367410592786\/\"}]}<\/script>\n<!-- \/ Yoast SEO plugin. -->","yoast_head_json":{"title":"Carbono a pre\u00e7o do ouro: implica\u00e7\u00f5es para Portugal - Portal Tela Portugal","robots":{"index":"index","follow":"follow","max-snippet":"max-snippet:-1","max-image-preview":"max-image-preview:large","max-video-preview":"max-video-preview:-1"},"og_locale":"pt_PT","og_type":"article","og_title":"Carbono a pre\u00e7o do ouro: implica\u00e7\u00f5es para Portugal - Portal Tela Portugal","og_description":"A Comiss\u00e3o Europeia confirmou que ir\u00e1 parar os leil\u00f5es de licen\u00e7as de emiss\u00e3o de carbono (EUAs) ligados ao REPowerEU assim que atingido o objetivo de 20 mil milh\u00f5es de euros de receita, o que pode deixar de lan\u00e7ar cerca de 40 milh\u00f5es de licen\u00e7as em 2026 se o pre\u00e7o se mantiver pr\u00f3ximo de 90 euros por tonelada. O REPowerEU, com financiamento de cerca de 20 mil milh\u00f5es de euros, utiliza 60 por cento do Fundo de Inova\u00e7\u00e3o e 40 por cento de licen\u00e7as vendidas antecipadamente; em Portugal, o PRR prev\u00ea cerca de 855 milh\u00f5es de euros para efici\u00eancia energ\u00e9tica, renov\u00e1veis e mobilidade sustent\u00e1vel. Em 2026 entram em jogo v\u00e1rias medidas que reduzem a oferta de licen\u00e7as (MSR), reduzem o teto de emiss\u00f5es (fator de redu\u00e7\u00e3o linear e rebasing) e aumentam a procura regulat\u00f3ria (transporte mar\u00edtimo, avia\u00e7\u00e3o e CBAM), preparando o terreno para o ETS 2. O ETS 2, dedicado a edif\u00edcios e transportes, dever\u00e1 arrancar em 2027 (podendo atrasar-se at\u00e9 2028) e far\u00e1 incidir o custo do carbono sobre aquecimento, g\u00e1s e combust\u00edvel, impactando especialmente fam\u00edlias, empresas e territ\u00f3rios com depend\u00eancia do autom\u00f3vel. Para Portugal, isto significa aproveitar ao m\u00e1ximo o REPowerEU e o PRR, preparar o Fundo Social para o Clima, investir em efici\u00eancia energ\u00e9tica e mobilidade sustent\u00e1vel, e evitar que o ETS 2 agrave a pobreza energ\u00e9tica, assegurando uma transi\u00e7\u00e3o energ\u00e9tica justa e competitiva.","og_url":"https:\/\/portaltela.pt\/noticias\/2026\/01\/23\/carbono-a-preco-do-ouro-implicacoes-para-portugal\/","og_site_name":"Portal Tela Portugal","article_published_time":"2026-01-24T00:05:00+00:00","author":"Telinha","twitter_card":"summary_large_image","twitter_misc":{"Escrito por":"Telinha","Tempo estimado de leitura":"4 minutos"},"schema":{"@context":"https:\/\/schema.org","@graph":[{"@type":"Article","@id":"https:\/\/portaltela.pt\/noticias\/2026\/01\/23\/carbono-a-preco-do-ouro-implicacoes-para-portugal\/#article","isPartOf":{"@id":"https:\/\/portaltela.pt\/noticias\/2026\/01\/23\/carbono-a-preco-do-ouro-implicacoes-para-portugal\/"},"author":{"name":"Telinha","@id":"https:\/\/portaltela.pt\/#\/schema\/person\/c4278d4a6028830caff9ee44b42d32ed"},"headline":"Carbono a pre\u00e7o do ouro: implica\u00e7\u00f5es para Portugal","datePublished":"2026-01-24T00:05:00+00:00","mainEntityOfPage":{"@id":"https:\/\/portaltela.pt\/noticias\/2026\/01\/23\/carbono-a-preco-do-ouro-implicacoes-para-portugal\/"},"wordCount":804,"image":{"@id":"https:\/\/portaltela.pt\/noticias\/2026\/01\/23\/carbono-a-preco-do-ouro-implicacoes-para-portugal\/#primaryimage"},"thumbnailUrl":"https:\/\/portaltela.pt\/s.01k8rhncp4jt1\/2026\/01\/antero-carvalho-foto-1.jpg","keywords":["Emiss\u00f5es de Gases de Estufa","energia","energias renov\u00e1veis","Mobilidade Urbana e Cidades Inteligentes","Portugal","Uni\u00e3o Europeia"],"articleSection":["Not\u00edcias"],"inLanguage":"pt-PT"},{"@type":"WebPage","@id":"https:\/\/portaltela.pt\/noticias\/2026\/01\/23\/carbono-a-preco-do-ouro-implicacoes-para-portugal\/","url":"https:\/\/portaltela.pt\/noticias\/2026\/01\/23\/carbono-a-preco-do-ouro-implicacoes-para-portugal\/","name":"Carbono a pre\u00e7o do ouro: implica\u00e7\u00f5es para Portugal - Portal Tela Portugal","isPartOf":{"@id":"https:\/\/portaltela.pt\/#website"},"primaryImageOfPage":{"@id":"https:\/\/portaltela.pt\/noticias\/2026\/01\/23\/carbono-a-preco-do-ouro-implicacoes-para-portugal\/#primaryimage"},"image":{"@id":"https:\/\/portaltela.pt\/noticias\/2026\/01\/23\/carbono-a-preco-do-ouro-implicacoes-para-portugal\/#primaryimage"},"thumbnailUrl":"https:\/\/portaltela.pt\/s.01k8rhncp4jt1\/2026\/01\/antero-carvalho-foto-1.jpg","datePublished":"2026-01-24T00:05:00+00:00","author":{"@id":"https:\/\/portaltela.pt\/#\/schema\/person\/c4278d4a6028830caff9ee44b42d32ed"},"breadcrumb":{"@id":"https:\/\/portaltela.pt\/noticias\/2026\/01\/23\/carbono-a-preco-do-ouro-implicacoes-para-portugal\/#breadcrumb"},"inLanguage":"pt-PT","potentialAction":[{"@type":"ReadAction","target":["https:\/\/portaltela.pt\/noticias\/2026\/01\/23\/carbono-a-preco-do-ouro-implicacoes-para-portugal\/"]}]},{"@type":"ImageObject","inLanguage":"pt-PT","@id":"https:\/\/portaltela.pt\/noticias\/2026\/01\/23\/carbono-a-preco-do-ouro-implicacoes-para-portugal\/#primaryimage","url":"https:\/\/portaltela.pt\/s.01k8rhncp4jt1\/2026\/01\/antero-carvalho-foto-1.jpg","contentUrl":"https:\/\/portaltela.pt\/s.01k8rhncp4jt1\/2026\/01\/antero-carvalho-foto-1.jpg","width":796,"height":448,"caption":"Photo"},{"@type":"BreadcrumbList","@id":"https:\/\/portaltela.pt\/noticias\/2026\/01\/23\/carbono-a-preco-do-ouro-implicacoes-para-portugal\/#breadcrumb","itemListElement":[{"@type":"ListItem","position":1,"name":"In\u00edcio","item":"https:\/\/portaltela.pt\/"},{"@type":"ListItem","position":2,"name":"Carbono a pre\u00e7o do ouro: implica\u00e7\u00f5es para Portugal"}]},{"@type":"WebSite","@id":"https:\/\/portaltela.pt\/#website","url":"https:\/\/portaltela.pt\/","name":"Portal Tela Portugal","description":"","potentialAction":[{"@type":"SearchAction","target":{"@type":"EntryPoint","urlTemplate":"https:\/\/portaltela.pt\/?s={search_term_string}"},"query-input":{"@type":"PropertyValueSpecification","valueRequired":true,"valueName":"search_term_string"}}],"inLanguage":"pt-PT"},{"@type":"Person","@id":"https:\/\/portaltela.pt\/#\/schema\/person\/c4278d4a6028830caff9ee44b42d32ed","name":"Telinha","image":{"@type":"ImageObject","inLanguage":"pt-PT","@id":"https:\/\/portaltela.pt\/s.01k8rhncp4jt1\/2025\/11\/talking-bot-125x125.png","url":"https:\/\/portaltela.pt\/s.01k8rhncp4jt1\/2025\/11\/talking-bot-125x125.png","contentUrl":"https:\/\/portaltela.pt\/s.01k8rhncp4jt1\/2025\/11\/talking-bot-125x125.png","caption":"Telinha"},"sameAs":["https:\/\/portaltela.pt\/"],"url":"https:\/\/portaltela.pt\/por\/367410592786\/"}]}},"_links":{"self":[{"href":"https:\/\/portaltela.pt\/api\/wp\/v2\/posts\/169144","targetHints":{"allow":["GET"]}}],"collection":[{"href":"https:\/\/portaltela.pt\/api\/wp\/v2\/posts"}],"about":[{"href":"https:\/\/portaltela.pt\/api\/wp\/v2\/types\/post"}],"author":[{"embeddable":true,"href":"https:\/\/portaltela.pt\/api\/wp\/v2\/users\/2"}],"replies":[{"embeddable":true,"href":"https:\/\/portaltela.pt\/api\/wp\/v2\/comments?post=169144"}],"version-history":[{"count":0,"href":"https:\/\/portaltela.pt\/api\/wp\/v2\/posts\/169144\/revisions"}],"wp:featuredmedia":[{"embeddable":true,"href":"https:\/\/portaltela.pt\/api\/wp\/v2\/media\/169145"}],"wp:attachment":[{"href":"https:\/\/portaltela.pt\/api\/wp\/v2\/media?parent=169144"}],"wp:term":[{"taxonomy":"category","embeddable":true,"href":"https:\/\/portaltela.pt\/api\/wp\/v2\/categories?post=169144"},{"taxonomy":"post_tag","embeddable":true,"href":"https:\/\/portaltela.pt\/api\/wp\/v2\/tags?post=169144"}],"curies":[{"name":"wp","href":"https:\/\/api.w.org\/{rel}","templated":true}]}}