{"id":169107,"date":"2026-01-23T14:10:00","date_gmt":"2026-01-23T17:10:00","guid":{"rendered":"https:\/\/portaltela.pt\/noticias\/2026\/01\/23\/ex-treinador-de-beckham-diz-ter-sentido-pena-e-visto-comportamentos-estranhos\/"},"modified":"2026-01-23T14:10:00","modified_gmt":"2026-01-23T17:10:00","slug":"ex-treinador-de-beckham-diz-ter-sentido-pena-e-visto-comportamentos-estranhos","status":"publish","type":"post","link":"https:\/\/portaltela.pt\/noticias\/2026\/01\/23\/ex-treinador-de-beckham-diz-ter-sentido-pena-e-visto-comportamentos-estranhos\/","title":{"rendered":"Ex-treinador de Beckham diz ter sentido pena e visto comportamentos estranhos"},"content":{"rendered":"<p>O ex-treinador Anthony McCool, que orientou Brooklyn Beckham na forma\u00e7\u00e3o do QPR, partilhou no LinkedIn a sua perspetiva sobre a pol\u00e9mica envolvendo o filho mais velho de David e Victoria Beckham. O texto n\u00e3o toma partido, mas descreve \u201ccomportamentos estranhos\u201d observados na altura.<\/p>\n<p>McCool afirma ter testemunhado ansiedade e uma din\u00e2mica familiar dif\u00edcil, sem apontar dedos. Refere que a situa\u00e7\u00e3o \u00e9 complexa e n\u00e3o cabe a nenhum deles ser julgado por quem n\u00e3o viveu esse quotidiano.<\/p>\n<p>O antigo t\u00e9cnico refere ainda que a experi\u00eancia o fez perceber que ser famoso n\u00e3o garante felicidade. Conta que ver o rapaz acompanhado por seguran\u00e7as aos 14 anos o deixou consciente da complexidade do tema.<\/p>\n<p>A publica\u00e7\u00e3o no LinkedIn surge ap\u00f3s Brooklyn Beckham ter acusado os pais de serem controladores, numa mensagem que gerou v\u00e1rias rea\u00e7\u00f5es no mundo do desporto e do entretenimento. A not\u00edcia n\u00e3o cita testemunhos adicionais.<\/p>\n<p>Aquelas declara\u00e7\u00f5es de McCool s\u00e3o apresentadas como uma vis\u00e3o pessoal, sem entrar no m\u00e9rito de pol\u00edticas familiares ou decis\u00f5es de carreira de Brooklyn. O treinador conclui desejando que a fam\u00edlia resolva as diferen\u00e7as.<\/p>\n","protected":false},"excerpt":{"rendered":"<ul>\n<li>Brooklyn Beckham publicou um longo comunicado a acusar os pais, Victoria e David Beckham, de serem \u201ccontroladores\u201d.<\/li>\n<li>Anthony McCool, antigo treinador do filho mais velho no Queens Park Rangers (QPR), recorreu ao LinkedIn para comentar a pol\u00e9mica, dizendo ter visto \u201ccomportamentos estranhos\u201d e ansiedade.<\/li>\n<li>O treinador afirma n\u00e3o tomar partido e reconhece que n\u00e3o conhece os envolvidos, mas garante ter presenciado uma din\u00e2mica dif\u00edcil de julgar.<\/li>\n<li>McCool destaca que andar com um seguran\u00e7a permanente aos 14 anos mostra a complexidade de crescer sob os holofotes.<\/li>\n<li>Alega esperar que os Beckhams fechem fileiras e resolvam as diferen\u00e7as.<\/li>\n<\/ul>\n","protected":false},"author":2,"featured_media":169124,"comment_status":"closed","ping_status":"closed","sticky":false,"template":"","format":"standard","meta":{"footnotes":""},"categories":[1],"tags":[76,111,3551,64,78,2249],"class_list":["post-169107","post","type-post","status-publish","format-standard","has-post-thumbnail","hentry","category-noticias","tag-celebridades","tag-comportamento","tag-david-beckham","tag-familia","tag-famosos","tag-psicologia"],"yoast_head":"<!-- This site is optimized with the Yoast SEO plugin v27.2 - https:\/\/yoast.com\/product\/yoast-seo-wordpress\/ -->\n<title>Ex-treinador de Beckham diz ter sentido pena e visto comportamentos estranhos - Portal Tela Portugal<\/title>\n<meta name=\"robots\" content=\"index, follow, max-snippet:-1, max-image-preview:large, max-video-preview:-1\" \/>\n<meta property=\"og:locale\" content=\"pt_PT\" \/>\n<meta property=\"og:type\" content=\"article\" \/>\n<meta property=\"og:title\" content=\"Ex-treinador de Beckham diz ter sentido pena e visto comportamentos estranhos - Portal Tela Portugal\" \/>\n<meta property=\"og:description\" content=\"Brooklyn Beckham publicou um longo comunicado a acusar os pais, Victoria e David Beckham, de serem \u201ccontroladores\u201d. Anthony McCool, antigo treinador do filho mais velho no Queens Park Rangers (QPR), recorreu ao LinkedIn para comentar a pol\u00e9mica, dizendo ter visto \u201ccomportamentos estranhos\u201d e ansiedade. O treinador afirma n\u00e3o tomar partido e reconhece que n\u00e3o conhece os envolvidos, mas garante ter presenciado uma din\u00e2mica dif\u00edcil de julgar. McCool destaca que andar com um seguran\u00e7a permanente aos 14 anos mostra a complexidade de crescer sob os holofotes. Alega esperar que os Beckhams fechem fileiras e resolvam as diferen\u00e7as.\" \/>\n<meta property=\"og:url\" content=\"https:\/\/portaltela.pt\/noticias\/2026\/01\/23\/ex-treinador-de-beckham-diz-ter-sentido-pena-e-visto-comportamentos-estranhos\/\" \/>\n<meta property=\"og:site_name\" content=\"Portal Tela Portugal\" \/>\n<meta property=\"article:published_time\" content=\"2026-01-23T17:10:00+00:00\" \/>\n<meta name=\"author\" content=\"Telinha\" \/>\n<meta name=\"twitter:card\" content=\"summary_large_image\" \/>\n<meta name=\"twitter:label1\" content=\"Escrito por\" \/>\n\t<meta name=\"twitter:data1\" content=\"Telinha\" \/>\n\t<meta name=\"twitter:label2\" content=\"Tempo estimado de leitura\" \/>\n\t<meta name=\"twitter:data2\" content=\"1 minuto\" \/>\n<script type=\"application\/ld+json\" class=\"yoast-schema-graph\">{\"@context\":\"https:\/\/schema.org\",\"@graph\":[{\"@type\":\"Article\",\"@id\":\"https:\/\/portaltela.pt\/noticias\/2026\/01\/23\/ex-treinador-de-beckham-diz-ter-sentido-pena-e-visto-comportamentos-estranhos\/#article\",\"isPartOf\":{\"@id\":\"https:\/\/portaltela.pt\/noticias\/2026\/01\/23\/ex-treinador-de-beckham-diz-ter-sentido-pena-e-visto-comportamentos-estranhos\/\"},\"author\":{\"name\":\"Telinha\",\"@id\":\"https:\/\/portaltela.pt\/#\/schema\/person\/c4278d4a6028830caff9ee44b42d32ed\"},\"headline\":\"Ex-treinador de Beckham diz ter sentido pena e visto comportamentos estranhos\",\"datePublished\":\"2026-01-23T17:10:00+00:00\",\"mainEntityOfPage\":{\"@id\":\"https:\/\/portaltela.pt\/noticias\/2026\/01\/23\/ex-treinador-de-beckham-diz-ter-sentido-pena-e-visto-comportamentos-estranhos\/\"},\"wordCount\":213,\"image\":{\"@id\":\"https:\/\/portaltela.pt\/noticias\/2026\/01\/23\/ex-treinador-de-beckham-diz-ter-sentido-pena-e-visto-comportamentos-estranhos\/#primaryimage\"},\"thumbnailUrl\":\"https:\/\/portaltela.pt\/s.01k8rhncp4jt1\/2026\/01\/img_920x518uu2026-01-23-17-10-31-2416874-4.jpg\",\"keywords\":[\"celebridades\",\"comportamento\",\"David Beckham\",\"fam\u00edlia\",\"famosos\",\"psicologia\"],\"articleSection\":[\"Not\u00edcias\"],\"inLanguage\":\"pt-PT\"},{\"@type\":\"WebPage\",\"@id\":\"https:\/\/portaltela.pt\/noticias\/2026\/01\/23\/ex-treinador-de-beckham-diz-ter-sentido-pena-e-visto-comportamentos-estranhos\/\",\"url\":\"https:\/\/portaltela.pt\/noticias\/2026\/01\/23\/ex-treinador-de-beckham-diz-ter-sentido-pena-e-visto-comportamentos-estranhos\/\",\"name\":\"Ex-treinador de Beckham diz ter sentido pena e visto comportamentos estranhos - Portal Tela Portugal\",\"isPartOf\":{\"@id\":\"https:\/\/portaltela.pt\/#website\"},\"primaryImageOfPage\":{\"@id\":\"https:\/\/portaltela.pt\/noticias\/2026\/01\/23\/ex-treinador-de-beckham-diz-ter-sentido-pena-e-visto-comportamentos-estranhos\/#primaryimage\"},\"image\":{\"@id\":\"https:\/\/portaltela.pt\/noticias\/2026\/01\/23\/ex-treinador-de-beckham-diz-ter-sentido-pena-e-visto-comportamentos-estranhos\/#primaryimage\"},\"thumbnailUrl\":\"https:\/\/portaltela.pt\/s.01k8rhncp4jt1\/2026\/01\/img_920x518uu2026-01-23-17-10-31-2416874-4.jpg\",\"datePublished\":\"2026-01-23T17:10:00+00:00\",\"author\":{\"@id\":\"https:\/\/portaltela.pt\/#\/schema\/person\/c4278d4a6028830caff9ee44b42d32ed\"},\"breadcrumb\":{\"@id\":\"https:\/\/portaltela.pt\/noticias\/2026\/01\/23\/ex-treinador-de-beckham-diz-ter-sentido-pena-e-visto-comportamentos-estranhos\/#breadcrumb\"},\"inLanguage\":\"pt-PT\",\"potentialAction\":[{\"@type\":\"ReadAction\",\"target\":[\"https:\/\/portaltela.pt\/noticias\/2026\/01\/23\/ex-treinador-de-beckham-diz-ter-sentido-pena-e-visto-comportamentos-estranhos\/\"]}]},{\"@type\":\"ImageObject\",\"inLanguage\":\"pt-PT\",\"@id\":\"https:\/\/portaltela.pt\/noticias\/2026\/01\/23\/ex-treinador-de-beckham-diz-ter-sentido-pena-e-visto-comportamentos-estranhos\/#primaryimage\",\"url\":\"https:\/\/portaltela.pt\/s.01k8rhncp4jt1\/2026\/01\/img_920x518uu2026-01-23-17-10-31-2416874-4.jpg\",\"contentUrl\":\"https:\/\/portaltela.pt\/s.01k8rhncp4jt1\/2026\/01\/img_920x518uu2026-01-23-17-10-31-2416874-4.jpg\",\"width\":796,\"height\":448,\"caption\":\"Brooklyn Beckham\"},{\"@type\":\"BreadcrumbList\",\"@id\":\"https:\/\/portaltela.pt\/noticias\/2026\/01\/23\/ex-treinador-de-beckham-diz-ter-sentido-pena-e-visto-comportamentos-estranhos\/#breadcrumb\",\"itemListElement\":[{\"@type\":\"ListItem\",\"position\":1,\"name\":\"In\u00edcio\",\"item\":\"https:\/\/portaltela.pt\/\"},{\"@type\":\"ListItem\",\"position\":2,\"name\":\"Ex-treinador de Beckham diz ter sentido pena e visto comportamentos estranhos\"}]},{\"@type\":\"WebSite\",\"@id\":\"https:\/\/portaltela.pt\/#website\",\"url\":\"https:\/\/portaltela.pt\/\",\"name\":\"Portal Tela Portugal\",\"description\":\"\",\"potentialAction\":[{\"@type\":\"SearchAction\",\"target\":{\"@type\":\"EntryPoint\",\"urlTemplate\":\"https:\/\/portaltela.pt\/?s={search_term_string}\"},\"query-input\":{\"@type\":\"PropertyValueSpecification\",\"valueRequired\":true,\"valueName\":\"search_term_string\"}}],\"inLanguage\":\"pt-PT\"},{\"@type\":\"Person\",\"@id\":\"https:\/\/portaltela.pt\/#\/schema\/person\/c4278d4a6028830caff9ee44b42d32ed\",\"name\":\"Telinha\",\"image\":{\"@type\":\"ImageObject\",\"inLanguage\":\"pt-PT\",\"@id\":\"https:\/\/portaltela.pt\/s.01k8rhncp4jt1\/2025\/11\/talking-bot-125x125.png\",\"url\":\"https:\/\/portaltela.pt\/s.01k8rhncp4jt1\/2025\/11\/talking-bot-125x125.png\",\"contentUrl\":\"https:\/\/portaltela.pt\/s.01k8rhncp4jt1\/2025\/11\/talking-bot-125x125.png\",\"caption\":\"Telinha\"},\"sameAs\":[\"https:\/\/portaltela.pt\/\"],\"url\":\"https:\/\/portaltela.pt\/por\/367410592786\/\"}]}<\/script>\n<!-- \/ Yoast SEO plugin. -->","yoast_head_json":{"title":"Ex-treinador de Beckham diz ter sentido pena e visto comportamentos estranhos - Portal Tela Portugal","robots":{"index":"index","follow":"follow","max-snippet":"max-snippet:-1","max-image-preview":"max-image-preview:large","max-video-preview":"max-video-preview:-1"},"og_locale":"pt_PT","og_type":"article","og_title":"Ex-treinador de Beckham diz ter sentido pena e visto comportamentos estranhos - Portal Tela Portugal","og_description":"Brooklyn Beckham publicou um longo comunicado a acusar os pais, Victoria e David Beckham, de serem \u201ccontroladores\u201d. Anthony McCool, antigo treinador do filho mais velho no Queens Park Rangers (QPR), recorreu ao LinkedIn para comentar a pol\u00e9mica, dizendo ter visto \u201ccomportamentos estranhos\u201d e ansiedade. O treinador afirma n\u00e3o tomar partido e reconhece que n\u00e3o conhece os envolvidos, mas garante ter presenciado uma din\u00e2mica dif\u00edcil de julgar. McCool destaca que andar com um seguran\u00e7a permanente aos 14 anos mostra a complexidade de crescer sob os holofotes. Alega esperar que os Beckhams fechem fileiras e resolvam as diferen\u00e7as.","og_url":"https:\/\/portaltela.pt\/noticias\/2026\/01\/23\/ex-treinador-de-beckham-diz-ter-sentido-pena-e-visto-comportamentos-estranhos\/","og_site_name":"Portal Tela Portugal","article_published_time":"2026-01-23T17:10:00+00:00","author":"Telinha","twitter_card":"summary_large_image","twitter_misc":{"Escrito por":"Telinha","Tempo estimado de leitura":"1 minuto"},"schema":{"@context":"https:\/\/schema.org","@graph":[{"@type":"Article","@id":"https:\/\/portaltela.pt\/noticias\/2026\/01\/23\/ex-treinador-de-beckham-diz-ter-sentido-pena-e-visto-comportamentos-estranhos\/#article","isPartOf":{"@id":"https:\/\/portaltela.pt\/noticias\/2026\/01\/23\/ex-treinador-de-beckham-diz-ter-sentido-pena-e-visto-comportamentos-estranhos\/"},"author":{"name":"Telinha","@id":"https:\/\/portaltela.pt\/#\/schema\/person\/c4278d4a6028830caff9ee44b42d32ed"},"headline":"Ex-treinador de Beckham diz ter sentido pena e visto comportamentos estranhos","datePublished":"2026-01-23T17:10:00+00:00","mainEntityOfPage":{"@id":"https:\/\/portaltela.pt\/noticias\/2026\/01\/23\/ex-treinador-de-beckham-diz-ter-sentido-pena-e-visto-comportamentos-estranhos\/"},"wordCount":213,"image":{"@id":"https:\/\/portaltela.pt\/noticias\/2026\/01\/23\/ex-treinador-de-beckham-diz-ter-sentido-pena-e-visto-comportamentos-estranhos\/#primaryimage"},"thumbnailUrl":"https:\/\/portaltela.pt\/s.01k8rhncp4jt1\/2026\/01\/img_920x518uu2026-01-23-17-10-31-2416874-4.jpg","keywords":["celebridades","comportamento","David Beckham","fam\u00edlia","famosos","psicologia"],"articleSection":["Not\u00edcias"],"inLanguage":"pt-PT"},{"@type":"WebPage","@id":"https:\/\/portaltela.pt\/noticias\/2026\/01\/23\/ex-treinador-de-beckham-diz-ter-sentido-pena-e-visto-comportamentos-estranhos\/","url":"https:\/\/portaltela.pt\/noticias\/2026\/01\/23\/ex-treinador-de-beckham-diz-ter-sentido-pena-e-visto-comportamentos-estranhos\/","name":"Ex-treinador de Beckham diz ter sentido pena e visto comportamentos estranhos - Portal Tela Portugal","isPartOf":{"@id":"https:\/\/portaltela.pt\/#website"},"primaryImageOfPage":{"@id":"https:\/\/portaltela.pt\/noticias\/2026\/01\/23\/ex-treinador-de-beckham-diz-ter-sentido-pena-e-visto-comportamentos-estranhos\/#primaryimage"},"image":{"@id":"https:\/\/portaltela.pt\/noticias\/2026\/01\/23\/ex-treinador-de-beckham-diz-ter-sentido-pena-e-visto-comportamentos-estranhos\/#primaryimage"},"thumbnailUrl":"https:\/\/portaltela.pt\/s.01k8rhncp4jt1\/2026\/01\/img_920x518uu2026-01-23-17-10-31-2416874-4.jpg","datePublished":"2026-01-23T17:10:00+00:00","author":{"@id":"https:\/\/portaltela.pt\/#\/schema\/person\/c4278d4a6028830caff9ee44b42d32ed"},"breadcrumb":{"@id":"https:\/\/portaltela.pt\/noticias\/2026\/01\/23\/ex-treinador-de-beckham-diz-ter-sentido-pena-e-visto-comportamentos-estranhos\/#breadcrumb"},"inLanguage":"pt-PT","potentialAction":[{"@type":"ReadAction","target":["https:\/\/portaltela.pt\/noticias\/2026\/01\/23\/ex-treinador-de-beckham-diz-ter-sentido-pena-e-visto-comportamentos-estranhos\/"]}]},{"@type":"ImageObject","inLanguage":"pt-PT","@id":"https:\/\/portaltela.pt\/noticias\/2026\/01\/23\/ex-treinador-de-beckham-diz-ter-sentido-pena-e-visto-comportamentos-estranhos\/#primaryimage","url":"https:\/\/portaltela.pt\/s.01k8rhncp4jt1\/2026\/01\/img_920x518uu2026-01-23-17-10-31-2416874-4.jpg","contentUrl":"https:\/\/portaltela.pt\/s.01k8rhncp4jt1\/2026\/01\/img_920x518uu2026-01-23-17-10-31-2416874-4.jpg","width":796,"height":448,"caption":"Brooklyn Beckham"},{"@type":"BreadcrumbList","@id":"https:\/\/portaltela.pt\/noticias\/2026\/01\/23\/ex-treinador-de-beckham-diz-ter-sentido-pena-e-visto-comportamentos-estranhos\/#breadcrumb","itemListElement":[{"@type":"ListItem","position":1,"name":"In\u00edcio","item":"https:\/\/portaltela.pt\/"},{"@type":"ListItem","position":2,"name":"Ex-treinador de Beckham diz ter sentido pena e visto comportamentos estranhos"}]},{"@type":"WebSite","@id":"https:\/\/portaltela.pt\/#website","url":"https:\/\/portaltela.pt\/","name":"Portal Tela Portugal","description":"","potentialAction":[{"@type":"SearchAction","target":{"@type":"EntryPoint","urlTemplate":"https:\/\/portaltela.pt\/?s={search_term_string}"},"query-input":{"@type":"PropertyValueSpecification","valueRequired":true,"valueName":"search_term_string"}}],"inLanguage":"pt-PT"},{"@type":"Person","@id":"https:\/\/portaltela.pt\/#\/schema\/person\/c4278d4a6028830caff9ee44b42d32ed","name":"Telinha","image":{"@type":"ImageObject","inLanguage":"pt-PT","@id":"https:\/\/portaltela.pt\/s.01k8rhncp4jt1\/2025\/11\/talking-bot-125x125.png","url":"https:\/\/portaltela.pt\/s.01k8rhncp4jt1\/2025\/11\/talking-bot-125x125.png","contentUrl":"https:\/\/portaltela.pt\/s.01k8rhncp4jt1\/2025\/11\/talking-bot-125x125.png","caption":"Telinha"},"sameAs":["https:\/\/portaltela.pt\/"],"url":"https:\/\/portaltela.pt\/por\/367410592786\/"}]}},"_links":{"self":[{"href":"https:\/\/portaltela.pt\/api\/wp\/v2\/posts\/169107","targetHints":{"allow":["GET"]}}],"collection":[{"href":"https:\/\/portaltela.pt\/api\/wp\/v2\/posts"}],"about":[{"href":"https:\/\/portaltela.pt\/api\/wp\/v2\/types\/post"}],"author":[{"embeddable":true,"href":"https:\/\/portaltela.pt\/api\/wp\/v2\/users\/2"}],"replies":[{"embeddable":true,"href":"https:\/\/portaltela.pt\/api\/wp\/v2\/comments?post=169107"}],"version-history":[{"count":0,"href":"https:\/\/portaltela.pt\/api\/wp\/v2\/posts\/169107\/revisions"}],"wp:featuredmedia":[{"embeddable":true,"href":"https:\/\/portaltela.pt\/api\/wp\/v2\/media\/169124"}],"wp:attachment":[{"href":"https:\/\/portaltela.pt\/api\/wp\/v2\/media?parent=169107"}],"wp:term":[{"taxonomy":"category","embeddable":true,"href":"https:\/\/portaltela.pt\/api\/wp\/v2\/categories?post=169107"},{"taxonomy":"post_tag","embeddable":true,"href":"https:\/\/portaltela.pt\/api\/wp\/v2\/tags?post=169107"}],"curies":[{"name":"wp","href":"https:\/\/api.w.org\/{rel}","templated":true}]}}