{"id":169106,"date":"2026-01-23T09:51:00","date_gmt":"2026-01-23T12:51:00","guid":{"rendered":"https:\/\/portaltela.pt\/noticias\/2026\/01\/23\/rui-borges-comenta-mensagens-pos-psg-regresso-de-nuno-santos-na-proxima-semana\/"},"modified":"2026-01-23T09:51:00","modified_gmt":"2026-01-23T12:51:00","slug":"rui-borges-comenta-mensagens-pos-psg-regresso-de-nuno-santos-na-proxima-semana","status":"publish","type":"post","link":"https:\/\/portaltela.pt\/desporto\/futebol\/2026\/01\/23\/rui-borges-comenta-mensagens-pos-psg-regresso-de-nuno-santos-na-proxima-semana\/","title":{"rendered":"Rui Borges comenta mensagens p\u00f3s-PSG; regresso de Nuno Santos na pr\u00f3xima semana"},"content":{"rendered":"<p>Sporting prepara-se para receber o Arouca, no s\u00e1bado, \u00e0s 18h00, em Alvalade, numa partida da I Liga em que os le\u00f5es procuram manter a press\u00e3o no topo da classifica\u00e7\u00e3o. O treino da equipa acontece na cidade, com condi\u00e7\u00f5es meteorol\u00f3gicas adversas esperadas para o final de semana.<\/p>\n<p>O t\u00e9cnico afirmou que j\u00e1 conta com dois refor\u00e7os e que o plantel continuar\u00e1 a evoluir com os avaliados na janela de transfer\u00eancias. Sobre Ioannidis, o jogador dever\u00e1 regressar aos treinos ainda na pr\u00f3xima semana, enquanto Nuno Santos pode iniciar o treino coletivo em breve. O objetivo \u00e9 manter o foco no presente, sem olhar para o mercado.<\/p>\n<h3>Prepara\u00e7\u00e3o para o jogo e neve artificial<\/h3>\n<p>O treinador reconheceu que o encontro pode exigir adapta\u00e7\u00e3o a condi\u00e7\u00f5es adversas, incluindo neve artificial. Apesar disso, enfatizou a import\u00e2ncia de come\u00e7ar com intensidade e manter a exig\u00eancia competitiva. A equipa tem alternado entre op\u00e7\u00f5es de treino sob chuva e sess\u00f5es f\u00edsicas para manter o ritmo.<\/p>\n<h3>Din\u00e2mica do plantel e op\u00e7\u00f5es de ataque<\/h3>\n<p>Sobre o regresso de Lu\u00eds Su\u00e1rez, o t\u00e9cnico afirmou que o avan\u00e7ado tem desempenhado um papel fundamental e que a equipa continua a valorizar a sua presen\u00e7a, bem como a de outros dois extremos contratados. Quanto a Morita e Sim\u00f5es, afirmou que ambos mostraram qualidade no \u00faltimo jogo contra o PSG e que todas as op\u00e7\u00f5es est\u00e3o em evolu\u00e7\u00e3o para responder a diferentes cen\u00e1rios.<\/p>\n<h3>Campeonato e objetivos futuros<\/h3>\n<p>O treinador reiterou a ambi\u00e7\u00e3o de chegar ao primeiro lugar, lembrando que o campeonato ainda oferece oportunidades para recuperar pontos e superar o FC Porto na segunda volta. Apontou a necessidade de manter a consist\u00eancia, melhorar \u00e1reas-chave e procurar resultados extraordin\u00e1rios ao longo da \u00e9poca.<\/p>\n","protected":false},"excerpt":{"rendered":"<ul>\n<li>O Sporting recebe o Arouca no s\u00e1bado, \u00e0s 18h00, em jogo da liga.<\/li>\n<li>Nuno Santos pode come\u00e7ar a treinar com o grupo na pr\u00f3xima semana; Ioannidis deve estar dispon\u00edvel at\u00e9 ao Nacional; chegaram dois extremos, oferecendo solu\u00e7\u00f5es diferentes.<\/li>\n<li>Lu\u00eds Su\u00e1rez substitui Gy\u00f6keres, com o treinador a dizer que ningu\u00e9m \u00e9 insubstitu\u00edvel e que o plantel tem op\u00e7\u00f5es para o futuro.<\/li>\n<li>Morten Hjulmand \u00e9 visto como l\u00edder em campo; Sim\u00f5es e Morita destacaram-se no jogo com o PSG e podem ter oportunidades adicionais.<\/li>\n<li>Parte da prepara\u00e7\u00e3o envolve a poss\u00edvel neve no jogo; h\u00e1 neve artificial em estudo, o foco permanece na vit\u00f3ria e na correta prepara\u00e7\u00e3o para a Liga dos Campe\u00f5es.<\/li>\n<\/ul>\n","protected":false},"author":2,"featured_media":169122,"comment_status":"closed","ping_status":"closed","sticky":false,"template":"","format":"standard","meta":{"footnotes":""},"categories":[21,24],"tags":[1588,32,1684,3272,3286,1652],"class_list":["post-169106","post","type-post","status-publish","format-standard","has-post-thumbnail","hentry","category-desporto","category-futebol","tag-alvalade","tag-futebol","tag-i-liga","tag-luis-suarez","tag-morita","tag-sporting"],"yoast_head":"<!-- This site is optimized with the Yoast SEO plugin v27.2 - https:\/\/yoast.com\/product\/yoast-seo-wordpress\/ -->\n<title>Rui Borges comenta mensagens p\u00f3s-PSG; regresso de Nuno Santos na pr\u00f3xima semana - Portal Tela Portugal<\/title>\n<meta name=\"robots\" content=\"index, follow, max-snippet:-1, max-image-preview:large, max-video-preview:-1\" \/>\n<meta property=\"og:locale\" content=\"pt_PT\" \/>\n<meta property=\"og:type\" content=\"article\" \/>\n<meta property=\"og:title\" content=\"Rui Borges comenta mensagens p\u00f3s-PSG; regresso de Nuno Santos na pr\u00f3xima semana - Portal Tela Portugal\" \/>\n<meta property=\"og:description\" content=\"O Sporting recebe o Arouca no s\u00e1bado, \u00e0s 18h00, em jogo da liga. Nuno Santos pode come\u00e7ar a treinar com o grupo na pr\u00f3xima semana; Ioannidis deve estar dispon\u00edvel at\u00e9 ao Nacional; chegaram dois extremos, oferecendo solu\u00e7\u00f5es diferentes. Lu\u00eds Su\u00e1rez substitui Gy\u00f6keres, com o treinador a dizer que ningu\u00e9m \u00e9 insubstitu\u00edvel e que o plantel tem op\u00e7\u00f5es para o futuro. Morten Hjulmand \u00e9 visto como l\u00edder em campo; Sim\u00f5es e Morita destacaram-se no jogo com o PSG e podem ter oportunidades adicionais. Parte da prepara\u00e7\u00e3o envolve a poss\u00edvel neve no jogo; h\u00e1 neve artificial em estudo, o foco permanece na vit\u00f3ria e na correta prepara\u00e7\u00e3o para a Liga dos Campe\u00f5es.\" \/>\n<meta property=\"og:url\" content=\"https:\/\/portaltela.pt\/noticias\/2026\/01\/23\/rui-borges-comenta-mensagens-pos-psg-regresso-de-nuno-santos-na-proxima-semana\/\" \/>\n<meta property=\"og:site_name\" content=\"Portal Tela Portugal\" \/>\n<meta property=\"article:published_time\" content=\"2026-01-23T12:51:00+00:00\" \/>\n<meta name=\"author\" content=\"Telinha\" \/>\n<meta name=\"twitter:card\" content=\"summary_large_image\" \/>\n<meta name=\"twitter:label1\" content=\"Escrito por\" \/>\n\t<meta name=\"twitter:data1\" content=\"Telinha\" \/>\n\t<meta name=\"twitter:label2\" content=\"Tempo estimado de leitura\" \/>\n\t<meta name=\"twitter:data2\" content=\"2 minutos\" \/>\n<script type=\"application\/ld+json\" class=\"yoast-schema-graph\">{\"@context\":\"https:\/\/schema.org\",\"@graph\":[{\"@type\":\"Article\",\"@id\":\"https:\/\/portaltela.pt\/noticias\/2026\/01\/23\/rui-borges-comenta-mensagens-pos-psg-regresso-de-nuno-santos-na-proxima-semana\/#article\",\"isPartOf\":{\"@id\":\"https:\/\/portaltela.pt\/noticias\/2026\/01\/23\/rui-borges-comenta-mensagens-pos-psg-regresso-de-nuno-santos-na-proxima-semana\/\"},\"author\":{\"name\":\"Telinha\",\"@id\":\"https:\/\/portaltela.pt\/#\/schema\/person\/c4278d4a6028830caff9ee44b42d32ed\"},\"headline\":\"Rui Borges comenta mensagens p\u00f3s-PSG; regresso de Nuno Santos na pr\u00f3xima semana\",\"datePublished\":\"2026-01-23T12:51:00+00:00\",\"mainEntityOfPage\":{\"@id\":\"https:\/\/portaltela.pt\/noticias\/2026\/01\/23\/rui-borges-comenta-mensagens-pos-psg-regresso-de-nuno-santos-na-proxima-semana\/\"},\"wordCount\":324,\"image\":{\"@id\":\"https:\/\/portaltela.pt\/noticias\/2026\/01\/23\/rui-borges-comenta-mensagens-pos-psg-regresso-de-nuno-santos-na-proxima-semana\/#primaryimage\"},\"thumbnailUrl\":\"https:\/\/portaltela.pt\/s.01k8rhncp4jt1\/2026\/01\/img_1200x721uu2026-01-23-13-24-35-2416826-3.jpg\",\"keywords\":[\"Alvalade\",\"futebol\",\"I Liga\",\"Luis Su\u00e1rez\",\"Morita\",\"Sporting\"],\"articleSection\":[\"Desporto\",\"Futebol\"],\"inLanguage\":\"pt-PT\"},{\"@type\":\"WebPage\",\"@id\":\"https:\/\/portaltela.pt\/noticias\/2026\/01\/23\/rui-borges-comenta-mensagens-pos-psg-regresso-de-nuno-santos-na-proxima-semana\/\",\"url\":\"https:\/\/portaltela.pt\/noticias\/2026\/01\/23\/rui-borges-comenta-mensagens-pos-psg-regresso-de-nuno-santos-na-proxima-semana\/\",\"name\":\"Rui Borges comenta mensagens p\u00f3s-PSG; regresso de Nuno Santos na pr\u00f3xima semana - Portal Tela Portugal\",\"isPartOf\":{\"@id\":\"https:\/\/portaltela.pt\/#website\"},\"primaryImageOfPage\":{\"@id\":\"https:\/\/portaltela.pt\/noticias\/2026\/01\/23\/rui-borges-comenta-mensagens-pos-psg-regresso-de-nuno-santos-na-proxima-semana\/#primaryimage\"},\"image\":{\"@id\":\"https:\/\/portaltela.pt\/noticias\/2026\/01\/23\/rui-borges-comenta-mensagens-pos-psg-regresso-de-nuno-santos-na-proxima-semana\/#primaryimage\"},\"thumbnailUrl\":\"https:\/\/portaltela.pt\/s.01k8rhncp4jt1\/2026\/01\/img_1200x721uu2026-01-23-13-24-35-2416826-3.jpg\",\"datePublished\":\"2026-01-23T12:51:00+00:00\",\"author\":{\"@id\":\"https:\/\/portaltela.pt\/#\/schema\/person\/c4278d4a6028830caff9ee44b42d32ed\"},\"breadcrumb\":{\"@id\":\"https:\/\/portaltela.pt\/noticias\/2026\/01\/23\/rui-borges-comenta-mensagens-pos-psg-regresso-de-nuno-santos-na-proxima-semana\/#breadcrumb\"},\"inLanguage\":\"pt-PT\",\"potentialAction\":[{\"@type\":\"ReadAction\",\"target\":[\"https:\/\/portaltela.pt\/noticias\/2026\/01\/23\/rui-borges-comenta-mensagens-pos-psg-regresso-de-nuno-santos-na-proxima-semana\/\"]}]},{\"@type\":\"ImageObject\",\"inLanguage\":\"pt-PT\",\"@id\":\"https:\/\/portaltela.pt\/noticias\/2026\/01\/23\/rui-borges-comenta-mensagens-pos-psg-regresso-de-nuno-santos-na-proxima-semana\/#primaryimage\",\"url\":\"https:\/\/portaltela.pt\/s.01k8rhncp4jt1\/2026\/01\/img_1200x721uu2026-01-23-13-24-35-2416826-3.jpg\",\"contentUrl\":\"https:\/\/portaltela.pt\/s.01k8rhncp4jt1\/2026\/01\/img_1200x721uu2026-01-23-13-24-35-2416826-3.jpg\",\"width\":796,\"height\":448,\"caption\":\"Photo\"},{\"@type\":\"BreadcrumbList\",\"@id\":\"https:\/\/portaltela.pt\/noticias\/2026\/01\/23\/rui-borges-comenta-mensagens-pos-psg-regresso-de-nuno-santos-na-proxima-semana\/#breadcrumb\",\"itemListElement\":[{\"@type\":\"ListItem\",\"position\":1,\"name\":\"In\u00edcio\",\"item\":\"https:\/\/portaltela.pt\/\"},{\"@type\":\"ListItem\",\"position\":2,\"name\":\"Rui Borges comenta mensagens p\u00f3s-PSG; regresso de Nuno Santos na pr\u00f3xima semana\"}]},{\"@type\":\"WebSite\",\"@id\":\"https:\/\/portaltela.pt\/#website\",\"url\":\"https:\/\/portaltela.pt\/\",\"name\":\"Portal Tela Portugal\",\"description\":\"\",\"potentialAction\":[{\"@type\":\"SearchAction\",\"target\":{\"@type\":\"EntryPoint\",\"urlTemplate\":\"https:\/\/portaltela.pt\/?s={search_term_string}\"},\"query-input\":{\"@type\":\"PropertyValueSpecification\",\"valueRequired\":true,\"valueName\":\"search_term_string\"}}],\"inLanguage\":\"pt-PT\"},{\"@type\":\"Person\",\"@id\":\"https:\/\/portaltela.pt\/#\/schema\/person\/c4278d4a6028830caff9ee44b42d32ed\",\"name\":\"Telinha\",\"image\":{\"@type\":\"ImageObject\",\"inLanguage\":\"pt-PT\",\"@id\":\"https:\/\/portaltela.pt\/s.01k8rhncp4jt1\/2025\/11\/talking-bot-125x125.png\",\"url\":\"https:\/\/portaltela.pt\/s.01k8rhncp4jt1\/2025\/11\/talking-bot-125x125.png\",\"contentUrl\":\"https:\/\/portaltela.pt\/s.01k8rhncp4jt1\/2025\/11\/talking-bot-125x125.png\",\"caption\":\"Telinha\"},\"sameAs\":[\"https:\/\/portaltela.pt\/\"],\"url\":\"https:\/\/portaltela.pt\/por\/367410592786\/\"}]}<\/script>\n<!-- \/ Yoast SEO plugin. -->","yoast_head_json":{"title":"Rui Borges comenta mensagens p\u00f3s-PSG; regresso de Nuno Santos na pr\u00f3xima semana - Portal Tela Portugal","robots":{"index":"index","follow":"follow","max-snippet":"max-snippet:-1","max-image-preview":"max-image-preview:large","max-video-preview":"max-video-preview:-1"},"og_locale":"pt_PT","og_type":"article","og_title":"Rui Borges comenta mensagens p\u00f3s-PSG; regresso de Nuno Santos na pr\u00f3xima semana - Portal Tela Portugal","og_description":"O Sporting recebe o Arouca no s\u00e1bado, \u00e0s 18h00, em jogo da liga. Nuno Santos pode come\u00e7ar a treinar com o grupo na pr\u00f3xima semana; Ioannidis deve estar dispon\u00edvel at\u00e9 ao Nacional; chegaram dois extremos, oferecendo solu\u00e7\u00f5es diferentes. Lu\u00eds Su\u00e1rez substitui Gy\u00f6keres, com o treinador a dizer que ningu\u00e9m \u00e9 insubstitu\u00edvel e que o plantel tem op\u00e7\u00f5es para o futuro. Morten Hjulmand \u00e9 visto como l\u00edder em campo; Sim\u00f5es e Morita destacaram-se no jogo com o PSG e podem ter oportunidades adicionais. Parte da prepara\u00e7\u00e3o envolve a poss\u00edvel neve no jogo; h\u00e1 neve artificial em estudo, o foco permanece na vit\u00f3ria e na correta prepara\u00e7\u00e3o para a Liga dos Campe\u00f5es.","og_url":"https:\/\/portaltela.pt\/noticias\/2026\/01\/23\/rui-borges-comenta-mensagens-pos-psg-regresso-de-nuno-santos-na-proxima-semana\/","og_site_name":"Portal Tela Portugal","article_published_time":"2026-01-23T12:51:00+00:00","author":"Telinha","twitter_card":"summary_large_image","twitter_misc":{"Escrito por":"Telinha","Tempo estimado de leitura":"2 minutos"},"schema":{"@context":"https:\/\/schema.org","@graph":[{"@type":"Article","@id":"https:\/\/portaltela.pt\/noticias\/2026\/01\/23\/rui-borges-comenta-mensagens-pos-psg-regresso-de-nuno-santos-na-proxima-semana\/#article","isPartOf":{"@id":"https:\/\/portaltela.pt\/noticias\/2026\/01\/23\/rui-borges-comenta-mensagens-pos-psg-regresso-de-nuno-santos-na-proxima-semana\/"},"author":{"name":"Telinha","@id":"https:\/\/portaltela.pt\/#\/schema\/person\/c4278d4a6028830caff9ee44b42d32ed"},"headline":"Rui Borges comenta mensagens p\u00f3s-PSG; regresso de Nuno Santos na pr\u00f3xima semana","datePublished":"2026-01-23T12:51:00+00:00","mainEntityOfPage":{"@id":"https:\/\/portaltela.pt\/noticias\/2026\/01\/23\/rui-borges-comenta-mensagens-pos-psg-regresso-de-nuno-santos-na-proxima-semana\/"},"wordCount":324,"image":{"@id":"https:\/\/portaltela.pt\/noticias\/2026\/01\/23\/rui-borges-comenta-mensagens-pos-psg-regresso-de-nuno-santos-na-proxima-semana\/#primaryimage"},"thumbnailUrl":"https:\/\/portaltela.pt\/s.01k8rhncp4jt1\/2026\/01\/img_1200x721uu2026-01-23-13-24-35-2416826-3.jpg","keywords":["Alvalade","futebol","I Liga","Luis Su\u00e1rez","Morita","Sporting"],"articleSection":["Desporto","Futebol"],"inLanguage":"pt-PT"},{"@type":"WebPage","@id":"https:\/\/portaltela.pt\/noticias\/2026\/01\/23\/rui-borges-comenta-mensagens-pos-psg-regresso-de-nuno-santos-na-proxima-semana\/","url":"https:\/\/portaltela.pt\/noticias\/2026\/01\/23\/rui-borges-comenta-mensagens-pos-psg-regresso-de-nuno-santos-na-proxima-semana\/","name":"Rui Borges comenta mensagens p\u00f3s-PSG; regresso de Nuno Santos na pr\u00f3xima semana - Portal Tela Portugal","isPartOf":{"@id":"https:\/\/portaltela.pt\/#website"},"primaryImageOfPage":{"@id":"https:\/\/portaltela.pt\/noticias\/2026\/01\/23\/rui-borges-comenta-mensagens-pos-psg-regresso-de-nuno-santos-na-proxima-semana\/#primaryimage"},"image":{"@id":"https:\/\/portaltela.pt\/noticias\/2026\/01\/23\/rui-borges-comenta-mensagens-pos-psg-regresso-de-nuno-santos-na-proxima-semana\/#primaryimage"},"thumbnailUrl":"https:\/\/portaltela.pt\/s.01k8rhncp4jt1\/2026\/01\/img_1200x721uu2026-01-23-13-24-35-2416826-3.jpg","datePublished":"2026-01-23T12:51:00+00:00","author":{"@id":"https:\/\/portaltela.pt\/#\/schema\/person\/c4278d4a6028830caff9ee44b42d32ed"},"breadcrumb":{"@id":"https:\/\/portaltela.pt\/noticias\/2026\/01\/23\/rui-borges-comenta-mensagens-pos-psg-regresso-de-nuno-santos-na-proxima-semana\/#breadcrumb"},"inLanguage":"pt-PT","potentialAction":[{"@type":"ReadAction","target":["https:\/\/portaltela.pt\/noticias\/2026\/01\/23\/rui-borges-comenta-mensagens-pos-psg-regresso-de-nuno-santos-na-proxima-semana\/"]}]},{"@type":"ImageObject","inLanguage":"pt-PT","@id":"https:\/\/portaltela.pt\/noticias\/2026\/01\/23\/rui-borges-comenta-mensagens-pos-psg-regresso-de-nuno-santos-na-proxima-semana\/#primaryimage","url":"https:\/\/portaltela.pt\/s.01k8rhncp4jt1\/2026\/01\/img_1200x721uu2026-01-23-13-24-35-2416826-3.jpg","contentUrl":"https:\/\/portaltela.pt\/s.01k8rhncp4jt1\/2026\/01\/img_1200x721uu2026-01-23-13-24-35-2416826-3.jpg","width":796,"height":448,"caption":"Photo"},{"@type":"BreadcrumbList","@id":"https:\/\/portaltela.pt\/noticias\/2026\/01\/23\/rui-borges-comenta-mensagens-pos-psg-regresso-de-nuno-santos-na-proxima-semana\/#breadcrumb","itemListElement":[{"@type":"ListItem","position":1,"name":"In\u00edcio","item":"https:\/\/portaltela.pt\/"},{"@type":"ListItem","position":2,"name":"Rui Borges comenta mensagens p\u00f3s-PSG; regresso de Nuno Santos na pr\u00f3xima semana"}]},{"@type":"WebSite","@id":"https:\/\/portaltela.pt\/#website","url":"https:\/\/portaltela.pt\/","name":"Portal Tela Portugal","description":"","potentialAction":[{"@type":"SearchAction","target":{"@type":"EntryPoint","urlTemplate":"https:\/\/portaltela.pt\/?s={search_term_string}"},"query-input":{"@type":"PropertyValueSpecification","valueRequired":true,"valueName":"search_term_string"}}],"inLanguage":"pt-PT"},{"@type":"Person","@id":"https:\/\/portaltela.pt\/#\/schema\/person\/c4278d4a6028830caff9ee44b42d32ed","name":"Telinha","image":{"@type":"ImageObject","inLanguage":"pt-PT","@id":"https:\/\/portaltela.pt\/s.01k8rhncp4jt1\/2025\/11\/talking-bot-125x125.png","url":"https:\/\/portaltela.pt\/s.01k8rhncp4jt1\/2025\/11\/talking-bot-125x125.png","contentUrl":"https:\/\/portaltela.pt\/s.01k8rhncp4jt1\/2025\/11\/talking-bot-125x125.png","caption":"Telinha"},"sameAs":["https:\/\/portaltela.pt\/"],"url":"https:\/\/portaltela.pt\/por\/367410592786\/"}]}},"_links":{"self":[{"href":"https:\/\/portaltela.pt\/api\/wp\/v2\/posts\/169106","targetHints":{"allow":["GET"]}}],"collection":[{"href":"https:\/\/portaltela.pt\/api\/wp\/v2\/posts"}],"about":[{"href":"https:\/\/portaltela.pt\/api\/wp\/v2\/types\/post"}],"author":[{"embeddable":true,"href":"https:\/\/portaltela.pt\/api\/wp\/v2\/users\/2"}],"replies":[{"embeddable":true,"href":"https:\/\/portaltela.pt\/api\/wp\/v2\/comments?post=169106"}],"version-history":[{"count":0,"href":"https:\/\/portaltela.pt\/api\/wp\/v2\/posts\/169106\/revisions"}],"wp:featuredmedia":[{"embeddable":true,"href":"https:\/\/portaltela.pt\/api\/wp\/v2\/media\/169122"}],"wp:attachment":[{"href":"https:\/\/portaltela.pt\/api\/wp\/v2\/media?parent=169106"}],"wp:term":[{"taxonomy":"category","embeddable":true,"href":"https:\/\/portaltela.pt\/api\/wp\/v2\/categories?post=169106"},{"taxonomy":"post_tag","embeddable":true,"href":"https:\/\/portaltela.pt\/api\/wp\/v2\/tags?post=169106"}],"curies":[{"name":"wp","href":"https:\/\/api.w.org\/{rel}","templated":true}]}}