{"id":169056,"date":"2026-01-24T03:53:00","date_gmt":"2026-01-24T06:53:00","guid":{"rendered":"https:\/\/portaltela.pt\/noticias\/2026\/01\/24\/rapaz-de-12-anos-morre-apos-ataque-de-tubarao-em-sydney\/"},"modified":"2026-01-24T03:53:00","modified_gmt":"2026-01-24T06:53:00","slug":"rapaz-de-12-anos-morre-apos-ataque-de-tubarao-em-sydney","status":"publish","type":"post","link":"https:\/\/portaltela.pt\/noticias\/internacional\/2026\/01\/24\/rapaz-de-12-anos-morre-apos-ataque-de-tubarao-em-sydney\/","title":{"rendered":"Rapaz de 12 anos morre ap\u00f3s ataque de tubar\u00e3o em Sydney"},"content":{"rendered":"<p>Um rapaz de 12 anos morreu ap\u00f3s um ataque de tubar\u00e3o no porto de Sydney, na Austr\u00e1lia. O incidente ocorreu no domingo, por volta das 16h20 locais, quando o jovem nadava com amigos junto a uma sali\u00eancia rochosa de seis metros de altura.<\/p>\n<p>Os amigos conseguiram avisar as autoridades e mergulharam para tentar ajudar antes da chegada de socorro. A pol\u00edcia mar\u00edtima retirou a crian\u00e7a da \u00e1gua e aplicou torniquetes para estancar a hemorragia, levando-a para o hospital.<\/p>\n<p>No hospital infantil de Randwick, a leste de Sydney, o jovem permaneceu internado na unidade de cuidados intensivos com ferimentos graves nas pernas. Cedeu na manh\u00e3 de hoje, conforme confirma\u00e7\u00e3o da fam\u00edlia.<\/p>\n<h3>Contexto sobre ataques de tubar\u00f5es<\/h3>\n<p>De acordo com a pol\u00edcia de Nova Gales do Sul, o ataque foi possivelmente causado por um tubar\u00e3o-touro, comum na regi\u00e3o. Entre domingo e ter\u00e7a, ocorreram quatro ataques na Austr\u00e1lia, com uma pessoa gravemente ferida e outras duas com ferimentos leves.<\/p>\n<p>O tubar\u00e3o-touro \u00e9 conhecido pelo tamanho e pela capacidade de habitar \u00e1guas salgadas e doces, entrando em estu\u00e1rios e zonas costeiras com banhistas. Esses tubar\u00f5es podem ultrapassar os 3 metros de comprimento.<\/p>\n<p>Dados oficiais indicam que, entre 1791 e 2025, a Austr\u00e1lia registou mais de 1.280 ataques de tubar\u00f5es, cerca de 260 mortais. Em 2025 j\u00e1 houve m\u00faltiplos incidentes, incluindo um ataque a uma crian\u00e7a de 9 anos que sobreviveu.<\/p>\n<p>Para reduzir riscos, autoridades australianas utilizam drones e instalam redes anti-tubar\u00f5es durante o ver\u00e3o, \u00e0 frente das costas de Nova Gales do Sul e Queensland. As redes, por\u00e9m, capturam v\u00e1rias esp\u00e9cies n\u00e3o-alvo.<\/p>\n","protected":false},"excerpt":{"rendered":"<ul>\n<li>Um rapaz de 12 anos morreu ap\u00f3s ataque de tubar\u00e3o no porto de Sydney, mantendo-se hospitalizado desde o domingo, informou a fam\u00edlia.<\/li>\n<li>O ataque ocorreu por volta das 16h20 locais, quando o menor, identificado como Nico Antic, estava a saltar de uma sali\u00eancia rochosa com amigos.<\/li>\n<li>Os amigos agiram rapidamente para o ajudar, a pol\u00edcia mar\u00edtima retirou-no da \u00e1gua e colocaram torniquetes nas pernas antes de o levar ao hospital.<\/li>\n<li>O c\u00e3o de ataque foi atribu\u00eddo a um tubar\u00e3o-touro, esp\u00e9cie comum na regi\u00e3o de Sydney.<\/li>\n<li>Entre domingo e ter\u00e7a-feira, ocorreram quatro ataques de tubar\u00f5es na Austr\u00e1lia, com um morto e outros feridos; as redes anti-tubar\u00f5es s\u00e3o usadas no ver\u00e3o, mas t\u00eam impactos na fauna.<\/li>\n<\/ul>\n","protected":false},"author":2,"featured_media":169065,"comment_status":"closed","ping_status":"closed","sticky":false,"template":"","format":"standard","meta":{"footnotes":""},"categories":[4,1],"tags":[3143,1602,147,3449,1511,2223],"class_list":["post-169056","post","type-post","status-publish","format-standard","has-post-thumbnail","hentry","category-internacional","category-noticias","tag-ataques-internacionais","tag-australia","tag-crime","tag-feridos","tag-ferimentos-graves","tag-nova-gales-do-sul"],"yoast_head":"<!-- This site is optimized with the Yoast SEO plugin v27.2 - https:\/\/yoast.com\/product\/yoast-seo-wordpress\/ -->\n<title>Rapaz de 12 anos morre ap\u00f3s ataque de tubar\u00e3o em Sydney - Portal Tela Portugal<\/title>\n<meta name=\"robots\" content=\"index, follow, max-snippet:-1, max-image-preview:large, max-video-preview:-1\" \/>\n<meta property=\"og:locale\" content=\"pt_PT\" \/>\n<meta property=\"og:type\" content=\"article\" \/>\n<meta property=\"og:title\" content=\"Rapaz de 12 anos morre ap\u00f3s ataque de tubar\u00e3o em Sydney - Portal Tela Portugal\" \/>\n<meta property=\"og:description\" content=\"Um rapaz de 12 anos morreu ap\u00f3s ataque de tubar\u00e3o no porto de Sydney, mantendo-se hospitalizado desde o domingo, informou a fam\u00edlia. O ataque ocorreu por volta das 16h20 locais, quando o menor, identificado como Nico Antic, estava a saltar de uma sali\u00eancia rochosa com amigos. Os amigos agiram rapidamente para o ajudar, a pol\u00edcia mar\u00edtima retirou-no da \u00e1gua e colocaram torniquetes nas pernas antes de o levar ao hospital. O c\u00e3o de ataque foi atribu\u00eddo a um tubar\u00e3o-touro, esp\u00e9cie comum na regi\u00e3o de Sydney. Entre domingo e ter\u00e7a-feira, ocorreram quatro ataques de tubar\u00f5es na Austr\u00e1lia, com um morto e outros feridos; as redes anti-tubar\u00f5es s\u00e3o usadas no ver\u00e3o, mas t\u00eam impactos na fauna.\" \/>\n<meta property=\"og:url\" content=\"https:\/\/portaltela.pt\/noticias\/2026\/01\/24\/rapaz-de-12-anos-morre-apos-ataque-de-tubarao-em-sydney\/\" \/>\n<meta property=\"og:site_name\" content=\"Portal Tela Portugal\" \/>\n<meta property=\"article:published_time\" content=\"2026-01-24T06:53:00+00:00\" \/>\n<meta name=\"author\" content=\"Telinha\" \/>\n<meta name=\"twitter:card\" content=\"summary_large_image\" \/>\n<meta name=\"twitter:label1\" content=\"Escrito por\" \/>\n\t<meta name=\"twitter:data1\" content=\"Telinha\" \/>\n\t<meta name=\"twitter:label2\" content=\"Tempo estimado de leitura\" \/>\n\t<meta name=\"twitter:data2\" content=\"1 minuto\" \/>\n<script type=\"application\/ld+json\" class=\"yoast-schema-graph\">{\"@context\":\"https:\/\/schema.org\",\"@graph\":[{\"@type\":\"Article\",\"@id\":\"https:\/\/portaltela.pt\/noticias\/2026\/01\/24\/rapaz-de-12-anos-morre-apos-ataque-de-tubarao-em-sydney\/#article\",\"isPartOf\":{\"@id\":\"https:\/\/portaltela.pt\/noticias\/2026\/01\/24\/rapaz-de-12-anos-morre-apos-ataque-de-tubarao-em-sydney\/\"},\"author\":{\"name\":\"Telinha\",\"@id\":\"https:\/\/portaltela.pt\/#\/schema\/person\/c4278d4a6028830caff9ee44b42d32ed\"},\"headline\":\"Rapaz de 12 anos morre ap\u00f3s ataque de tubar\u00e3o em Sydney\",\"datePublished\":\"2026-01-24T06:53:00+00:00\",\"mainEntityOfPage\":{\"@id\":\"https:\/\/portaltela.pt\/noticias\/2026\/01\/24\/rapaz-de-12-anos-morre-apos-ataque-de-tubarao-em-sydney\/\"},\"wordCount\":288,\"image\":{\"@id\":\"https:\/\/portaltela.pt\/noticias\/2026\/01\/24\/rapaz-de-12-anos-morre-apos-ataque-de-tubarao-em-sydney\/#primaryimage\"},\"thumbnailUrl\":\"https:\/\/portaltela.pt\/s.01k8rhncp4jt1\/2026\/01\/naom_69746bd56a06a.jpg\",\"keywords\":[\"ataques internacionais\",\"Austr\u00e1lia\",\"crime\",\"feridos\",\"ferimentos graves\",\"Nova Gales do Sul\"],\"articleSection\":[\"Internacional\",\"Not\u00edcias\"],\"inLanguage\":\"pt-PT\"},{\"@type\":\"WebPage\",\"@id\":\"https:\/\/portaltela.pt\/noticias\/2026\/01\/24\/rapaz-de-12-anos-morre-apos-ataque-de-tubarao-em-sydney\/\",\"url\":\"https:\/\/portaltela.pt\/noticias\/2026\/01\/24\/rapaz-de-12-anos-morre-apos-ataque-de-tubarao-em-sydney\/\",\"name\":\"Rapaz de 12 anos morre ap\u00f3s ataque de tubar\u00e3o em Sydney - Portal Tela Portugal\",\"isPartOf\":{\"@id\":\"https:\/\/portaltela.pt\/#website\"},\"primaryImageOfPage\":{\"@id\":\"https:\/\/portaltela.pt\/noticias\/2026\/01\/24\/rapaz-de-12-anos-morre-apos-ataque-de-tubarao-em-sydney\/#primaryimage\"},\"image\":{\"@id\":\"https:\/\/portaltela.pt\/noticias\/2026\/01\/24\/rapaz-de-12-anos-morre-apos-ataque-de-tubarao-em-sydney\/#primaryimage\"},\"thumbnailUrl\":\"https:\/\/portaltela.pt\/s.01k8rhncp4jt1\/2026\/01\/naom_69746bd56a06a.jpg\",\"datePublished\":\"2026-01-24T06:53:00+00:00\",\"author\":{\"@id\":\"https:\/\/portaltela.pt\/#\/schema\/person\/c4278d4a6028830caff9ee44b42d32ed\"},\"breadcrumb\":{\"@id\":\"https:\/\/portaltela.pt\/noticias\/2026\/01\/24\/rapaz-de-12-anos-morre-apos-ataque-de-tubarao-em-sydney\/#breadcrumb\"},\"inLanguage\":\"pt-PT\",\"potentialAction\":[{\"@type\":\"ReadAction\",\"target\":[\"https:\/\/portaltela.pt\/noticias\/2026\/01\/24\/rapaz-de-12-anos-morre-apos-ataque-de-tubarao-em-sydney\/\"]}]},{\"@type\":\"ImageObject\",\"inLanguage\":\"pt-PT\",\"@id\":\"https:\/\/portaltela.pt\/noticias\/2026\/01\/24\/rapaz-de-12-anos-morre-apos-ataque-de-tubarao-em-sydney\/#primaryimage\",\"url\":\"https:\/\/portaltela.pt\/s.01k8rhncp4jt1\/2026\/01\/naom_69746bd56a06a.jpg\",\"contentUrl\":\"https:\/\/portaltela.pt\/s.01k8rhncp4jt1\/2026\/01\/naom_69746bd56a06a.jpg\",\"width\":796,\"height\":448,\"caption\":\"Rapaz com 12 anos morre ap\u00f3s ataque de tubar\u00e3o em Sydney na Austr\u00e1lia\"},{\"@type\":\"BreadcrumbList\",\"@id\":\"https:\/\/portaltela.pt\/noticias\/2026\/01\/24\/rapaz-de-12-anos-morre-apos-ataque-de-tubarao-em-sydney\/#breadcrumb\",\"itemListElement\":[{\"@type\":\"ListItem\",\"position\":1,\"name\":\"In\u00edcio\",\"item\":\"https:\/\/portaltela.pt\/\"},{\"@type\":\"ListItem\",\"position\":2,\"name\":\"Rapaz de 12 anos morre ap\u00f3s ataque de tubar\u00e3o em Sydney\"}]},{\"@type\":\"WebSite\",\"@id\":\"https:\/\/portaltela.pt\/#website\",\"url\":\"https:\/\/portaltela.pt\/\",\"name\":\"Portal Tela Portugal\",\"description\":\"\",\"potentialAction\":[{\"@type\":\"SearchAction\",\"target\":{\"@type\":\"EntryPoint\",\"urlTemplate\":\"https:\/\/portaltela.pt\/?s={search_term_string}\"},\"query-input\":{\"@type\":\"PropertyValueSpecification\",\"valueRequired\":true,\"valueName\":\"search_term_string\"}}],\"inLanguage\":\"pt-PT\"},{\"@type\":\"Person\",\"@id\":\"https:\/\/portaltela.pt\/#\/schema\/person\/c4278d4a6028830caff9ee44b42d32ed\",\"name\":\"Telinha\",\"image\":{\"@type\":\"ImageObject\",\"inLanguage\":\"pt-PT\",\"@id\":\"https:\/\/portaltela.pt\/s.01k8rhncp4jt1\/2025\/11\/talking-bot-125x125.png\",\"url\":\"https:\/\/portaltela.pt\/s.01k8rhncp4jt1\/2025\/11\/talking-bot-125x125.png\",\"contentUrl\":\"https:\/\/portaltela.pt\/s.01k8rhncp4jt1\/2025\/11\/talking-bot-125x125.png\",\"caption\":\"Telinha\"},\"sameAs\":[\"https:\/\/portaltela.pt\/\"],\"url\":\"https:\/\/portaltela.pt\/por\/367410592786\/\"}]}<\/script>\n<!-- \/ Yoast SEO plugin. -->","yoast_head_json":{"title":"Rapaz de 12 anos morre ap\u00f3s ataque de tubar\u00e3o em Sydney - Portal Tela Portugal","robots":{"index":"index","follow":"follow","max-snippet":"max-snippet:-1","max-image-preview":"max-image-preview:large","max-video-preview":"max-video-preview:-1"},"og_locale":"pt_PT","og_type":"article","og_title":"Rapaz de 12 anos morre ap\u00f3s ataque de tubar\u00e3o em Sydney - Portal Tela Portugal","og_description":"Um rapaz de 12 anos morreu ap\u00f3s ataque de tubar\u00e3o no porto de Sydney, mantendo-se hospitalizado desde o domingo, informou a fam\u00edlia. O ataque ocorreu por volta das 16h20 locais, quando o menor, identificado como Nico Antic, estava a saltar de uma sali\u00eancia rochosa com amigos. Os amigos agiram rapidamente para o ajudar, a pol\u00edcia mar\u00edtima retirou-no da \u00e1gua e colocaram torniquetes nas pernas antes de o levar ao hospital. O c\u00e3o de ataque foi atribu\u00eddo a um tubar\u00e3o-touro, esp\u00e9cie comum na regi\u00e3o de Sydney. Entre domingo e ter\u00e7a-feira, ocorreram quatro ataques de tubar\u00f5es na Austr\u00e1lia, com um morto e outros feridos; as redes anti-tubar\u00f5es s\u00e3o usadas no ver\u00e3o, mas t\u00eam impactos na fauna.","og_url":"https:\/\/portaltela.pt\/noticias\/2026\/01\/24\/rapaz-de-12-anos-morre-apos-ataque-de-tubarao-em-sydney\/","og_site_name":"Portal Tela Portugal","article_published_time":"2026-01-24T06:53:00+00:00","author":"Telinha","twitter_card":"summary_large_image","twitter_misc":{"Escrito por":"Telinha","Tempo estimado de leitura":"1 minuto"},"schema":{"@context":"https:\/\/schema.org","@graph":[{"@type":"Article","@id":"https:\/\/portaltela.pt\/noticias\/2026\/01\/24\/rapaz-de-12-anos-morre-apos-ataque-de-tubarao-em-sydney\/#article","isPartOf":{"@id":"https:\/\/portaltela.pt\/noticias\/2026\/01\/24\/rapaz-de-12-anos-morre-apos-ataque-de-tubarao-em-sydney\/"},"author":{"name":"Telinha","@id":"https:\/\/portaltela.pt\/#\/schema\/person\/c4278d4a6028830caff9ee44b42d32ed"},"headline":"Rapaz de 12 anos morre ap\u00f3s ataque de tubar\u00e3o em Sydney","datePublished":"2026-01-24T06:53:00+00:00","mainEntityOfPage":{"@id":"https:\/\/portaltela.pt\/noticias\/2026\/01\/24\/rapaz-de-12-anos-morre-apos-ataque-de-tubarao-em-sydney\/"},"wordCount":288,"image":{"@id":"https:\/\/portaltela.pt\/noticias\/2026\/01\/24\/rapaz-de-12-anos-morre-apos-ataque-de-tubarao-em-sydney\/#primaryimage"},"thumbnailUrl":"https:\/\/portaltela.pt\/s.01k8rhncp4jt1\/2026\/01\/naom_69746bd56a06a.jpg","keywords":["ataques internacionais","Austr\u00e1lia","crime","feridos","ferimentos graves","Nova Gales do Sul"],"articleSection":["Internacional","Not\u00edcias"],"inLanguage":"pt-PT"},{"@type":"WebPage","@id":"https:\/\/portaltela.pt\/noticias\/2026\/01\/24\/rapaz-de-12-anos-morre-apos-ataque-de-tubarao-em-sydney\/","url":"https:\/\/portaltela.pt\/noticias\/2026\/01\/24\/rapaz-de-12-anos-morre-apos-ataque-de-tubarao-em-sydney\/","name":"Rapaz de 12 anos morre ap\u00f3s ataque de tubar\u00e3o em Sydney - Portal Tela Portugal","isPartOf":{"@id":"https:\/\/portaltela.pt\/#website"},"primaryImageOfPage":{"@id":"https:\/\/portaltela.pt\/noticias\/2026\/01\/24\/rapaz-de-12-anos-morre-apos-ataque-de-tubarao-em-sydney\/#primaryimage"},"image":{"@id":"https:\/\/portaltela.pt\/noticias\/2026\/01\/24\/rapaz-de-12-anos-morre-apos-ataque-de-tubarao-em-sydney\/#primaryimage"},"thumbnailUrl":"https:\/\/portaltela.pt\/s.01k8rhncp4jt1\/2026\/01\/naom_69746bd56a06a.jpg","datePublished":"2026-01-24T06:53:00+00:00","author":{"@id":"https:\/\/portaltela.pt\/#\/schema\/person\/c4278d4a6028830caff9ee44b42d32ed"},"breadcrumb":{"@id":"https:\/\/portaltela.pt\/noticias\/2026\/01\/24\/rapaz-de-12-anos-morre-apos-ataque-de-tubarao-em-sydney\/#breadcrumb"},"inLanguage":"pt-PT","potentialAction":[{"@type":"ReadAction","target":["https:\/\/portaltela.pt\/noticias\/2026\/01\/24\/rapaz-de-12-anos-morre-apos-ataque-de-tubarao-em-sydney\/"]}]},{"@type":"ImageObject","inLanguage":"pt-PT","@id":"https:\/\/portaltela.pt\/noticias\/2026\/01\/24\/rapaz-de-12-anos-morre-apos-ataque-de-tubarao-em-sydney\/#primaryimage","url":"https:\/\/portaltela.pt\/s.01k8rhncp4jt1\/2026\/01\/naom_69746bd56a06a.jpg","contentUrl":"https:\/\/portaltela.pt\/s.01k8rhncp4jt1\/2026\/01\/naom_69746bd56a06a.jpg","width":796,"height":448,"caption":"Rapaz com 12 anos morre ap\u00f3s ataque de tubar\u00e3o em Sydney na Austr\u00e1lia"},{"@type":"BreadcrumbList","@id":"https:\/\/portaltela.pt\/noticias\/2026\/01\/24\/rapaz-de-12-anos-morre-apos-ataque-de-tubarao-em-sydney\/#breadcrumb","itemListElement":[{"@type":"ListItem","position":1,"name":"In\u00edcio","item":"https:\/\/portaltela.pt\/"},{"@type":"ListItem","position":2,"name":"Rapaz de 12 anos morre ap\u00f3s ataque de tubar\u00e3o em Sydney"}]},{"@type":"WebSite","@id":"https:\/\/portaltela.pt\/#website","url":"https:\/\/portaltela.pt\/","name":"Portal Tela Portugal","description":"","potentialAction":[{"@type":"SearchAction","target":{"@type":"EntryPoint","urlTemplate":"https:\/\/portaltela.pt\/?s={search_term_string}"},"query-input":{"@type":"PropertyValueSpecification","valueRequired":true,"valueName":"search_term_string"}}],"inLanguage":"pt-PT"},{"@type":"Person","@id":"https:\/\/portaltela.pt\/#\/schema\/person\/c4278d4a6028830caff9ee44b42d32ed","name":"Telinha","image":{"@type":"ImageObject","inLanguage":"pt-PT","@id":"https:\/\/portaltela.pt\/s.01k8rhncp4jt1\/2025\/11\/talking-bot-125x125.png","url":"https:\/\/portaltela.pt\/s.01k8rhncp4jt1\/2025\/11\/talking-bot-125x125.png","contentUrl":"https:\/\/portaltela.pt\/s.01k8rhncp4jt1\/2025\/11\/talking-bot-125x125.png","caption":"Telinha"},"sameAs":["https:\/\/portaltela.pt\/"],"url":"https:\/\/portaltela.pt\/por\/367410592786\/"}]}},"_links":{"self":[{"href":"https:\/\/portaltela.pt\/api\/wp\/v2\/posts\/169056","targetHints":{"allow":["GET"]}}],"collection":[{"href":"https:\/\/portaltela.pt\/api\/wp\/v2\/posts"}],"about":[{"href":"https:\/\/portaltela.pt\/api\/wp\/v2\/types\/post"}],"author":[{"embeddable":true,"href":"https:\/\/portaltela.pt\/api\/wp\/v2\/users\/2"}],"replies":[{"embeddable":true,"href":"https:\/\/portaltela.pt\/api\/wp\/v2\/comments?post=169056"}],"version-history":[{"count":0,"href":"https:\/\/portaltela.pt\/api\/wp\/v2\/posts\/169056\/revisions"}],"wp:featuredmedia":[{"embeddable":true,"href":"https:\/\/portaltela.pt\/api\/wp\/v2\/media\/169065"}],"wp:attachment":[{"href":"https:\/\/portaltela.pt\/api\/wp\/v2\/media?parent=169056"}],"wp:term":[{"taxonomy":"category","embeddable":true,"href":"https:\/\/portaltela.pt\/api\/wp\/v2\/categories?post=169056"},{"taxonomy":"post_tag","embeddable":true,"href":"https:\/\/portaltela.pt\/api\/wp\/v2\/tags?post=169056"}],"curies":[{"name":"wp","href":"https:\/\/api.w.org\/{rel}","templated":true}]}}