{"id":169051,"date":"2026-01-24T04:02:00","date_gmt":"2026-01-24T07:02:00","guid":{"rendered":"https:\/\/portaltela.pt\/noticias\/2026\/01\/24\/campeonato-regional-de-combates-ptsi-2026-leva-taekwondo-ao-fanqueiro\/"},"modified":"2026-01-24T04:02:00","modified_gmt":"2026-01-24T07:02:00","slug":"campeonato-regional-de-combates-ptsi-2026-leva-taekwondo-ao-fanqueiro","status":"publish","type":"post","link":"https:\/\/portaltela.pt\/desporto\/2026\/01\/24\/campeonato-regional-de-combates-ptsi-2026-leva-taekwondo-ao-fanqueiro\/","title":{"rendered":"Campeonato Regional de Combates PTSI 2026 leva taekwondo ao Fanqueiro"},"content":{"rendered":"<p>O Campeonato Regional de Combates PTSI 2026 aproxima-se de Seixal, reunindo atletas juniores, seniores e masters. A prova de taekwondo ocorre no s\u00e1bado, 31 de janeiro de 2026, \u00e0s 9h, no Pavilh\u00e3o Multiusos do Clube Desportivo e Recreativo \u00c1guias Unidas, em Amora, Fanqueiro. O objetivo \u00e9 promover o combate nesta modalidade e ver a participa\u00e7\u00e3o de v\u00e1rios escal\u00f5es.<\/p>\n<p>A organiza\u00e7\u00e3o est\u00e1 a cargo do Clube Desportivo e Recreativo \u00c1guias Unidas, com apoio da Associa\u00e7\u00e3o Portugal Taekwondo Sul e Ilhas (PTSI), da Federa\u00e7\u00e3o Portugal Taekwondo, da C\u00e2mara Municipal do Seixal, da Junta de Freguesia de Amora e do IPDJ. Este alinhamento evidencia uma colabora\u00e7\u00e3o p\u00fablico\u2013privada para apoiar o desporto local.<\/p>\n<p>A competi\u00e7\u00e3o ter\u00e1 lugar num recinto com condi\u00e7\u00f5es para v\u00e1rias modalidades, incluindo bancada com lugares sentados, adequado para acolher eventos de \u00e2mbito regional. O formato foca os combates entre atletas de diferentes escal\u00f5es, promovendo competi\u00e7\u00e3o e desenvolvimento desportivo.<\/p>\n<h3>Organiza\u00e7\u00e3o e apoios<\/h3>\n<p>O evento \u00e9 apresentado como uma jornada dedicada aos combates, aberta ao p\u00fablico em geral. A casa anfitri\u00e3 refor\u00e7a a capacidade do movimento associativo local para receber provas da regi\u00e3o. A agenda municipal do Seixal j\u00e1 confirma a data e o local.<\/p>\n<p>Para informa\u00e7\u00f5es adicionais, a organiza\u00e7\u00e3o disponibiliza o contacto cdaguias@hotmail.com. Os interessados podem obter detalhes sobre hor\u00e1rios, categorias e procedimentos de participa\u00e7\u00e3o junto do clube.<\/p>\n<h3>P\u00fablico e participa\u00e7\u00e3o<\/h3>\n<p>O torneio destina-se a p\u00fablico em geral, com entrada mediante disponibilidade do recinto. A participa\u00e7\u00e3o envolve atletas de j\u00faniores, seniores e masters, reunidos num s\u00f3 dia de competi\u00e7\u00e3o para distinguir talentos regionais no taekwondo.<\/p>\n","protected":false},"excerpt":{"rendered":"<ul>\n<li>O Campeonato Regional de Combates PTSI 2026 de taekwondo realiza-se no s\u00e1bado, 31 de janeiro de 2026, \u00e0s 9 horas, no Pavilh\u00e3o Multiusos do Clube Desportivo e Recreativo \u00c1guias Unidas, nos Foros de Amora (Fanqueiro), Seixal.<\/li>\n<li>A prova re\u00fane atletas nas categorias juniores, seniores e masters, num evento dedicado aos combates da modalidade.<\/li>\n<li>A organiza\u00e7\u00e3o \u00e9 do Clube Desportivo e Recreativo \u00c1guias Unidas, com o apoio da Associa\u00e7\u00e3o Portugal Taekwondo Sul e Ilhas, da Federa\u00e7\u00e3o Portugal Taekwondo, da C\u00e2mara Municipal do Seixal, da Junta de Freguesia de Amora e do IPDJ.<\/li>\n<li>O pavilh\u00e3o anfitri\u00e3o oferece condi\u00e7\u00f5es para v\u00e1rias modalidades e assentos para o p\u00fablico, refor\u00e7ando a capacidade de acolhimento de eventos regionais.<\/li>\n<li>Para informa\u00e7\u00f5es adicionais, contacta-se o e-mail cdaguias@hotmail.com.<\/li>\n<\/ul>\n","protected":false},"author":2,"featured_media":169071,"comment_status":"closed","ping_status":"closed","sticky":false,"template":"","format":"standard","meta":{"footnotes":""},"categories":[21],"tags":[3354,252,152,1014,1155,1064],"class_list":["post-169051","post","type-post","status-publish","format-standard","has-post-thumbnail","hentry","category-desporto","tag-amora","tag-atletas","tag-desporto","tag-portugal","tag-regional","tag-seixal"],"yoast_head":"<!-- This site is optimized with the Yoast SEO plugin v27.2 - https:\/\/yoast.com\/product\/yoast-seo-wordpress\/ -->\n<title>Campeonato Regional de Combates PTSI 2026 leva taekwondo ao Fanqueiro - Portal Tela Portugal<\/title>\n<meta name=\"robots\" content=\"index, follow, max-snippet:-1, max-image-preview:large, max-video-preview:-1\" \/>\n<meta property=\"og:locale\" content=\"pt_PT\" \/>\n<meta property=\"og:type\" content=\"article\" \/>\n<meta property=\"og:title\" content=\"Campeonato Regional de Combates PTSI 2026 leva taekwondo ao Fanqueiro - Portal Tela Portugal\" \/>\n<meta property=\"og:description\" content=\"O Campeonato Regional de Combates PTSI 2026 de taekwondo realiza-se no s\u00e1bado, 31 de janeiro de 2026, \u00e0s 9 horas, no Pavilh\u00e3o Multiusos do Clube Desportivo e Recreativo \u00c1guias Unidas, nos Foros de Amora (Fanqueiro), Seixal. A prova re\u00fane atletas nas categorias juniores, seniores e masters, num evento dedicado aos combates da modalidade. A organiza\u00e7\u00e3o \u00e9 do Clube Desportivo e Recreativo \u00c1guias Unidas, com o apoio da Associa\u00e7\u00e3o Portugal Taekwondo Sul e Ilhas, da Federa\u00e7\u00e3o Portugal Taekwondo, da C\u00e2mara Municipal do Seixal, da Junta de Freguesia de Amora e do IPDJ. O pavilh\u00e3o anfitri\u00e3o oferece condi\u00e7\u00f5es para v\u00e1rias modalidades e assentos para o p\u00fablico, refor\u00e7ando a capacidade de acolhimento de eventos regionais. Para informa\u00e7\u00f5es adicionais, contacta-se o e-mail cdaguias@hotmail.com.\" \/>\n<meta property=\"og:url\" content=\"https:\/\/portaltela.pt\/noticias\/2026\/01\/24\/campeonato-regional-de-combates-ptsi-2026-leva-taekwondo-ao-fanqueiro\/\" \/>\n<meta property=\"og:site_name\" content=\"Portal Tela Portugal\" \/>\n<meta property=\"article:published_time\" content=\"2026-01-24T07:02:00+00:00\" \/>\n<meta name=\"author\" content=\"Telinha\" \/>\n<meta name=\"twitter:card\" content=\"summary_large_image\" \/>\n<meta name=\"twitter:label1\" content=\"Escrito por\" \/>\n\t<meta name=\"twitter:data1\" content=\"Telinha\" \/>\n\t<meta name=\"twitter:label2\" content=\"Tempo estimado de leitura\" \/>\n\t<meta name=\"twitter:data2\" content=\"1 minuto\" \/>\n<script type=\"application\/ld+json\" class=\"yoast-schema-graph\">{\"@context\":\"https:\/\/schema.org\",\"@graph\":[{\"@type\":\"Article\",\"@id\":\"https:\/\/portaltela.pt\/noticias\/2026\/01\/24\/campeonato-regional-de-combates-ptsi-2026-leva-taekwondo-ao-fanqueiro\/#article\",\"isPartOf\":{\"@id\":\"https:\/\/portaltela.pt\/noticias\/2026\/01\/24\/campeonato-regional-de-combates-ptsi-2026-leva-taekwondo-ao-fanqueiro\/\"},\"author\":{\"name\":\"Telinha\",\"@id\":\"https:\/\/portaltela.pt\/#\/schema\/person\/c4278d4a6028830caff9ee44b42d32ed\"},\"headline\":\"Campeonato Regional de Combates PTSI 2026 leva taekwondo ao Fanqueiro\",\"datePublished\":\"2026-01-24T07:02:00+00:00\",\"mainEntityOfPage\":{\"@id\":\"https:\/\/portaltela.pt\/noticias\/2026\/01\/24\/campeonato-regional-de-combates-ptsi-2026-leva-taekwondo-ao-fanqueiro\/\"},\"wordCount\":290,\"image\":{\"@id\":\"https:\/\/portaltela.pt\/noticias\/2026\/01\/24\/campeonato-regional-de-combates-ptsi-2026-leva-taekwondo-ao-fanqueiro\/#primaryimage\"},\"thumbnailUrl\":\"https:\/\/portaltela.pt\/s.01k8rhncp4jt1\/2026\/01\/unnamed-file-4915.jpg\",\"keywords\":[\"Amora\",\"atletas\",\"desporto\",\"Portugal\",\"Regional\",\"Seixal\"],\"articleSection\":[\"Desporto\"],\"inLanguage\":\"pt-PT\"},{\"@type\":\"WebPage\",\"@id\":\"https:\/\/portaltela.pt\/noticias\/2026\/01\/24\/campeonato-regional-de-combates-ptsi-2026-leva-taekwondo-ao-fanqueiro\/\",\"url\":\"https:\/\/portaltela.pt\/noticias\/2026\/01\/24\/campeonato-regional-de-combates-ptsi-2026-leva-taekwondo-ao-fanqueiro\/\",\"name\":\"Campeonato Regional de Combates PTSI 2026 leva taekwondo ao Fanqueiro - Portal Tela Portugal\",\"isPartOf\":{\"@id\":\"https:\/\/portaltela.pt\/#website\"},\"primaryImageOfPage\":{\"@id\":\"https:\/\/portaltela.pt\/noticias\/2026\/01\/24\/campeonato-regional-de-combates-ptsi-2026-leva-taekwondo-ao-fanqueiro\/#primaryimage\"},\"image\":{\"@id\":\"https:\/\/portaltela.pt\/noticias\/2026\/01\/24\/campeonato-regional-de-combates-ptsi-2026-leva-taekwondo-ao-fanqueiro\/#primaryimage\"},\"thumbnailUrl\":\"https:\/\/portaltela.pt\/s.01k8rhncp4jt1\/2026\/01\/unnamed-file-4915.jpg\",\"datePublished\":\"2026-01-24T07:02:00+00:00\",\"author\":{\"@id\":\"https:\/\/portaltela.pt\/#\/schema\/person\/c4278d4a6028830caff9ee44b42d32ed\"},\"breadcrumb\":{\"@id\":\"https:\/\/portaltela.pt\/noticias\/2026\/01\/24\/campeonato-regional-de-combates-ptsi-2026-leva-taekwondo-ao-fanqueiro\/#breadcrumb\"},\"inLanguage\":\"pt-PT\",\"potentialAction\":[{\"@type\":\"ReadAction\",\"target\":[\"https:\/\/portaltela.pt\/noticias\/2026\/01\/24\/campeonato-regional-de-combates-ptsi-2026-leva-taekwondo-ao-fanqueiro\/\"]}]},{\"@type\":\"ImageObject\",\"inLanguage\":\"pt-PT\",\"@id\":\"https:\/\/portaltela.pt\/noticias\/2026\/01\/24\/campeonato-regional-de-combates-ptsi-2026-leva-taekwondo-ao-fanqueiro\/#primaryimage\",\"url\":\"https:\/\/portaltela.pt\/s.01k8rhncp4jt1\/2026\/01\/unnamed-file-4915.jpg\",\"contentUrl\":\"https:\/\/portaltela.pt\/s.01k8rhncp4jt1\/2026\/01\/unnamed-file-4915.jpg\",\"width\":796,\"height\":448,\"caption\":\"Campeonato Regional de Combates PTSI 2026 leva taekwondo ao Fanqueiro\"},{\"@type\":\"BreadcrumbList\",\"@id\":\"https:\/\/portaltela.pt\/noticias\/2026\/01\/24\/campeonato-regional-de-combates-ptsi-2026-leva-taekwondo-ao-fanqueiro\/#breadcrumb\",\"itemListElement\":[{\"@type\":\"ListItem\",\"position\":1,\"name\":\"In\u00edcio\",\"item\":\"https:\/\/portaltela.pt\/\"},{\"@type\":\"ListItem\",\"position\":2,\"name\":\"Campeonato Regional de Combates PTSI 2026 leva taekwondo ao Fanqueiro\"}]},{\"@type\":\"WebSite\",\"@id\":\"https:\/\/portaltela.pt\/#website\",\"url\":\"https:\/\/portaltela.pt\/\",\"name\":\"Portal Tela Portugal\",\"description\":\"\",\"potentialAction\":[{\"@type\":\"SearchAction\",\"target\":{\"@type\":\"EntryPoint\",\"urlTemplate\":\"https:\/\/portaltela.pt\/?s={search_term_string}\"},\"query-input\":{\"@type\":\"PropertyValueSpecification\",\"valueRequired\":true,\"valueName\":\"search_term_string\"}}],\"inLanguage\":\"pt-PT\"},{\"@type\":\"Person\",\"@id\":\"https:\/\/portaltela.pt\/#\/schema\/person\/c4278d4a6028830caff9ee44b42d32ed\",\"name\":\"Telinha\",\"image\":{\"@type\":\"ImageObject\",\"inLanguage\":\"pt-PT\",\"@id\":\"https:\/\/portaltela.pt\/s.01k8rhncp4jt1\/2025\/11\/talking-bot-125x125.png\",\"url\":\"https:\/\/portaltela.pt\/s.01k8rhncp4jt1\/2025\/11\/talking-bot-125x125.png\",\"contentUrl\":\"https:\/\/portaltela.pt\/s.01k8rhncp4jt1\/2025\/11\/talking-bot-125x125.png\",\"caption\":\"Telinha\"},\"sameAs\":[\"https:\/\/portaltela.pt\/\"],\"url\":\"https:\/\/portaltela.pt\/por\/367410592786\/\"}]}<\/script>\n<!-- \/ Yoast SEO plugin. -->","yoast_head_json":{"title":"Campeonato Regional de Combates PTSI 2026 leva taekwondo ao Fanqueiro - Portal Tela Portugal","robots":{"index":"index","follow":"follow","max-snippet":"max-snippet:-1","max-image-preview":"max-image-preview:large","max-video-preview":"max-video-preview:-1"},"og_locale":"pt_PT","og_type":"article","og_title":"Campeonato Regional de Combates PTSI 2026 leva taekwondo ao Fanqueiro - Portal Tela Portugal","og_description":"O Campeonato Regional de Combates PTSI 2026 de taekwondo realiza-se no s\u00e1bado, 31 de janeiro de 2026, \u00e0s 9 horas, no Pavilh\u00e3o Multiusos do Clube Desportivo e Recreativo \u00c1guias Unidas, nos Foros de Amora (Fanqueiro), Seixal. A prova re\u00fane atletas nas categorias juniores, seniores e masters, num evento dedicado aos combates da modalidade. A organiza\u00e7\u00e3o \u00e9 do Clube Desportivo e Recreativo \u00c1guias Unidas, com o apoio da Associa\u00e7\u00e3o Portugal Taekwondo Sul e Ilhas, da Federa\u00e7\u00e3o Portugal Taekwondo, da C\u00e2mara Municipal do Seixal, da Junta de Freguesia de Amora e do IPDJ. O pavilh\u00e3o anfitri\u00e3o oferece condi\u00e7\u00f5es para v\u00e1rias modalidades e assentos para o p\u00fablico, refor\u00e7ando a capacidade de acolhimento de eventos regionais. Para informa\u00e7\u00f5es adicionais, contacta-se o e-mail cdaguias@hotmail.com.","og_url":"https:\/\/portaltela.pt\/noticias\/2026\/01\/24\/campeonato-regional-de-combates-ptsi-2026-leva-taekwondo-ao-fanqueiro\/","og_site_name":"Portal Tela Portugal","article_published_time":"2026-01-24T07:02:00+00:00","author":"Telinha","twitter_card":"summary_large_image","twitter_misc":{"Escrito por":"Telinha","Tempo estimado de leitura":"1 minuto"},"schema":{"@context":"https:\/\/schema.org","@graph":[{"@type":"Article","@id":"https:\/\/portaltela.pt\/noticias\/2026\/01\/24\/campeonato-regional-de-combates-ptsi-2026-leva-taekwondo-ao-fanqueiro\/#article","isPartOf":{"@id":"https:\/\/portaltela.pt\/noticias\/2026\/01\/24\/campeonato-regional-de-combates-ptsi-2026-leva-taekwondo-ao-fanqueiro\/"},"author":{"name":"Telinha","@id":"https:\/\/portaltela.pt\/#\/schema\/person\/c4278d4a6028830caff9ee44b42d32ed"},"headline":"Campeonato Regional de Combates PTSI 2026 leva taekwondo ao Fanqueiro","datePublished":"2026-01-24T07:02:00+00:00","mainEntityOfPage":{"@id":"https:\/\/portaltela.pt\/noticias\/2026\/01\/24\/campeonato-regional-de-combates-ptsi-2026-leva-taekwondo-ao-fanqueiro\/"},"wordCount":290,"image":{"@id":"https:\/\/portaltela.pt\/noticias\/2026\/01\/24\/campeonato-regional-de-combates-ptsi-2026-leva-taekwondo-ao-fanqueiro\/#primaryimage"},"thumbnailUrl":"https:\/\/portaltela.pt\/s.01k8rhncp4jt1\/2026\/01\/unnamed-file-4915.jpg","keywords":["Amora","atletas","desporto","Portugal","Regional","Seixal"],"articleSection":["Desporto"],"inLanguage":"pt-PT"},{"@type":"WebPage","@id":"https:\/\/portaltela.pt\/noticias\/2026\/01\/24\/campeonato-regional-de-combates-ptsi-2026-leva-taekwondo-ao-fanqueiro\/","url":"https:\/\/portaltela.pt\/noticias\/2026\/01\/24\/campeonato-regional-de-combates-ptsi-2026-leva-taekwondo-ao-fanqueiro\/","name":"Campeonato Regional de Combates PTSI 2026 leva taekwondo ao Fanqueiro - Portal Tela Portugal","isPartOf":{"@id":"https:\/\/portaltela.pt\/#website"},"primaryImageOfPage":{"@id":"https:\/\/portaltela.pt\/noticias\/2026\/01\/24\/campeonato-regional-de-combates-ptsi-2026-leva-taekwondo-ao-fanqueiro\/#primaryimage"},"image":{"@id":"https:\/\/portaltela.pt\/noticias\/2026\/01\/24\/campeonato-regional-de-combates-ptsi-2026-leva-taekwondo-ao-fanqueiro\/#primaryimage"},"thumbnailUrl":"https:\/\/portaltela.pt\/s.01k8rhncp4jt1\/2026\/01\/unnamed-file-4915.jpg","datePublished":"2026-01-24T07:02:00+00:00","author":{"@id":"https:\/\/portaltela.pt\/#\/schema\/person\/c4278d4a6028830caff9ee44b42d32ed"},"breadcrumb":{"@id":"https:\/\/portaltela.pt\/noticias\/2026\/01\/24\/campeonato-regional-de-combates-ptsi-2026-leva-taekwondo-ao-fanqueiro\/#breadcrumb"},"inLanguage":"pt-PT","potentialAction":[{"@type":"ReadAction","target":["https:\/\/portaltela.pt\/noticias\/2026\/01\/24\/campeonato-regional-de-combates-ptsi-2026-leva-taekwondo-ao-fanqueiro\/"]}]},{"@type":"ImageObject","inLanguage":"pt-PT","@id":"https:\/\/portaltela.pt\/noticias\/2026\/01\/24\/campeonato-regional-de-combates-ptsi-2026-leva-taekwondo-ao-fanqueiro\/#primaryimage","url":"https:\/\/portaltela.pt\/s.01k8rhncp4jt1\/2026\/01\/unnamed-file-4915.jpg","contentUrl":"https:\/\/portaltela.pt\/s.01k8rhncp4jt1\/2026\/01\/unnamed-file-4915.jpg","width":796,"height":448,"caption":"Campeonato Regional de Combates PTSI 2026 leva taekwondo ao Fanqueiro"},{"@type":"BreadcrumbList","@id":"https:\/\/portaltela.pt\/noticias\/2026\/01\/24\/campeonato-regional-de-combates-ptsi-2026-leva-taekwondo-ao-fanqueiro\/#breadcrumb","itemListElement":[{"@type":"ListItem","position":1,"name":"In\u00edcio","item":"https:\/\/portaltela.pt\/"},{"@type":"ListItem","position":2,"name":"Campeonato Regional de Combates PTSI 2026 leva taekwondo ao Fanqueiro"}]},{"@type":"WebSite","@id":"https:\/\/portaltela.pt\/#website","url":"https:\/\/portaltela.pt\/","name":"Portal Tela Portugal","description":"","potentialAction":[{"@type":"SearchAction","target":{"@type":"EntryPoint","urlTemplate":"https:\/\/portaltela.pt\/?s={search_term_string}"},"query-input":{"@type":"PropertyValueSpecification","valueRequired":true,"valueName":"search_term_string"}}],"inLanguage":"pt-PT"},{"@type":"Person","@id":"https:\/\/portaltela.pt\/#\/schema\/person\/c4278d4a6028830caff9ee44b42d32ed","name":"Telinha","image":{"@type":"ImageObject","inLanguage":"pt-PT","@id":"https:\/\/portaltela.pt\/s.01k8rhncp4jt1\/2025\/11\/talking-bot-125x125.png","url":"https:\/\/portaltela.pt\/s.01k8rhncp4jt1\/2025\/11\/talking-bot-125x125.png","contentUrl":"https:\/\/portaltela.pt\/s.01k8rhncp4jt1\/2025\/11\/talking-bot-125x125.png","caption":"Telinha"},"sameAs":["https:\/\/portaltela.pt\/"],"url":"https:\/\/portaltela.pt\/por\/367410592786\/"}]}},"_links":{"self":[{"href":"https:\/\/portaltela.pt\/api\/wp\/v2\/posts\/169051","targetHints":{"allow":["GET"]}}],"collection":[{"href":"https:\/\/portaltela.pt\/api\/wp\/v2\/posts"}],"about":[{"href":"https:\/\/portaltela.pt\/api\/wp\/v2\/types\/post"}],"author":[{"embeddable":true,"href":"https:\/\/portaltela.pt\/api\/wp\/v2\/users\/2"}],"replies":[{"embeddable":true,"href":"https:\/\/portaltela.pt\/api\/wp\/v2\/comments?post=169051"}],"version-history":[{"count":0,"href":"https:\/\/portaltela.pt\/api\/wp\/v2\/posts\/169051\/revisions"}],"wp:featuredmedia":[{"embeddable":true,"href":"https:\/\/portaltela.pt\/api\/wp\/v2\/media\/169071"}],"wp:attachment":[{"href":"https:\/\/portaltela.pt\/api\/wp\/v2\/media?parent=169051"}],"wp:term":[{"taxonomy":"category","embeddable":true,"href":"https:\/\/portaltela.pt\/api\/wp\/v2\/categories?post=169051"},{"taxonomy":"post_tag","embeddable":true,"href":"https:\/\/portaltela.pt\/api\/wp\/v2\/tags?post=169051"}],"curies":[{"name":"wp","href":"https:\/\/api.w.org\/{rel}","templated":true}]}}