{"id":169016,"date":"2026-01-24T03:45:00","date_gmt":"2026-01-24T06:45:00","guid":{"rendered":"https:\/\/portaltela.pt\/noticias\/2026\/01\/24\/samu-apoio-da-bancada-e-ritual-na-cobranca-de-penaltis\/"},"modified":"2026-01-24T03:45:00","modified_gmt":"2026-01-24T06:45:00","slug":"samu-apoio-da-bancada-e-ritual-na-cobranca-de-penaltis","status":"publish","type":"post","link":"https:\/\/portaltela.pt\/desporto\/futebol\/2026\/01\/24\/samu-apoio-da-bancada-e-ritual-na-cobranca-de-penaltis\/","title":{"rendered":"Samu: apoio da bancada e ritual na cobran\u00e7a de p\u00eanaltis"},"content":{"rendered":"<p>Depois do encontro frente \u00e0 Rep\u00fablica Checa, Samu recebeu o apoio de companheiros de equipa e do treinador Francesco Farioli, dentro do balne\u00e1rio. O momento ocorreu j\u00e1 no p\u00f3s-jogo, com mensagens de incentivo a chegar de forma un\u00e2nime.<\/p>\n<p>Apoio tamb\u00e9m apareceu nas redes sociais, com f\u00e3s do FC Porto a mostrarem carinho pelo avan\u00e7ado. As mensagens surgiram tanto em p\u00e1ginas oficiais do clube como nas contas pessoais de Samu.<\/p>\n<p>Na mesma linha, surgiram refer\u00eancias a Bednarek, Rosario e Diogo Costa, apontadas como exemplos de apoio verbal j\u00e1 partilhado pela equipa. O colectivo foi descrito como pr\u00f3ximo do jogador.<\/p>\n<h3>Repercuss\u00e3o nas redes<\/h3>\n<p>As mensagens de encorajamento multiplicaram-se nas plataformas digitais, mantendo o tom de incentivo e solidariedade entre quem acompanha o FC Porto. O clima foi descrito como majoritariamente favor\u00e1vel, apesar de algumas cr\u00edticas pontuais.<\/p>\n","protected":false},"excerpt":{"rendered":"<ul>\n<li>Os adeptos do FC Porto agradeceram publicamente a Samu nas redes sociais, ap\u00f3s o jogo na Rep\u00fablica Checa.<\/li>\n<li>As mensagens de apoio whatsapp surgiram tanto em p\u00e1ginas oficiais do clube como nas contas pessoais do avan\u00e7ado.<\/li>\n<li>O carinho tamb\u00e9m chegou nas palavras de Bednarek, Rosario, Diogo Costa e Francesco Farioli, que partilharam mensagens de incentivo.<\/li>\n<li>Al\u00e9m do apoio dos f\u00e3s, houve tamb\u00e9m cr\u00edticas, ainda que de forma pontual, entre as rea\u00e7\u00f5es nas redes.<\/li>\n<\/ul>\n","protected":false},"author":2,"featured_media":169030,"comment_status":"closed","ping_status":"closed","sticky":false,"template":"","format":"standard","meta":{"footnotes":""},"categories":[21,24],"tags":[3160,3406,2028,32,4078,2570],"class_list":["post-169016","post","type-post","status-publish","format-standard","has-post-thumbnail","hentry","category-desporto","category-futebol","tag-bednarek","tag-diogo-costa","tag-fc-porto","tag-futebol","tag-rosario","tag-samu"],"yoast_head":"<!-- This site is optimized with the Yoast SEO plugin v27.2 - https:\/\/yoast.com\/product\/yoast-seo-wordpress\/ -->\n<title>Samu: apoio da bancada e ritual na cobran\u00e7a de p\u00eanaltis - Portal Tela Portugal<\/title>\n<meta name=\"robots\" content=\"index, follow, max-snippet:-1, max-image-preview:large, max-video-preview:-1\" \/>\n<meta property=\"og:locale\" content=\"pt_PT\" \/>\n<meta property=\"og:type\" content=\"article\" \/>\n<meta property=\"og:title\" content=\"Samu: apoio da bancada e ritual na cobran\u00e7a de p\u00eanaltis - Portal Tela Portugal\" \/>\n<meta property=\"og:description\" content=\"Os adeptos do FC Porto agradeceram publicamente a Samu nas redes sociais, ap\u00f3s o jogo na Rep\u00fablica Checa. As mensagens de apoio whatsapp surgiram tanto em p\u00e1ginas oficiais do clube como nas contas pessoais do avan\u00e7ado. O carinho tamb\u00e9m chegou nas palavras de Bednarek, Rosario, Diogo Costa e Francesco Farioli, que partilharam mensagens de incentivo. Al\u00e9m do apoio dos f\u00e3s, houve tamb\u00e9m cr\u00edticas, ainda que de forma pontual, entre as rea\u00e7\u00f5es nas redes.\" \/>\n<meta property=\"og:url\" content=\"https:\/\/portaltela.pt\/noticias\/2026\/01\/24\/samu-apoio-da-bancada-e-ritual-na-cobranca-de-penaltis\/\" \/>\n<meta property=\"og:site_name\" content=\"Portal Tela Portugal\" \/>\n<meta property=\"article:published_time\" content=\"2026-01-24T06:45:00+00:00\" \/>\n<meta name=\"author\" content=\"Telinha\" \/>\n<meta name=\"twitter:card\" content=\"summary_large_image\" \/>\n<meta name=\"twitter:label1\" content=\"Escrito por\" \/>\n\t<meta name=\"twitter:data1\" content=\"Telinha\" \/>\n\t<meta name=\"twitter:label2\" content=\"Tempo estimado de leitura\" \/>\n\t<meta name=\"twitter:data2\" content=\"1 minuto\" \/>\n<script type=\"application\/ld+json\" class=\"yoast-schema-graph\">{\"@context\":\"https:\/\/schema.org\",\"@graph\":[{\"@type\":\"Article\",\"@id\":\"https:\/\/portaltela.pt\/noticias\/2026\/01\/24\/samu-apoio-da-bancada-e-ritual-na-cobranca-de-penaltis\/#article\",\"isPartOf\":{\"@id\":\"https:\/\/portaltela.pt\/noticias\/2026\/01\/24\/samu-apoio-da-bancada-e-ritual-na-cobranca-de-penaltis\/\"},\"author\":{\"name\":\"Telinha\",\"@id\":\"https:\/\/portaltela.pt\/#\/schema\/person\/c4278d4a6028830caff9ee44b42d32ed\"},\"headline\":\"Samu: apoio da bancada e ritual na cobran\u00e7a de p\u00eanaltis\",\"datePublished\":\"2026-01-24T06:45:00+00:00\",\"mainEntityOfPage\":{\"@id\":\"https:\/\/portaltela.pt\/noticias\/2026\/01\/24\/samu-apoio-da-bancada-e-ritual-na-cobranca-de-penaltis\/\"},\"wordCount\":158,\"image\":{\"@id\":\"https:\/\/portaltela.pt\/noticias\/2026\/01\/24\/samu-apoio-da-bancada-e-ritual-na-cobranca-de-penaltis\/#primaryimage\"},\"thumbnailUrl\":\"https:\/\/portaltela.pt\/s.01k8rhncp4jt1\/2026\/01\/img_920x518uu2026-01-23-21-08-51-2416937-im-639047993631597640-1.jpg\",\"keywords\":[\"Bednarek\",\"Diogo Costa\",\"FC Porto\",\"futebol\",\"Rosario\",\"Samu\"],\"articleSection\":[\"Desporto\",\"Futebol\"],\"inLanguage\":\"pt-PT\"},{\"@type\":\"WebPage\",\"@id\":\"https:\/\/portaltela.pt\/noticias\/2026\/01\/24\/samu-apoio-da-bancada-e-ritual-na-cobranca-de-penaltis\/\",\"url\":\"https:\/\/portaltela.pt\/noticias\/2026\/01\/24\/samu-apoio-da-bancada-e-ritual-na-cobranca-de-penaltis\/\",\"name\":\"Samu: apoio da bancada e ritual na cobran\u00e7a de p\u00eanaltis - Portal Tela Portugal\",\"isPartOf\":{\"@id\":\"https:\/\/portaltela.pt\/#website\"},\"primaryImageOfPage\":{\"@id\":\"https:\/\/portaltela.pt\/noticias\/2026\/01\/24\/samu-apoio-da-bancada-e-ritual-na-cobranca-de-penaltis\/#primaryimage\"},\"image\":{\"@id\":\"https:\/\/portaltela.pt\/noticias\/2026\/01\/24\/samu-apoio-da-bancada-e-ritual-na-cobranca-de-penaltis\/#primaryimage\"},\"thumbnailUrl\":\"https:\/\/portaltela.pt\/s.01k8rhncp4jt1\/2026\/01\/img_920x518uu2026-01-23-21-08-51-2416937-im-639047993631597640-1.jpg\",\"datePublished\":\"2026-01-24T06:45:00+00:00\",\"author\":{\"@id\":\"https:\/\/portaltela.pt\/#\/schema\/person\/c4278d4a6028830caff9ee44b42d32ed\"},\"breadcrumb\":{\"@id\":\"https:\/\/portaltela.pt\/noticias\/2026\/01\/24\/samu-apoio-da-bancada-e-ritual-na-cobranca-de-penaltis\/#breadcrumb\"},\"inLanguage\":\"pt-PT\",\"potentialAction\":[{\"@type\":\"ReadAction\",\"target\":[\"https:\/\/portaltela.pt\/noticias\/2026\/01\/24\/samu-apoio-da-bancada-e-ritual-na-cobranca-de-penaltis\/\"]}]},{\"@type\":\"ImageObject\",\"inLanguage\":\"pt-PT\",\"@id\":\"https:\/\/portaltela.pt\/noticias\/2026\/01\/24\/samu-apoio-da-bancada-e-ritual-na-cobranca-de-penaltis\/#primaryimage\",\"url\":\"https:\/\/portaltela.pt\/s.01k8rhncp4jt1\/2026\/01\/img_920x518uu2026-01-23-21-08-51-2416937-im-639047993631597640-1.jpg\",\"contentUrl\":\"https:\/\/portaltela.pt\/s.01k8rhncp4jt1\/2026\/01\/img_920x518uu2026-01-23-21-08-51-2416937-im-639047993631597640-1.jpg\",\"width\":796,\"height\":448,\"caption\":\"Samu falhou pen\u00e1lti em Plzen\"},{\"@type\":\"BreadcrumbList\",\"@id\":\"https:\/\/portaltela.pt\/noticias\/2026\/01\/24\/samu-apoio-da-bancada-e-ritual-na-cobranca-de-penaltis\/#breadcrumb\",\"itemListElement\":[{\"@type\":\"ListItem\",\"position\":1,\"name\":\"In\u00edcio\",\"item\":\"https:\/\/portaltela.pt\/\"},{\"@type\":\"ListItem\",\"position\":2,\"name\":\"Samu: apoio da bancada e ritual na cobran\u00e7a de p\u00eanaltis\"}]},{\"@type\":\"WebSite\",\"@id\":\"https:\/\/portaltela.pt\/#website\",\"url\":\"https:\/\/portaltela.pt\/\",\"name\":\"Portal Tela Portugal\",\"description\":\"\",\"potentialAction\":[{\"@type\":\"SearchAction\",\"target\":{\"@type\":\"EntryPoint\",\"urlTemplate\":\"https:\/\/portaltela.pt\/?s={search_term_string}\"},\"query-input\":{\"@type\":\"PropertyValueSpecification\",\"valueRequired\":true,\"valueName\":\"search_term_string\"}}],\"inLanguage\":\"pt-PT\"},{\"@type\":\"Person\",\"@id\":\"https:\/\/portaltela.pt\/#\/schema\/person\/c4278d4a6028830caff9ee44b42d32ed\",\"name\":\"Telinha\",\"image\":{\"@type\":\"ImageObject\",\"inLanguage\":\"pt-PT\",\"@id\":\"https:\/\/portaltela.pt\/s.01k8rhncp4jt1\/2025\/11\/talking-bot-125x125.png\",\"url\":\"https:\/\/portaltela.pt\/s.01k8rhncp4jt1\/2025\/11\/talking-bot-125x125.png\",\"contentUrl\":\"https:\/\/portaltela.pt\/s.01k8rhncp4jt1\/2025\/11\/talking-bot-125x125.png\",\"caption\":\"Telinha\"},\"sameAs\":[\"https:\/\/portaltela.pt\/\"],\"url\":\"https:\/\/portaltela.pt\/por\/367410592786\/\"}]}<\/script>\n<!-- \/ Yoast SEO plugin. -->","yoast_head_json":{"title":"Samu: apoio da bancada e ritual na cobran\u00e7a de p\u00eanaltis - Portal Tela Portugal","robots":{"index":"index","follow":"follow","max-snippet":"max-snippet:-1","max-image-preview":"max-image-preview:large","max-video-preview":"max-video-preview:-1"},"og_locale":"pt_PT","og_type":"article","og_title":"Samu: apoio da bancada e ritual na cobran\u00e7a de p\u00eanaltis - Portal Tela Portugal","og_description":"Os adeptos do FC Porto agradeceram publicamente a Samu nas redes sociais, ap\u00f3s o jogo na Rep\u00fablica Checa. As mensagens de apoio whatsapp surgiram tanto em p\u00e1ginas oficiais do clube como nas contas pessoais do avan\u00e7ado. O carinho tamb\u00e9m chegou nas palavras de Bednarek, Rosario, Diogo Costa e Francesco Farioli, que partilharam mensagens de incentivo. Al\u00e9m do apoio dos f\u00e3s, houve tamb\u00e9m cr\u00edticas, ainda que de forma pontual, entre as rea\u00e7\u00f5es nas redes.","og_url":"https:\/\/portaltela.pt\/noticias\/2026\/01\/24\/samu-apoio-da-bancada-e-ritual-na-cobranca-de-penaltis\/","og_site_name":"Portal Tela Portugal","article_published_time":"2026-01-24T06:45:00+00:00","author":"Telinha","twitter_card":"summary_large_image","twitter_misc":{"Escrito por":"Telinha","Tempo estimado de leitura":"1 minuto"},"schema":{"@context":"https:\/\/schema.org","@graph":[{"@type":"Article","@id":"https:\/\/portaltela.pt\/noticias\/2026\/01\/24\/samu-apoio-da-bancada-e-ritual-na-cobranca-de-penaltis\/#article","isPartOf":{"@id":"https:\/\/portaltela.pt\/noticias\/2026\/01\/24\/samu-apoio-da-bancada-e-ritual-na-cobranca-de-penaltis\/"},"author":{"name":"Telinha","@id":"https:\/\/portaltela.pt\/#\/schema\/person\/c4278d4a6028830caff9ee44b42d32ed"},"headline":"Samu: apoio da bancada e ritual na cobran\u00e7a de p\u00eanaltis","datePublished":"2026-01-24T06:45:00+00:00","mainEntityOfPage":{"@id":"https:\/\/portaltela.pt\/noticias\/2026\/01\/24\/samu-apoio-da-bancada-e-ritual-na-cobranca-de-penaltis\/"},"wordCount":158,"image":{"@id":"https:\/\/portaltela.pt\/noticias\/2026\/01\/24\/samu-apoio-da-bancada-e-ritual-na-cobranca-de-penaltis\/#primaryimage"},"thumbnailUrl":"https:\/\/portaltela.pt\/s.01k8rhncp4jt1\/2026\/01\/img_920x518uu2026-01-23-21-08-51-2416937-im-639047993631597640-1.jpg","keywords":["Bednarek","Diogo Costa","FC Porto","futebol","Rosario","Samu"],"articleSection":["Desporto","Futebol"],"inLanguage":"pt-PT"},{"@type":"WebPage","@id":"https:\/\/portaltela.pt\/noticias\/2026\/01\/24\/samu-apoio-da-bancada-e-ritual-na-cobranca-de-penaltis\/","url":"https:\/\/portaltela.pt\/noticias\/2026\/01\/24\/samu-apoio-da-bancada-e-ritual-na-cobranca-de-penaltis\/","name":"Samu: apoio da bancada e ritual na cobran\u00e7a de p\u00eanaltis - Portal Tela Portugal","isPartOf":{"@id":"https:\/\/portaltela.pt\/#website"},"primaryImageOfPage":{"@id":"https:\/\/portaltela.pt\/noticias\/2026\/01\/24\/samu-apoio-da-bancada-e-ritual-na-cobranca-de-penaltis\/#primaryimage"},"image":{"@id":"https:\/\/portaltela.pt\/noticias\/2026\/01\/24\/samu-apoio-da-bancada-e-ritual-na-cobranca-de-penaltis\/#primaryimage"},"thumbnailUrl":"https:\/\/portaltela.pt\/s.01k8rhncp4jt1\/2026\/01\/img_920x518uu2026-01-23-21-08-51-2416937-im-639047993631597640-1.jpg","datePublished":"2026-01-24T06:45:00+00:00","author":{"@id":"https:\/\/portaltela.pt\/#\/schema\/person\/c4278d4a6028830caff9ee44b42d32ed"},"breadcrumb":{"@id":"https:\/\/portaltela.pt\/noticias\/2026\/01\/24\/samu-apoio-da-bancada-e-ritual-na-cobranca-de-penaltis\/#breadcrumb"},"inLanguage":"pt-PT","potentialAction":[{"@type":"ReadAction","target":["https:\/\/portaltela.pt\/noticias\/2026\/01\/24\/samu-apoio-da-bancada-e-ritual-na-cobranca-de-penaltis\/"]}]},{"@type":"ImageObject","inLanguage":"pt-PT","@id":"https:\/\/portaltela.pt\/noticias\/2026\/01\/24\/samu-apoio-da-bancada-e-ritual-na-cobranca-de-penaltis\/#primaryimage","url":"https:\/\/portaltela.pt\/s.01k8rhncp4jt1\/2026\/01\/img_920x518uu2026-01-23-21-08-51-2416937-im-639047993631597640-1.jpg","contentUrl":"https:\/\/portaltela.pt\/s.01k8rhncp4jt1\/2026\/01\/img_920x518uu2026-01-23-21-08-51-2416937-im-639047993631597640-1.jpg","width":796,"height":448,"caption":"Samu falhou pen\u00e1lti em Plzen"},{"@type":"BreadcrumbList","@id":"https:\/\/portaltela.pt\/noticias\/2026\/01\/24\/samu-apoio-da-bancada-e-ritual-na-cobranca-de-penaltis\/#breadcrumb","itemListElement":[{"@type":"ListItem","position":1,"name":"In\u00edcio","item":"https:\/\/portaltela.pt\/"},{"@type":"ListItem","position":2,"name":"Samu: apoio da bancada e ritual na cobran\u00e7a de p\u00eanaltis"}]},{"@type":"WebSite","@id":"https:\/\/portaltela.pt\/#website","url":"https:\/\/portaltela.pt\/","name":"Portal Tela Portugal","description":"","potentialAction":[{"@type":"SearchAction","target":{"@type":"EntryPoint","urlTemplate":"https:\/\/portaltela.pt\/?s={search_term_string}"},"query-input":{"@type":"PropertyValueSpecification","valueRequired":true,"valueName":"search_term_string"}}],"inLanguage":"pt-PT"},{"@type":"Person","@id":"https:\/\/portaltela.pt\/#\/schema\/person\/c4278d4a6028830caff9ee44b42d32ed","name":"Telinha","image":{"@type":"ImageObject","inLanguage":"pt-PT","@id":"https:\/\/portaltela.pt\/s.01k8rhncp4jt1\/2025\/11\/talking-bot-125x125.png","url":"https:\/\/portaltela.pt\/s.01k8rhncp4jt1\/2025\/11\/talking-bot-125x125.png","contentUrl":"https:\/\/portaltela.pt\/s.01k8rhncp4jt1\/2025\/11\/talking-bot-125x125.png","caption":"Telinha"},"sameAs":["https:\/\/portaltela.pt\/"],"url":"https:\/\/portaltela.pt\/por\/367410592786\/"}]}},"_links":{"self":[{"href":"https:\/\/portaltela.pt\/api\/wp\/v2\/posts\/169016","targetHints":{"allow":["GET"]}}],"collection":[{"href":"https:\/\/portaltela.pt\/api\/wp\/v2\/posts"}],"about":[{"href":"https:\/\/portaltela.pt\/api\/wp\/v2\/types\/post"}],"author":[{"embeddable":true,"href":"https:\/\/portaltela.pt\/api\/wp\/v2\/users\/2"}],"replies":[{"embeddable":true,"href":"https:\/\/portaltela.pt\/api\/wp\/v2\/comments?post=169016"}],"version-history":[{"count":0,"href":"https:\/\/portaltela.pt\/api\/wp\/v2\/posts\/169016\/revisions"}],"wp:featuredmedia":[{"embeddable":true,"href":"https:\/\/portaltela.pt\/api\/wp\/v2\/media\/169030"}],"wp:attachment":[{"href":"https:\/\/portaltela.pt\/api\/wp\/v2\/media?parent=169016"}],"wp:term":[{"taxonomy":"category","embeddable":true,"href":"https:\/\/portaltela.pt\/api\/wp\/v2\/categories?post=169016"},{"taxonomy":"post_tag","embeddable":true,"href":"https:\/\/portaltela.pt\/api\/wp\/v2\/tags?post=169016"}],"curies":[{"name":"wp","href":"https:\/\/api.w.org\/{rel}","templated":true}]}}