{"id":169005,"date":"2026-01-24T03:31:00","date_gmt":"2026-01-24T06:31:00","guid":{"rendered":"https:\/\/portaltela.pt\/noticias\/2026\/01\/24\/vitor-carvalho-nao-sai-por-menos-de-cinco-milhoes-de-euros\/"},"modified":"2026-01-24T03:31:00","modified_gmt":"2026-01-24T06:31:00","slug":"vitor-carvalho-nao-sai-por-menos-de-cinco-milhoes-de-euros","status":"publish","type":"post","link":"https:\/\/portaltela.pt\/desporto\/futebol\/2026\/01\/24\/vitor-carvalho-nao-sai-por-menos-de-cinco-milhoes-de-euros\/","title":{"rendered":"Vitor Carvalho n\u00e3o sai por menos de cinco milh\u00f5es de euros"},"content":{"rendered":"<p>Vitor Carvalho tem contrato com o Sp. Braga at\u00e9 2028, mas pode n\u00e3o cumprir o v\u00ednculo devido ao interesse crescente de clubes brasileiros. O clube arquirrante j\u00e1 recebeu sondagens, mas n\u00e3o pretende ceder por menos de 5 milh\u00f5es de euros.<\/p>\n<p>A SAD arsenalista j\u00e1 rejeitou propostas de 3 milh\u00f5es de euros do Aris (Gr\u00e9cia) e de 3 milh\u00f5es de euros em uma op\u00e7\u00e3o de compra do Al Shabab (Ar\u00e1bia Saudita), em regime de empr\u00e9stimo com taxa inicial de 1 milh\u00e3o. Mant\u00e9m a fasquia fixa.<\/p>\n<p>O brasileiro, de 28 anos, cumpre a terceira temporada na Pedreira. \u00c9 tido como m\u00e9dio de origem, mas tem atuado quase como defesa-central. Na presente \u00e9poca soma 1.363 minutos em 21 jogos, com dois golos, ambos em agosto.<\/p>\n<h3>Interesses no Brasil<\/h3>\n<p>Carvalho \u00e9 visto como jogador polivalente, atrativo para a pr\u00e1tica t\u00e1tica de clubes brasileiros. No momento, n\u00e3o houve an\u00fancio oficial sobre uma transfer\u00eancia, mantendo-se o foco do jogador nas fun\u00e7\u00f5es na equipa principal do Braga.<\/p>\n<p>O atleta tornou-se o 14.\u00ba da equipa de Carlos Vin\u00edcius (Vicens) em minutos disputados, segundo dados internos. Entre os locais de jogo, tem sido usado com mais frequ\u00eancia a defesa-central, mantendo a adaptabilidade ao longo da temporada.<\/p>\n","protected":false},"excerpt":{"rendered":"<ul>\n<li>O Sp. Braga tem Vitor Carvalho contratado at\u00e9 2028, mas pode sair antes devido ao interesse de clubes brasileiros.<\/li>\n<li>A SAD artillery de Braga aponta \u00e0 fasquia m\u00ednima de 5 milh\u00f5es de euros para um neg\u00f3cio.<\/li>\n<li>No \u00faltimo ver\u00e3o, o Braga rejeitou propostas: Aris de 3 milh\u00f5es de euros e Al Shabab com empr\u00e9stimo de 1 M\u20ac e op\u00e7\u00e3o de compra de 3 M\u20ac.<\/li>\n<li>O brasileiro tem 28 anos, est\u00e1 na terceira \u00e9poca na Pedreira e \u00e9 o 14.\u00ba jogador com mais minutos (1.363 em 21 jogos), sendo utilizado como defesa-central, apesar de origem m\u00e9dios.<\/li>\n<li>Os \u00fanicos golos na \u00e9poca ocorreram contra Tondela e Lincoln Red Imps.<\/li>\n<\/ul>\n","protected":false},"author":2,"featured_media":169007,"comment_status":"closed","ping_status":"closed","sticky":false,"template":"","format":"standard","meta":{"footnotes":""},"categories":[21,24],"tags":[1207,2547,4077,2457,32,1633],"class_list":["post-169005","post","type-post","status-publish","format-standard","has-post-thumbnail","hentry","category-desporto","category-futebol","tag-braga","tag-brasil","tag-defesa-central","tag-emprestimos","tag-futebol","tag-transferencias-internacionais"],"yoast_head":"<!-- This site is optimized with the Yoast SEO plugin v27.2 - https:\/\/yoast.com\/product\/yoast-seo-wordpress\/ -->\n<title>Vitor Carvalho n\u00e3o sai por menos de cinco milh\u00f5es de euros - Portal Tela Portugal<\/title>\n<meta name=\"robots\" content=\"index, follow, max-snippet:-1, max-image-preview:large, max-video-preview:-1\" \/>\n<meta property=\"og:locale\" content=\"pt_PT\" \/>\n<meta property=\"og:type\" content=\"article\" \/>\n<meta property=\"og:title\" content=\"Vitor Carvalho n\u00e3o sai por menos de cinco milh\u00f5es de euros - Portal Tela Portugal\" \/>\n<meta property=\"og:description\" content=\"O Sp. Braga tem Vitor Carvalho contratado at\u00e9 2028, mas pode sair antes devido ao interesse de clubes brasileiros. A SAD artillery de Braga aponta \u00e0 fasquia m\u00ednima de 5 milh\u00f5es de euros para um neg\u00f3cio. No \u00faltimo ver\u00e3o, o Braga rejeitou propostas: Aris de 3 milh\u00f5es de euros e Al Shabab com empr\u00e9stimo de 1 M\u20ac e op\u00e7\u00e3o de compra de 3 M\u20ac. O brasileiro tem 28 anos, est\u00e1 na terceira \u00e9poca na Pedreira e \u00e9 o 14.\u00ba jogador com mais minutos (1.363 em 21 jogos), sendo utilizado como defesa-central, apesar de origem m\u00e9dios. Os \u00fanicos golos na \u00e9poca ocorreram contra Tondela e Lincoln Red Imps.\" \/>\n<meta property=\"og:url\" content=\"https:\/\/portaltela.pt\/noticias\/2026\/01\/24\/vitor-carvalho-nao-sai-por-menos-de-cinco-milhoes-de-euros\/\" \/>\n<meta property=\"og:site_name\" content=\"Portal Tela Portugal\" \/>\n<meta property=\"article:published_time\" content=\"2026-01-24T06:31:00+00:00\" \/>\n<meta name=\"author\" content=\"Telinha\" \/>\n<meta name=\"twitter:card\" content=\"summary_large_image\" \/>\n<meta name=\"twitter:label1\" content=\"Escrito por\" \/>\n\t<meta name=\"twitter:data1\" content=\"Telinha\" \/>\n\t<meta name=\"twitter:label2\" content=\"Tempo estimado de leitura\" \/>\n\t<meta name=\"twitter:data2\" content=\"1 minuto\" \/>\n<script type=\"application\/ld+json\" class=\"yoast-schema-graph\">{\"@context\":\"https:\/\/schema.org\",\"@graph\":[{\"@type\":\"Article\",\"@id\":\"https:\/\/portaltela.pt\/noticias\/2026\/01\/24\/vitor-carvalho-nao-sai-por-menos-de-cinco-milhoes-de-euros\/#article\",\"isPartOf\":{\"@id\":\"https:\/\/portaltela.pt\/noticias\/2026\/01\/24\/vitor-carvalho-nao-sai-por-menos-de-cinco-milhoes-de-euros\/\"},\"author\":{\"name\":\"Telinha\",\"@id\":\"https:\/\/portaltela.pt\/#\/schema\/person\/c4278d4a6028830caff9ee44b42d32ed\"},\"headline\":\"Vitor Carvalho n\u00e3o sai por menos de cinco milh\u00f5es de euros\",\"datePublished\":\"2026-01-24T06:31:00+00:00\",\"mainEntityOfPage\":{\"@id\":\"https:\/\/portaltela.pt\/noticias\/2026\/01\/24\/vitor-carvalho-nao-sai-por-menos-de-cinco-milhoes-de-euros\/\"},\"wordCount\":220,\"image\":{\"@id\":\"https:\/\/portaltela.pt\/noticias\/2026\/01\/24\/vitor-carvalho-nao-sai-por-menos-de-cinco-milhoes-de-euros\/#primaryimage\"},\"thumbnailUrl\":\"https:\/\/portaltela.pt\/s.01k8rhncp4jt1\/2026\/01\/img_920x518uu2026-01-23-20-47-42-2416933-im-639047980973299017.jpg\",\"keywords\":[\"Braga\",\"Brasil\",\"defesa-central\",\"empr\u00e9stimos\",\"futebol\",\"transfer\u00eancias internacionais\"],\"articleSection\":[\"Desporto\",\"Futebol\"],\"inLanguage\":\"pt-PT\"},{\"@type\":\"WebPage\",\"@id\":\"https:\/\/portaltela.pt\/noticias\/2026\/01\/24\/vitor-carvalho-nao-sai-por-menos-de-cinco-milhoes-de-euros\/\",\"url\":\"https:\/\/portaltela.pt\/noticias\/2026\/01\/24\/vitor-carvalho-nao-sai-por-menos-de-cinco-milhoes-de-euros\/\",\"name\":\"Vitor Carvalho n\u00e3o sai por menos de cinco milh\u00f5es de euros - Portal Tela Portugal\",\"isPartOf\":{\"@id\":\"https:\/\/portaltela.pt\/#website\"},\"primaryImageOfPage\":{\"@id\":\"https:\/\/portaltela.pt\/noticias\/2026\/01\/24\/vitor-carvalho-nao-sai-por-menos-de-cinco-milhoes-de-euros\/#primaryimage\"},\"image\":{\"@id\":\"https:\/\/portaltela.pt\/noticias\/2026\/01\/24\/vitor-carvalho-nao-sai-por-menos-de-cinco-milhoes-de-euros\/#primaryimage\"},\"thumbnailUrl\":\"https:\/\/portaltela.pt\/s.01k8rhncp4jt1\/2026\/01\/img_920x518uu2026-01-23-20-47-42-2416933-im-639047980973299017.jpg\",\"datePublished\":\"2026-01-24T06:31:00+00:00\",\"author\":{\"@id\":\"https:\/\/portaltela.pt\/#\/schema\/person\/c4278d4a6028830caff9ee44b42d32ed\"},\"breadcrumb\":{\"@id\":\"https:\/\/portaltela.pt\/noticias\/2026\/01\/24\/vitor-carvalho-nao-sai-por-menos-de-cinco-milhoes-de-euros\/#breadcrumb\"},\"inLanguage\":\"pt-PT\",\"potentialAction\":[{\"@type\":\"ReadAction\",\"target\":[\"https:\/\/portaltela.pt\/noticias\/2026\/01\/24\/vitor-carvalho-nao-sai-por-menos-de-cinco-milhoes-de-euros\/\"]}]},{\"@type\":\"ImageObject\",\"inLanguage\":\"pt-PT\",\"@id\":\"https:\/\/portaltela.pt\/noticias\/2026\/01\/24\/vitor-carvalho-nao-sai-por-menos-de-cinco-milhoes-de-euros\/#primaryimage\",\"url\":\"https:\/\/portaltela.pt\/s.01k8rhncp4jt1\/2026\/01\/img_920x518uu2026-01-23-20-47-42-2416933-im-639047980973299017.jpg\",\"contentUrl\":\"https:\/\/portaltela.pt\/s.01k8rhncp4jt1\/2026\/01\/img_920x518uu2026-01-23-20-47-42-2416933-im-639047980973299017.jpg\",\"width\":796,\"height\":448,\"caption\":\"Vitor Carvalho tem 21 jogos disputados esta temporada\"},{\"@type\":\"BreadcrumbList\",\"@id\":\"https:\/\/portaltela.pt\/noticias\/2026\/01\/24\/vitor-carvalho-nao-sai-por-menos-de-cinco-milhoes-de-euros\/#breadcrumb\",\"itemListElement\":[{\"@type\":\"ListItem\",\"position\":1,\"name\":\"In\u00edcio\",\"item\":\"https:\/\/portaltela.pt\/\"},{\"@type\":\"ListItem\",\"position\":2,\"name\":\"Vitor Carvalho n\u00e3o sai por menos de cinco milh\u00f5es de euros\"}]},{\"@type\":\"WebSite\",\"@id\":\"https:\/\/portaltela.pt\/#website\",\"url\":\"https:\/\/portaltela.pt\/\",\"name\":\"Portal Tela Portugal\",\"description\":\"\",\"potentialAction\":[{\"@type\":\"SearchAction\",\"target\":{\"@type\":\"EntryPoint\",\"urlTemplate\":\"https:\/\/portaltela.pt\/?s={search_term_string}\"},\"query-input\":{\"@type\":\"PropertyValueSpecification\",\"valueRequired\":true,\"valueName\":\"search_term_string\"}}],\"inLanguage\":\"pt-PT\"},{\"@type\":\"Person\",\"@id\":\"https:\/\/portaltela.pt\/#\/schema\/person\/c4278d4a6028830caff9ee44b42d32ed\",\"name\":\"Telinha\",\"image\":{\"@type\":\"ImageObject\",\"inLanguage\":\"pt-PT\",\"@id\":\"https:\/\/portaltela.pt\/s.01k8rhncp4jt1\/2025\/11\/talking-bot-125x125.png\",\"url\":\"https:\/\/portaltela.pt\/s.01k8rhncp4jt1\/2025\/11\/talking-bot-125x125.png\",\"contentUrl\":\"https:\/\/portaltela.pt\/s.01k8rhncp4jt1\/2025\/11\/talking-bot-125x125.png\",\"caption\":\"Telinha\"},\"sameAs\":[\"https:\/\/portaltela.pt\/\"],\"url\":\"https:\/\/portaltela.pt\/por\/367410592786\/\"}]}<\/script>\n<!-- \/ Yoast SEO plugin. -->","yoast_head_json":{"title":"Vitor Carvalho n\u00e3o sai por menos de cinco milh\u00f5es de euros - Portal Tela Portugal","robots":{"index":"index","follow":"follow","max-snippet":"max-snippet:-1","max-image-preview":"max-image-preview:large","max-video-preview":"max-video-preview:-1"},"og_locale":"pt_PT","og_type":"article","og_title":"Vitor Carvalho n\u00e3o sai por menos de cinco milh\u00f5es de euros - Portal Tela Portugal","og_description":"O Sp. Braga tem Vitor Carvalho contratado at\u00e9 2028, mas pode sair antes devido ao interesse de clubes brasileiros. A SAD artillery de Braga aponta \u00e0 fasquia m\u00ednima de 5 milh\u00f5es de euros para um neg\u00f3cio. No \u00faltimo ver\u00e3o, o Braga rejeitou propostas: Aris de 3 milh\u00f5es de euros e Al Shabab com empr\u00e9stimo de 1 M\u20ac e op\u00e7\u00e3o de compra de 3 M\u20ac. O brasileiro tem 28 anos, est\u00e1 na terceira \u00e9poca na Pedreira e \u00e9 o 14.\u00ba jogador com mais minutos (1.363 em 21 jogos), sendo utilizado como defesa-central, apesar de origem m\u00e9dios. Os \u00fanicos golos na \u00e9poca ocorreram contra Tondela e Lincoln Red Imps.","og_url":"https:\/\/portaltela.pt\/noticias\/2026\/01\/24\/vitor-carvalho-nao-sai-por-menos-de-cinco-milhoes-de-euros\/","og_site_name":"Portal Tela Portugal","article_published_time":"2026-01-24T06:31:00+00:00","author":"Telinha","twitter_card":"summary_large_image","twitter_misc":{"Escrito por":"Telinha","Tempo estimado de leitura":"1 minuto"},"schema":{"@context":"https:\/\/schema.org","@graph":[{"@type":"Article","@id":"https:\/\/portaltela.pt\/noticias\/2026\/01\/24\/vitor-carvalho-nao-sai-por-menos-de-cinco-milhoes-de-euros\/#article","isPartOf":{"@id":"https:\/\/portaltela.pt\/noticias\/2026\/01\/24\/vitor-carvalho-nao-sai-por-menos-de-cinco-milhoes-de-euros\/"},"author":{"name":"Telinha","@id":"https:\/\/portaltela.pt\/#\/schema\/person\/c4278d4a6028830caff9ee44b42d32ed"},"headline":"Vitor Carvalho n\u00e3o sai por menos de cinco milh\u00f5es de euros","datePublished":"2026-01-24T06:31:00+00:00","mainEntityOfPage":{"@id":"https:\/\/portaltela.pt\/noticias\/2026\/01\/24\/vitor-carvalho-nao-sai-por-menos-de-cinco-milhoes-de-euros\/"},"wordCount":220,"image":{"@id":"https:\/\/portaltela.pt\/noticias\/2026\/01\/24\/vitor-carvalho-nao-sai-por-menos-de-cinco-milhoes-de-euros\/#primaryimage"},"thumbnailUrl":"https:\/\/portaltela.pt\/s.01k8rhncp4jt1\/2026\/01\/img_920x518uu2026-01-23-20-47-42-2416933-im-639047980973299017.jpg","keywords":["Braga","Brasil","defesa-central","empr\u00e9stimos","futebol","transfer\u00eancias internacionais"],"articleSection":["Desporto","Futebol"],"inLanguage":"pt-PT"},{"@type":"WebPage","@id":"https:\/\/portaltela.pt\/noticias\/2026\/01\/24\/vitor-carvalho-nao-sai-por-menos-de-cinco-milhoes-de-euros\/","url":"https:\/\/portaltela.pt\/noticias\/2026\/01\/24\/vitor-carvalho-nao-sai-por-menos-de-cinco-milhoes-de-euros\/","name":"Vitor Carvalho n\u00e3o sai por menos de cinco milh\u00f5es de euros - Portal Tela Portugal","isPartOf":{"@id":"https:\/\/portaltela.pt\/#website"},"primaryImageOfPage":{"@id":"https:\/\/portaltela.pt\/noticias\/2026\/01\/24\/vitor-carvalho-nao-sai-por-menos-de-cinco-milhoes-de-euros\/#primaryimage"},"image":{"@id":"https:\/\/portaltela.pt\/noticias\/2026\/01\/24\/vitor-carvalho-nao-sai-por-menos-de-cinco-milhoes-de-euros\/#primaryimage"},"thumbnailUrl":"https:\/\/portaltela.pt\/s.01k8rhncp4jt1\/2026\/01\/img_920x518uu2026-01-23-20-47-42-2416933-im-639047980973299017.jpg","datePublished":"2026-01-24T06:31:00+00:00","author":{"@id":"https:\/\/portaltela.pt\/#\/schema\/person\/c4278d4a6028830caff9ee44b42d32ed"},"breadcrumb":{"@id":"https:\/\/portaltela.pt\/noticias\/2026\/01\/24\/vitor-carvalho-nao-sai-por-menos-de-cinco-milhoes-de-euros\/#breadcrumb"},"inLanguage":"pt-PT","potentialAction":[{"@type":"ReadAction","target":["https:\/\/portaltela.pt\/noticias\/2026\/01\/24\/vitor-carvalho-nao-sai-por-menos-de-cinco-milhoes-de-euros\/"]}]},{"@type":"ImageObject","inLanguage":"pt-PT","@id":"https:\/\/portaltela.pt\/noticias\/2026\/01\/24\/vitor-carvalho-nao-sai-por-menos-de-cinco-milhoes-de-euros\/#primaryimage","url":"https:\/\/portaltela.pt\/s.01k8rhncp4jt1\/2026\/01\/img_920x518uu2026-01-23-20-47-42-2416933-im-639047980973299017.jpg","contentUrl":"https:\/\/portaltela.pt\/s.01k8rhncp4jt1\/2026\/01\/img_920x518uu2026-01-23-20-47-42-2416933-im-639047980973299017.jpg","width":796,"height":448,"caption":"Vitor Carvalho tem 21 jogos disputados esta temporada"},{"@type":"BreadcrumbList","@id":"https:\/\/portaltela.pt\/noticias\/2026\/01\/24\/vitor-carvalho-nao-sai-por-menos-de-cinco-milhoes-de-euros\/#breadcrumb","itemListElement":[{"@type":"ListItem","position":1,"name":"In\u00edcio","item":"https:\/\/portaltela.pt\/"},{"@type":"ListItem","position":2,"name":"Vitor Carvalho n\u00e3o sai por menos de cinco milh\u00f5es de euros"}]},{"@type":"WebSite","@id":"https:\/\/portaltela.pt\/#website","url":"https:\/\/portaltela.pt\/","name":"Portal Tela Portugal","description":"","potentialAction":[{"@type":"SearchAction","target":{"@type":"EntryPoint","urlTemplate":"https:\/\/portaltela.pt\/?s={search_term_string}"},"query-input":{"@type":"PropertyValueSpecification","valueRequired":true,"valueName":"search_term_string"}}],"inLanguage":"pt-PT"},{"@type":"Person","@id":"https:\/\/portaltela.pt\/#\/schema\/person\/c4278d4a6028830caff9ee44b42d32ed","name":"Telinha","image":{"@type":"ImageObject","inLanguage":"pt-PT","@id":"https:\/\/portaltela.pt\/s.01k8rhncp4jt1\/2025\/11\/talking-bot-125x125.png","url":"https:\/\/portaltela.pt\/s.01k8rhncp4jt1\/2025\/11\/talking-bot-125x125.png","contentUrl":"https:\/\/portaltela.pt\/s.01k8rhncp4jt1\/2025\/11\/talking-bot-125x125.png","caption":"Telinha"},"sameAs":["https:\/\/portaltela.pt\/"],"url":"https:\/\/portaltela.pt\/por\/367410592786\/"}]}},"_links":{"self":[{"href":"https:\/\/portaltela.pt\/api\/wp\/v2\/posts\/169005","targetHints":{"allow":["GET"]}}],"collection":[{"href":"https:\/\/portaltela.pt\/api\/wp\/v2\/posts"}],"about":[{"href":"https:\/\/portaltela.pt\/api\/wp\/v2\/types\/post"}],"author":[{"embeddable":true,"href":"https:\/\/portaltela.pt\/api\/wp\/v2\/users\/2"}],"replies":[{"embeddable":true,"href":"https:\/\/portaltela.pt\/api\/wp\/v2\/comments?post=169005"}],"version-history":[{"count":0,"href":"https:\/\/portaltela.pt\/api\/wp\/v2\/posts\/169005\/revisions"}],"wp:featuredmedia":[{"embeddable":true,"href":"https:\/\/portaltela.pt\/api\/wp\/v2\/media\/169007"}],"wp:attachment":[{"href":"https:\/\/portaltela.pt\/api\/wp\/v2\/media?parent=169005"}],"wp:term":[{"taxonomy":"category","embeddable":true,"href":"https:\/\/portaltela.pt\/api\/wp\/v2\/categories?post=169005"},{"taxonomy":"post_tag","embeddable":true,"href":"https:\/\/portaltela.pt\/api\/wp\/v2\/tags?post=169005"}],"curies":[{"name":"wp","href":"https:\/\/api.w.org\/{rel}","templated":true}]}}