{"id":168976,"date":"2026-01-24T00:41:05","date_gmt":"2026-01-24T03:41:05","guid":{"rendered":"https:\/\/portaltela.pt\/noticias\/2026\/01\/24\/cm-pampilhosa-da-serra-promove-conversas-de-avos\/"},"modified":"2026-01-24T00:41:05","modified_gmt":"2026-01-24T03:41:05","slug":"cm-pampilhosa-da-serra-promove-conversas-de-avos","status":"publish","type":"post","link":"https:\/\/portaltela.pt\/noticias\/2026\/01\/24\/cm-pampilhosa-da-serra-promove-conversas-de-avos\/","title":{"rendered":"CM Pampilhosa da Serra promove Conversas de Av\u00f3s"},"content":{"rendered":"<p>Ao longo do m\u00eas, o programa Conversas de Av\u00f3s volta a percorrer o concelho de Pampilhosa da Serra, promovendo encontros que valorizam a partilha, a escuta e a experi\u00eancia s\u00e9nior. A iniciativa, desenvolvida em parceria com as Juntas de Freguesia e a Rede Social, chega a v\u00e1rias localidades.<\/p>\n<p>As sess\u00f5es incluem dois momentos tem\u00e1ticos: \u201cO que fica quando algu\u00e9m parte?!\u201d, espa\u00e7o seguro para falar de luto e perda, e \u201cGratid\u00e3o e Solidariedade\u201d, uma celebra\u00e7\u00e3o do esp\u00edrito natal\u00edcio, da uni\u00e3o e das mem\u00f3rias que aquecem o cora\u00e7\u00e3o. Cada sess\u00e3o pretende apoiar quem participa.<\/p>\n<p>O programa refor\u00e7a a aposta em envelhecimento activo, inclus\u00e3o social e apoio comunit\u00e1rio, mantendo a participa\u00e7\u00e3o de coletividades locais e parceiros da Rede Social. O objetivo \u00e9 criar oportunidades de di\u00e1logo e aprendizagem entre gera\u00e7\u00f5es.<\/p>\n<h3>Sess\u00f5es especiais<\/h3>\n<p>O calend\u00e1rio completo est\u00e1 dispon\u00edvel junto das entidade parceiras locais, com datas e lugares espec\u00edficos para cada sess\u00e3o. O objetivo \u00e9 envolver a comunidade numa programa\u00e7\u00e3o que valoriza a experi\u00eancia s\u00e9nior.<\/p>\n<p>Chama-se a participa\u00e7\u00e3o de moradores e interessados, convidando-os a consultar os pontos de encontro previstos at\u00e9 ao final do m\u00eas. Envelhecer \u00e9 partilhar, aprender, inspirar e viver em comunidade.<\/p>\n","protected":false},"excerpt":{"rendered":"<ul>\n<li>O programa Conversas de Av\u00f3s, de CM Pampilhosa da Serra, percorre o concelho at\u00e9 ao final do m\u00eas com novas paragens e conversas, num percurso afetivo que valoriza a partilha e a experi\u00eancia s\u00e9nior.<\/li>\n<li>Duas sess\u00f5es t\u00eam import\u00e2ncia especial: \u201cO que fica quando algu\u00e9m parte!?\u201d aborda o luto e a necessidade de escuta e apoio.<\/li>\n<li>A outra sess\u00e3o, \u201cGratid\u00e3o e Solidariedade\u201d, celebra o esp\u00edrito natal\u00edcio, a uni\u00e3o da comunidade e as mem\u00f3rias que aquecem o cora\u00e7\u00e3o.<\/li>\n<li>O programa \u00e9 desenvolvido em estreita articula\u00e7\u00e3o com as Juntas de Freguesia, coletividades locais e parceiros da Rede Social, consolidando-se como refer\u00eancia de envelhecimento ativo e inclus\u00e3o social.<\/li>\n<li>Convida-se a consultar o calend\u00e1rio e participar, mostrando que envelhecer \u00e9 partilhar, aprender, inspirar e viver em comunidade.<\/li>\n<\/ul>\n","protected":false},"author":2,"featured_media":168978,"comment_status":"closed","ping_status":"closed","sticky":false,"template":"","format":"standard","meta":{"footnotes":""},"categories":[1],"tags":[1595,3035,144,2788,2736,4074],"class_list":["post-168976","post","type-post","status-publish","format-standard","has-post-thumbnail","hentry","category-noticias","tag-coletividades","tag-comunidade","tag-concelho","tag-envelhecimento","tag-idosos","tag-inclusao-social"],"yoast_head":"<!-- This site is optimized with the Yoast SEO plugin v27.2 - https:\/\/yoast.com\/product\/yoast-seo-wordpress\/ -->\n<title>CM Pampilhosa da Serra promove Conversas de Av\u00f3s - Portal Tela Portugal<\/title>\n<meta name=\"robots\" content=\"index, follow, max-snippet:-1, max-image-preview:large, max-video-preview:-1\" \/>\n<meta property=\"og:locale\" content=\"pt_PT\" \/>\n<meta property=\"og:type\" content=\"article\" \/>\n<meta property=\"og:title\" content=\"CM Pampilhosa da Serra promove Conversas de Av\u00f3s - Portal Tela Portugal\" \/>\n<meta property=\"og:description\" content=\"O programa Conversas de Av\u00f3s, de CM Pampilhosa da Serra, percorre o concelho at\u00e9 ao final do m\u00eas com novas paragens e conversas, num percurso afetivo que valoriza a partilha e a experi\u00eancia s\u00e9nior. Duas sess\u00f5es t\u00eam import\u00e2ncia especial: \u201cO que fica quando algu\u00e9m parte!?\u201d aborda o luto e a necessidade de escuta e apoio. A outra sess\u00e3o, \u201cGratid\u00e3o e Solidariedade\u201d, celebra o esp\u00edrito natal\u00edcio, a uni\u00e3o da comunidade e as mem\u00f3rias que aquecem o cora\u00e7\u00e3o. O programa \u00e9 desenvolvido em estreita articula\u00e7\u00e3o com as Juntas de Freguesia, coletividades locais e parceiros da Rede Social, consolidando-se como refer\u00eancia de envelhecimento ativo e inclus\u00e3o social. Convida-se a consultar o calend\u00e1rio e participar, mostrando que envelhecer \u00e9 partilhar, aprender, inspirar e viver em comunidade.\" \/>\n<meta property=\"og:url\" content=\"https:\/\/portaltela.pt\/noticias\/2026\/01\/24\/cm-pampilhosa-da-serra-promove-conversas-de-avos\/\" \/>\n<meta property=\"og:site_name\" content=\"Portal Tela Portugal\" \/>\n<meta property=\"article:published_time\" content=\"2026-01-24T03:41:05+00:00\" \/>\n<meta name=\"author\" content=\"Telinha\" \/>\n<meta name=\"twitter:card\" content=\"summary_large_image\" \/>\n<meta name=\"twitter:label1\" content=\"Escrito por\" \/>\n\t<meta name=\"twitter:data1\" content=\"Telinha\" \/>\n\t<meta name=\"twitter:label2\" content=\"Tempo estimado de leitura\" \/>\n\t<meta name=\"twitter:data2\" content=\"1 minuto\" \/>\n<script type=\"application\/ld+json\" class=\"yoast-schema-graph\">{\"@context\":\"https:\/\/schema.org\",\"@graph\":[{\"@type\":\"Article\",\"@id\":\"https:\/\/portaltela.pt\/noticias\/2026\/01\/24\/cm-pampilhosa-da-serra-promove-conversas-de-avos\/#article\",\"isPartOf\":{\"@id\":\"https:\/\/portaltela.pt\/noticias\/2026\/01\/24\/cm-pampilhosa-da-serra-promove-conversas-de-avos\/\"},\"author\":{\"name\":\"Telinha\",\"@id\":\"https:\/\/portaltela.pt\/#\/schema\/person\/c4278d4a6028830caff9ee44b42d32ed\"},\"headline\":\"CM Pampilhosa da Serra promove Conversas de Av\u00f3s\",\"datePublished\":\"2026-01-24T03:41:05+00:00\",\"mainEntityOfPage\":{\"@id\":\"https:\/\/portaltela.pt\/noticias\/2026\/01\/24\/cm-pampilhosa-da-serra-promove-conversas-de-avos\/\"},\"wordCount\":228,\"image\":{\"@id\":\"https:\/\/portaltela.pt\/noticias\/2026\/01\/24\/cm-pampilhosa-da-serra-promove-conversas-de-avos\/#primaryimage\"},\"thumbnailUrl\":\"https:\/\/portaltela.pt\/s.01k8rhncp4jt1\/2026\/01\/unnamed-file-4902.jpg\",\"keywords\":[\"coletividades\",\"comunidade\",\"concelho\",\"envelhecimento\",\"idosos\",\"inclus\u00e3o social\"],\"articleSection\":[\"Not\u00edcias\"],\"inLanguage\":\"pt-PT\"},{\"@type\":\"WebPage\",\"@id\":\"https:\/\/portaltela.pt\/noticias\/2026\/01\/24\/cm-pampilhosa-da-serra-promove-conversas-de-avos\/\",\"url\":\"https:\/\/portaltela.pt\/noticias\/2026\/01\/24\/cm-pampilhosa-da-serra-promove-conversas-de-avos\/\",\"name\":\"CM Pampilhosa da Serra promove Conversas de Av\u00f3s - Portal Tela Portugal\",\"isPartOf\":{\"@id\":\"https:\/\/portaltela.pt\/#website\"},\"primaryImageOfPage\":{\"@id\":\"https:\/\/portaltela.pt\/noticias\/2026\/01\/24\/cm-pampilhosa-da-serra-promove-conversas-de-avos\/#primaryimage\"},\"image\":{\"@id\":\"https:\/\/portaltela.pt\/noticias\/2026\/01\/24\/cm-pampilhosa-da-serra-promove-conversas-de-avos\/#primaryimage\"},\"thumbnailUrl\":\"https:\/\/portaltela.pt\/s.01k8rhncp4jt1\/2026\/01\/unnamed-file-4902.jpg\",\"datePublished\":\"2026-01-24T03:41:05+00:00\",\"author\":{\"@id\":\"https:\/\/portaltela.pt\/#\/schema\/person\/c4278d4a6028830caff9ee44b42d32ed\"},\"breadcrumb\":{\"@id\":\"https:\/\/portaltela.pt\/noticias\/2026\/01\/24\/cm-pampilhosa-da-serra-promove-conversas-de-avos\/#breadcrumb\"},\"inLanguage\":\"pt-PT\",\"potentialAction\":[{\"@type\":\"ReadAction\",\"target\":[\"https:\/\/portaltela.pt\/noticias\/2026\/01\/24\/cm-pampilhosa-da-serra-promove-conversas-de-avos\/\"]}]},{\"@type\":\"ImageObject\",\"inLanguage\":\"pt-PT\",\"@id\":\"https:\/\/portaltela.pt\/noticias\/2026\/01\/24\/cm-pampilhosa-da-serra-promove-conversas-de-avos\/#primaryimage\",\"url\":\"https:\/\/portaltela.pt\/s.01k8rhncp4jt1\/2026\/01\/unnamed-file-4902.jpg\",\"contentUrl\":\"https:\/\/portaltela.pt\/s.01k8rhncp4jt1\/2026\/01\/unnamed-file-4902.jpg\",\"width\":796,\"height\":448,\"caption\":\"CM Pampilhosa da Serra \/ Conversas de Av\u00f3s\"},{\"@type\":\"BreadcrumbList\",\"@id\":\"https:\/\/portaltela.pt\/noticias\/2026\/01\/24\/cm-pampilhosa-da-serra-promove-conversas-de-avos\/#breadcrumb\",\"itemListElement\":[{\"@type\":\"ListItem\",\"position\":1,\"name\":\"In\u00edcio\",\"item\":\"https:\/\/portaltela.pt\/\"},{\"@type\":\"ListItem\",\"position\":2,\"name\":\"CM Pampilhosa da Serra promove Conversas de Av\u00f3s\"}]},{\"@type\":\"WebSite\",\"@id\":\"https:\/\/portaltela.pt\/#website\",\"url\":\"https:\/\/portaltela.pt\/\",\"name\":\"Portal Tela Portugal\",\"description\":\"\",\"potentialAction\":[{\"@type\":\"SearchAction\",\"target\":{\"@type\":\"EntryPoint\",\"urlTemplate\":\"https:\/\/portaltela.pt\/?s={search_term_string}\"},\"query-input\":{\"@type\":\"PropertyValueSpecification\",\"valueRequired\":true,\"valueName\":\"search_term_string\"}}],\"inLanguage\":\"pt-PT\"},{\"@type\":\"Person\",\"@id\":\"https:\/\/portaltela.pt\/#\/schema\/person\/c4278d4a6028830caff9ee44b42d32ed\",\"name\":\"Telinha\",\"image\":{\"@type\":\"ImageObject\",\"inLanguage\":\"pt-PT\",\"@id\":\"https:\/\/portaltela.pt\/s.01k8rhncp4jt1\/2025\/11\/talking-bot-125x125.png\",\"url\":\"https:\/\/portaltela.pt\/s.01k8rhncp4jt1\/2025\/11\/talking-bot-125x125.png\",\"contentUrl\":\"https:\/\/portaltela.pt\/s.01k8rhncp4jt1\/2025\/11\/talking-bot-125x125.png\",\"caption\":\"Telinha\"},\"sameAs\":[\"https:\/\/portaltela.pt\/\"],\"url\":\"https:\/\/portaltela.pt\/por\/367410592786\/\"}]}<\/script>\n<!-- \/ Yoast SEO plugin. -->","yoast_head_json":{"title":"CM Pampilhosa da Serra promove Conversas de Av\u00f3s - Portal Tela Portugal","robots":{"index":"index","follow":"follow","max-snippet":"max-snippet:-1","max-image-preview":"max-image-preview:large","max-video-preview":"max-video-preview:-1"},"og_locale":"pt_PT","og_type":"article","og_title":"CM Pampilhosa da Serra promove Conversas de Av\u00f3s - Portal Tela Portugal","og_description":"O programa Conversas de Av\u00f3s, de CM Pampilhosa da Serra, percorre o concelho at\u00e9 ao final do m\u00eas com novas paragens e conversas, num percurso afetivo que valoriza a partilha e a experi\u00eancia s\u00e9nior. Duas sess\u00f5es t\u00eam import\u00e2ncia especial: \u201cO que fica quando algu\u00e9m parte!?\u201d aborda o luto e a necessidade de escuta e apoio. A outra sess\u00e3o, \u201cGratid\u00e3o e Solidariedade\u201d, celebra o esp\u00edrito natal\u00edcio, a uni\u00e3o da comunidade e as mem\u00f3rias que aquecem o cora\u00e7\u00e3o. O programa \u00e9 desenvolvido em estreita articula\u00e7\u00e3o com as Juntas de Freguesia, coletividades locais e parceiros da Rede Social, consolidando-se como refer\u00eancia de envelhecimento ativo e inclus\u00e3o social. Convida-se a consultar o calend\u00e1rio e participar, mostrando que envelhecer \u00e9 partilhar, aprender, inspirar e viver em comunidade.","og_url":"https:\/\/portaltela.pt\/noticias\/2026\/01\/24\/cm-pampilhosa-da-serra-promove-conversas-de-avos\/","og_site_name":"Portal Tela Portugal","article_published_time":"2026-01-24T03:41:05+00:00","author":"Telinha","twitter_card":"summary_large_image","twitter_misc":{"Escrito por":"Telinha","Tempo estimado de leitura":"1 minuto"},"schema":{"@context":"https:\/\/schema.org","@graph":[{"@type":"Article","@id":"https:\/\/portaltela.pt\/noticias\/2026\/01\/24\/cm-pampilhosa-da-serra-promove-conversas-de-avos\/#article","isPartOf":{"@id":"https:\/\/portaltela.pt\/noticias\/2026\/01\/24\/cm-pampilhosa-da-serra-promove-conversas-de-avos\/"},"author":{"name":"Telinha","@id":"https:\/\/portaltela.pt\/#\/schema\/person\/c4278d4a6028830caff9ee44b42d32ed"},"headline":"CM Pampilhosa da Serra promove Conversas de Av\u00f3s","datePublished":"2026-01-24T03:41:05+00:00","mainEntityOfPage":{"@id":"https:\/\/portaltela.pt\/noticias\/2026\/01\/24\/cm-pampilhosa-da-serra-promove-conversas-de-avos\/"},"wordCount":228,"image":{"@id":"https:\/\/portaltela.pt\/noticias\/2026\/01\/24\/cm-pampilhosa-da-serra-promove-conversas-de-avos\/#primaryimage"},"thumbnailUrl":"https:\/\/portaltela.pt\/s.01k8rhncp4jt1\/2026\/01\/unnamed-file-4902.jpg","keywords":["coletividades","comunidade","concelho","envelhecimento","idosos","inclus\u00e3o social"],"articleSection":["Not\u00edcias"],"inLanguage":"pt-PT"},{"@type":"WebPage","@id":"https:\/\/portaltela.pt\/noticias\/2026\/01\/24\/cm-pampilhosa-da-serra-promove-conversas-de-avos\/","url":"https:\/\/portaltela.pt\/noticias\/2026\/01\/24\/cm-pampilhosa-da-serra-promove-conversas-de-avos\/","name":"CM Pampilhosa da Serra promove Conversas de Av\u00f3s - Portal Tela Portugal","isPartOf":{"@id":"https:\/\/portaltela.pt\/#website"},"primaryImageOfPage":{"@id":"https:\/\/portaltela.pt\/noticias\/2026\/01\/24\/cm-pampilhosa-da-serra-promove-conversas-de-avos\/#primaryimage"},"image":{"@id":"https:\/\/portaltela.pt\/noticias\/2026\/01\/24\/cm-pampilhosa-da-serra-promove-conversas-de-avos\/#primaryimage"},"thumbnailUrl":"https:\/\/portaltela.pt\/s.01k8rhncp4jt1\/2026\/01\/unnamed-file-4902.jpg","datePublished":"2026-01-24T03:41:05+00:00","author":{"@id":"https:\/\/portaltela.pt\/#\/schema\/person\/c4278d4a6028830caff9ee44b42d32ed"},"breadcrumb":{"@id":"https:\/\/portaltela.pt\/noticias\/2026\/01\/24\/cm-pampilhosa-da-serra-promove-conversas-de-avos\/#breadcrumb"},"inLanguage":"pt-PT","potentialAction":[{"@type":"ReadAction","target":["https:\/\/portaltela.pt\/noticias\/2026\/01\/24\/cm-pampilhosa-da-serra-promove-conversas-de-avos\/"]}]},{"@type":"ImageObject","inLanguage":"pt-PT","@id":"https:\/\/portaltela.pt\/noticias\/2026\/01\/24\/cm-pampilhosa-da-serra-promove-conversas-de-avos\/#primaryimage","url":"https:\/\/portaltela.pt\/s.01k8rhncp4jt1\/2026\/01\/unnamed-file-4902.jpg","contentUrl":"https:\/\/portaltela.pt\/s.01k8rhncp4jt1\/2026\/01\/unnamed-file-4902.jpg","width":796,"height":448,"caption":"CM Pampilhosa da Serra \/ Conversas de Av\u00f3s"},{"@type":"BreadcrumbList","@id":"https:\/\/portaltela.pt\/noticias\/2026\/01\/24\/cm-pampilhosa-da-serra-promove-conversas-de-avos\/#breadcrumb","itemListElement":[{"@type":"ListItem","position":1,"name":"In\u00edcio","item":"https:\/\/portaltela.pt\/"},{"@type":"ListItem","position":2,"name":"CM Pampilhosa da Serra promove Conversas de Av\u00f3s"}]},{"@type":"WebSite","@id":"https:\/\/portaltela.pt\/#website","url":"https:\/\/portaltela.pt\/","name":"Portal Tela Portugal","description":"","potentialAction":[{"@type":"SearchAction","target":{"@type":"EntryPoint","urlTemplate":"https:\/\/portaltela.pt\/?s={search_term_string}"},"query-input":{"@type":"PropertyValueSpecification","valueRequired":true,"valueName":"search_term_string"}}],"inLanguage":"pt-PT"},{"@type":"Person","@id":"https:\/\/portaltela.pt\/#\/schema\/person\/c4278d4a6028830caff9ee44b42d32ed","name":"Telinha","image":{"@type":"ImageObject","inLanguage":"pt-PT","@id":"https:\/\/portaltela.pt\/s.01k8rhncp4jt1\/2025\/11\/talking-bot-125x125.png","url":"https:\/\/portaltela.pt\/s.01k8rhncp4jt1\/2025\/11\/talking-bot-125x125.png","contentUrl":"https:\/\/portaltela.pt\/s.01k8rhncp4jt1\/2025\/11\/talking-bot-125x125.png","caption":"Telinha"},"sameAs":["https:\/\/portaltela.pt\/"],"url":"https:\/\/portaltela.pt\/por\/367410592786\/"}]}},"_links":{"self":[{"href":"https:\/\/portaltela.pt\/api\/wp\/v2\/posts\/168976","targetHints":{"allow":["GET"]}}],"collection":[{"href":"https:\/\/portaltela.pt\/api\/wp\/v2\/posts"}],"about":[{"href":"https:\/\/portaltela.pt\/api\/wp\/v2\/types\/post"}],"author":[{"embeddable":true,"href":"https:\/\/portaltela.pt\/api\/wp\/v2\/users\/2"}],"replies":[{"embeddable":true,"href":"https:\/\/portaltela.pt\/api\/wp\/v2\/comments?post=168976"}],"version-history":[{"count":0,"href":"https:\/\/portaltela.pt\/api\/wp\/v2\/posts\/168976\/revisions"}],"wp:featuredmedia":[{"embeddable":true,"href":"https:\/\/portaltela.pt\/api\/wp\/v2\/media\/168978"}],"wp:attachment":[{"href":"https:\/\/portaltela.pt\/api\/wp\/v2\/media?parent=168976"}],"wp:term":[{"taxonomy":"category","embeddable":true,"href":"https:\/\/portaltela.pt\/api\/wp\/v2\/categories?post=168976"},{"taxonomy":"post_tag","embeddable":true,"href":"https:\/\/portaltela.pt\/api\/wp\/v2\/tags?post=168976"}],"curies":[{"name":"wp","href":"https:\/\/api.w.org\/{rel}","templated":true}]}}