{"id":168905,"date":"2026-01-23T21:18:04","date_gmt":"2026-01-24T00:18:04","guid":{"rendered":"https:\/\/portaltela.pt\/noticias\/2026\/01\/23\/algumas-estradas-cortadas-no-concelho-de-sabrosa\/"},"modified":"2026-01-23T21:18:04","modified_gmt":"2026-01-24T00:18:04","slug":"algumas-estradas-cortadas-no-concelho-de-sabrosa","status":"publish","type":"post","link":"https:\/\/portaltela.pt\/noticias\/2026\/01\/23\/algumas-estradas-cortadas-no-concelho-de-sabrosa\/","title":{"rendered":"Algumas estradas cortadas no concelho de Sabrosa"},"content":{"rendered":"<p>O munic\u00edpio de Sabrosa manteve, \u00e0s 20h30, quatro liga\u00e7\u00f5es rodovi\u00e1rias cortadas devido \u00e0 queda de neve associada \u00e0 depress\u00e3o Ingrid que atravessa o territ\u00f3rio continental. As vias afetadas s\u00e3o as liga\u00e7\u00f5es entre Zona Industrial e Feitais, Feitais e Arc\u00e3, Arc\u00e3 e Saudel, e S\u00e3o Martinho e Arc\u00e3.<\/p>\n<p>O Servi\u00e7o Municipal de Prote\u00e7\u00e3o Civil de Sabrosa est\u00e1 no terreno, acompanhando a situa\u00e7\u00e3o e intervindo nas zonas de maior perigosidade. N\u00e3o foram reportados, at\u00e9 o momento, em termos oficiais, danos graves a infraestruturas ou pessoas.<\/p>\n<h3>Medidas em curso e recomenda\u00e7\u00f5es<\/h3>\n<p>A autarquia apela \u00e0 popula\u00e7\u00e3o para evitar desloca\u00e7\u00f5es desnecess\u00e1rias e, no caso de itiner\u00e1rios essenciais, cumprir as indica\u00e7\u00f5es das autoridades e circular com m\u00e1xima prud\u00eancia. O Munic\u00edpio mant\u00e9m atualiza\u00e7\u00e3o do estado das estradas conforme evolua o condicionamento meteorol\u00f3gico.<\/p>\n","protected":false},"excerpt":{"rendered":"<ul>\n<li>O Munic\u00edpio de Sabrosa informou, \u00e0s 20h30, que quatro liga\u00e7\u00f5es rodovi\u00e1rias estavam cortadas devido \u00e0 queda de neve associada \u00e0 depress\u00e3o Ingrid.<\/li>\n<li>As vias afetadas s\u00e3o: Zona Industrial\u2013Feitais, Feitais\u2013Arc\u00e3, Arc\u00e3\u2013Saudel e S\u00e3o Martinho\u2013Arc\u00e3.<\/li>\n<li>O Servi\u00e7o Municipal de Prote\u00e7\u00e3o Civil mant\u00e9m-se no terreno para acompanhar a situa\u00e7\u00e3o e intervir onde houver maior risco.<\/li>\n<li>A autarquia apela \u00e0 popula\u00e7\u00e3o para evitar desloca\u00e7\u00f5es desnecess\u00e1rias e, se for necess\u00e1rio viajar, faz\u00ea-lo com m\u00e1xima prud\u00eancia e cumprindo as indica\u00e7\u00f5es das autoridades.<\/li>\n<\/ul>\n","protected":false},"author":2,"featured_media":168928,"comment_status":"closed","ping_status":"closed","sticky":false,"template":"","format":"standard","meta":{"footnotes":""},"categories":[1],"tags":[2048,1083,320,250,1505],"class_list":["post-168905","post","type-post","status-publish","format-standard","has-post-thumbnail","hentry","category-noticias","tag-defesa-civil","tag-estradas","tag-protecao-civil","tag-seguranca-publica","tag-transportes-rodoviarios"],"yoast_head":"<!-- This site is optimized with the Yoast SEO plugin v27.2 - https:\/\/yoast.com\/product\/yoast-seo-wordpress\/ -->\n<title>Algumas estradas cortadas no concelho de Sabrosa - Portal Tela Portugal<\/title>\n<meta name=\"robots\" content=\"index, follow, max-snippet:-1, max-image-preview:large, max-video-preview:-1\" \/>\n<meta property=\"og:locale\" content=\"pt_PT\" \/>\n<meta property=\"og:type\" content=\"article\" \/>\n<meta property=\"og:title\" content=\"Algumas estradas cortadas no concelho de Sabrosa - Portal Tela Portugal\" \/>\n<meta property=\"og:description\" content=\"O Munic\u00edpio de Sabrosa informou, \u00e0s 20h30, que quatro liga\u00e7\u00f5es rodovi\u00e1rias estavam cortadas devido \u00e0 queda de neve associada \u00e0 depress\u00e3o Ingrid. As vias afetadas s\u00e3o: Zona Industrial\u2013Feitais, Feitais\u2013Arc\u00e3, Arc\u00e3\u2013Saudel e S\u00e3o Martinho\u2013Arc\u00e3. O Servi\u00e7o Municipal de Prote\u00e7\u00e3o Civil mant\u00e9m-se no terreno para acompanhar a situa\u00e7\u00e3o e intervir onde houver maior risco. A autarquia apela \u00e0 popula\u00e7\u00e3o para evitar desloca\u00e7\u00f5es desnecess\u00e1rias e, se for necess\u00e1rio viajar, faz\u00ea-lo com m\u00e1xima prud\u00eancia e cumprindo as indica\u00e7\u00f5es das autoridades.\" \/>\n<meta property=\"og:url\" content=\"https:\/\/portaltela.pt\/noticias\/2026\/01\/23\/algumas-estradas-cortadas-no-concelho-de-sabrosa\/\" \/>\n<meta property=\"og:site_name\" content=\"Portal Tela Portugal\" \/>\n<meta property=\"article:published_time\" content=\"2026-01-24T00:18:04+00:00\" \/>\n<meta name=\"author\" content=\"Telinha\" \/>\n<meta name=\"twitter:card\" content=\"summary_large_image\" \/>\n<meta name=\"twitter:label1\" content=\"Escrito por\" \/>\n\t<meta name=\"twitter:data1\" content=\"Telinha\" \/>\n\t<meta name=\"twitter:label2\" content=\"Tempo estimado de leitura\" \/>\n\t<meta name=\"twitter:data2\" content=\"1 minuto\" \/>\n<script type=\"application\/ld+json\" class=\"yoast-schema-graph\">{\"@context\":\"https:\/\/schema.org\",\"@graph\":[{\"@type\":\"Article\",\"@id\":\"https:\/\/portaltela.pt\/noticias\/2026\/01\/23\/algumas-estradas-cortadas-no-concelho-de-sabrosa\/#article\",\"isPartOf\":{\"@id\":\"https:\/\/portaltela.pt\/noticias\/2026\/01\/23\/algumas-estradas-cortadas-no-concelho-de-sabrosa\/\"},\"author\":{\"name\":\"Telinha\",\"@id\":\"https:\/\/portaltela.pt\/#\/schema\/person\/c4278d4a6028830caff9ee44b42d32ed\"},\"headline\":\"Algumas estradas cortadas no concelho de Sabrosa\",\"datePublished\":\"2026-01-24T00:18:04+00:00\",\"mainEntityOfPage\":{\"@id\":\"https:\/\/portaltela.pt\/noticias\/2026\/01\/23\/algumas-estradas-cortadas-no-concelho-de-sabrosa\/\"},\"wordCount\":154,\"image\":{\"@id\":\"https:\/\/portaltela.pt\/noticias\/2026\/01\/23\/algumas-estradas-cortadas-no-concelho-de-sabrosa\/#primaryimage\"},\"thumbnailUrl\":\"https:\/\/portaltela.pt\/s.01k8rhncp4jt1\/2026\/01\/unnamed-file-4891.jpg\",\"keywords\":[\"Defesa Civil\",\"estradas\",\"prote\u00e7\u00e3o civil\",\"seguran\u00e7a p\u00fablica\",\"Transportes Rodovi\u00e1rios\"],\"articleSection\":[\"Not\u00edcias\"],\"inLanguage\":\"pt-PT\"},{\"@type\":\"WebPage\",\"@id\":\"https:\/\/portaltela.pt\/noticias\/2026\/01\/23\/algumas-estradas-cortadas-no-concelho-de-sabrosa\/\",\"url\":\"https:\/\/portaltela.pt\/noticias\/2026\/01\/23\/algumas-estradas-cortadas-no-concelho-de-sabrosa\/\",\"name\":\"Algumas estradas cortadas no concelho de Sabrosa - Portal Tela Portugal\",\"isPartOf\":{\"@id\":\"https:\/\/portaltela.pt\/#website\"},\"primaryImageOfPage\":{\"@id\":\"https:\/\/portaltela.pt\/noticias\/2026\/01\/23\/algumas-estradas-cortadas-no-concelho-de-sabrosa\/#primaryimage\"},\"image\":{\"@id\":\"https:\/\/portaltela.pt\/noticias\/2026\/01\/23\/algumas-estradas-cortadas-no-concelho-de-sabrosa\/#primaryimage\"},\"thumbnailUrl\":\"https:\/\/portaltela.pt\/s.01k8rhncp4jt1\/2026\/01\/unnamed-file-4891.jpg\",\"datePublished\":\"2026-01-24T00:18:04+00:00\",\"author\":{\"@id\":\"https:\/\/portaltela.pt\/#\/schema\/person\/c4278d4a6028830caff9ee44b42d32ed\"},\"breadcrumb\":{\"@id\":\"https:\/\/portaltela.pt\/noticias\/2026\/01\/23\/algumas-estradas-cortadas-no-concelho-de-sabrosa\/#breadcrumb\"},\"inLanguage\":\"pt-PT\",\"potentialAction\":[{\"@type\":\"ReadAction\",\"target\":[\"https:\/\/portaltela.pt\/noticias\/2026\/01\/23\/algumas-estradas-cortadas-no-concelho-de-sabrosa\/\"]}]},{\"@type\":\"ImageObject\",\"inLanguage\":\"pt-PT\",\"@id\":\"https:\/\/portaltela.pt\/noticias\/2026\/01\/23\/algumas-estradas-cortadas-no-concelho-de-sabrosa\/#primaryimage\",\"url\":\"https:\/\/portaltela.pt\/s.01k8rhncp4jt1\/2026\/01\/unnamed-file-4891.jpg\",\"contentUrl\":\"https:\/\/portaltela.pt\/s.01k8rhncp4jt1\/2026\/01\/unnamed-file-4891.jpg\",\"width\":796,\"height\":448,\"caption\":\"Algumas estradas encontram-se cortadas no concelho de Sabrosa\"},{\"@type\":\"BreadcrumbList\",\"@id\":\"https:\/\/portaltela.pt\/noticias\/2026\/01\/23\/algumas-estradas-cortadas-no-concelho-de-sabrosa\/#breadcrumb\",\"itemListElement\":[{\"@type\":\"ListItem\",\"position\":1,\"name\":\"In\u00edcio\",\"item\":\"https:\/\/portaltela.pt\/\"},{\"@type\":\"ListItem\",\"position\":2,\"name\":\"Algumas estradas cortadas no concelho de Sabrosa\"}]},{\"@type\":\"WebSite\",\"@id\":\"https:\/\/portaltela.pt\/#website\",\"url\":\"https:\/\/portaltela.pt\/\",\"name\":\"Portal Tela Portugal\",\"description\":\"\",\"potentialAction\":[{\"@type\":\"SearchAction\",\"target\":{\"@type\":\"EntryPoint\",\"urlTemplate\":\"https:\/\/portaltela.pt\/?s={search_term_string}\"},\"query-input\":{\"@type\":\"PropertyValueSpecification\",\"valueRequired\":true,\"valueName\":\"search_term_string\"}}],\"inLanguage\":\"pt-PT\"},{\"@type\":\"Person\",\"@id\":\"https:\/\/portaltela.pt\/#\/schema\/person\/c4278d4a6028830caff9ee44b42d32ed\",\"name\":\"Telinha\",\"image\":{\"@type\":\"ImageObject\",\"inLanguage\":\"pt-PT\",\"@id\":\"https:\/\/portaltela.pt\/s.01k8rhncp4jt1\/2025\/11\/talking-bot-125x125.png\",\"url\":\"https:\/\/portaltela.pt\/s.01k8rhncp4jt1\/2025\/11\/talking-bot-125x125.png\",\"contentUrl\":\"https:\/\/portaltela.pt\/s.01k8rhncp4jt1\/2025\/11\/talking-bot-125x125.png\",\"caption\":\"Telinha\"},\"sameAs\":[\"https:\/\/portaltela.pt\/\"],\"url\":\"https:\/\/portaltela.pt\/por\/367410592786\/\"}]}<\/script>\n<!-- \/ Yoast SEO plugin. -->","yoast_head_json":{"title":"Algumas estradas cortadas no concelho de Sabrosa - Portal Tela Portugal","robots":{"index":"index","follow":"follow","max-snippet":"max-snippet:-1","max-image-preview":"max-image-preview:large","max-video-preview":"max-video-preview:-1"},"og_locale":"pt_PT","og_type":"article","og_title":"Algumas estradas cortadas no concelho de Sabrosa - Portal Tela Portugal","og_description":"O Munic\u00edpio de Sabrosa informou, \u00e0s 20h30, que quatro liga\u00e7\u00f5es rodovi\u00e1rias estavam cortadas devido \u00e0 queda de neve associada \u00e0 depress\u00e3o Ingrid. As vias afetadas s\u00e3o: Zona Industrial\u2013Feitais, Feitais\u2013Arc\u00e3, Arc\u00e3\u2013Saudel e S\u00e3o Martinho\u2013Arc\u00e3. O Servi\u00e7o Municipal de Prote\u00e7\u00e3o Civil mant\u00e9m-se no terreno para acompanhar a situa\u00e7\u00e3o e intervir onde houver maior risco. A autarquia apela \u00e0 popula\u00e7\u00e3o para evitar desloca\u00e7\u00f5es desnecess\u00e1rias e, se for necess\u00e1rio viajar, faz\u00ea-lo com m\u00e1xima prud\u00eancia e cumprindo as indica\u00e7\u00f5es das autoridades.","og_url":"https:\/\/portaltela.pt\/noticias\/2026\/01\/23\/algumas-estradas-cortadas-no-concelho-de-sabrosa\/","og_site_name":"Portal Tela Portugal","article_published_time":"2026-01-24T00:18:04+00:00","author":"Telinha","twitter_card":"summary_large_image","twitter_misc":{"Escrito por":"Telinha","Tempo estimado de leitura":"1 minuto"},"schema":{"@context":"https:\/\/schema.org","@graph":[{"@type":"Article","@id":"https:\/\/portaltela.pt\/noticias\/2026\/01\/23\/algumas-estradas-cortadas-no-concelho-de-sabrosa\/#article","isPartOf":{"@id":"https:\/\/portaltela.pt\/noticias\/2026\/01\/23\/algumas-estradas-cortadas-no-concelho-de-sabrosa\/"},"author":{"name":"Telinha","@id":"https:\/\/portaltela.pt\/#\/schema\/person\/c4278d4a6028830caff9ee44b42d32ed"},"headline":"Algumas estradas cortadas no concelho de Sabrosa","datePublished":"2026-01-24T00:18:04+00:00","mainEntityOfPage":{"@id":"https:\/\/portaltela.pt\/noticias\/2026\/01\/23\/algumas-estradas-cortadas-no-concelho-de-sabrosa\/"},"wordCount":154,"image":{"@id":"https:\/\/portaltela.pt\/noticias\/2026\/01\/23\/algumas-estradas-cortadas-no-concelho-de-sabrosa\/#primaryimage"},"thumbnailUrl":"https:\/\/portaltela.pt\/s.01k8rhncp4jt1\/2026\/01\/unnamed-file-4891.jpg","keywords":["Defesa Civil","estradas","prote\u00e7\u00e3o civil","seguran\u00e7a p\u00fablica","Transportes Rodovi\u00e1rios"],"articleSection":["Not\u00edcias"],"inLanguage":"pt-PT"},{"@type":"WebPage","@id":"https:\/\/portaltela.pt\/noticias\/2026\/01\/23\/algumas-estradas-cortadas-no-concelho-de-sabrosa\/","url":"https:\/\/portaltela.pt\/noticias\/2026\/01\/23\/algumas-estradas-cortadas-no-concelho-de-sabrosa\/","name":"Algumas estradas cortadas no concelho de Sabrosa - Portal Tela Portugal","isPartOf":{"@id":"https:\/\/portaltela.pt\/#website"},"primaryImageOfPage":{"@id":"https:\/\/portaltela.pt\/noticias\/2026\/01\/23\/algumas-estradas-cortadas-no-concelho-de-sabrosa\/#primaryimage"},"image":{"@id":"https:\/\/portaltela.pt\/noticias\/2026\/01\/23\/algumas-estradas-cortadas-no-concelho-de-sabrosa\/#primaryimage"},"thumbnailUrl":"https:\/\/portaltela.pt\/s.01k8rhncp4jt1\/2026\/01\/unnamed-file-4891.jpg","datePublished":"2026-01-24T00:18:04+00:00","author":{"@id":"https:\/\/portaltela.pt\/#\/schema\/person\/c4278d4a6028830caff9ee44b42d32ed"},"breadcrumb":{"@id":"https:\/\/portaltela.pt\/noticias\/2026\/01\/23\/algumas-estradas-cortadas-no-concelho-de-sabrosa\/#breadcrumb"},"inLanguage":"pt-PT","potentialAction":[{"@type":"ReadAction","target":["https:\/\/portaltela.pt\/noticias\/2026\/01\/23\/algumas-estradas-cortadas-no-concelho-de-sabrosa\/"]}]},{"@type":"ImageObject","inLanguage":"pt-PT","@id":"https:\/\/portaltela.pt\/noticias\/2026\/01\/23\/algumas-estradas-cortadas-no-concelho-de-sabrosa\/#primaryimage","url":"https:\/\/portaltela.pt\/s.01k8rhncp4jt1\/2026\/01\/unnamed-file-4891.jpg","contentUrl":"https:\/\/portaltela.pt\/s.01k8rhncp4jt1\/2026\/01\/unnamed-file-4891.jpg","width":796,"height":448,"caption":"Algumas estradas encontram-se cortadas no concelho de Sabrosa"},{"@type":"BreadcrumbList","@id":"https:\/\/portaltela.pt\/noticias\/2026\/01\/23\/algumas-estradas-cortadas-no-concelho-de-sabrosa\/#breadcrumb","itemListElement":[{"@type":"ListItem","position":1,"name":"In\u00edcio","item":"https:\/\/portaltela.pt\/"},{"@type":"ListItem","position":2,"name":"Algumas estradas cortadas no concelho de Sabrosa"}]},{"@type":"WebSite","@id":"https:\/\/portaltela.pt\/#website","url":"https:\/\/portaltela.pt\/","name":"Portal Tela Portugal","description":"","potentialAction":[{"@type":"SearchAction","target":{"@type":"EntryPoint","urlTemplate":"https:\/\/portaltela.pt\/?s={search_term_string}"},"query-input":{"@type":"PropertyValueSpecification","valueRequired":true,"valueName":"search_term_string"}}],"inLanguage":"pt-PT"},{"@type":"Person","@id":"https:\/\/portaltela.pt\/#\/schema\/person\/c4278d4a6028830caff9ee44b42d32ed","name":"Telinha","image":{"@type":"ImageObject","inLanguage":"pt-PT","@id":"https:\/\/portaltela.pt\/s.01k8rhncp4jt1\/2025\/11\/talking-bot-125x125.png","url":"https:\/\/portaltela.pt\/s.01k8rhncp4jt1\/2025\/11\/talking-bot-125x125.png","contentUrl":"https:\/\/portaltela.pt\/s.01k8rhncp4jt1\/2025\/11\/talking-bot-125x125.png","caption":"Telinha"},"sameAs":["https:\/\/portaltela.pt\/"],"url":"https:\/\/portaltela.pt\/por\/367410592786\/"}]}},"_links":{"self":[{"href":"https:\/\/portaltela.pt\/api\/wp\/v2\/posts\/168905","targetHints":{"allow":["GET"]}}],"collection":[{"href":"https:\/\/portaltela.pt\/api\/wp\/v2\/posts"}],"about":[{"href":"https:\/\/portaltela.pt\/api\/wp\/v2\/types\/post"}],"author":[{"embeddable":true,"href":"https:\/\/portaltela.pt\/api\/wp\/v2\/users\/2"}],"replies":[{"embeddable":true,"href":"https:\/\/portaltela.pt\/api\/wp\/v2\/comments?post=168905"}],"version-history":[{"count":0,"href":"https:\/\/portaltela.pt\/api\/wp\/v2\/posts\/168905\/revisions"}],"wp:featuredmedia":[{"embeddable":true,"href":"https:\/\/portaltela.pt\/api\/wp\/v2\/media\/168928"}],"wp:attachment":[{"href":"https:\/\/portaltela.pt\/api\/wp\/v2\/media?parent=168905"}],"wp:term":[{"taxonomy":"category","embeddable":true,"href":"https:\/\/portaltela.pt\/api\/wp\/v2\/categories?post=168905"},{"taxonomy":"post_tag","embeddable":true,"href":"https:\/\/portaltela.pt\/api\/wp\/v2\/tags?post=168905"}],"curies":[{"name":"wp","href":"https:\/\/api.w.org\/{rel}","templated":true}]}}