{"id":168853,"date":"2026-01-23T21:50:00","date_gmt":"2026-01-24T00:50:00","guid":{"rendered":"https:\/\/portaltela.pt\/noticias\/2026\/01\/23\/nuno-pereira-coloca-ferroviario-na-2-a-fase-do-estadual-brasileiro\/"},"modified":"2026-01-23T21:50:00","modified_gmt":"2026-01-24T00:50:00","slug":"nuno-pereira-coloca-ferroviario-na-2-a-fase-do-estadual-brasileiro","status":"publish","type":"post","link":"https:\/\/portaltela.pt\/desporto\/futebol\/2026\/01\/23\/nuno-pereira-coloca-ferroviario-na-2-a-fase-do-estadual-brasileiro\/","title":{"rendered":"Nuno Pereira coloca Ferrovi\u00e1rio na 2.\u00aa fase do estadual brasileiro"},"content":{"rendered":"<p>O Ferrovi\u00e1rio de Fortaleza assegurou a passagem \u00e0 segunda fase do Campeonato Estadual do Cear\u00e1, orientado por Nuno Pereira. A equipa terminou a primeira fase sem derrotas, com duas vit\u00f3rias e dois empates, ficando apenas atr\u00e1s do Fortaleza, l\u00edder da competi\u00e7\u00e3o.<\/p>\n<p>Nuno Pereira, antigo adjunto de Petit, vive a sua primeira experi\u00eancia como treinador principal no \u00faltimo escal\u00e3o do futebol brasileiro. A mudan\u00e7a para o cargo principal marca o in\u00edcio de uma nova etapa na carreira do t\u00e9cnico portugu\u00eas.<\/p>\n<p>O Ferrovi\u00e1rio concluiu a primeira fase sem perder, somando oito pontos. O Fortaleza, que dominou a fase inicial, est\u00e1 apontado como favorito para a pr\u00f3xima fase e j\u00e1 se prepara para a participa\u00e7\u00e3o na S\u00e9rie A em 2025.<\/p>\n<h3>Desempenho e contexto<\/h3>\n<p>A qualifica\u00e7\u00e3o do Ferrovi\u00e1rio para a segunda fase refor\u00e7a a posi\u00e7\u00e3o do clube na regi\u00e3o e d\u00e1 ao t\u00e9cnico portugu\u00eas a oportunidade de consolidar o projeto desportivo. Ainda n\u00e3o h\u00e1 confirma\u00e7\u00e3o de adi\u00e7\u00f5es ou mudan\u00e7as relevantes para a fase seguinte, conforme o clube informou.<\/p>\n","protected":false},"excerpt":{"rendered":"<ul>\n<li>O Ferrovi\u00e1rio de Fortaleza, comandado por Nuno Pereira, qualificou-se para a 2.\u00aa fase do Campeonato Estadual do Cear\u00e1.<\/li>\n<li>Este \u00e9 o primeiro ataque de Nuno Pereira ao cargo de treinador principal, ap\u00f3s j\u00e1 ter sido adjunto de Petit.<\/li>\n<li>A equipa terminou a 1.\u00aa fase sem derrotas, com 2 vit\u00f3rias e 2 empates.<\/li>\n<li>O Ferrovi\u00e1rio ficou apenas atr\u00e1s do Fortaleza, que em 2025 disputou a S\u00e9rie A do Brasileir\u00e3o.<\/li>\n<li>O treinador afirmou que o trabalho da equipa est\u00e1 a ser valorizado.<\/li>\n<\/ul>\n","protected":false},"author":2,"featured_media":168855,"comment_status":"closed","ping_status":"closed","sticky":false,"template":"","format":"standard","meta":{"footnotes":""},"categories":[21,24],"tags":[227,99,152,32,1747],"class_list":["post-168853","post","type-post","status-publish","format-standard","has-post-thumbnail","hentry","category-desporto","category-futebol","tag-campeonato","tag-campeonato-brasileiro","tag-desporto","tag-futebol","tag-futebol-profissional"],"yoast_head":"<!-- This site is optimized with the Yoast SEO plugin v27.2 - https:\/\/yoast.com\/product\/yoast-seo-wordpress\/ -->\n<title>Nuno Pereira coloca Ferrovi\u00e1rio na 2.\u00aa fase do estadual brasileiro - Portal Tela Portugal<\/title>\n<meta name=\"robots\" content=\"index, follow, max-snippet:-1, max-image-preview:large, max-video-preview:-1\" \/>\n<meta property=\"og:locale\" content=\"pt_PT\" \/>\n<meta property=\"og:type\" content=\"article\" \/>\n<meta property=\"og:title\" content=\"Nuno Pereira coloca Ferrovi\u00e1rio na 2.\u00aa fase do estadual brasileiro - Portal Tela Portugal\" \/>\n<meta property=\"og:description\" content=\"O Ferrovi\u00e1rio de Fortaleza, comandado por Nuno Pereira, qualificou-se para a 2.\u00aa fase do Campeonato Estadual do Cear\u00e1. Este \u00e9 o primeiro ataque de Nuno Pereira ao cargo de treinador principal, ap\u00f3s j\u00e1 ter sido adjunto de Petit. A equipa terminou a 1.\u00aa fase sem derrotas, com 2 vit\u00f3rias e 2 empates. O Ferrovi\u00e1rio ficou apenas atr\u00e1s do Fortaleza, que em 2025 disputou a S\u00e9rie A do Brasileir\u00e3o. O treinador afirmou que o trabalho da equipa est\u00e1 a ser valorizado.\" \/>\n<meta property=\"og:url\" content=\"https:\/\/portaltela.pt\/noticias\/2026\/01\/23\/nuno-pereira-coloca-ferroviario-na-2-a-fase-do-estadual-brasileiro\/\" \/>\n<meta property=\"og:site_name\" content=\"Portal Tela Portugal\" \/>\n<meta property=\"article:published_time\" content=\"2026-01-24T00:50:00+00:00\" \/>\n<meta name=\"author\" content=\"Telinha\" \/>\n<meta name=\"twitter:card\" content=\"summary_large_image\" \/>\n<meta name=\"twitter:label1\" content=\"Escrito por\" \/>\n\t<meta name=\"twitter:data1\" content=\"Telinha\" \/>\n\t<meta name=\"twitter:label2\" content=\"Tempo estimado de leitura\" \/>\n\t<meta name=\"twitter:data2\" content=\"1 minuto\" \/>\n<script type=\"application\/ld+json\" class=\"yoast-schema-graph\">{\"@context\":\"https:\/\/schema.org\",\"@graph\":[{\"@type\":\"Article\",\"@id\":\"https:\/\/portaltela.pt\/noticias\/2026\/01\/23\/nuno-pereira-coloca-ferroviario-na-2-a-fase-do-estadual-brasileiro\/#article\",\"isPartOf\":{\"@id\":\"https:\/\/portaltela.pt\/noticias\/2026\/01\/23\/nuno-pereira-coloca-ferroviario-na-2-a-fase-do-estadual-brasileiro\/\"},\"author\":{\"name\":\"Telinha\",\"@id\":\"https:\/\/portaltela.pt\/#\/schema\/person\/c4278d4a6028830caff9ee44b42d32ed\"},\"headline\":\"Nuno Pereira coloca Ferrovi\u00e1rio na 2.\u00aa fase do estadual brasileiro\",\"datePublished\":\"2026-01-24T00:50:00+00:00\",\"mainEntityOfPage\":{\"@id\":\"https:\/\/portaltela.pt\/noticias\/2026\/01\/23\/nuno-pereira-coloca-ferroviario-na-2-a-fase-do-estadual-brasileiro\/\"},\"wordCount\":198,\"image\":{\"@id\":\"https:\/\/portaltela.pt\/noticias\/2026\/01\/23\/nuno-pereira-coloca-ferroviario-na-2-a-fase-do-estadual-brasileiro\/#primaryimage\"},\"thumbnailUrl\":\"https:\/\/portaltela.pt\/s.01k8rhncp4jt1\/2026\/01\/img_920x518uu2026-01-23-22-03-22-2416946-1.jpg\",\"keywords\":[\"campeonato\",\"campeonato brasileiro\",\"desporto\",\"futebol\",\"Futebol Profissional\"],\"articleSection\":[\"Desporto\",\"Futebol\"],\"inLanguage\":\"pt-PT\"},{\"@type\":\"WebPage\",\"@id\":\"https:\/\/portaltela.pt\/noticias\/2026\/01\/23\/nuno-pereira-coloca-ferroviario-na-2-a-fase-do-estadual-brasileiro\/\",\"url\":\"https:\/\/portaltela.pt\/noticias\/2026\/01\/23\/nuno-pereira-coloca-ferroviario-na-2-a-fase-do-estadual-brasileiro\/\",\"name\":\"Nuno Pereira coloca Ferrovi\u00e1rio na 2.\u00aa fase do estadual brasileiro - Portal Tela Portugal\",\"isPartOf\":{\"@id\":\"https:\/\/portaltela.pt\/#website\"},\"primaryImageOfPage\":{\"@id\":\"https:\/\/portaltela.pt\/noticias\/2026\/01\/23\/nuno-pereira-coloca-ferroviario-na-2-a-fase-do-estadual-brasileiro\/#primaryimage\"},\"image\":{\"@id\":\"https:\/\/portaltela.pt\/noticias\/2026\/01\/23\/nuno-pereira-coloca-ferroviario-na-2-a-fase-do-estadual-brasileiro\/#primaryimage\"},\"thumbnailUrl\":\"https:\/\/portaltela.pt\/s.01k8rhncp4jt1\/2026\/01\/img_920x518uu2026-01-23-22-03-22-2416946-1.jpg\",\"datePublished\":\"2026-01-24T00:50:00+00:00\",\"author\":{\"@id\":\"https:\/\/portaltela.pt\/#\/schema\/person\/c4278d4a6028830caff9ee44b42d32ed\"},\"breadcrumb\":{\"@id\":\"https:\/\/portaltela.pt\/noticias\/2026\/01\/23\/nuno-pereira-coloca-ferroviario-na-2-a-fase-do-estadual-brasileiro\/#breadcrumb\"},\"inLanguage\":\"pt-PT\",\"potentialAction\":[{\"@type\":\"ReadAction\",\"target\":[\"https:\/\/portaltela.pt\/noticias\/2026\/01\/23\/nuno-pereira-coloca-ferroviario-na-2-a-fase-do-estadual-brasileiro\/\"]}]},{\"@type\":\"ImageObject\",\"inLanguage\":\"pt-PT\",\"@id\":\"https:\/\/portaltela.pt\/noticias\/2026\/01\/23\/nuno-pereira-coloca-ferroviario-na-2-a-fase-do-estadual-brasileiro\/#primaryimage\",\"url\":\"https:\/\/portaltela.pt\/s.01k8rhncp4jt1\/2026\/01\/img_920x518uu2026-01-23-22-03-22-2416946-1.jpg\",\"contentUrl\":\"https:\/\/portaltela.pt\/s.01k8rhncp4jt1\/2026\/01\/img_920x518uu2026-01-23-22-03-22-2416946-1.jpg\",\"width\":796,\"height\":448,\"caption\":\"Nuno Pereira\"},{\"@type\":\"BreadcrumbList\",\"@id\":\"https:\/\/portaltela.pt\/noticias\/2026\/01\/23\/nuno-pereira-coloca-ferroviario-na-2-a-fase-do-estadual-brasileiro\/#breadcrumb\",\"itemListElement\":[{\"@type\":\"ListItem\",\"position\":1,\"name\":\"In\u00edcio\",\"item\":\"https:\/\/portaltela.pt\/\"},{\"@type\":\"ListItem\",\"position\":2,\"name\":\"Nuno Pereira coloca Ferrovi\u00e1rio na 2.\u00aa fase do estadual brasileiro\"}]},{\"@type\":\"WebSite\",\"@id\":\"https:\/\/portaltela.pt\/#website\",\"url\":\"https:\/\/portaltela.pt\/\",\"name\":\"Portal Tela Portugal\",\"description\":\"\",\"potentialAction\":[{\"@type\":\"SearchAction\",\"target\":{\"@type\":\"EntryPoint\",\"urlTemplate\":\"https:\/\/portaltela.pt\/?s={search_term_string}\"},\"query-input\":{\"@type\":\"PropertyValueSpecification\",\"valueRequired\":true,\"valueName\":\"search_term_string\"}}],\"inLanguage\":\"pt-PT\"},{\"@type\":\"Person\",\"@id\":\"https:\/\/portaltela.pt\/#\/schema\/person\/c4278d4a6028830caff9ee44b42d32ed\",\"name\":\"Telinha\",\"image\":{\"@type\":\"ImageObject\",\"inLanguage\":\"pt-PT\",\"@id\":\"https:\/\/portaltela.pt\/s.01k8rhncp4jt1\/2025\/11\/talking-bot-125x125.png\",\"url\":\"https:\/\/portaltela.pt\/s.01k8rhncp4jt1\/2025\/11\/talking-bot-125x125.png\",\"contentUrl\":\"https:\/\/portaltela.pt\/s.01k8rhncp4jt1\/2025\/11\/talking-bot-125x125.png\",\"caption\":\"Telinha\"},\"sameAs\":[\"https:\/\/portaltela.pt\/\"],\"url\":\"https:\/\/portaltela.pt\/por\/367410592786\/\"}]}<\/script>\n<!-- \/ Yoast SEO plugin. -->","yoast_head_json":{"title":"Nuno Pereira coloca Ferrovi\u00e1rio na 2.\u00aa fase do estadual brasileiro - Portal Tela Portugal","robots":{"index":"index","follow":"follow","max-snippet":"max-snippet:-1","max-image-preview":"max-image-preview:large","max-video-preview":"max-video-preview:-1"},"og_locale":"pt_PT","og_type":"article","og_title":"Nuno Pereira coloca Ferrovi\u00e1rio na 2.\u00aa fase do estadual brasileiro - Portal Tela Portugal","og_description":"O Ferrovi\u00e1rio de Fortaleza, comandado por Nuno Pereira, qualificou-se para a 2.\u00aa fase do Campeonato Estadual do Cear\u00e1. Este \u00e9 o primeiro ataque de Nuno Pereira ao cargo de treinador principal, ap\u00f3s j\u00e1 ter sido adjunto de Petit. A equipa terminou a 1.\u00aa fase sem derrotas, com 2 vit\u00f3rias e 2 empates. O Ferrovi\u00e1rio ficou apenas atr\u00e1s do Fortaleza, que em 2025 disputou a S\u00e9rie A do Brasileir\u00e3o. O treinador afirmou que o trabalho da equipa est\u00e1 a ser valorizado.","og_url":"https:\/\/portaltela.pt\/noticias\/2026\/01\/23\/nuno-pereira-coloca-ferroviario-na-2-a-fase-do-estadual-brasileiro\/","og_site_name":"Portal Tela Portugal","article_published_time":"2026-01-24T00:50:00+00:00","author":"Telinha","twitter_card":"summary_large_image","twitter_misc":{"Escrito por":"Telinha","Tempo estimado de leitura":"1 minuto"},"schema":{"@context":"https:\/\/schema.org","@graph":[{"@type":"Article","@id":"https:\/\/portaltela.pt\/noticias\/2026\/01\/23\/nuno-pereira-coloca-ferroviario-na-2-a-fase-do-estadual-brasileiro\/#article","isPartOf":{"@id":"https:\/\/portaltela.pt\/noticias\/2026\/01\/23\/nuno-pereira-coloca-ferroviario-na-2-a-fase-do-estadual-brasileiro\/"},"author":{"name":"Telinha","@id":"https:\/\/portaltela.pt\/#\/schema\/person\/c4278d4a6028830caff9ee44b42d32ed"},"headline":"Nuno Pereira coloca Ferrovi\u00e1rio na 2.\u00aa fase do estadual brasileiro","datePublished":"2026-01-24T00:50:00+00:00","mainEntityOfPage":{"@id":"https:\/\/portaltela.pt\/noticias\/2026\/01\/23\/nuno-pereira-coloca-ferroviario-na-2-a-fase-do-estadual-brasileiro\/"},"wordCount":198,"image":{"@id":"https:\/\/portaltela.pt\/noticias\/2026\/01\/23\/nuno-pereira-coloca-ferroviario-na-2-a-fase-do-estadual-brasileiro\/#primaryimage"},"thumbnailUrl":"https:\/\/portaltela.pt\/s.01k8rhncp4jt1\/2026\/01\/img_920x518uu2026-01-23-22-03-22-2416946-1.jpg","keywords":["campeonato","campeonato brasileiro","desporto","futebol","Futebol Profissional"],"articleSection":["Desporto","Futebol"],"inLanguage":"pt-PT"},{"@type":"WebPage","@id":"https:\/\/portaltela.pt\/noticias\/2026\/01\/23\/nuno-pereira-coloca-ferroviario-na-2-a-fase-do-estadual-brasileiro\/","url":"https:\/\/portaltela.pt\/noticias\/2026\/01\/23\/nuno-pereira-coloca-ferroviario-na-2-a-fase-do-estadual-brasileiro\/","name":"Nuno Pereira coloca Ferrovi\u00e1rio na 2.\u00aa fase do estadual brasileiro - Portal Tela Portugal","isPartOf":{"@id":"https:\/\/portaltela.pt\/#website"},"primaryImageOfPage":{"@id":"https:\/\/portaltela.pt\/noticias\/2026\/01\/23\/nuno-pereira-coloca-ferroviario-na-2-a-fase-do-estadual-brasileiro\/#primaryimage"},"image":{"@id":"https:\/\/portaltela.pt\/noticias\/2026\/01\/23\/nuno-pereira-coloca-ferroviario-na-2-a-fase-do-estadual-brasileiro\/#primaryimage"},"thumbnailUrl":"https:\/\/portaltela.pt\/s.01k8rhncp4jt1\/2026\/01\/img_920x518uu2026-01-23-22-03-22-2416946-1.jpg","datePublished":"2026-01-24T00:50:00+00:00","author":{"@id":"https:\/\/portaltela.pt\/#\/schema\/person\/c4278d4a6028830caff9ee44b42d32ed"},"breadcrumb":{"@id":"https:\/\/portaltela.pt\/noticias\/2026\/01\/23\/nuno-pereira-coloca-ferroviario-na-2-a-fase-do-estadual-brasileiro\/#breadcrumb"},"inLanguage":"pt-PT","potentialAction":[{"@type":"ReadAction","target":["https:\/\/portaltela.pt\/noticias\/2026\/01\/23\/nuno-pereira-coloca-ferroviario-na-2-a-fase-do-estadual-brasileiro\/"]}]},{"@type":"ImageObject","inLanguage":"pt-PT","@id":"https:\/\/portaltela.pt\/noticias\/2026\/01\/23\/nuno-pereira-coloca-ferroviario-na-2-a-fase-do-estadual-brasileiro\/#primaryimage","url":"https:\/\/portaltela.pt\/s.01k8rhncp4jt1\/2026\/01\/img_920x518uu2026-01-23-22-03-22-2416946-1.jpg","contentUrl":"https:\/\/portaltela.pt\/s.01k8rhncp4jt1\/2026\/01\/img_920x518uu2026-01-23-22-03-22-2416946-1.jpg","width":796,"height":448,"caption":"Nuno Pereira"},{"@type":"BreadcrumbList","@id":"https:\/\/portaltela.pt\/noticias\/2026\/01\/23\/nuno-pereira-coloca-ferroviario-na-2-a-fase-do-estadual-brasileiro\/#breadcrumb","itemListElement":[{"@type":"ListItem","position":1,"name":"In\u00edcio","item":"https:\/\/portaltela.pt\/"},{"@type":"ListItem","position":2,"name":"Nuno Pereira coloca Ferrovi\u00e1rio na 2.\u00aa fase do estadual brasileiro"}]},{"@type":"WebSite","@id":"https:\/\/portaltela.pt\/#website","url":"https:\/\/portaltela.pt\/","name":"Portal Tela Portugal","description":"","potentialAction":[{"@type":"SearchAction","target":{"@type":"EntryPoint","urlTemplate":"https:\/\/portaltela.pt\/?s={search_term_string}"},"query-input":{"@type":"PropertyValueSpecification","valueRequired":true,"valueName":"search_term_string"}}],"inLanguage":"pt-PT"},{"@type":"Person","@id":"https:\/\/portaltela.pt\/#\/schema\/person\/c4278d4a6028830caff9ee44b42d32ed","name":"Telinha","image":{"@type":"ImageObject","inLanguage":"pt-PT","@id":"https:\/\/portaltela.pt\/s.01k8rhncp4jt1\/2025\/11\/talking-bot-125x125.png","url":"https:\/\/portaltela.pt\/s.01k8rhncp4jt1\/2025\/11\/talking-bot-125x125.png","contentUrl":"https:\/\/portaltela.pt\/s.01k8rhncp4jt1\/2025\/11\/talking-bot-125x125.png","caption":"Telinha"},"sameAs":["https:\/\/portaltela.pt\/"],"url":"https:\/\/portaltela.pt\/por\/367410592786\/"}]}},"_links":{"self":[{"href":"https:\/\/portaltela.pt\/api\/wp\/v2\/posts\/168853","targetHints":{"allow":["GET"]}}],"collection":[{"href":"https:\/\/portaltela.pt\/api\/wp\/v2\/posts"}],"about":[{"href":"https:\/\/portaltela.pt\/api\/wp\/v2\/types\/post"}],"author":[{"embeddable":true,"href":"https:\/\/portaltela.pt\/api\/wp\/v2\/users\/2"}],"replies":[{"embeddable":true,"href":"https:\/\/portaltela.pt\/api\/wp\/v2\/comments?post=168853"}],"version-history":[{"count":0,"href":"https:\/\/portaltela.pt\/api\/wp\/v2\/posts\/168853\/revisions"}],"wp:featuredmedia":[{"embeddable":true,"href":"https:\/\/portaltela.pt\/api\/wp\/v2\/media\/168855"}],"wp:attachment":[{"href":"https:\/\/portaltela.pt\/api\/wp\/v2\/media?parent=168853"}],"wp:term":[{"taxonomy":"category","embeddable":true,"href":"https:\/\/portaltela.pt\/api\/wp\/v2\/categories?post=168853"},{"taxonomy":"post_tag","embeddable":true,"href":"https:\/\/portaltela.pt\/api\/wp\/v2\/tags?post=168853"}],"curies":[{"name":"wp","href":"https:\/\/api.w.org\/{rel}","templated":true}]}}