{"id":168813,"date":"2026-01-23T21:00:00","date_gmt":"2026-01-24T00:00:00","guid":{"rendered":"https:\/\/portaltela.pt\/noticias\/2026\/01\/23\/resumo-das-noticias-da-meia-noite-15\/"},"modified":"2026-01-23T21:00:00","modified_gmt":"2026-01-24T00:00:00","slug":"resumo-das-noticias-da-meia-noite-15","status":"publish","type":"post","link":"https:\/\/portaltela.pt\/noticias\/politica\/2026\/01\/23\/resumo-das-noticias-da-meia-noite-15\/","title":{"rendered":"Resumo das not\u00edcias da meia-noite"},"content":{"rendered":"<p>As not\u00edcias da R\u00e1dio Observador seguem cotidianas, com a edi\u00e7\u00e3o das 00h de 24 de janeiro de 2026 a trazer os principais acontecimentos do dia. O alinhamento informativo privilegia factos, hor\u00e1rios e intervenientes, em tom objetivo e direto.<\/p>\n<p>Ao longo da tarde e noite, o panorama pol\u00edtico e social foi composto por v\u00e1rios desdobramentos. Entre 15h e 23h, surgiram an\u00fancios e declara\u00e7\u00f5es de figuras p\u00fablicas, incluindo movimentos c\u00edvicos, debates pol\u00edticos e avalia\u00e7\u00f5es de pris\u00f5es de pol\u00edticas p\u00fablicas. Al\u00e9m disso, registaram-se relatos sobre agita\u00e7\u00e3o mar\u00edtima e condi\u00e7\u00f5es meteorol\u00f3gicas que impactaram atividades.<\/p>\n<h3>Principais atualiza\u00e7\u00f5es<\/h3>\n<p>Cotrim de Figueiredo anunciou, \u00e0s 23h, a cria\u00e7\u00e3o de um movimento c\u00edvico. Durante a tarde, \u00e0s 22h, foram reportadas mais de 700 ocorr\u00eancias associadas \u00e0 depress\u00e3o Ingrid. \u00c0s 21h, uma sondagem da Cat\u00f3lica apontou vit\u00f3ria de Seguro com 70% de apoio. O PCP enviou um aviso, \u00e0s 20h, sobre uma poss\u00edvel armadilha aos defensores do SNS. \u00c0s 19h, presidenciais: Ventura acusou Seguro de fuga aos debates. Mais tarde, \u00e0s 18h, o coordenador do BE criticou a neutralidade de PSD e IL. Seguro agradeceu, \u00e0s 17h, o apoio de Marques Mendes. Pela margem, \u00e0s 16h, surgiu preocupa\u00e7\u00e3o no litoral com o aumento da agita\u00e7\u00e3o mar\u00edtima. E, \u00e0s 15h, o mau tempo levou ao cancelamento de v\u00e1rias atividades.<\/p>\n","protected":false},"excerpt":{"rendered":"<ul>\n<li>23h. Cotrim de Figueiredo anuncia movimento c\u00edvico.<\/li>\n<li>22h. Depress\u00e3o Ingrid j\u00e1 provocou mais de 700 ocorr\u00eancias.<\/li>\n<li>21h. Sondagem da Cat\u00f3lica d\u00e1 vit\u00f3ria a Seguro com 70%.<\/li>\n<li>20h. PCP deixa alerta sobre armadilha aos defensores do SNS.<\/li>\n<li>19h. Presidenciais. Ventura acusa Seguro de fuga aos debates.<\/li>\n<\/ul>\n","protected":false},"author":2,"featured_media":168826,"comment_status":"closed","ping_status":"closed","sticky":false,"template":"","format":"standard","meta":{"footnotes":""},"categories":[1,5],"tags":[183,3426,2678,68,2459,2832],"class_list":["post-168813","post","type-post","status-publish","format-standard","has-post-thumbnail","hentry","category-noticias","category-politica","tag-agitacao-maritima","tag-be","tag-cotrim-de-figueiredo","tag-eleicoes","tag-pcp","tag-politica"],"yoast_head":"<!-- This site is optimized with the Yoast SEO plugin v27.2 - https:\/\/yoast.com\/product\/yoast-seo-wordpress\/ -->\n<title>Resumo das not\u00edcias da meia-noite - Portal Tela Portugal<\/title>\n<meta name=\"robots\" content=\"index, follow, max-snippet:-1, max-image-preview:large, max-video-preview:-1\" \/>\n<meta property=\"og:locale\" content=\"pt_PT\" \/>\n<meta property=\"og:type\" content=\"article\" \/>\n<meta property=\"og:title\" content=\"Resumo das not\u00edcias da meia-noite - Portal Tela Portugal\" \/>\n<meta property=\"og:description\" content=\"23h. Cotrim de Figueiredo anuncia movimento c\u00edvico. 22h. Depress\u00e3o Ingrid j\u00e1 provocou mais de 700 ocorr\u00eancias. 21h. Sondagem da Cat\u00f3lica d\u00e1 vit\u00f3ria a Seguro com 70%. 20h. PCP deixa alerta sobre armadilha aos defensores do SNS. 19h. Presidenciais. Ventura acusa Seguro de fuga aos debates.\" \/>\n<meta property=\"og:url\" content=\"https:\/\/portaltela.pt\/noticias\/2026\/01\/23\/resumo-das-noticias-da-meia-noite-15\/\" \/>\n<meta property=\"og:site_name\" content=\"Portal Tela Portugal\" \/>\n<meta property=\"article:published_time\" content=\"2026-01-24T00:00:00+00:00\" \/>\n<meta name=\"author\" content=\"Telinha\" \/>\n<meta name=\"twitter:card\" content=\"summary_large_image\" \/>\n<meta name=\"twitter:label1\" content=\"Escrito por\" \/>\n\t<meta name=\"twitter:data1\" content=\"Telinha\" \/>\n\t<meta name=\"twitter:label2\" content=\"Tempo estimado de leitura\" \/>\n\t<meta name=\"twitter:data2\" content=\"1 minuto\" \/>\n<script type=\"application\/ld+json\" class=\"yoast-schema-graph\">{\"@context\":\"https:\/\/schema.org\",\"@graph\":[{\"@type\":\"Article\",\"@id\":\"https:\/\/portaltela.pt\/noticias\/2026\/01\/23\/resumo-das-noticias-da-meia-noite-15\/#article\",\"isPartOf\":{\"@id\":\"https:\/\/portaltela.pt\/noticias\/2026\/01\/23\/resumo-das-noticias-da-meia-noite-15\/\"},\"author\":{\"name\":\"Telinha\",\"@id\":\"https:\/\/portaltela.pt\/#\/schema\/person\/c4278d4a6028830caff9ee44b42d32ed\"},\"headline\":\"Resumo das not\u00edcias da meia-noite\",\"datePublished\":\"2026-01-24T00:00:00+00:00\",\"mainEntityOfPage\":{\"@id\":\"https:\/\/portaltela.pt\/noticias\/2026\/01\/23\/resumo-das-noticias-da-meia-noite-15\/\"},\"wordCount\":241,\"image\":{\"@id\":\"https:\/\/portaltela.pt\/noticias\/2026\/01\/23\/resumo-das-noticias-da-meia-noite-15\/#primaryimage\"},\"thumbnailUrl\":\"https:\/\/portaltela.pt\/s.01k8rhncp4jt1\/2026\/01\/770-podcast-noticiario-359.jpg\",\"keywords\":[\"agita\u00e7\u00e3o mar\u00edtima\",\"BE\",\"Cotrim de Figueiredo\",\"elei\u00e7\u00f5es\",\"PCP\",\"pol\u00edtica\"],\"articleSection\":[\"Not\u00edcias\",\"Pol\u00edtica\"],\"inLanguage\":\"pt-PT\"},{\"@type\":\"WebPage\",\"@id\":\"https:\/\/portaltela.pt\/noticias\/2026\/01\/23\/resumo-das-noticias-da-meia-noite-15\/\",\"url\":\"https:\/\/portaltela.pt\/noticias\/2026\/01\/23\/resumo-das-noticias-da-meia-noite-15\/\",\"name\":\"Resumo das not\u00edcias da meia-noite - Portal Tela Portugal\",\"isPartOf\":{\"@id\":\"https:\/\/portaltela.pt\/#website\"},\"primaryImageOfPage\":{\"@id\":\"https:\/\/portaltela.pt\/noticias\/2026\/01\/23\/resumo-das-noticias-da-meia-noite-15\/#primaryimage\"},\"image\":{\"@id\":\"https:\/\/portaltela.pt\/noticias\/2026\/01\/23\/resumo-das-noticias-da-meia-noite-15\/#primaryimage\"},\"thumbnailUrl\":\"https:\/\/portaltela.pt\/s.01k8rhncp4jt1\/2026\/01\/770-podcast-noticiario-359.jpg\",\"datePublished\":\"2026-01-24T00:00:00+00:00\",\"author\":{\"@id\":\"https:\/\/portaltela.pt\/#\/schema\/person\/c4278d4a6028830caff9ee44b42d32ed\"},\"breadcrumb\":{\"@id\":\"https:\/\/portaltela.pt\/noticias\/2026\/01\/23\/resumo-das-noticias-da-meia-noite-15\/#breadcrumb\"},\"inLanguage\":\"pt-PT\",\"potentialAction\":[{\"@type\":\"ReadAction\",\"target\":[\"https:\/\/portaltela.pt\/noticias\/2026\/01\/23\/resumo-das-noticias-da-meia-noite-15\/\"]}]},{\"@type\":\"ImageObject\",\"inLanguage\":\"pt-PT\",\"@id\":\"https:\/\/portaltela.pt\/noticias\/2026\/01\/23\/resumo-das-noticias-da-meia-noite-15\/#primaryimage\",\"url\":\"https:\/\/portaltela.pt\/s.01k8rhncp4jt1\/2026\/01\/770-podcast-noticiario-359.jpg\",\"contentUrl\":\"https:\/\/portaltela.pt\/s.01k8rhncp4jt1\/2026\/01\/770-podcast-noticiario-359.jpg\",\"width\":796,\"height\":448,\"caption\":\"Capa do programa\"},{\"@type\":\"BreadcrumbList\",\"@id\":\"https:\/\/portaltela.pt\/noticias\/2026\/01\/23\/resumo-das-noticias-da-meia-noite-15\/#breadcrumb\",\"itemListElement\":[{\"@type\":\"ListItem\",\"position\":1,\"name\":\"In\u00edcio\",\"item\":\"https:\/\/portaltela.pt\/\"},{\"@type\":\"ListItem\",\"position\":2,\"name\":\"Resumo das not\u00edcias da meia-noite\"}]},{\"@type\":\"WebSite\",\"@id\":\"https:\/\/portaltela.pt\/#website\",\"url\":\"https:\/\/portaltela.pt\/\",\"name\":\"Portal Tela Portugal\",\"description\":\"\",\"potentialAction\":[{\"@type\":\"SearchAction\",\"target\":{\"@type\":\"EntryPoint\",\"urlTemplate\":\"https:\/\/portaltela.pt\/?s={search_term_string}\"},\"query-input\":{\"@type\":\"PropertyValueSpecification\",\"valueRequired\":true,\"valueName\":\"search_term_string\"}}],\"inLanguage\":\"pt-PT\"},{\"@type\":\"Person\",\"@id\":\"https:\/\/portaltela.pt\/#\/schema\/person\/c4278d4a6028830caff9ee44b42d32ed\",\"name\":\"Telinha\",\"image\":{\"@type\":\"ImageObject\",\"inLanguage\":\"pt-PT\",\"@id\":\"https:\/\/portaltela.pt\/s.01k8rhncp4jt1\/2025\/11\/talking-bot-125x125.png\",\"url\":\"https:\/\/portaltela.pt\/s.01k8rhncp4jt1\/2025\/11\/talking-bot-125x125.png\",\"contentUrl\":\"https:\/\/portaltela.pt\/s.01k8rhncp4jt1\/2025\/11\/talking-bot-125x125.png\",\"caption\":\"Telinha\"},\"sameAs\":[\"https:\/\/portaltela.pt\/\"],\"url\":\"https:\/\/portaltela.pt\/por\/367410592786\/\"}]}<\/script>\n<!-- \/ Yoast SEO plugin. -->","yoast_head_json":{"title":"Resumo das not\u00edcias da meia-noite - Portal Tela Portugal","robots":{"index":"index","follow":"follow","max-snippet":"max-snippet:-1","max-image-preview":"max-image-preview:large","max-video-preview":"max-video-preview:-1"},"og_locale":"pt_PT","og_type":"article","og_title":"Resumo das not\u00edcias da meia-noite - Portal Tela Portugal","og_description":"23h. Cotrim de Figueiredo anuncia movimento c\u00edvico. 22h. Depress\u00e3o Ingrid j\u00e1 provocou mais de 700 ocorr\u00eancias. 21h. Sondagem da Cat\u00f3lica d\u00e1 vit\u00f3ria a Seguro com 70%. 20h. PCP deixa alerta sobre armadilha aos defensores do SNS. 19h. Presidenciais. Ventura acusa Seguro de fuga aos debates.","og_url":"https:\/\/portaltela.pt\/noticias\/2026\/01\/23\/resumo-das-noticias-da-meia-noite-15\/","og_site_name":"Portal Tela Portugal","article_published_time":"2026-01-24T00:00:00+00:00","author":"Telinha","twitter_card":"summary_large_image","twitter_misc":{"Escrito por":"Telinha","Tempo estimado de leitura":"1 minuto"},"schema":{"@context":"https:\/\/schema.org","@graph":[{"@type":"Article","@id":"https:\/\/portaltela.pt\/noticias\/2026\/01\/23\/resumo-das-noticias-da-meia-noite-15\/#article","isPartOf":{"@id":"https:\/\/portaltela.pt\/noticias\/2026\/01\/23\/resumo-das-noticias-da-meia-noite-15\/"},"author":{"name":"Telinha","@id":"https:\/\/portaltela.pt\/#\/schema\/person\/c4278d4a6028830caff9ee44b42d32ed"},"headline":"Resumo das not\u00edcias da meia-noite","datePublished":"2026-01-24T00:00:00+00:00","mainEntityOfPage":{"@id":"https:\/\/portaltela.pt\/noticias\/2026\/01\/23\/resumo-das-noticias-da-meia-noite-15\/"},"wordCount":241,"image":{"@id":"https:\/\/portaltela.pt\/noticias\/2026\/01\/23\/resumo-das-noticias-da-meia-noite-15\/#primaryimage"},"thumbnailUrl":"https:\/\/portaltela.pt\/s.01k8rhncp4jt1\/2026\/01\/770-podcast-noticiario-359.jpg","keywords":["agita\u00e7\u00e3o mar\u00edtima","BE","Cotrim de Figueiredo","elei\u00e7\u00f5es","PCP","pol\u00edtica"],"articleSection":["Not\u00edcias","Pol\u00edtica"],"inLanguage":"pt-PT"},{"@type":"WebPage","@id":"https:\/\/portaltela.pt\/noticias\/2026\/01\/23\/resumo-das-noticias-da-meia-noite-15\/","url":"https:\/\/portaltela.pt\/noticias\/2026\/01\/23\/resumo-das-noticias-da-meia-noite-15\/","name":"Resumo das not\u00edcias da meia-noite - Portal Tela Portugal","isPartOf":{"@id":"https:\/\/portaltela.pt\/#website"},"primaryImageOfPage":{"@id":"https:\/\/portaltela.pt\/noticias\/2026\/01\/23\/resumo-das-noticias-da-meia-noite-15\/#primaryimage"},"image":{"@id":"https:\/\/portaltela.pt\/noticias\/2026\/01\/23\/resumo-das-noticias-da-meia-noite-15\/#primaryimage"},"thumbnailUrl":"https:\/\/portaltela.pt\/s.01k8rhncp4jt1\/2026\/01\/770-podcast-noticiario-359.jpg","datePublished":"2026-01-24T00:00:00+00:00","author":{"@id":"https:\/\/portaltela.pt\/#\/schema\/person\/c4278d4a6028830caff9ee44b42d32ed"},"breadcrumb":{"@id":"https:\/\/portaltela.pt\/noticias\/2026\/01\/23\/resumo-das-noticias-da-meia-noite-15\/#breadcrumb"},"inLanguage":"pt-PT","potentialAction":[{"@type":"ReadAction","target":["https:\/\/portaltela.pt\/noticias\/2026\/01\/23\/resumo-das-noticias-da-meia-noite-15\/"]}]},{"@type":"ImageObject","inLanguage":"pt-PT","@id":"https:\/\/portaltela.pt\/noticias\/2026\/01\/23\/resumo-das-noticias-da-meia-noite-15\/#primaryimage","url":"https:\/\/portaltela.pt\/s.01k8rhncp4jt1\/2026\/01\/770-podcast-noticiario-359.jpg","contentUrl":"https:\/\/portaltela.pt\/s.01k8rhncp4jt1\/2026\/01\/770-podcast-noticiario-359.jpg","width":796,"height":448,"caption":"Capa do programa"},{"@type":"BreadcrumbList","@id":"https:\/\/portaltela.pt\/noticias\/2026\/01\/23\/resumo-das-noticias-da-meia-noite-15\/#breadcrumb","itemListElement":[{"@type":"ListItem","position":1,"name":"In\u00edcio","item":"https:\/\/portaltela.pt\/"},{"@type":"ListItem","position":2,"name":"Resumo das not\u00edcias da meia-noite"}]},{"@type":"WebSite","@id":"https:\/\/portaltela.pt\/#website","url":"https:\/\/portaltela.pt\/","name":"Portal Tela Portugal","description":"","potentialAction":[{"@type":"SearchAction","target":{"@type":"EntryPoint","urlTemplate":"https:\/\/portaltela.pt\/?s={search_term_string}"},"query-input":{"@type":"PropertyValueSpecification","valueRequired":true,"valueName":"search_term_string"}}],"inLanguage":"pt-PT"},{"@type":"Person","@id":"https:\/\/portaltela.pt\/#\/schema\/person\/c4278d4a6028830caff9ee44b42d32ed","name":"Telinha","image":{"@type":"ImageObject","inLanguage":"pt-PT","@id":"https:\/\/portaltela.pt\/s.01k8rhncp4jt1\/2025\/11\/talking-bot-125x125.png","url":"https:\/\/portaltela.pt\/s.01k8rhncp4jt1\/2025\/11\/talking-bot-125x125.png","contentUrl":"https:\/\/portaltela.pt\/s.01k8rhncp4jt1\/2025\/11\/talking-bot-125x125.png","caption":"Telinha"},"sameAs":["https:\/\/portaltela.pt\/"],"url":"https:\/\/portaltela.pt\/por\/367410592786\/"}]}},"_links":{"self":[{"href":"https:\/\/portaltela.pt\/api\/wp\/v2\/posts\/168813","targetHints":{"allow":["GET"]}}],"collection":[{"href":"https:\/\/portaltela.pt\/api\/wp\/v2\/posts"}],"about":[{"href":"https:\/\/portaltela.pt\/api\/wp\/v2\/types\/post"}],"author":[{"embeddable":true,"href":"https:\/\/portaltela.pt\/api\/wp\/v2\/users\/2"}],"replies":[{"embeddable":true,"href":"https:\/\/portaltela.pt\/api\/wp\/v2\/comments?post=168813"}],"version-history":[{"count":0,"href":"https:\/\/portaltela.pt\/api\/wp\/v2\/posts\/168813\/revisions"}],"wp:featuredmedia":[{"embeddable":true,"href":"https:\/\/portaltela.pt\/api\/wp\/v2\/media\/168826"}],"wp:attachment":[{"href":"https:\/\/portaltela.pt\/api\/wp\/v2\/media?parent=168813"}],"wp:term":[{"taxonomy":"category","embeddable":true,"href":"https:\/\/portaltela.pt\/api\/wp\/v2\/categories?post=168813"},{"taxonomy":"post_tag","embeddable":true,"href":"https:\/\/portaltela.pt\/api\/wp\/v2\/tags?post=168813"}],"curies":[{"name":"wp","href":"https:\/\/api.w.org\/{rel}","templated":true}]}}