{"id":168807,"date":"2026-01-23T20:29:26","date_gmt":"2026-01-23T23:29:26","guid":{"rendered":"https:\/\/portaltela.pt\/noticias\/2026\/01\/23\/alemanha-leva-oito-jovens-neonazis-separatistas-a-tribunal\/"},"modified":"2026-01-23T20:29:26","modified_gmt":"2026-01-23T23:29:26","slug":"alemanha-leva-oito-jovens-neonazis-separatistas-a-tribunal","status":"publish","type":"post","link":"https:\/\/portaltela.pt\/noticias\/2026\/01\/23\/alemanha-leva-oito-jovens-neonazis-separatistas-a-tribunal\/","title":{"rendered":"Alemanha leva oito jovens neonazis separatistas a tribunal"},"content":{"rendered":"<p>Oito jovens alem\u00e3es enfrentaram hoje a justi\u00e7a em Dresden, na Sax\u00f3nia, por suspeitas de perten\u00e7a a uma organiza\u00e7\u00e3o terrorista. Segundo o Minist\u00e9rio P\u00fablico, tratam-se de membros de um grupo paramilitar neonazi que pretendia conquistar pela viol\u00eancia parte do territ\u00f3rio alem\u00e3o. O caso integra um processo que pode decorrer ao longo do ano.<\/p>\n<p>Os arguidos, entre 22 e 26 anos, s\u00e3o acusados de pertencer a uma organiza\u00e7\u00e3o terrorista e de conspira\u00e7\u00e3o. A primeira audi\u00eancia confirmou a presen\u00e7a p\u00fablica no tribunal, rejeitando o pedido da defesa para exclus\u00e3o do p\u00fablico. O julgamento deve prolongar-se at\u00e9 16 de dezembro, de acordo com informa\u00e7\u00f5es do tribunal.<\/p>\n<p>A organiza\u00e7\u00e3o, conhecida como os \u201cseparatistas sax\u00f5es\u201d, foi desmantelada em novembro de 2024 numa opera\u00e7\u00e3o que mobilizou cerca de 450 agentes. O lote da a\u00e7\u00e3o ocorreu no leste da Alemanha, com dilig\u00eancias em Leipzig e Dresden, al\u00e9m de a\u00e7\u00f5es coordenas na Pol\u00f3nia e na \u00c1ustria.<\/p>\n<h3>Desfecho e contexto<\/h3>\n<p>H\u00e1 mais de uma d\u00e9cada em atividade, os separatistas pretendiam instituir um sistema inspirado no nacional-socialismo e eliminar pessoas consideradas indesej\u00e1veis, por meio de a\u00e7\u00f5es violentas. O Minist\u00e9rio P\u00fablico descreve o grupo como racista e antissemita, com ambi\u00e7\u00f5es de chegar ao poder por vias extremas.<\/p>\n<h3>Rea\u00e7\u00e3o pol\u00edtica e contexto regional<\/h3>\n<p>No dia seguinte \u00e0 opera\u00e7\u00e3o, a AfD reconheceu que tr\u00eas dos oito detidos eram membros do partido e anunciou que os excluiria. A sec\u00e7\u00e3o regional da AfD n\u00e3o comentou de imediato contactada pela AFP.<\/p>\n<h3>Frequ\u00eancia de investiga\u00e7\u00f5es<\/h3>\n<p>A Alemanha tem passado por desmantelamentos de c\u00e9lulas de extremismo nos \u00faltimos anos. Entre as organiza\u00e7\u00f5es visadas est\u00e1 uma rede associada ao movimento Reichsb\u00fcrger, que \u00e9 tida como potencial amea\u00e7a \u00e0 ordem constitucional.<\/p>\n","protected":false},"excerpt":{"rendered":"<ul>\n<li>Oito jovens alem\u00e3es, entre os 22 e os 26 anos, v\u00e3o a tribunal em Dresden acusados de pertencer a uma organiza\u00e7\u00e3o terrorista e de conspira\u00e7\u00e3o.<\/li>\n<li>O grupo, designado como os \u201cseparatistas sax\u00f5es\u201d, contaria com cerca de vinte membros; os oito detidos representam metade do efetivo.<\/li>\n<li>A organiza\u00e7\u00e3o foi desmantelada em novembro de 2024, numa opera\u00e7\u00e3o que envolveu 450 agentes na Alemanha, bem como em Pol\u00f3nia e \u00c1ustria.<\/li>\n<li>A acusa\u00e7\u00e3o sustenta que defendiam um regime inspirado no nacional-socialismo e uma limpeza \u00e9tnica, tendo praticado treinos paramilitares e adquirido equipamento militar.<\/li>\n<li>Tr\u00eas membros do partido de extrema-direita AfD estavam entre os oito detidos, que o AfD afirmou que iria excluir; uma figura central associada \u00e0s c\u00e9lulas \u00e9 o aristocrata Henri XIII.<\/li>\n<\/ul>\n","protected":false},"author":2,"featured_media":168824,"comment_status":"closed","ping_status":"closed","sticky":false,"template":"","format":"standard","meta":{"footnotes":""},"categories":[1],"tags":[1603,1617,3446,352,250,52],"class_list":["post-168807","post","type-post","status-publish","format-standard","has-post-thumbnail","hentry","category-noticias","tag-alemanha","tag-antisemitismo","tag-extremismo","tag-organizacao-criminosa","tag-seguranca-publica","tag-tribunal"],"yoast_head":"<!-- This site is optimized with the Yoast SEO plugin v27.2 - https:\/\/yoast.com\/product\/yoast-seo-wordpress\/ -->\n<title>Alemanha leva oito jovens neonazis separatistas a tribunal - Portal Tela Portugal<\/title>\n<meta name=\"robots\" content=\"index, follow, max-snippet:-1, max-image-preview:large, max-video-preview:-1\" \/>\n<meta property=\"og:locale\" content=\"pt_PT\" \/>\n<meta property=\"og:type\" content=\"article\" \/>\n<meta property=\"og:title\" content=\"Alemanha leva oito jovens neonazis separatistas a tribunal - Portal Tela Portugal\" \/>\n<meta property=\"og:description\" content=\"Oito jovens alem\u00e3es, entre os 22 e os 26 anos, v\u00e3o a tribunal em Dresden acusados de pertencer a uma organiza\u00e7\u00e3o terrorista e de conspira\u00e7\u00e3o. O grupo, designado como os \u201cseparatistas sax\u00f5es\u201d, contaria com cerca de vinte membros; os oito detidos representam metade do efetivo. A organiza\u00e7\u00e3o foi desmantelada em novembro de 2024, numa opera\u00e7\u00e3o que envolveu 450 agentes na Alemanha, bem como em Pol\u00f3nia e \u00c1ustria. A acusa\u00e7\u00e3o sustenta que defendiam um regime inspirado no nacional-socialismo e uma limpeza \u00e9tnica, tendo praticado treinos paramilitares e adquirido equipamento militar. Tr\u00eas membros do partido de extrema-direita AfD estavam entre os oito detidos, que o AfD afirmou que iria excluir; uma figura central associada \u00e0s c\u00e9lulas \u00e9 o aristocrata Henri XIII.\" \/>\n<meta property=\"og:url\" content=\"https:\/\/portaltela.pt\/noticias\/2026\/01\/23\/alemanha-leva-oito-jovens-neonazis-separatistas-a-tribunal\/\" \/>\n<meta property=\"og:site_name\" content=\"Portal Tela Portugal\" \/>\n<meta property=\"article:published_time\" content=\"2026-01-23T23:29:26+00:00\" \/>\n<meta name=\"author\" content=\"Telinha\" \/>\n<meta name=\"twitter:card\" content=\"summary_large_image\" \/>\n<meta name=\"twitter:label1\" content=\"Escrito por\" \/>\n\t<meta name=\"twitter:data1\" content=\"Telinha\" \/>\n\t<meta name=\"twitter:label2\" content=\"Tempo estimado de leitura\" \/>\n\t<meta name=\"twitter:data2\" content=\"2 minutos\" \/>\n<script type=\"application\/ld+json\" class=\"yoast-schema-graph\">{\"@context\":\"https:\/\/schema.org\",\"@graph\":[{\"@type\":\"Article\",\"@id\":\"https:\/\/portaltela.pt\/noticias\/2026\/01\/23\/alemanha-leva-oito-jovens-neonazis-separatistas-a-tribunal\/#article\",\"isPartOf\":{\"@id\":\"https:\/\/portaltela.pt\/noticias\/2026\/01\/23\/alemanha-leva-oito-jovens-neonazis-separatistas-a-tribunal\/\"},\"author\":{\"name\":\"Telinha\",\"@id\":\"https:\/\/portaltela.pt\/#\/schema\/person\/c4278d4a6028830caff9ee44b42d32ed\"},\"headline\":\"Alemanha leva oito jovens neonazis separatistas a tribunal\",\"datePublished\":\"2026-01-23T23:29:26+00:00\",\"mainEntityOfPage\":{\"@id\":\"https:\/\/portaltela.pt\/noticias\/2026\/01\/23\/alemanha-leva-oito-jovens-neonazis-separatistas-a-tribunal\/\"},\"wordCount\":315,\"image\":{\"@id\":\"https:\/\/portaltela.pt\/noticias\/2026\/01\/23\/alemanha-leva-oito-jovens-neonazis-separatistas-a-tribunal\/#primaryimage\"},\"thumbnailUrl\":\"https:\/\/portaltela.pt\/s.01k8rhncp4jt1\/2026\/01\/naom_689470d86bafb.jpg\",\"keywords\":[\"Alemanha\",\"antisemitismo\",\"extremismo\",\"organiza\u00e7\u00e3o criminosa\",\"seguran\u00e7a p\u00fablica\",\"tribunal\"],\"articleSection\":[\"Not\u00edcias\"],\"inLanguage\":\"pt-PT\"},{\"@type\":\"WebPage\",\"@id\":\"https:\/\/portaltela.pt\/noticias\/2026\/01\/23\/alemanha-leva-oito-jovens-neonazis-separatistas-a-tribunal\/\",\"url\":\"https:\/\/portaltela.pt\/noticias\/2026\/01\/23\/alemanha-leva-oito-jovens-neonazis-separatistas-a-tribunal\/\",\"name\":\"Alemanha leva oito jovens neonazis separatistas a tribunal - Portal Tela Portugal\",\"isPartOf\":{\"@id\":\"https:\/\/portaltela.pt\/#website\"},\"primaryImageOfPage\":{\"@id\":\"https:\/\/portaltela.pt\/noticias\/2026\/01\/23\/alemanha-leva-oito-jovens-neonazis-separatistas-a-tribunal\/#primaryimage\"},\"image\":{\"@id\":\"https:\/\/portaltela.pt\/noticias\/2026\/01\/23\/alemanha-leva-oito-jovens-neonazis-separatistas-a-tribunal\/#primaryimage\"},\"thumbnailUrl\":\"https:\/\/portaltela.pt\/s.01k8rhncp4jt1\/2026\/01\/naom_689470d86bafb.jpg\",\"datePublished\":\"2026-01-23T23:29:26+00:00\",\"author\":{\"@id\":\"https:\/\/portaltela.pt\/#\/schema\/person\/c4278d4a6028830caff9ee44b42d32ed\"},\"breadcrumb\":{\"@id\":\"https:\/\/portaltela.pt\/noticias\/2026\/01\/23\/alemanha-leva-oito-jovens-neonazis-separatistas-a-tribunal\/#breadcrumb\"},\"inLanguage\":\"pt-PT\",\"potentialAction\":[{\"@type\":\"ReadAction\",\"target\":[\"https:\/\/portaltela.pt\/noticias\/2026\/01\/23\/alemanha-leva-oito-jovens-neonazis-separatistas-a-tribunal\/\"]}]},{\"@type\":\"ImageObject\",\"inLanguage\":\"pt-PT\",\"@id\":\"https:\/\/portaltela.pt\/noticias\/2026\/01\/23\/alemanha-leva-oito-jovens-neonazis-separatistas-a-tribunal\/#primaryimage\",\"url\":\"https:\/\/portaltela.pt\/s.01k8rhncp4jt1\/2026\/01\/naom_689470d86bafb.jpg\",\"contentUrl\":\"https:\/\/portaltela.pt\/s.01k8rhncp4jt1\/2026\/01\/naom_689470d86bafb.jpg\",\"width\":796,\"height\":448,\"caption\":\"Alemanha leva oito jovens alegadamente \\\"separatistas\\\" neonazis a tribunal\"},{\"@type\":\"BreadcrumbList\",\"@id\":\"https:\/\/portaltela.pt\/noticias\/2026\/01\/23\/alemanha-leva-oito-jovens-neonazis-separatistas-a-tribunal\/#breadcrumb\",\"itemListElement\":[{\"@type\":\"ListItem\",\"position\":1,\"name\":\"In\u00edcio\",\"item\":\"https:\/\/portaltela.pt\/\"},{\"@type\":\"ListItem\",\"position\":2,\"name\":\"Alemanha leva oito jovens neonazis separatistas a tribunal\"}]},{\"@type\":\"WebSite\",\"@id\":\"https:\/\/portaltela.pt\/#website\",\"url\":\"https:\/\/portaltela.pt\/\",\"name\":\"Portal Tela Portugal\",\"description\":\"\",\"potentialAction\":[{\"@type\":\"SearchAction\",\"target\":{\"@type\":\"EntryPoint\",\"urlTemplate\":\"https:\/\/portaltela.pt\/?s={search_term_string}\"},\"query-input\":{\"@type\":\"PropertyValueSpecification\",\"valueRequired\":true,\"valueName\":\"search_term_string\"}}],\"inLanguage\":\"pt-PT\"},{\"@type\":\"Person\",\"@id\":\"https:\/\/portaltela.pt\/#\/schema\/person\/c4278d4a6028830caff9ee44b42d32ed\",\"name\":\"Telinha\",\"image\":{\"@type\":\"ImageObject\",\"inLanguage\":\"pt-PT\",\"@id\":\"https:\/\/portaltela.pt\/s.01k8rhncp4jt1\/2025\/11\/talking-bot-125x125.png\",\"url\":\"https:\/\/portaltela.pt\/s.01k8rhncp4jt1\/2025\/11\/talking-bot-125x125.png\",\"contentUrl\":\"https:\/\/portaltela.pt\/s.01k8rhncp4jt1\/2025\/11\/talking-bot-125x125.png\",\"caption\":\"Telinha\"},\"sameAs\":[\"https:\/\/portaltela.pt\/\"],\"url\":\"https:\/\/portaltela.pt\/por\/367410592786\/\"}]}<\/script>\n<!-- \/ Yoast SEO plugin. -->","yoast_head_json":{"title":"Alemanha leva oito jovens neonazis separatistas a tribunal - Portal Tela Portugal","robots":{"index":"index","follow":"follow","max-snippet":"max-snippet:-1","max-image-preview":"max-image-preview:large","max-video-preview":"max-video-preview:-1"},"og_locale":"pt_PT","og_type":"article","og_title":"Alemanha leva oito jovens neonazis separatistas a tribunal - Portal Tela Portugal","og_description":"Oito jovens alem\u00e3es, entre os 22 e os 26 anos, v\u00e3o a tribunal em Dresden acusados de pertencer a uma organiza\u00e7\u00e3o terrorista e de conspira\u00e7\u00e3o. O grupo, designado como os \u201cseparatistas sax\u00f5es\u201d, contaria com cerca de vinte membros; os oito detidos representam metade do efetivo. A organiza\u00e7\u00e3o foi desmantelada em novembro de 2024, numa opera\u00e7\u00e3o que envolveu 450 agentes na Alemanha, bem como em Pol\u00f3nia e \u00c1ustria. A acusa\u00e7\u00e3o sustenta que defendiam um regime inspirado no nacional-socialismo e uma limpeza \u00e9tnica, tendo praticado treinos paramilitares e adquirido equipamento militar. Tr\u00eas membros do partido de extrema-direita AfD estavam entre os oito detidos, que o AfD afirmou que iria excluir; uma figura central associada \u00e0s c\u00e9lulas \u00e9 o aristocrata Henri XIII.","og_url":"https:\/\/portaltela.pt\/noticias\/2026\/01\/23\/alemanha-leva-oito-jovens-neonazis-separatistas-a-tribunal\/","og_site_name":"Portal Tela Portugal","article_published_time":"2026-01-23T23:29:26+00:00","author":"Telinha","twitter_card":"summary_large_image","twitter_misc":{"Escrito por":"Telinha","Tempo estimado de leitura":"2 minutos"},"schema":{"@context":"https:\/\/schema.org","@graph":[{"@type":"Article","@id":"https:\/\/portaltela.pt\/noticias\/2026\/01\/23\/alemanha-leva-oito-jovens-neonazis-separatistas-a-tribunal\/#article","isPartOf":{"@id":"https:\/\/portaltela.pt\/noticias\/2026\/01\/23\/alemanha-leva-oito-jovens-neonazis-separatistas-a-tribunal\/"},"author":{"name":"Telinha","@id":"https:\/\/portaltela.pt\/#\/schema\/person\/c4278d4a6028830caff9ee44b42d32ed"},"headline":"Alemanha leva oito jovens neonazis separatistas a tribunal","datePublished":"2026-01-23T23:29:26+00:00","mainEntityOfPage":{"@id":"https:\/\/portaltela.pt\/noticias\/2026\/01\/23\/alemanha-leva-oito-jovens-neonazis-separatistas-a-tribunal\/"},"wordCount":315,"image":{"@id":"https:\/\/portaltela.pt\/noticias\/2026\/01\/23\/alemanha-leva-oito-jovens-neonazis-separatistas-a-tribunal\/#primaryimage"},"thumbnailUrl":"https:\/\/portaltela.pt\/s.01k8rhncp4jt1\/2026\/01\/naom_689470d86bafb.jpg","keywords":["Alemanha","antisemitismo","extremismo","organiza\u00e7\u00e3o criminosa","seguran\u00e7a p\u00fablica","tribunal"],"articleSection":["Not\u00edcias"],"inLanguage":"pt-PT"},{"@type":"WebPage","@id":"https:\/\/portaltela.pt\/noticias\/2026\/01\/23\/alemanha-leva-oito-jovens-neonazis-separatistas-a-tribunal\/","url":"https:\/\/portaltela.pt\/noticias\/2026\/01\/23\/alemanha-leva-oito-jovens-neonazis-separatistas-a-tribunal\/","name":"Alemanha leva oito jovens neonazis separatistas a tribunal - Portal Tela Portugal","isPartOf":{"@id":"https:\/\/portaltela.pt\/#website"},"primaryImageOfPage":{"@id":"https:\/\/portaltela.pt\/noticias\/2026\/01\/23\/alemanha-leva-oito-jovens-neonazis-separatistas-a-tribunal\/#primaryimage"},"image":{"@id":"https:\/\/portaltela.pt\/noticias\/2026\/01\/23\/alemanha-leva-oito-jovens-neonazis-separatistas-a-tribunal\/#primaryimage"},"thumbnailUrl":"https:\/\/portaltela.pt\/s.01k8rhncp4jt1\/2026\/01\/naom_689470d86bafb.jpg","datePublished":"2026-01-23T23:29:26+00:00","author":{"@id":"https:\/\/portaltela.pt\/#\/schema\/person\/c4278d4a6028830caff9ee44b42d32ed"},"breadcrumb":{"@id":"https:\/\/portaltela.pt\/noticias\/2026\/01\/23\/alemanha-leva-oito-jovens-neonazis-separatistas-a-tribunal\/#breadcrumb"},"inLanguage":"pt-PT","potentialAction":[{"@type":"ReadAction","target":["https:\/\/portaltela.pt\/noticias\/2026\/01\/23\/alemanha-leva-oito-jovens-neonazis-separatistas-a-tribunal\/"]}]},{"@type":"ImageObject","inLanguage":"pt-PT","@id":"https:\/\/portaltela.pt\/noticias\/2026\/01\/23\/alemanha-leva-oito-jovens-neonazis-separatistas-a-tribunal\/#primaryimage","url":"https:\/\/portaltela.pt\/s.01k8rhncp4jt1\/2026\/01\/naom_689470d86bafb.jpg","contentUrl":"https:\/\/portaltela.pt\/s.01k8rhncp4jt1\/2026\/01\/naom_689470d86bafb.jpg","width":796,"height":448,"caption":"Alemanha leva oito jovens alegadamente \"separatistas\" neonazis a tribunal"},{"@type":"BreadcrumbList","@id":"https:\/\/portaltela.pt\/noticias\/2026\/01\/23\/alemanha-leva-oito-jovens-neonazis-separatistas-a-tribunal\/#breadcrumb","itemListElement":[{"@type":"ListItem","position":1,"name":"In\u00edcio","item":"https:\/\/portaltela.pt\/"},{"@type":"ListItem","position":2,"name":"Alemanha leva oito jovens neonazis separatistas a tribunal"}]},{"@type":"WebSite","@id":"https:\/\/portaltela.pt\/#website","url":"https:\/\/portaltela.pt\/","name":"Portal Tela Portugal","description":"","potentialAction":[{"@type":"SearchAction","target":{"@type":"EntryPoint","urlTemplate":"https:\/\/portaltela.pt\/?s={search_term_string}"},"query-input":{"@type":"PropertyValueSpecification","valueRequired":true,"valueName":"search_term_string"}}],"inLanguage":"pt-PT"},{"@type":"Person","@id":"https:\/\/portaltela.pt\/#\/schema\/person\/c4278d4a6028830caff9ee44b42d32ed","name":"Telinha","image":{"@type":"ImageObject","inLanguage":"pt-PT","@id":"https:\/\/portaltela.pt\/s.01k8rhncp4jt1\/2025\/11\/talking-bot-125x125.png","url":"https:\/\/portaltela.pt\/s.01k8rhncp4jt1\/2025\/11\/talking-bot-125x125.png","contentUrl":"https:\/\/portaltela.pt\/s.01k8rhncp4jt1\/2025\/11\/talking-bot-125x125.png","caption":"Telinha"},"sameAs":["https:\/\/portaltela.pt\/"],"url":"https:\/\/portaltela.pt\/por\/367410592786\/"}]}},"_links":{"self":[{"href":"https:\/\/portaltela.pt\/api\/wp\/v2\/posts\/168807","targetHints":{"allow":["GET"]}}],"collection":[{"href":"https:\/\/portaltela.pt\/api\/wp\/v2\/posts"}],"about":[{"href":"https:\/\/portaltela.pt\/api\/wp\/v2\/types\/post"}],"author":[{"embeddable":true,"href":"https:\/\/portaltela.pt\/api\/wp\/v2\/users\/2"}],"replies":[{"embeddable":true,"href":"https:\/\/portaltela.pt\/api\/wp\/v2\/comments?post=168807"}],"version-history":[{"count":0,"href":"https:\/\/portaltela.pt\/api\/wp\/v2\/posts\/168807\/revisions"}],"wp:featuredmedia":[{"embeddable":true,"href":"https:\/\/portaltela.pt\/api\/wp\/v2\/media\/168824"}],"wp:attachment":[{"href":"https:\/\/portaltela.pt\/api\/wp\/v2\/media?parent=168807"}],"wp:term":[{"taxonomy":"category","embeddable":true,"href":"https:\/\/portaltela.pt\/api\/wp\/v2\/categories?post=168807"},{"taxonomy":"post_tag","embeddable":true,"href":"https:\/\/portaltela.pt\/api\/wp\/v2\/tags?post=168807"}],"curies":[{"name":"wp","href":"https:\/\/api.w.org\/{rel}","templated":true}]}}