{"id":168805,"date":"2026-01-23T20:34:12","date_gmt":"2026-01-23T23:34:12","guid":{"rendered":"https:\/\/portaltela.pt\/noticias\/2026\/01\/23\/cm-pampilhosa-da-serra-realiza-sessao-de-esclarecimento\/"},"modified":"2026-01-23T20:34:12","modified_gmt":"2026-01-23T23:34:12","slug":"cm-pampilhosa-da-serra-realiza-sessao-de-esclarecimento","status":"publish","type":"post","link":"https:\/\/portaltela.pt\/noticias\/2026\/01\/23\/cm-pampilhosa-da-serra-realiza-sessao-de-esclarecimento\/","title":{"rendered":"CM Pampilhosa da Serra realiza sess\u00e3o de esclarecimento"},"content":{"rendered":"<p>Na pr\u00f3xima quinta-feira, 20, \u00e0s 16h00, realiza-se uma sess\u00e3o de informa\u00e7\u00e3o na Biblioteca Municipal. O evento \u00e9 promovido pelo Munic\u00edpio e pela Pinhais do Z\u00eazere-Associa\u00e7\u00e3o para o Desenvolvimento, no \u00e2mbito da abertura do aviso de candidaturas \u00e0 tipologia D.1.1.1.1 \u201cPequenos Investimentos na Explora\u00e7\u00e3o Agr\u00edcola\u201d.<\/p>\n<p>O objetivo \u00e9 esclarecer sobre os apoios dispon\u00edveis para pequenos investimentos em explora\u00e7\u00e3o agr\u00edcola. Destina-se a pessoas singularas ou coletivas ativas na agricultura e legalmente constitu\u00eddas, abrangendo \u00e1reas como horticultura, apicultura, olivicultura e cria\u00e7\u00e3o de animais.<\/p>\n<h3>Detalhes da Sess\u00e3o<\/h3>\n<p>A sess\u00e3o ocorre na Biblioteca Municipal de Pampilhosa da Serra. Quem promueve \u00e9 o Munic\u00edpio em parceria com a associa\u00e7\u00e3o parceira. Ser\u00e1 uma oportunidade para esclarecer d\u00favidas sobre elegibilidade, procedimentos e prazos das candidaturas.<\/p>\n<p>Para mais informa\u00e7\u00f5es, os interessados devem consultar o site da Pinhais do Z\u00eazere-Associa\u00e7\u00e3o para o Desenvolvimento ou contactar os servi\u00e7os municipais. O texto n\u00e3o inclui links.<\/p>\n","protected":false},"excerpt":{"rendered":"<ul>\n<li>Sess\u00e3o de informa\u00e7\u00e3o e esclarecimento na quinta-feira, dia 20, \u00e0s 16h00, na Biblioteca Municipal.<\/li>\n<li>Promovida pelo Munic\u00edpio e pela Pinhais do Z\u00eazere &#8211; Associa\u00e7\u00e3o para o Desenvolvimento.<\/li>\n<li>Tema: abertura do aviso de candidaturas \u00e0 tipologia D.1.1.1.1 \u201cPequenos Investimentos na Explora\u00e7\u00e3o Agr\u00edcola\u201d.<\/li>\n<li>Destina-se a pequenos investimentos em setores como cultura de \u00e1rvores e arbustos, especiarias e plantas arom\u00e1ticas, hort\u00edcolas, apicultura, olivicultura, cria\u00e7\u00e3o de ovinos e caprinos.<\/li>\n<li>Destinado a pessoas singulares ou coletivas que exer\u00e7am atividade agr\u00edcola e estejam legalmente constitu\u00eddas.<\/li>\n<\/ul>\n","protected":false},"author":2,"featured_media":168844,"comment_status":"closed","ping_status":"closed","sticky":false,"template":"","format":"standard","meta":{"footnotes":""},"categories":[1],"tags":[179,4065,1409,3481,316,4066],"class_list":["post-168805","post","type-post","status-publish","format-standard","has-post-thumbnail","hentry","category-noticias","tag-agricultura","tag-apicultura","tag-desenvolvimento-regional","tag-horticultura","tag-investimento","tag-olivicultura"],"yoast_head":"<!-- This site is optimized with the Yoast SEO plugin v27.2 - https:\/\/yoast.com\/product\/yoast-seo-wordpress\/ -->\n<title>CM Pampilhosa da Serra realiza sess\u00e3o de esclarecimento - Portal Tela Portugal<\/title>\n<meta name=\"robots\" content=\"index, follow, max-snippet:-1, max-image-preview:large, max-video-preview:-1\" \/>\n<meta property=\"og:locale\" content=\"pt_PT\" \/>\n<meta property=\"og:type\" content=\"article\" \/>\n<meta property=\"og:title\" content=\"CM Pampilhosa da Serra realiza sess\u00e3o de esclarecimento - Portal Tela Portugal\" \/>\n<meta property=\"og:description\" content=\"Sess\u00e3o de informa\u00e7\u00e3o e esclarecimento na quinta-feira, dia 20, \u00e0s 16h00, na Biblioteca Municipal. Promovida pelo Munic\u00edpio e pela Pinhais do Z\u00eazere - Associa\u00e7\u00e3o para o Desenvolvimento. Tema: abertura do aviso de candidaturas \u00e0 tipologia D.1.1.1.1 \u201cPequenos Investimentos na Explora\u00e7\u00e3o Agr\u00edcola\u201d. Destina-se a pequenos investimentos em setores como cultura de \u00e1rvores e arbustos, especiarias e plantas arom\u00e1ticas, hort\u00edcolas, apicultura, olivicultura, cria\u00e7\u00e3o de ovinos e caprinos. Destinado a pessoas singulares ou coletivas que exer\u00e7am atividade agr\u00edcola e estejam legalmente constitu\u00eddas.\" \/>\n<meta property=\"og:url\" content=\"https:\/\/portaltela.pt\/noticias\/2026\/01\/23\/cm-pampilhosa-da-serra-realiza-sessao-de-esclarecimento\/\" \/>\n<meta property=\"og:site_name\" content=\"Portal Tela Portugal\" \/>\n<meta property=\"article:published_time\" content=\"2026-01-23T23:34:12+00:00\" \/>\n<meta name=\"author\" content=\"Telinha\" \/>\n<meta name=\"twitter:card\" content=\"summary_large_image\" \/>\n<meta name=\"twitter:label1\" content=\"Escrito por\" \/>\n\t<meta name=\"twitter:data1\" content=\"Telinha\" \/>\n\t<meta name=\"twitter:label2\" content=\"Tempo estimado de leitura\" \/>\n\t<meta name=\"twitter:data2\" content=\"1 minuto\" \/>\n<script type=\"application\/ld+json\" class=\"yoast-schema-graph\">{\"@context\":\"https:\/\/schema.org\",\"@graph\":[{\"@type\":\"Article\",\"@id\":\"https:\/\/portaltela.pt\/noticias\/2026\/01\/23\/cm-pampilhosa-da-serra-realiza-sessao-de-esclarecimento\/#article\",\"isPartOf\":{\"@id\":\"https:\/\/portaltela.pt\/noticias\/2026\/01\/23\/cm-pampilhosa-da-serra-realiza-sessao-de-esclarecimento\/\"},\"author\":{\"name\":\"Telinha\",\"@id\":\"https:\/\/portaltela.pt\/#\/schema\/person\/c4278d4a6028830caff9ee44b42d32ed\"},\"headline\":\"CM Pampilhosa da Serra realiza sess\u00e3o de esclarecimento\",\"datePublished\":\"2026-01-23T23:34:12+00:00\",\"mainEntityOfPage\":{\"@id\":\"https:\/\/portaltela.pt\/noticias\/2026\/01\/23\/cm-pampilhosa-da-serra-realiza-sessao-de-esclarecimento\/\"},\"wordCount\":170,\"image\":{\"@id\":\"https:\/\/portaltela.pt\/noticias\/2026\/01\/23\/cm-pampilhosa-da-serra-realiza-sessao-de-esclarecimento\/#primaryimage\"},\"thumbnailUrl\":\"https:\/\/portaltela.pt\/s.01k8rhncp4jt1\/2026\/01\/unnamed-file-4887.jpg\",\"keywords\":[\"agricultura\",\"apicultura\",\"desenvolvimento regional\",\"horticultura\",\"investimento\",\"olivicultura\"],\"articleSection\":[\"Not\u00edcias\"],\"inLanguage\":\"pt-PT\"},{\"@type\":\"WebPage\",\"@id\":\"https:\/\/portaltela.pt\/noticias\/2026\/01\/23\/cm-pampilhosa-da-serra-realiza-sessao-de-esclarecimento\/\",\"url\":\"https:\/\/portaltela.pt\/noticias\/2026\/01\/23\/cm-pampilhosa-da-serra-realiza-sessao-de-esclarecimento\/\",\"name\":\"CM Pampilhosa da Serra realiza sess\u00e3o de esclarecimento - Portal Tela Portugal\",\"isPartOf\":{\"@id\":\"https:\/\/portaltela.pt\/#website\"},\"primaryImageOfPage\":{\"@id\":\"https:\/\/portaltela.pt\/noticias\/2026\/01\/23\/cm-pampilhosa-da-serra-realiza-sessao-de-esclarecimento\/#primaryimage\"},\"image\":{\"@id\":\"https:\/\/portaltela.pt\/noticias\/2026\/01\/23\/cm-pampilhosa-da-serra-realiza-sessao-de-esclarecimento\/#primaryimage\"},\"thumbnailUrl\":\"https:\/\/portaltela.pt\/s.01k8rhncp4jt1\/2026\/01\/unnamed-file-4887.jpg\",\"datePublished\":\"2026-01-23T23:34:12+00:00\",\"author\":{\"@id\":\"https:\/\/portaltela.pt\/#\/schema\/person\/c4278d4a6028830caff9ee44b42d32ed\"},\"breadcrumb\":{\"@id\":\"https:\/\/portaltela.pt\/noticias\/2026\/01\/23\/cm-pampilhosa-da-serra-realiza-sessao-de-esclarecimento\/#breadcrumb\"},\"inLanguage\":\"pt-PT\",\"potentialAction\":[{\"@type\":\"ReadAction\",\"target\":[\"https:\/\/portaltela.pt\/noticias\/2026\/01\/23\/cm-pampilhosa-da-serra-realiza-sessao-de-esclarecimento\/\"]}]},{\"@type\":\"ImageObject\",\"inLanguage\":\"pt-PT\",\"@id\":\"https:\/\/portaltela.pt\/noticias\/2026\/01\/23\/cm-pampilhosa-da-serra-realiza-sessao-de-esclarecimento\/#primaryimage\",\"url\":\"https:\/\/portaltela.pt\/s.01k8rhncp4jt1\/2026\/01\/unnamed-file-4887.jpg\",\"contentUrl\":\"https:\/\/portaltela.pt\/s.01k8rhncp4jt1\/2026\/01\/unnamed-file-4887.jpg\",\"width\":796,\"height\":448,\"caption\":\"CM Pampilhosa da Serra \/ Sess\u00e3o de esclarecimento\"},{\"@type\":\"BreadcrumbList\",\"@id\":\"https:\/\/portaltela.pt\/noticias\/2026\/01\/23\/cm-pampilhosa-da-serra-realiza-sessao-de-esclarecimento\/#breadcrumb\",\"itemListElement\":[{\"@type\":\"ListItem\",\"position\":1,\"name\":\"In\u00edcio\",\"item\":\"https:\/\/portaltela.pt\/\"},{\"@type\":\"ListItem\",\"position\":2,\"name\":\"CM Pampilhosa da Serra realiza sess\u00e3o de esclarecimento\"}]},{\"@type\":\"WebSite\",\"@id\":\"https:\/\/portaltela.pt\/#website\",\"url\":\"https:\/\/portaltela.pt\/\",\"name\":\"Portal Tela Portugal\",\"description\":\"\",\"potentialAction\":[{\"@type\":\"SearchAction\",\"target\":{\"@type\":\"EntryPoint\",\"urlTemplate\":\"https:\/\/portaltela.pt\/?s={search_term_string}\"},\"query-input\":{\"@type\":\"PropertyValueSpecification\",\"valueRequired\":true,\"valueName\":\"search_term_string\"}}],\"inLanguage\":\"pt-PT\"},{\"@type\":\"Person\",\"@id\":\"https:\/\/portaltela.pt\/#\/schema\/person\/c4278d4a6028830caff9ee44b42d32ed\",\"name\":\"Telinha\",\"image\":{\"@type\":\"ImageObject\",\"inLanguage\":\"pt-PT\",\"@id\":\"https:\/\/portaltela.pt\/s.01k8rhncp4jt1\/2025\/11\/talking-bot-125x125.png\",\"url\":\"https:\/\/portaltela.pt\/s.01k8rhncp4jt1\/2025\/11\/talking-bot-125x125.png\",\"contentUrl\":\"https:\/\/portaltela.pt\/s.01k8rhncp4jt1\/2025\/11\/talking-bot-125x125.png\",\"caption\":\"Telinha\"},\"sameAs\":[\"https:\/\/portaltela.pt\/\"],\"url\":\"https:\/\/portaltela.pt\/por\/367410592786\/\"}]}<\/script>\n<!-- \/ Yoast SEO plugin. -->","yoast_head_json":{"title":"CM Pampilhosa da Serra realiza sess\u00e3o de esclarecimento - Portal Tela Portugal","robots":{"index":"index","follow":"follow","max-snippet":"max-snippet:-1","max-image-preview":"max-image-preview:large","max-video-preview":"max-video-preview:-1"},"og_locale":"pt_PT","og_type":"article","og_title":"CM Pampilhosa da Serra realiza sess\u00e3o de esclarecimento - Portal Tela Portugal","og_description":"Sess\u00e3o de informa\u00e7\u00e3o e esclarecimento na quinta-feira, dia 20, \u00e0s 16h00, na Biblioteca Municipal. Promovida pelo Munic\u00edpio e pela Pinhais do Z\u00eazere - Associa\u00e7\u00e3o para o Desenvolvimento. Tema: abertura do aviso de candidaturas \u00e0 tipologia D.1.1.1.1 \u201cPequenos Investimentos na Explora\u00e7\u00e3o Agr\u00edcola\u201d. Destina-se a pequenos investimentos em setores como cultura de \u00e1rvores e arbustos, especiarias e plantas arom\u00e1ticas, hort\u00edcolas, apicultura, olivicultura, cria\u00e7\u00e3o de ovinos e caprinos. Destinado a pessoas singulares ou coletivas que exer\u00e7am atividade agr\u00edcola e estejam legalmente constitu\u00eddas.","og_url":"https:\/\/portaltela.pt\/noticias\/2026\/01\/23\/cm-pampilhosa-da-serra-realiza-sessao-de-esclarecimento\/","og_site_name":"Portal Tela Portugal","article_published_time":"2026-01-23T23:34:12+00:00","author":"Telinha","twitter_card":"summary_large_image","twitter_misc":{"Escrito por":"Telinha","Tempo estimado de leitura":"1 minuto"},"schema":{"@context":"https:\/\/schema.org","@graph":[{"@type":"Article","@id":"https:\/\/portaltela.pt\/noticias\/2026\/01\/23\/cm-pampilhosa-da-serra-realiza-sessao-de-esclarecimento\/#article","isPartOf":{"@id":"https:\/\/portaltela.pt\/noticias\/2026\/01\/23\/cm-pampilhosa-da-serra-realiza-sessao-de-esclarecimento\/"},"author":{"name":"Telinha","@id":"https:\/\/portaltela.pt\/#\/schema\/person\/c4278d4a6028830caff9ee44b42d32ed"},"headline":"CM Pampilhosa da Serra realiza sess\u00e3o de esclarecimento","datePublished":"2026-01-23T23:34:12+00:00","mainEntityOfPage":{"@id":"https:\/\/portaltela.pt\/noticias\/2026\/01\/23\/cm-pampilhosa-da-serra-realiza-sessao-de-esclarecimento\/"},"wordCount":170,"image":{"@id":"https:\/\/portaltela.pt\/noticias\/2026\/01\/23\/cm-pampilhosa-da-serra-realiza-sessao-de-esclarecimento\/#primaryimage"},"thumbnailUrl":"https:\/\/portaltela.pt\/s.01k8rhncp4jt1\/2026\/01\/unnamed-file-4887.jpg","keywords":["agricultura","apicultura","desenvolvimento regional","horticultura","investimento","olivicultura"],"articleSection":["Not\u00edcias"],"inLanguage":"pt-PT"},{"@type":"WebPage","@id":"https:\/\/portaltela.pt\/noticias\/2026\/01\/23\/cm-pampilhosa-da-serra-realiza-sessao-de-esclarecimento\/","url":"https:\/\/portaltela.pt\/noticias\/2026\/01\/23\/cm-pampilhosa-da-serra-realiza-sessao-de-esclarecimento\/","name":"CM Pampilhosa da Serra realiza sess\u00e3o de esclarecimento - Portal Tela Portugal","isPartOf":{"@id":"https:\/\/portaltela.pt\/#website"},"primaryImageOfPage":{"@id":"https:\/\/portaltela.pt\/noticias\/2026\/01\/23\/cm-pampilhosa-da-serra-realiza-sessao-de-esclarecimento\/#primaryimage"},"image":{"@id":"https:\/\/portaltela.pt\/noticias\/2026\/01\/23\/cm-pampilhosa-da-serra-realiza-sessao-de-esclarecimento\/#primaryimage"},"thumbnailUrl":"https:\/\/portaltela.pt\/s.01k8rhncp4jt1\/2026\/01\/unnamed-file-4887.jpg","datePublished":"2026-01-23T23:34:12+00:00","author":{"@id":"https:\/\/portaltela.pt\/#\/schema\/person\/c4278d4a6028830caff9ee44b42d32ed"},"breadcrumb":{"@id":"https:\/\/portaltela.pt\/noticias\/2026\/01\/23\/cm-pampilhosa-da-serra-realiza-sessao-de-esclarecimento\/#breadcrumb"},"inLanguage":"pt-PT","potentialAction":[{"@type":"ReadAction","target":["https:\/\/portaltela.pt\/noticias\/2026\/01\/23\/cm-pampilhosa-da-serra-realiza-sessao-de-esclarecimento\/"]}]},{"@type":"ImageObject","inLanguage":"pt-PT","@id":"https:\/\/portaltela.pt\/noticias\/2026\/01\/23\/cm-pampilhosa-da-serra-realiza-sessao-de-esclarecimento\/#primaryimage","url":"https:\/\/portaltela.pt\/s.01k8rhncp4jt1\/2026\/01\/unnamed-file-4887.jpg","contentUrl":"https:\/\/portaltela.pt\/s.01k8rhncp4jt1\/2026\/01\/unnamed-file-4887.jpg","width":796,"height":448,"caption":"CM Pampilhosa da Serra \/ Sess\u00e3o de esclarecimento"},{"@type":"BreadcrumbList","@id":"https:\/\/portaltela.pt\/noticias\/2026\/01\/23\/cm-pampilhosa-da-serra-realiza-sessao-de-esclarecimento\/#breadcrumb","itemListElement":[{"@type":"ListItem","position":1,"name":"In\u00edcio","item":"https:\/\/portaltela.pt\/"},{"@type":"ListItem","position":2,"name":"CM Pampilhosa da Serra realiza sess\u00e3o de esclarecimento"}]},{"@type":"WebSite","@id":"https:\/\/portaltela.pt\/#website","url":"https:\/\/portaltela.pt\/","name":"Portal Tela Portugal","description":"","potentialAction":[{"@type":"SearchAction","target":{"@type":"EntryPoint","urlTemplate":"https:\/\/portaltela.pt\/?s={search_term_string}"},"query-input":{"@type":"PropertyValueSpecification","valueRequired":true,"valueName":"search_term_string"}}],"inLanguage":"pt-PT"},{"@type":"Person","@id":"https:\/\/portaltela.pt\/#\/schema\/person\/c4278d4a6028830caff9ee44b42d32ed","name":"Telinha","image":{"@type":"ImageObject","inLanguage":"pt-PT","@id":"https:\/\/portaltela.pt\/s.01k8rhncp4jt1\/2025\/11\/talking-bot-125x125.png","url":"https:\/\/portaltela.pt\/s.01k8rhncp4jt1\/2025\/11\/talking-bot-125x125.png","contentUrl":"https:\/\/portaltela.pt\/s.01k8rhncp4jt1\/2025\/11\/talking-bot-125x125.png","caption":"Telinha"},"sameAs":["https:\/\/portaltela.pt\/"],"url":"https:\/\/portaltela.pt\/por\/367410592786\/"}]}},"_links":{"self":[{"href":"https:\/\/portaltela.pt\/api\/wp\/v2\/posts\/168805","targetHints":{"allow":["GET"]}}],"collection":[{"href":"https:\/\/portaltela.pt\/api\/wp\/v2\/posts"}],"about":[{"href":"https:\/\/portaltela.pt\/api\/wp\/v2\/types\/post"}],"author":[{"embeddable":true,"href":"https:\/\/portaltela.pt\/api\/wp\/v2\/users\/2"}],"replies":[{"embeddable":true,"href":"https:\/\/portaltela.pt\/api\/wp\/v2\/comments?post=168805"}],"version-history":[{"count":0,"href":"https:\/\/portaltela.pt\/api\/wp\/v2\/posts\/168805\/revisions"}],"wp:featuredmedia":[{"embeddable":true,"href":"https:\/\/portaltela.pt\/api\/wp\/v2\/media\/168844"}],"wp:attachment":[{"href":"https:\/\/portaltela.pt\/api\/wp\/v2\/media?parent=168805"}],"wp:term":[{"taxonomy":"category","embeddable":true,"href":"https:\/\/portaltela.pt\/api\/wp\/v2\/categories?post=168805"},{"taxonomy":"post_tag","embeddable":true,"href":"https:\/\/portaltela.pt\/api\/wp\/v2\/tags?post=168805"}],"curies":[{"name":"wp","href":"https:\/\/api.w.org\/{rel}","templated":true}]}}