{"id":168795,"date":"2026-01-23T21:02:56","date_gmt":"2026-01-24T00:02:56","guid":{"rendered":"https:\/\/portaltela.pt\/noticias\/2026\/01\/23\/vila-pouca-de-aguiar-prossegue-limpeza-de-estradas-e-remocao-de-viaturas-da-neve\/"},"modified":"2026-01-23T21:02:56","modified_gmt":"2026-01-24T00:02:56","slug":"vila-pouca-de-aguiar-prossegue-limpeza-de-estradas-e-remocao-de-viaturas-da-neve","status":"publish","type":"post","link":"https:\/\/portaltela.pt\/noticias\/2026\/01\/23\/vila-pouca-de-aguiar-prossegue-limpeza-de-estradas-e-remocao-de-viaturas-da-neve\/","title":{"rendered":"Vila Pouca de Aguiar prossegue limpeza de estradas e remo\u00e7\u00e3o de viaturas da neve"},"content":{"rendered":"<p>O Munic\u00edpio de Vila Pouca de Aguiar emitiu, \u00e0s 23h30, um ponto de situa\u00e7\u00e3o sobre a queda de neve no concelho e na regi\u00e3o. N\u00e3o foram registadas ocorr\u00eancias relevantes, exceto a retirada de viaturas da neve ou o transporte de ocupantes at\u00e9 ao destino, quando a troca n\u00e3o era poss\u00edvel.<\/p>\n<p>Continuam no terreno as opera\u00e7\u00f5es de limpeza das estradas para manter a circula\u00e7\u00e3o, ainda que a intensa queda de neve torne a tarefa mais desafiante. A autarquia sublinha o esfor\u00e7o das equipas para manter as vias transit\u00e1veis.<\/p>\n<h3>Situa\u00e7\u00e3o rodovi\u00e1ria<\/h3>\n<p>As zonas mais afetadas s\u00e3o Padrela, Alv\u00e3o e Jales. N\u00e3o existem registos de estradas interditadas no momento, conforme o munic\u00edpio.<\/p>\n<p>As a\u00e7\u00f5es de limpeza prosseguem com o objetivo de assegurar a circula\u00e7\u00e3o de ve\u00edculos e pe\u00f5es, num cen\u00e1rio de condi\u00e7\u00f5es clim\u00e1ticas adversas.<\/p>\n","protected":false},"excerpt":{"rendered":"<ul>\n<li>O Munic\u00edpio de Vila Pouca de Aguiar emitiu, \u00e0s 23h30, um ponto de situa\u00e7\u00e3o sobre a queda de neve no concelho.<\/li>\n<li>N\u00e3o foram registadas ocorr\u00eancias relevantes, excetuando a retirada de viaturas da neve e o transporte de ocupantes quando a remo\u00e7\u00e3o n\u00e3o era poss\u00edvel.<\/li>\n<li>Equipa no terreno continua a limpar as estradas para as manter transit\u00e1veis, apesar da intensa queda de neve.<\/li>\n<li>As zonas mais afetadas s\u00e3o Padrela, Alv\u00e3o e Jales, sem registo de estradas interditas.<\/li>\n<li>A organiza\u00e7\u00e3o mant\u00e9m a vigil\u00e2ncia sobre a evolu\u00e7\u00e3o da situa\u00e7\u00e3o.<\/li>\n<\/ul>\n","protected":false},"author":2,"featured_media":168840,"comment_status":"closed","ping_status":"closed","sticky":false,"template":"","format":"standard","meta":{"footnotes":""},"categories":[1],"tags":[4051,144,1083,3917,4064,192],"class_list":["post-168795","post","type-post","status-publish","format-standard","has-post-thumbnail","hentry","category-noticias","tag-alvao","tag-concelho","tag-estradas","tag-limpezas-de-via","tag-padrela","tag-transporte"],"yoast_head":"<!-- This site is optimized with the Yoast SEO plugin v27.2 - https:\/\/yoast.com\/product\/yoast-seo-wordpress\/ -->\n<title>Vila Pouca de Aguiar prossegue limpeza de estradas e remo\u00e7\u00e3o de viaturas da neve - Portal Tela Portugal<\/title>\n<meta name=\"robots\" content=\"index, follow, max-snippet:-1, max-image-preview:large, max-video-preview:-1\" \/>\n<meta property=\"og:locale\" content=\"pt_PT\" \/>\n<meta property=\"og:type\" content=\"article\" \/>\n<meta property=\"og:title\" content=\"Vila Pouca de Aguiar prossegue limpeza de estradas e remo\u00e7\u00e3o de viaturas da neve - Portal Tela Portugal\" \/>\n<meta property=\"og:description\" content=\"O Munic\u00edpio de Vila Pouca de Aguiar emitiu, \u00e0s 23h30, um ponto de situa\u00e7\u00e3o sobre a queda de neve no concelho. N\u00e3o foram registadas ocorr\u00eancias relevantes, excetuando a retirada de viaturas da neve e o transporte de ocupantes quando a remo\u00e7\u00e3o n\u00e3o era poss\u00edvel. Equipa no terreno continua a limpar as estradas para as manter transit\u00e1veis, apesar da intensa queda de neve. As zonas mais afetadas s\u00e3o Padrela, Alv\u00e3o e Jales, sem registo de estradas interditas. A organiza\u00e7\u00e3o mant\u00e9m a vigil\u00e2ncia sobre a evolu\u00e7\u00e3o da situa\u00e7\u00e3o.\" \/>\n<meta property=\"og:url\" content=\"https:\/\/portaltela.pt\/noticias\/2026\/01\/23\/vila-pouca-de-aguiar-prossegue-limpeza-de-estradas-e-remocao-de-viaturas-da-neve\/\" \/>\n<meta property=\"og:site_name\" content=\"Portal Tela Portugal\" \/>\n<meta property=\"article:published_time\" content=\"2026-01-24T00:02:56+00:00\" \/>\n<meta name=\"author\" content=\"Telinha\" \/>\n<meta name=\"twitter:card\" content=\"summary_large_image\" \/>\n<meta name=\"twitter:label1\" content=\"Escrito por\" \/>\n\t<meta name=\"twitter:data1\" content=\"Telinha\" \/>\n\t<meta name=\"twitter:label2\" content=\"Tempo estimado de leitura\" \/>\n\t<meta name=\"twitter:data2\" content=\"1 minuto\" \/>\n<script type=\"application\/ld+json\" class=\"yoast-schema-graph\">{\"@context\":\"https:\/\/schema.org\",\"@graph\":[{\"@type\":\"Article\",\"@id\":\"https:\/\/portaltela.pt\/noticias\/2026\/01\/23\/vila-pouca-de-aguiar-prossegue-limpeza-de-estradas-e-remocao-de-viaturas-da-neve\/#article\",\"isPartOf\":{\"@id\":\"https:\/\/portaltela.pt\/noticias\/2026\/01\/23\/vila-pouca-de-aguiar-prossegue-limpeza-de-estradas-e-remocao-de-viaturas-da-neve\/\"},\"author\":{\"name\":\"Telinha\",\"@id\":\"https:\/\/portaltela.pt\/#\/schema\/person\/c4278d4a6028830caff9ee44b42d32ed\"},\"headline\":\"Vila Pouca de Aguiar prossegue limpeza de estradas e remo\u00e7\u00e3o de viaturas da neve\",\"datePublished\":\"2026-01-24T00:02:56+00:00\",\"mainEntityOfPage\":{\"@id\":\"https:\/\/portaltela.pt\/noticias\/2026\/01\/23\/vila-pouca-de-aguiar-prossegue-limpeza-de-estradas-e-remocao-de-viaturas-da-neve\/\"},\"wordCount\":170,\"image\":{\"@id\":\"https:\/\/portaltela.pt\/noticias\/2026\/01\/23\/vila-pouca-de-aguiar-prossegue-limpeza-de-estradas-e-remocao-de-viaturas-da-neve\/#primaryimage\"},\"thumbnailUrl\":\"https:\/\/portaltela.pt\/s.01k8rhncp4jt1\/2026\/01\/unnamed-file-4886.jpg\",\"keywords\":[\"Alv\u00e3o\",\"concelho\",\"estradas\",\"limpezas de via\",\"Padrela\",\"transporte\"],\"articleSection\":[\"Not\u00edcias\"],\"inLanguage\":\"pt-PT\"},{\"@type\":\"WebPage\",\"@id\":\"https:\/\/portaltela.pt\/noticias\/2026\/01\/23\/vila-pouca-de-aguiar-prossegue-limpeza-de-estradas-e-remocao-de-viaturas-da-neve\/\",\"url\":\"https:\/\/portaltela.pt\/noticias\/2026\/01\/23\/vila-pouca-de-aguiar-prossegue-limpeza-de-estradas-e-remocao-de-viaturas-da-neve\/\",\"name\":\"Vila Pouca de Aguiar prossegue limpeza de estradas e remo\u00e7\u00e3o de viaturas da neve - Portal Tela Portugal\",\"isPartOf\":{\"@id\":\"https:\/\/portaltela.pt\/#website\"},\"primaryImageOfPage\":{\"@id\":\"https:\/\/portaltela.pt\/noticias\/2026\/01\/23\/vila-pouca-de-aguiar-prossegue-limpeza-de-estradas-e-remocao-de-viaturas-da-neve\/#primaryimage\"},\"image\":{\"@id\":\"https:\/\/portaltela.pt\/noticias\/2026\/01\/23\/vila-pouca-de-aguiar-prossegue-limpeza-de-estradas-e-remocao-de-viaturas-da-neve\/#primaryimage\"},\"thumbnailUrl\":\"https:\/\/portaltela.pt\/s.01k8rhncp4jt1\/2026\/01\/unnamed-file-4886.jpg\",\"datePublished\":\"2026-01-24T00:02:56+00:00\",\"author\":{\"@id\":\"https:\/\/portaltela.pt\/#\/schema\/person\/c4278d4a6028830caff9ee44b42d32ed\"},\"breadcrumb\":{\"@id\":\"https:\/\/portaltela.pt\/noticias\/2026\/01\/23\/vila-pouca-de-aguiar-prossegue-limpeza-de-estradas-e-remocao-de-viaturas-da-neve\/#breadcrumb\"},\"inLanguage\":\"pt-PT\",\"potentialAction\":[{\"@type\":\"ReadAction\",\"target\":[\"https:\/\/portaltela.pt\/noticias\/2026\/01\/23\/vila-pouca-de-aguiar-prossegue-limpeza-de-estradas-e-remocao-de-viaturas-da-neve\/\"]}]},{\"@type\":\"ImageObject\",\"inLanguage\":\"pt-PT\",\"@id\":\"https:\/\/portaltela.pt\/noticias\/2026\/01\/23\/vila-pouca-de-aguiar-prossegue-limpeza-de-estradas-e-remocao-de-viaturas-da-neve\/#primaryimage\",\"url\":\"https:\/\/portaltela.pt\/s.01k8rhncp4jt1\/2026\/01\/unnamed-file-4886.jpg\",\"contentUrl\":\"https:\/\/portaltela.pt\/s.01k8rhncp4jt1\/2026\/01\/unnamed-file-4886.jpg\",\"width\":796,\"height\":448,\"caption\":\"Munic\u00edpio de Vila Pouca de Aguiar continua trabalhos de limpeza de estradas e retirada de viaturas da neve\"},{\"@type\":\"BreadcrumbList\",\"@id\":\"https:\/\/portaltela.pt\/noticias\/2026\/01\/23\/vila-pouca-de-aguiar-prossegue-limpeza-de-estradas-e-remocao-de-viaturas-da-neve\/#breadcrumb\",\"itemListElement\":[{\"@type\":\"ListItem\",\"position\":1,\"name\":\"In\u00edcio\",\"item\":\"https:\/\/portaltela.pt\/\"},{\"@type\":\"ListItem\",\"position\":2,\"name\":\"Vila Pouca de Aguiar prossegue limpeza de estradas e remo\u00e7\u00e3o de viaturas da neve\"}]},{\"@type\":\"WebSite\",\"@id\":\"https:\/\/portaltela.pt\/#website\",\"url\":\"https:\/\/portaltela.pt\/\",\"name\":\"Portal Tela Portugal\",\"description\":\"\",\"potentialAction\":[{\"@type\":\"SearchAction\",\"target\":{\"@type\":\"EntryPoint\",\"urlTemplate\":\"https:\/\/portaltela.pt\/?s={search_term_string}\"},\"query-input\":{\"@type\":\"PropertyValueSpecification\",\"valueRequired\":true,\"valueName\":\"search_term_string\"}}],\"inLanguage\":\"pt-PT\"},{\"@type\":\"Person\",\"@id\":\"https:\/\/portaltela.pt\/#\/schema\/person\/c4278d4a6028830caff9ee44b42d32ed\",\"name\":\"Telinha\",\"image\":{\"@type\":\"ImageObject\",\"inLanguage\":\"pt-PT\",\"@id\":\"https:\/\/portaltela.pt\/s.01k8rhncp4jt1\/2025\/11\/talking-bot-125x125.png\",\"url\":\"https:\/\/portaltela.pt\/s.01k8rhncp4jt1\/2025\/11\/talking-bot-125x125.png\",\"contentUrl\":\"https:\/\/portaltela.pt\/s.01k8rhncp4jt1\/2025\/11\/talking-bot-125x125.png\",\"caption\":\"Telinha\"},\"sameAs\":[\"https:\/\/portaltela.pt\/\"],\"url\":\"https:\/\/portaltela.pt\/por\/367410592786\/\"}]}<\/script>\n<!-- \/ Yoast SEO plugin. -->","yoast_head_json":{"title":"Vila Pouca de Aguiar prossegue limpeza de estradas e remo\u00e7\u00e3o de viaturas da neve - Portal Tela Portugal","robots":{"index":"index","follow":"follow","max-snippet":"max-snippet:-1","max-image-preview":"max-image-preview:large","max-video-preview":"max-video-preview:-1"},"og_locale":"pt_PT","og_type":"article","og_title":"Vila Pouca de Aguiar prossegue limpeza de estradas e remo\u00e7\u00e3o de viaturas da neve - Portal Tela Portugal","og_description":"O Munic\u00edpio de Vila Pouca de Aguiar emitiu, \u00e0s 23h30, um ponto de situa\u00e7\u00e3o sobre a queda de neve no concelho. N\u00e3o foram registadas ocorr\u00eancias relevantes, excetuando a retirada de viaturas da neve e o transporte de ocupantes quando a remo\u00e7\u00e3o n\u00e3o era poss\u00edvel. Equipa no terreno continua a limpar as estradas para as manter transit\u00e1veis, apesar da intensa queda de neve. As zonas mais afetadas s\u00e3o Padrela, Alv\u00e3o e Jales, sem registo de estradas interditas. A organiza\u00e7\u00e3o mant\u00e9m a vigil\u00e2ncia sobre a evolu\u00e7\u00e3o da situa\u00e7\u00e3o.","og_url":"https:\/\/portaltela.pt\/noticias\/2026\/01\/23\/vila-pouca-de-aguiar-prossegue-limpeza-de-estradas-e-remocao-de-viaturas-da-neve\/","og_site_name":"Portal Tela Portugal","article_published_time":"2026-01-24T00:02:56+00:00","author":"Telinha","twitter_card":"summary_large_image","twitter_misc":{"Escrito por":"Telinha","Tempo estimado de leitura":"1 minuto"},"schema":{"@context":"https:\/\/schema.org","@graph":[{"@type":"Article","@id":"https:\/\/portaltela.pt\/noticias\/2026\/01\/23\/vila-pouca-de-aguiar-prossegue-limpeza-de-estradas-e-remocao-de-viaturas-da-neve\/#article","isPartOf":{"@id":"https:\/\/portaltela.pt\/noticias\/2026\/01\/23\/vila-pouca-de-aguiar-prossegue-limpeza-de-estradas-e-remocao-de-viaturas-da-neve\/"},"author":{"name":"Telinha","@id":"https:\/\/portaltela.pt\/#\/schema\/person\/c4278d4a6028830caff9ee44b42d32ed"},"headline":"Vila Pouca de Aguiar prossegue limpeza de estradas e remo\u00e7\u00e3o de viaturas da neve","datePublished":"2026-01-24T00:02:56+00:00","mainEntityOfPage":{"@id":"https:\/\/portaltela.pt\/noticias\/2026\/01\/23\/vila-pouca-de-aguiar-prossegue-limpeza-de-estradas-e-remocao-de-viaturas-da-neve\/"},"wordCount":170,"image":{"@id":"https:\/\/portaltela.pt\/noticias\/2026\/01\/23\/vila-pouca-de-aguiar-prossegue-limpeza-de-estradas-e-remocao-de-viaturas-da-neve\/#primaryimage"},"thumbnailUrl":"https:\/\/portaltela.pt\/s.01k8rhncp4jt1\/2026\/01\/unnamed-file-4886.jpg","keywords":["Alv\u00e3o","concelho","estradas","limpezas de via","Padrela","transporte"],"articleSection":["Not\u00edcias"],"inLanguage":"pt-PT"},{"@type":"WebPage","@id":"https:\/\/portaltela.pt\/noticias\/2026\/01\/23\/vila-pouca-de-aguiar-prossegue-limpeza-de-estradas-e-remocao-de-viaturas-da-neve\/","url":"https:\/\/portaltela.pt\/noticias\/2026\/01\/23\/vila-pouca-de-aguiar-prossegue-limpeza-de-estradas-e-remocao-de-viaturas-da-neve\/","name":"Vila Pouca de Aguiar prossegue limpeza de estradas e remo\u00e7\u00e3o de viaturas da neve - Portal Tela Portugal","isPartOf":{"@id":"https:\/\/portaltela.pt\/#website"},"primaryImageOfPage":{"@id":"https:\/\/portaltela.pt\/noticias\/2026\/01\/23\/vila-pouca-de-aguiar-prossegue-limpeza-de-estradas-e-remocao-de-viaturas-da-neve\/#primaryimage"},"image":{"@id":"https:\/\/portaltela.pt\/noticias\/2026\/01\/23\/vila-pouca-de-aguiar-prossegue-limpeza-de-estradas-e-remocao-de-viaturas-da-neve\/#primaryimage"},"thumbnailUrl":"https:\/\/portaltela.pt\/s.01k8rhncp4jt1\/2026\/01\/unnamed-file-4886.jpg","datePublished":"2026-01-24T00:02:56+00:00","author":{"@id":"https:\/\/portaltela.pt\/#\/schema\/person\/c4278d4a6028830caff9ee44b42d32ed"},"breadcrumb":{"@id":"https:\/\/portaltela.pt\/noticias\/2026\/01\/23\/vila-pouca-de-aguiar-prossegue-limpeza-de-estradas-e-remocao-de-viaturas-da-neve\/#breadcrumb"},"inLanguage":"pt-PT","potentialAction":[{"@type":"ReadAction","target":["https:\/\/portaltela.pt\/noticias\/2026\/01\/23\/vila-pouca-de-aguiar-prossegue-limpeza-de-estradas-e-remocao-de-viaturas-da-neve\/"]}]},{"@type":"ImageObject","inLanguage":"pt-PT","@id":"https:\/\/portaltela.pt\/noticias\/2026\/01\/23\/vila-pouca-de-aguiar-prossegue-limpeza-de-estradas-e-remocao-de-viaturas-da-neve\/#primaryimage","url":"https:\/\/portaltela.pt\/s.01k8rhncp4jt1\/2026\/01\/unnamed-file-4886.jpg","contentUrl":"https:\/\/portaltela.pt\/s.01k8rhncp4jt1\/2026\/01\/unnamed-file-4886.jpg","width":796,"height":448,"caption":"Munic\u00edpio de Vila Pouca de Aguiar continua trabalhos de limpeza de estradas e retirada de viaturas da neve"},{"@type":"BreadcrumbList","@id":"https:\/\/portaltela.pt\/noticias\/2026\/01\/23\/vila-pouca-de-aguiar-prossegue-limpeza-de-estradas-e-remocao-de-viaturas-da-neve\/#breadcrumb","itemListElement":[{"@type":"ListItem","position":1,"name":"In\u00edcio","item":"https:\/\/portaltela.pt\/"},{"@type":"ListItem","position":2,"name":"Vila Pouca de Aguiar prossegue limpeza de estradas e remo\u00e7\u00e3o de viaturas da neve"}]},{"@type":"WebSite","@id":"https:\/\/portaltela.pt\/#website","url":"https:\/\/portaltela.pt\/","name":"Portal Tela Portugal","description":"","potentialAction":[{"@type":"SearchAction","target":{"@type":"EntryPoint","urlTemplate":"https:\/\/portaltela.pt\/?s={search_term_string}"},"query-input":{"@type":"PropertyValueSpecification","valueRequired":true,"valueName":"search_term_string"}}],"inLanguage":"pt-PT"},{"@type":"Person","@id":"https:\/\/portaltela.pt\/#\/schema\/person\/c4278d4a6028830caff9ee44b42d32ed","name":"Telinha","image":{"@type":"ImageObject","inLanguage":"pt-PT","@id":"https:\/\/portaltela.pt\/s.01k8rhncp4jt1\/2025\/11\/talking-bot-125x125.png","url":"https:\/\/portaltela.pt\/s.01k8rhncp4jt1\/2025\/11\/talking-bot-125x125.png","contentUrl":"https:\/\/portaltela.pt\/s.01k8rhncp4jt1\/2025\/11\/talking-bot-125x125.png","caption":"Telinha"},"sameAs":["https:\/\/portaltela.pt\/"],"url":"https:\/\/portaltela.pt\/por\/367410592786\/"}]}},"_links":{"self":[{"href":"https:\/\/portaltela.pt\/api\/wp\/v2\/posts\/168795","targetHints":{"allow":["GET"]}}],"collection":[{"href":"https:\/\/portaltela.pt\/api\/wp\/v2\/posts"}],"about":[{"href":"https:\/\/portaltela.pt\/api\/wp\/v2\/types\/post"}],"author":[{"embeddable":true,"href":"https:\/\/portaltela.pt\/api\/wp\/v2\/users\/2"}],"replies":[{"embeddable":true,"href":"https:\/\/portaltela.pt\/api\/wp\/v2\/comments?post=168795"}],"version-history":[{"count":0,"href":"https:\/\/portaltela.pt\/api\/wp\/v2\/posts\/168795\/revisions"}],"wp:featuredmedia":[{"embeddable":true,"href":"https:\/\/portaltela.pt\/api\/wp\/v2\/media\/168840"}],"wp:attachment":[{"href":"https:\/\/portaltela.pt\/api\/wp\/v2\/media?parent=168795"}],"wp:term":[{"taxonomy":"category","embeddable":true,"href":"https:\/\/portaltela.pt\/api\/wp\/v2\/categories?post=168795"},{"taxonomy":"post_tag","embeddable":true,"href":"https:\/\/portaltela.pt\/api\/wp\/v2\/tags?post=168795"}],"curies":[{"name":"wp","href":"https:\/\/api.w.org\/{rel}","templated":true}]}}