{"id":168760,"date":"2026-01-23T20:45:00","date_gmt":"2026-01-23T23:45:00","guid":{"rendered":"https:\/\/portaltela.pt\/noticias\/2026\/01\/23\/lancia-volta-ao-rali-de-monte-carlo-com-o-ypsilon-hf-integrale\/"},"modified":"2026-01-23T20:45:00","modified_gmt":"2026-01-23T23:45:00","slug":"lancia-volta-ao-rali-de-monte-carlo-com-o-ypsilon-hf-integrale","status":"publish","type":"post","link":"https:\/\/portaltela.pt\/desporto\/2026\/01\/23\/lancia-volta-ao-rali-de-monte-carlo-com-o-ypsilon-hf-integrale\/","title":{"rendered":"Lancia volta ao Rali de Monte Carlo com o Ypsilon HF Integrale"},"content":{"rendered":"<p>A Lancia regressa ao WRC depois de 34 anos, escolhendo disputar a categoria WRC2 com o Ypsilon HF Integrale. A casa italiana volta ao campeonato do mundo de ralis, que abandonou em 1992, para competir pela vit\u00f3ria na segunda divis\u00e3o, o Rally 2.<\/p>\n<p>O regresso insere-se na estrat\u00e9gia da Stellantis de relan\u00e7ar a marca no mundo dos ralis com modelos de base tecnol\u00f3gica moderna, mantendo a heran\u00e7a de desempenho. O Ypsilon Rally2 HF Integrale \u00e9 o carro escolhido para a \u00e9poca de 2026, com foco em competitividade, custo de manuten\u00e7\u00e3o e fiabilidade.<\/p>\n<p>A estreia est\u00e1 marcada para o Rali de Monte Carlo, que decorre entre 22 e 25 de janeiro. O evento ter\u00e1 17 tro\u00e7os cronometrados e um total de 339,15 km. A equipa oficial da Lancia alinhar\u00e1 com Yohan Rossel e Nikolay Gryazin, experi\u00eancia \u00fatil para a prova monegasca, pela qual j\u00e1 passaram antes.<\/p>\n<h3>Regresso ao WRC2 e detalhes do Ypsilon<\/h3>\n<p>O Ypsilon Rally2 HF Integrale utiliza um motor 1.6 turbo, com cerca de 300 cv, segundo a Lancia 287 cv declarados. A caixa \u00e9 sequencial de cinco velocidades, com tra\u00e7\u00e3o integral e diferenciais mec\u00e2nicos dianteiro e traseiro. O peso n\u00e3o pode ficar abaixo de 1230 kg, cumprindo o regulamento do WRC2.<\/p>\n<p>O modelo, desenvolvido para competir com rivais como o \u0160koda Fabia Rally2, Citro\u00ebn C3 Rally2, Toyota GR Yaris Rally2, Ford Fiesta RS Rally2 e Hyundai i20 N Rally2, combina rapidez com facilidade de manuten\u00e7\u00e3o. A parceria entre Lancia e Citro\u00ebn, dentro da Stellantis, mant\u00e9m elementos partilhados entre os carros do grupo.<\/p>\n","protected":false},"excerpt":{"rendered":"<ul>\n<li>A Lancia regressa ao WRC, j\u00e1 na segunda divis\u00e3o (WRC2), no Rali de Monte Carlo de 2026.<\/li>\n<li>O modelo escolhido \u00e9 o Ypsilon Rally2 HF Integrale, preparado para competir no formato Rally 2.<\/li>\n<li>O Ypsilon vai enfrentar rivais como \u0160koda Fabia Rally2, Citro\u00ebn C3 Rally2, Toyota GR Yaris Rally2, Ford Fiesta RS Rally2 e Hyundai i20 N Rally2.<\/li>\n<li>A prova de Monte Carlo decorre entre 22 e 25 de janeiro, com 17 especiais e 339,15 quil\u00f3metros cronometrados.<\/li>\n<li>Os pilotos oficiais s\u00e3o Yohan Rossel (30 anos) e Nikolay Gryazin (26 anos), numa equipa com experi\u00eancia na prova.<\/li>\n<\/ul>\n","protected":false},"author":2,"featured_media":168762,"comment_status":"closed","ping_status":"closed","sticky":false,"template":"","format":"standard","meta":{"footnotes":""},"categories":[21],"tags":[2371,2463,152,2619,2467,3144],"class_list":["post-168760","post","type-post","status-publish","format-standard","has-post-thumbnail","hentry","category-desporto","tag-automoveis","tag-competicao-internacional","tag-desporto","tag-desportos-internacionais","tag-desportos-motorizados","tag-rally-2"],"yoast_head":"<!-- This site is optimized with the Yoast SEO plugin v27.2 - https:\/\/yoast.com\/product\/yoast-seo-wordpress\/ -->\n<title>Lancia volta ao Rali de Monte Carlo com o Ypsilon HF Integrale - Portal Tela Portugal<\/title>\n<meta name=\"robots\" content=\"index, follow, max-snippet:-1, max-image-preview:large, max-video-preview:-1\" \/>\n<meta property=\"og:locale\" content=\"pt_PT\" \/>\n<meta property=\"og:type\" content=\"article\" \/>\n<meta property=\"og:title\" content=\"Lancia volta ao Rali de Monte Carlo com o Ypsilon HF Integrale - Portal Tela Portugal\" \/>\n<meta property=\"og:description\" content=\"A Lancia regressa ao WRC, j\u00e1 na segunda divis\u00e3o (WRC2), no Rali de Monte Carlo de 2026. O modelo escolhido \u00e9 o Ypsilon Rally2 HF Integrale, preparado para competir no formato Rally 2. O Ypsilon vai enfrentar rivais como \u0160koda Fabia Rally2, Citro\u00ebn C3 Rally2, Toyota GR Yaris Rally2, Ford Fiesta RS Rally2 e Hyundai i20 N Rally2. A prova de Monte Carlo decorre entre 22 e 25 de janeiro, com 17 especiais e 339,15 quil\u00f3metros cronometrados. Os pilotos oficiais s\u00e3o Yohan Rossel (30 anos) e Nikolay Gryazin (26 anos), numa equipa com experi\u00eancia na prova.\" \/>\n<meta property=\"og:url\" content=\"https:\/\/portaltela.pt\/noticias\/2026\/01\/23\/lancia-volta-ao-rali-de-monte-carlo-com-o-ypsilon-hf-integrale\/\" \/>\n<meta property=\"og:site_name\" content=\"Portal Tela Portugal\" \/>\n<meta property=\"article:published_time\" content=\"2026-01-23T23:45:00+00:00\" \/>\n<meta name=\"author\" content=\"Telinha\" \/>\n<meta name=\"twitter:card\" content=\"summary_large_image\" \/>\n<meta name=\"twitter:label1\" content=\"Escrito por\" \/>\n\t<meta name=\"twitter:data1\" content=\"Telinha\" \/>\n\t<meta name=\"twitter:label2\" content=\"Tempo estimado de leitura\" \/>\n\t<meta name=\"twitter:data2\" content=\"1 minuto\" \/>\n<script type=\"application\/ld+json\" class=\"yoast-schema-graph\">{\"@context\":\"https:\/\/schema.org\",\"@graph\":[{\"@type\":\"Article\",\"@id\":\"https:\/\/portaltela.pt\/noticias\/2026\/01\/23\/lancia-volta-ao-rali-de-monte-carlo-com-o-ypsilon-hf-integrale\/#article\",\"isPartOf\":{\"@id\":\"https:\/\/portaltela.pt\/noticias\/2026\/01\/23\/lancia-volta-ao-rali-de-monte-carlo-com-o-ypsilon-hf-integrale\/\"},\"author\":{\"name\":\"Telinha\",\"@id\":\"https:\/\/portaltela.pt\/#\/schema\/person\/c4278d4a6028830caff9ee44b42d32ed\"},\"headline\":\"Lancia volta ao Rali de Monte Carlo com o Ypsilon HF Integrale\",\"datePublished\":\"2026-01-23T23:45:00+00:00\",\"mainEntityOfPage\":{\"@id\":\"https:\/\/portaltela.pt\/noticias\/2026\/01\/23\/lancia-volta-ao-rali-de-monte-carlo-com-o-ypsilon-hf-integrale\/\"},\"wordCount\":268,\"image\":{\"@id\":\"https:\/\/portaltela.pt\/noticias\/2026\/01\/23\/lancia-volta-ao-rali-de-monte-carlo-com-o-ypsilon-hf-integrale\/#primaryimage\"},\"thumbnailUrl\":\"https:\/\/portaltela.pt\/s.01k8rhncp4jt1\/2026\/01\/lancia-yohanrossel-01-e1769211659138.jpg\",\"keywords\":[\"Autom\u00f3veis\",\"competi\u00e7\u00e3o internacional\",\"desporto\",\"desportos internacionais\",\"Desportos Motorizados\",\"Rally 2\"],\"articleSection\":[\"Desporto\"],\"inLanguage\":\"pt-PT\"},{\"@type\":\"WebPage\",\"@id\":\"https:\/\/portaltela.pt\/noticias\/2026\/01\/23\/lancia-volta-ao-rali-de-monte-carlo-com-o-ypsilon-hf-integrale\/\",\"url\":\"https:\/\/portaltela.pt\/noticias\/2026\/01\/23\/lancia-volta-ao-rali-de-monte-carlo-com-o-ypsilon-hf-integrale\/\",\"name\":\"Lancia volta ao Rali de Monte Carlo com o Ypsilon HF Integrale - Portal Tela Portugal\",\"isPartOf\":{\"@id\":\"https:\/\/portaltela.pt\/#website\"},\"primaryImageOfPage\":{\"@id\":\"https:\/\/portaltela.pt\/noticias\/2026\/01\/23\/lancia-volta-ao-rali-de-monte-carlo-com-o-ypsilon-hf-integrale\/#primaryimage\"},\"image\":{\"@id\":\"https:\/\/portaltela.pt\/noticias\/2026\/01\/23\/lancia-volta-ao-rali-de-monte-carlo-com-o-ypsilon-hf-integrale\/#primaryimage\"},\"thumbnailUrl\":\"https:\/\/portaltela.pt\/s.01k8rhncp4jt1\/2026\/01\/lancia-yohanrossel-01-e1769211659138.jpg\",\"datePublished\":\"2026-01-23T23:45:00+00:00\",\"author\":{\"@id\":\"https:\/\/portaltela.pt\/#\/schema\/person\/c4278d4a6028830caff9ee44b42d32ed\"},\"breadcrumb\":{\"@id\":\"https:\/\/portaltela.pt\/noticias\/2026\/01\/23\/lancia-volta-ao-rali-de-monte-carlo-com-o-ypsilon-hf-integrale\/#breadcrumb\"},\"inLanguage\":\"pt-PT\",\"potentialAction\":[{\"@type\":\"ReadAction\",\"target\":[\"https:\/\/portaltela.pt\/noticias\/2026\/01\/23\/lancia-volta-ao-rali-de-monte-carlo-com-o-ypsilon-hf-integrale\/\"]}]},{\"@type\":\"ImageObject\",\"inLanguage\":\"pt-PT\",\"@id\":\"https:\/\/portaltela.pt\/noticias\/2026\/01\/23\/lancia-volta-ao-rali-de-monte-carlo-com-o-ypsilon-hf-integrale\/#primaryimage\",\"url\":\"https:\/\/portaltela.pt\/s.01k8rhncp4jt1\/2026\/01\/lancia-yohanrossel-01-e1769211659138.jpg\",\"contentUrl\":\"https:\/\/portaltela.pt\/s.01k8rhncp4jt1\/2026\/01\/lancia-yohanrossel-01-e1769211659138.jpg\",\"width\":796,\"height\":448,\"caption\":\"Photo\"},{\"@type\":\"BreadcrumbList\",\"@id\":\"https:\/\/portaltela.pt\/noticias\/2026\/01\/23\/lancia-volta-ao-rali-de-monte-carlo-com-o-ypsilon-hf-integrale\/#breadcrumb\",\"itemListElement\":[{\"@type\":\"ListItem\",\"position\":1,\"name\":\"In\u00edcio\",\"item\":\"https:\/\/portaltela.pt\/\"},{\"@type\":\"ListItem\",\"position\":2,\"name\":\"Lancia volta ao Rali de Monte Carlo com o Ypsilon HF Integrale\"}]},{\"@type\":\"WebSite\",\"@id\":\"https:\/\/portaltela.pt\/#website\",\"url\":\"https:\/\/portaltela.pt\/\",\"name\":\"Portal Tela Portugal\",\"description\":\"\",\"potentialAction\":[{\"@type\":\"SearchAction\",\"target\":{\"@type\":\"EntryPoint\",\"urlTemplate\":\"https:\/\/portaltela.pt\/?s={search_term_string}\"},\"query-input\":{\"@type\":\"PropertyValueSpecification\",\"valueRequired\":true,\"valueName\":\"search_term_string\"}}],\"inLanguage\":\"pt-PT\"},{\"@type\":\"Person\",\"@id\":\"https:\/\/portaltela.pt\/#\/schema\/person\/c4278d4a6028830caff9ee44b42d32ed\",\"name\":\"Telinha\",\"image\":{\"@type\":\"ImageObject\",\"inLanguage\":\"pt-PT\",\"@id\":\"https:\/\/portaltela.pt\/s.01k8rhncp4jt1\/2025\/11\/talking-bot-125x125.png\",\"url\":\"https:\/\/portaltela.pt\/s.01k8rhncp4jt1\/2025\/11\/talking-bot-125x125.png\",\"contentUrl\":\"https:\/\/portaltela.pt\/s.01k8rhncp4jt1\/2025\/11\/talking-bot-125x125.png\",\"caption\":\"Telinha\"},\"sameAs\":[\"https:\/\/portaltela.pt\/\"],\"url\":\"https:\/\/portaltela.pt\/por\/367410592786\/\"}]}<\/script>\n<!-- \/ Yoast SEO plugin. -->","yoast_head_json":{"title":"Lancia volta ao Rali de Monte Carlo com o Ypsilon HF Integrale - Portal Tela Portugal","robots":{"index":"index","follow":"follow","max-snippet":"max-snippet:-1","max-image-preview":"max-image-preview:large","max-video-preview":"max-video-preview:-1"},"og_locale":"pt_PT","og_type":"article","og_title":"Lancia volta ao Rali de Monte Carlo com o Ypsilon HF Integrale - Portal Tela Portugal","og_description":"A Lancia regressa ao WRC, j\u00e1 na segunda divis\u00e3o (WRC2), no Rali de Monte Carlo de 2026. O modelo escolhido \u00e9 o Ypsilon Rally2 HF Integrale, preparado para competir no formato Rally 2. O Ypsilon vai enfrentar rivais como \u0160koda Fabia Rally2, Citro\u00ebn C3 Rally2, Toyota GR Yaris Rally2, Ford Fiesta RS Rally2 e Hyundai i20 N Rally2. A prova de Monte Carlo decorre entre 22 e 25 de janeiro, com 17 especiais e 339,15 quil\u00f3metros cronometrados. Os pilotos oficiais s\u00e3o Yohan Rossel (30 anos) e Nikolay Gryazin (26 anos), numa equipa com experi\u00eancia na prova.","og_url":"https:\/\/portaltela.pt\/noticias\/2026\/01\/23\/lancia-volta-ao-rali-de-monte-carlo-com-o-ypsilon-hf-integrale\/","og_site_name":"Portal Tela Portugal","article_published_time":"2026-01-23T23:45:00+00:00","author":"Telinha","twitter_card":"summary_large_image","twitter_misc":{"Escrito por":"Telinha","Tempo estimado de leitura":"1 minuto"},"schema":{"@context":"https:\/\/schema.org","@graph":[{"@type":"Article","@id":"https:\/\/portaltela.pt\/noticias\/2026\/01\/23\/lancia-volta-ao-rali-de-monte-carlo-com-o-ypsilon-hf-integrale\/#article","isPartOf":{"@id":"https:\/\/portaltela.pt\/noticias\/2026\/01\/23\/lancia-volta-ao-rali-de-monte-carlo-com-o-ypsilon-hf-integrale\/"},"author":{"name":"Telinha","@id":"https:\/\/portaltela.pt\/#\/schema\/person\/c4278d4a6028830caff9ee44b42d32ed"},"headline":"Lancia volta ao Rali de Monte Carlo com o Ypsilon HF Integrale","datePublished":"2026-01-23T23:45:00+00:00","mainEntityOfPage":{"@id":"https:\/\/portaltela.pt\/noticias\/2026\/01\/23\/lancia-volta-ao-rali-de-monte-carlo-com-o-ypsilon-hf-integrale\/"},"wordCount":268,"image":{"@id":"https:\/\/portaltela.pt\/noticias\/2026\/01\/23\/lancia-volta-ao-rali-de-monte-carlo-com-o-ypsilon-hf-integrale\/#primaryimage"},"thumbnailUrl":"https:\/\/portaltela.pt\/s.01k8rhncp4jt1\/2026\/01\/lancia-yohanrossel-01-e1769211659138.jpg","keywords":["Autom\u00f3veis","competi\u00e7\u00e3o internacional","desporto","desportos internacionais","Desportos Motorizados","Rally 2"],"articleSection":["Desporto"],"inLanguage":"pt-PT"},{"@type":"WebPage","@id":"https:\/\/portaltela.pt\/noticias\/2026\/01\/23\/lancia-volta-ao-rali-de-monte-carlo-com-o-ypsilon-hf-integrale\/","url":"https:\/\/portaltela.pt\/noticias\/2026\/01\/23\/lancia-volta-ao-rali-de-monte-carlo-com-o-ypsilon-hf-integrale\/","name":"Lancia volta ao Rali de Monte Carlo com o Ypsilon HF Integrale - Portal Tela Portugal","isPartOf":{"@id":"https:\/\/portaltela.pt\/#website"},"primaryImageOfPage":{"@id":"https:\/\/portaltela.pt\/noticias\/2026\/01\/23\/lancia-volta-ao-rali-de-monte-carlo-com-o-ypsilon-hf-integrale\/#primaryimage"},"image":{"@id":"https:\/\/portaltela.pt\/noticias\/2026\/01\/23\/lancia-volta-ao-rali-de-monte-carlo-com-o-ypsilon-hf-integrale\/#primaryimage"},"thumbnailUrl":"https:\/\/portaltela.pt\/s.01k8rhncp4jt1\/2026\/01\/lancia-yohanrossel-01-e1769211659138.jpg","datePublished":"2026-01-23T23:45:00+00:00","author":{"@id":"https:\/\/portaltela.pt\/#\/schema\/person\/c4278d4a6028830caff9ee44b42d32ed"},"breadcrumb":{"@id":"https:\/\/portaltela.pt\/noticias\/2026\/01\/23\/lancia-volta-ao-rali-de-monte-carlo-com-o-ypsilon-hf-integrale\/#breadcrumb"},"inLanguage":"pt-PT","potentialAction":[{"@type":"ReadAction","target":["https:\/\/portaltela.pt\/noticias\/2026\/01\/23\/lancia-volta-ao-rali-de-monte-carlo-com-o-ypsilon-hf-integrale\/"]}]},{"@type":"ImageObject","inLanguage":"pt-PT","@id":"https:\/\/portaltela.pt\/noticias\/2026\/01\/23\/lancia-volta-ao-rali-de-monte-carlo-com-o-ypsilon-hf-integrale\/#primaryimage","url":"https:\/\/portaltela.pt\/s.01k8rhncp4jt1\/2026\/01\/lancia-yohanrossel-01-e1769211659138.jpg","contentUrl":"https:\/\/portaltela.pt\/s.01k8rhncp4jt1\/2026\/01\/lancia-yohanrossel-01-e1769211659138.jpg","width":796,"height":448,"caption":"Photo"},{"@type":"BreadcrumbList","@id":"https:\/\/portaltela.pt\/noticias\/2026\/01\/23\/lancia-volta-ao-rali-de-monte-carlo-com-o-ypsilon-hf-integrale\/#breadcrumb","itemListElement":[{"@type":"ListItem","position":1,"name":"In\u00edcio","item":"https:\/\/portaltela.pt\/"},{"@type":"ListItem","position":2,"name":"Lancia volta ao Rali de Monte Carlo com o Ypsilon HF Integrale"}]},{"@type":"WebSite","@id":"https:\/\/portaltela.pt\/#website","url":"https:\/\/portaltela.pt\/","name":"Portal Tela Portugal","description":"","potentialAction":[{"@type":"SearchAction","target":{"@type":"EntryPoint","urlTemplate":"https:\/\/portaltela.pt\/?s={search_term_string}"},"query-input":{"@type":"PropertyValueSpecification","valueRequired":true,"valueName":"search_term_string"}}],"inLanguage":"pt-PT"},{"@type":"Person","@id":"https:\/\/portaltela.pt\/#\/schema\/person\/c4278d4a6028830caff9ee44b42d32ed","name":"Telinha","image":{"@type":"ImageObject","inLanguage":"pt-PT","@id":"https:\/\/portaltela.pt\/s.01k8rhncp4jt1\/2025\/11\/talking-bot-125x125.png","url":"https:\/\/portaltela.pt\/s.01k8rhncp4jt1\/2025\/11\/talking-bot-125x125.png","contentUrl":"https:\/\/portaltela.pt\/s.01k8rhncp4jt1\/2025\/11\/talking-bot-125x125.png","caption":"Telinha"},"sameAs":["https:\/\/portaltela.pt\/"],"url":"https:\/\/portaltela.pt\/por\/367410592786\/"}]}},"_links":{"self":[{"href":"https:\/\/portaltela.pt\/api\/wp\/v2\/posts\/168760","targetHints":{"allow":["GET"]}}],"collection":[{"href":"https:\/\/portaltela.pt\/api\/wp\/v2\/posts"}],"about":[{"href":"https:\/\/portaltela.pt\/api\/wp\/v2\/types\/post"}],"author":[{"embeddable":true,"href":"https:\/\/portaltela.pt\/api\/wp\/v2\/users\/2"}],"replies":[{"embeddable":true,"href":"https:\/\/portaltela.pt\/api\/wp\/v2\/comments?post=168760"}],"version-history":[{"count":0,"href":"https:\/\/portaltela.pt\/api\/wp\/v2\/posts\/168760\/revisions"}],"wp:featuredmedia":[{"embeddable":true,"href":"https:\/\/portaltela.pt\/api\/wp\/v2\/media\/168762"}],"wp:attachment":[{"href":"https:\/\/portaltela.pt\/api\/wp\/v2\/media?parent=168760"}],"wp:term":[{"taxonomy":"category","embeddable":true,"href":"https:\/\/portaltela.pt\/api\/wp\/v2\/categories?post=168760"},{"taxonomy":"post_tag","embeddable":true,"href":"https:\/\/portaltela.pt\/api\/wp\/v2\/tags?post=168760"}],"curies":[{"name":"wp","href":"https:\/\/api.w.org\/{rel}","templated":true}]}}