{"id":168752,"date":"2026-01-23T20:30:00","date_gmt":"2026-01-23T23:30:00","guid":{"rendered":"https:\/\/portaltela.pt\/noticias\/2026\/01\/23\/cotrim-cria-movimento-civico-politico-apos-900-mil-votos\/"},"modified":"2026-01-23T20:30:00","modified_gmt":"2026-01-23T23:30:00","slug":"cotrim-cria-movimento-civico-politico-apos-900-mil-votos","status":"publish","type":"post","link":"https:\/\/portaltela.pt\/noticias\/politica\/2026\/01\/23\/cotrim-cria-movimento-civico-politico-apos-900-mil-votos\/","title":{"rendered":"Cotrim cria movimento c\u00edvico-pol\u00edtico ap\u00f3s 900 mil votos"},"content":{"rendered":"<p>Jo\u00e3o Cotrim Figueiredo revelou, \u00e0 SIC Not\u00edcias, a cria\u00e7\u00e3o de um movimento c\u00edvico-pol\u00edtico chamado Movimento 2031, cinco dias depois de quase triplicar o resultado da Iniciativa Liberal numa candidatura presidencial em seu nome. O site do movimento ficou indispon\u00edvel por excesso de inscri\u00e7\u00f5es, segundo o pr\u00f3prio Instagram do liberal.<\/p>\n<p>O movimento define-se como apartid\u00e1rio, mas n\u00e3o apol\u00edtico, e esclarece que n\u00e3o \u00e9 um partido pol\u00edtico. Cotrim Figueiredo pretende que o projeto aumente a for\u00e7a da Iniciativa Liberal, mas admite ficar satisfeito se fortalecer pessoas que queiram fazer pol\u00edtica de forma positiva, em qualquer partido.<\/p>\n<p>Para o l\u00edder, qualquer Governo e partido \u00e9 sens\u00edvel \u00e0 opini\u00e3o p\u00fablica, pelo que o movimento pode influenciar os partidos ao influenciar a discuss\u00e3o p\u00fablica. O objetivo \u00e9 reunir pessoas dispostas a participar na vida pol\u00edtica, com participa\u00e7\u00e3o em diferentes formas de partido, para influenciar decis\u00f5es.<\/p>\n<p>Cotrim afirma que as mais de 900 mil pessoas que votaram nele n\u00e3o devem ficar sem um local onde mantenham energia e participa\u00e7\u00e3o. O movimento pretende manter comunidades online e offline ativas e preencher o capital eleitoral com atividade c\u00edvica constante, por meio de eventos e debates.<\/p>\n<p>O liberal deixa claro que n\u00e3o v\u00ea espa\u00e7o para um novo partido no contexto atual, mas ressalta que a candidatura dele contribuiu para conter o crescimento de extremos na pol\u00edtica nacional. Sobre o voto em elei\u00e7\u00f5es futuras, n\u00e3o descarta a decis\u00e3o, mas n\u00e3o vincula apoio a ningu\u00e9m espec\u00edfico.<\/p>\n<p>Na entrevista, Cotrim diz que n\u00e3o vai votar no presidente do Chega e evita endossar votos. Afirmou que a segunda volta seria p\u00e9ssima para o pa\u00eds, entre propostas de paralisar Portugal ou de retrocesso. Evita ainda confirmar se votar\u00e1 em branco ou em Ant\u00f3nio Jos\u00e9 Seguro.<\/p>\n<h3>Movimenta\u00e7\u00e3o e impacto<\/h3>\n<p>O Movimento 2031 pretende servir de ponte entre o eleitorado que o apoiou e a pr\u00e1tica pol\u00edtica, atrav\u00e9s de a\u00e7\u00f5es cont\u00ednuas e condicionadas ao escrut\u00ednio p\u00fablico. A ideia \u00e9 manter press\u00e3o c\u00edvica sem conformar-se com estruturas partid\u00e1rias fechadas.<\/p>\n","protected":false},"excerpt":{"rendered":"<ul>\n<li>Jo\u00e3o Cotrim Figueiredo criou o Movimento 2031, um movimento c\u00edvico-pol\u00edtico, cinco dias ap\u00f3s quase triplicar o resultado da Iniciativa Liberal numa candidatura presidencial; o site do movimento ficou indispon\u00edvel por excesso de inscri\u00e7\u00f5es.<\/li>\n<li>O movimento \u00e9 apartid\u00e1rio, mas n\u00e3o apol\u00edtico, e n\u00e3o \u00e9 um partido pol\u00edtico; pretende, se poss\u00edvel, aumentar o peso da Iniciativa Liberal e poder\u00e1 abrir espa\u00e7o a pessoas que queiram fazer pol\u00edtica de forma positiva, mesmo que cada um mantenha o seu partido.<\/li>\n<li>O objetivo \u00e9 manter a energia dos mais de 900 mil votos, influenciar a opini\u00e3o p\u00fablica e condicionar o debate p\u00fablico, atrav\u00e9s de eventos e de comunidades online e offline, para n\u00e3o desperdi\u00e7ar o capital pol\u00edtico das presidenciais.<\/li>\n<li>Cotrim Figueiredo entende que n\u00e3o h\u00e1 espa\u00e7o para um novo partido no atual contexto pol\u00edtico, mas acredita que a candidatura dele j\u00e1 ajudou a diminuir a for\u00e7a de extremos.<\/li>\n<li>Sobre a segunda volta, o pol\u00edtico n\u00e3o vai votar certamente em Andr\u00e9 Ventura, defendendo a liberdade de escolher; n\u00e3o revela se vota em branco ou em Ant\u00f3nio Jos\u00e9 Seguro.<\/li>\n<\/ul>\n","protected":false},"author":2,"featured_media":168753,"comment_status":"closed","ping_status":"closed","sticky":false,"template":"","format":"standard","meta":{"footnotes":""},"categories":[1,5],"tags":[2903,2795,68,1482,1249,2832],"class_list":["post-168752","post","type-post","status-publish","format-standard","has-post-thumbnail","hentry","category-noticias","category-politica","tag-cotrim","tag-democracia","tag-eleicoes","tag-iniciativa-liberal","tag-participacao","tag-politica"],"yoast_head":"<!-- This site is optimized with the Yoast SEO plugin v27.2 - https:\/\/yoast.com\/product\/yoast-seo-wordpress\/ -->\n<title>Cotrim cria movimento c\u00edvico-pol\u00edtico ap\u00f3s 900 mil votos - Portal Tela Portugal<\/title>\n<meta name=\"robots\" content=\"index, follow, max-snippet:-1, max-image-preview:large, max-video-preview:-1\" \/>\n<meta property=\"og:locale\" content=\"pt_PT\" \/>\n<meta property=\"og:type\" content=\"article\" \/>\n<meta property=\"og:title\" content=\"Cotrim cria movimento c\u00edvico-pol\u00edtico ap\u00f3s 900 mil votos - Portal Tela Portugal\" \/>\n<meta property=\"og:description\" content=\"Jo\u00e3o Cotrim Figueiredo criou o Movimento 2031, um movimento c\u00edvico-pol\u00edtico, cinco dias ap\u00f3s quase triplicar o resultado da Iniciativa Liberal numa candidatura presidencial; o site do movimento ficou indispon\u00edvel por excesso de inscri\u00e7\u00f5es. O movimento \u00e9 apartid\u00e1rio, mas n\u00e3o apol\u00edtico, e n\u00e3o \u00e9 um partido pol\u00edtico; pretende, se poss\u00edvel, aumentar o peso da Iniciativa Liberal e poder\u00e1 abrir espa\u00e7o a pessoas que queiram fazer pol\u00edtica de forma positiva, mesmo que cada um mantenha o seu partido. O objetivo \u00e9 manter a energia dos mais de 900 mil votos, influenciar a opini\u00e3o p\u00fablica e condicionar o debate p\u00fablico, atrav\u00e9s de eventos e de comunidades online e offline, para n\u00e3o desperdi\u00e7ar o capital pol\u00edtico das presidenciais. Cotrim Figueiredo entende que n\u00e3o h\u00e1 espa\u00e7o para um novo partido no atual contexto pol\u00edtico, mas acredita que a candidatura dele j\u00e1 ajudou a diminuir a for\u00e7a de extremos. Sobre a segunda volta, o pol\u00edtico n\u00e3o vai votar certamente em Andr\u00e9 Ventura, defendendo a liberdade de escolher; n\u00e3o revela se vota em branco ou em Ant\u00f3nio Jos\u00e9 Seguro.\" \/>\n<meta property=\"og:url\" content=\"https:\/\/portaltela.pt\/noticias\/2026\/01\/23\/cotrim-cria-movimento-civico-politico-apos-900-mil-votos\/\" \/>\n<meta property=\"og:site_name\" content=\"Portal Tela Portugal\" \/>\n<meta property=\"article:published_time\" content=\"2026-01-23T23:30:00+00:00\" \/>\n<meta name=\"author\" content=\"Telinha\" \/>\n<meta name=\"twitter:card\" content=\"summary_large_image\" \/>\n<meta name=\"twitter:label1\" content=\"Escrito por\" \/>\n\t<meta name=\"twitter:data1\" content=\"Telinha\" \/>\n\t<meta name=\"twitter:label2\" content=\"Tempo estimado de leitura\" \/>\n\t<meta name=\"twitter:data2\" content=\"2 minutos\" \/>\n<script type=\"application\/ld+json\" class=\"yoast-schema-graph\">{\"@context\":\"https:\/\/schema.org\",\"@graph\":[{\"@type\":\"Article\",\"@id\":\"https:\/\/portaltela.pt\/noticias\/2026\/01\/23\/cotrim-cria-movimento-civico-politico-apos-900-mil-votos\/#article\",\"isPartOf\":{\"@id\":\"https:\/\/portaltela.pt\/noticias\/2026\/01\/23\/cotrim-cria-movimento-civico-politico-apos-900-mil-votos\/\"},\"author\":{\"name\":\"Telinha\",\"@id\":\"https:\/\/portaltela.pt\/#\/schema\/person\/c4278d4a6028830caff9ee44b42d32ed\"},\"headline\":\"Cotrim cria movimento c\u00edvico-pol\u00edtico ap\u00f3s 900 mil votos\",\"datePublished\":\"2026-01-23T23:30:00+00:00\",\"mainEntityOfPage\":{\"@id\":\"https:\/\/portaltela.pt\/noticias\/2026\/01\/23\/cotrim-cria-movimento-civico-politico-apos-900-mil-votos\/\"},\"wordCount\":374,\"image\":{\"@id\":\"https:\/\/portaltela.pt\/noticias\/2026\/01\/23\/cotrim-cria-movimento-civico-politico-apos-900-mil-votos\/#primaryimage\"},\"thumbnailUrl\":\"https:\/\/portaltela.pt\/s.01k8rhncp4jt1\/2026\/01\/237a1928.jpg\",\"keywords\":[\"Cotrim\",\"democracia\",\"elei\u00e7\u00f5es\",\"Iniciativa Liberal\",\"participa\u00e7\u00e3o\",\"pol\u00edtica\"],\"articleSection\":[\"Not\u00edcias\",\"Pol\u00edtica\"],\"inLanguage\":\"pt-PT\"},{\"@type\":\"WebPage\",\"@id\":\"https:\/\/portaltela.pt\/noticias\/2026\/01\/23\/cotrim-cria-movimento-civico-politico-apos-900-mil-votos\/\",\"url\":\"https:\/\/portaltela.pt\/noticias\/2026\/01\/23\/cotrim-cria-movimento-civico-politico-apos-900-mil-votos\/\",\"name\":\"Cotrim cria movimento c\u00edvico-pol\u00edtico ap\u00f3s 900 mil votos - Portal Tela Portugal\",\"isPartOf\":{\"@id\":\"https:\/\/portaltela.pt\/#website\"},\"primaryImageOfPage\":{\"@id\":\"https:\/\/portaltela.pt\/noticias\/2026\/01\/23\/cotrim-cria-movimento-civico-politico-apos-900-mil-votos\/#primaryimage\"},\"image\":{\"@id\":\"https:\/\/portaltela.pt\/noticias\/2026\/01\/23\/cotrim-cria-movimento-civico-politico-apos-900-mil-votos\/#primaryimage\"},\"thumbnailUrl\":\"https:\/\/portaltela.pt\/s.01k8rhncp4jt1\/2026\/01\/237a1928.jpg\",\"datePublished\":\"2026-01-23T23:30:00+00:00\",\"author\":{\"@id\":\"https:\/\/portaltela.pt\/#\/schema\/person\/c4278d4a6028830caff9ee44b42d32ed\"},\"breadcrumb\":{\"@id\":\"https:\/\/portaltela.pt\/noticias\/2026\/01\/23\/cotrim-cria-movimento-civico-politico-apos-900-mil-votos\/#breadcrumb\"},\"inLanguage\":\"pt-PT\",\"potentialAction\":[{\"@type\":\"ReadAction\",\"target\":[\"https:\/\/portaltela.pt\/noticias\/2026\/01\/23\/cotrim-cria-movimento-civico-politico-apos-900-mil-votos\/\"]}]},{\"@type\":\"ImageObject\",\"inLanguage\":\"pt-PT\",\"@id\":\"https:\/\/portaltela.pt\/noticias\/2026\/01\/23\/cotrim-cria-movimento-civico-politico-apos-900-mil-votos\/#primaryimage\",\"url\":\"https:\/\/portaltela.pt\/s.01k8rhncp4jt1\/2026\/01\/237a1928.jpg\",\"contentUrl\":\"https:\/\/portaltela.pt\/s.01k8rhncp4jt1\/2026\/01\/237a1928.jpg\",\"width\":796,\"height\":448,\"caption\":\"Photo\"},{\"@type\":\"BreadcrumbList\",\"@id\":\"https:\/\/portaltela.pt\/noticias\/2026\/01\/23\/cotrim-cria-movimento-civico-politico-apos-900-mil-votos\/#breadcrumb\",\"itemListElement\":[{\"@type\":\"ListItem\",\"position\":1,\"name\":\"In\u00edcio\",\"item\":\"https:\/\/portaltela.pt\/\"},{\"@type\":\"ListItem\",\"position\":2,\"name\":\"Cotrim cria movimento c\u00edvico-pol\u00edtico ap\u00f3s 900 mil votos\"}]},{\"@type\":\"WebSite\",\"@id\":\"https:\/\/portaltela.pt\/#website\",\"url\":\"https:\/\/portaltela.pt\/\",\"name\":\"Portal Tela Portugal\",\"description\":\"\",\"potentialAction\":[{\"@type\":\"SearchAction\",\"target\":{\"@type\":\"EntryPoint\",\"urlTemplate\":\"https:\/\/portaltela.pt\/?s={search_term_string}\"},\"query-input\":{\"@type\":\"PropertyValueSpecification\",\"valueRequired\":true,\"valueName\":\"search_term_string\"}}],\"inLanguage\":\"pt-PT\"},{\"@type\":\"Person\",\"@id\":\"https:\/\/portaltela.pt\/#\/schema\/person\/c4278d4a6028830caff9ee44b42d32ed\",\"name\":\"Telinha\",\"image\":{\"@type\":\"ImageObject\",\"inLanguage\":\"pt-PT\",\"@id\":\"https:\/\/portaltela.pt\/s.01k8rhncp4jt1\/2025\/11\/talking-bot-125x125.png\",\"url\":\"https:\/\/portaltela.pt\/s.01k8rhncp4jt1\/2025\/11\/talking-bot-125x125.png\",\"contentUrl\":\"https:\/\/portaltela.pt\/s.01k8rhncp4jt1\/2025\/11\/talking-bot-125x125.png\",\"caption\":\"Telinha\"},\"sameAs\":[\"https:\/\/portaltela.pt\/\"],\"url\":\"https:\/\/portaltela.pt\/por\/367410592786\/\"}]}<\/script>\n<!-- \/ Yoast SEO plugin. -->","yoast_head_json":{"title":"Cotrim cria movimento c\u00edvico-pol\u00edtico ap\u00f3s 900 mil votos - Portal Tela Portugal","robots":{"index":"index","follow":"follow","max-snippet":"max-snippet:-1","max-image-preview":"max-image-preview:large","max-video-preview":"max-video-preview:-1"},"og_locale":"pt_PT","og_type":"article","og_title":"Cotrim cria movimento c\u00edvico-pol\u00edtico ap\u00f3s 900 mil votos - Portal Tela Portugal","og_description":"Jo\u00e3o Cotrim Figueiredo criou o Movimento 2031, um movimento c\u00edvico-pol\u00edtico, cinco dias ap\u00f3s quase triplicar o resultado da Iniciativa Liberal numa candidatura presidencial; o site do movimento ficou indispon\u00edvel por excesso de inscri\u00e7\u00f5es. O movimento \u00e9 apartid\u00e1rio, mas n\u00e3o apol\u00edtico, e n\u00e3o \u00e9 um partido pol\u00edtico; pretende, se poss\u00edvel, aumentar o peso da Iniciativa Liberal e poder\u00e1 abrir espa\u00e7o a pessoas que queiram fazer pol\u00edtica de forma positiva, mesmo que cada um mantenha o seu partido. O objetivo \u00e9 manter a energia dos mais de 900 mil votos, influenciar a opini\u00e3o p\u00fablica e condicionar o debate p\u00fablico, atrav\u00e9s de eventos e de comunidades online e offline, para n\u00e3o desperdi\u00e7ar o capital pol\u00edtico das presidenciais. Cotrim Figueiredo entende que n\u00e3o h\u00e1 espa\u00e7o para um novo partido no atual contexto pol\u00edtico, mas acredita que a candidatura dele j\u00e1 ajudou a diminuir a for\u00e7a de extremos. Sobre a segunda volta, o pol\u00edtico n\u00e3o vai votar certamente em Andr\u00e9 Ventura, defendendo a liberdade de escolher; n\u00e3o revela se vota em branco ou em Ant\u00f3nio Jos\u00e9 Seguro.","og_url":"https:\/\/portaltela.pt\/noticias\/2026\/01\/23\/cotrim-cria-movimento-civico-politico-apos-900-mil-votos\/","og_site_name":"Portal Tela Portugal","article_published_time":"2026-01-23T23:30:00+00:00","author":"Telinha","twitter_card":"summary_large_image","twitter_misc":{"Escrito por":"Telinha","Tempo estimado de leitura":"2 minutos"},"schema":{"@context":"https:\/\/schema.org","@graph":[{"@type":"Article","@id":"https:\/\/portaltela.pt\/noticias\/2026\/01\/23\/cotrim-cria-movimento-civico-politico-apos-900-mil-votos\/#article","isPartOf":{"@id":"https:\/\/portaltela.pt\/noticias\/2026\/01\/23\/cotrim-cria-movimento-civico-politico-apos-900-mil-votos\/"},"author":{"name":"Telinha","@id":"https:\/\/portaltela.pt\/#\/schema\/person\/c4278d4a6028830caff9ee44b42d32ed"},"headline":"Cotrim cria movimento c\u00edvico-pol\u00edtico ap\u00f3s 900 mil votos","datePublished":"2026-01-23T23:30:00+00:00","mainEntityOfPage":{"@id":"https:\/\/portaltela.pt\/noticias\/2026\/01\/23\/cotrim-cria-movimento-civico-politico-apos-900-mil-votos\/"},"wordCount":374,"image":{"@id":"https:\/\/portaltela.pt\/noticias\/2026\/01\/23\/cotrim-cria-movimento-civico-politico-apos-900-mil-votos\/#primaryimage"},"thumbnailUrl":"https:\/\/portaltela.pt\/s.01k8rhncp4jt1\/2026\/01\/237a1928.jpg","keywords":["Cotrim","democracia","elei\u00e7\u00f5es","Iniciativa Liberal","participa\u00e7\u00e3o","pol\u00edtica"],"articleSection":["Not\u00edcias","Pol\u00edtica"],"inLanguage":"pt-PT"},{"@type":"WebPage","@id":"https:\/\/portaltela.pt\/noticias\/2026\/01\/23\/cotrim-cria-movimento-civico-politico-apos-900-mil-votos\/","url":"https:\/\/portaltela.pt\/noticias\/2026\/01\/23\/cotrim-cria-movimento-civico-politico-apos-900-mil-votos\/","name":"Cotrim cria movimento c\u00edvico-pol\u00edtico ap\u00f3s 900 mil votos - Portal Tela Portugal","isPartOf":{"@id":"https:\/\/portaltela.pt\/#website"},"primaryImageOfPage":{"@id":"https:\/\/portaltela.pt\/noticias\/2026\/01\/23\/cotrim-cria-movimento-civico-politico-apos-900-mil-votos\/#primaryimage"},"image":{"@id":"https:\/\/portaltela.pt\/noticias\/2026\/01\/23\/cotrim-cria-movimento-civico-politico-apos-900-mil-votos\/#primaryimage"},"thumbnailUrl":"https:\/\/portaltela.pt\/s.01k8rhncp4jt1\/2026\/01\/237a1928.jpg","datePublished":"2026-01-23T23:30:00+00:00","author":{"@id":"https:\/\/portaltela.pt\/#\/schema\/person\/c4278d4a6028830caff9ee44b42d32ed"},"breadcrumb":{"@id":"https:\/\/portaltela.pt\/noticias\/2026\/01\/23\/cotrim-cria-movimento-civico-politico-apos-900-mil-votos\/#breadcrumb"},"inLanguage":"pt-PT","potentialAction":[{"@type":"ReadAction","target":["https:\/\/portaltela.pt\/noticias\/2026\/01\/23\/cotrim-cria-movimento-civico-politico-apos-900-mil-votos\/"]}]},{"@type":"ImageObject","inLanguage":"pt-PT","@id":"https:\/\/portaltela.pt\/noticias\/2026\/01\/23\/cotrim-cria-movimento-civico-politico-apos-900-mil-votos\/#primaryimage","url":"https:\/\/portaltela.pt\/s.01k8rhncp4jt1\/2026\/01\/237a1928.jpg","contentUrl":"https:\/\/portaltela.pt\/s.01k8rhncp4jt1\/2026\/01\/237a1928.jpg","width":796,"height":448,"caption":"Photo"},{"@type":"BreadcrumbList","@id":"https:\/\/portaltela.pt\/noticias\/2026\/01\/23\/cotrim-cria-movimento-civico-politico-apos-900-mil-votos\/#breadcrumb","itemListElement":[{"@type":"ListItem","position":1,"name":"In\u00edcio","item":"https:\/\/portaltela.pt\/"},{"@type":"ListItem","position":2,"name":"Cotrim cria movimento c\u00edvico-pol\u00edtico ap\u00f3s 900 mil votos"}]},{"@type":"WebSite","@id":"https:\/\/portaltela.pt\/#website","url":"https:\/\/portaltela.pt\/","name":"Portal Tela Portugal","description":"","potentialAction":[{"@type":"SearchAction","target":{"@type":"EntryPoint","urlTemplate":"https:\/\/portaltela.pt\/?s={search_term_string}"},"query-input":{"@type":"PropertyValueSpecification","valueRequired":true,"valueName":"search_term_string"}}],"inLanguage":"pt-PT"},{"@type":"Person","@id":"https:\/\/portaltela.pt\/#\/schema\/person\/c4278d4a6028830caff9ee44b42d32ed","name":"Telinha","image":{"@type":"ImageObject","inLanguage":"pt-PT","@id":"https:\/\/portaltela.pt\/s.01k8rhncp4jt1\/2025\/11\/talking-bot-125x125.png","url":"https:\/\/portaltela.pt\/s.01k8rhncp4jt1\/2025\/11\/talking-bot-125x125.png","contentUrl":"https:\/\/portaltela.pt\/s.01k8rhncp4jt1\/2025\/11\/talking-bot-125x125.png","caption":"Telinha"},"sameAs":["https:\/\/portaltela.pt\/"],"url":"https:\/\/portaltela.pt\/por\/367410592786\/"}]}},"_links":{"self":[{"href":"https:\/\/portaltela.pt\/api\/wp\/v2\/posts\/168752","targetHints":{"allow":["GET"]}}],"collection":[{"href":"https:\/\/portaltela.pt\/api\/wp\/v2\/posts"}],"about":[{"href":"https:\/\/portaltela.pt\/api\/wp\/v2\/types\/post"}],"author":[{"embeddable":true,"href":"https:\/\/portaltela.pt\/api\/wp\/v2\/users\/2"}],"replies":[{"embeddable":true,"href":"https:\/\/portaltela.pt\/api\/wp\/v2\/comments?post=168752"}],"version-history":[{"count":0,"href":"https:\/\/portaltela.pt\/api\/wp\/v2\/posts\/168752\/revisions"}],"wp:featuredmedia":[{"embeddable":true,"href":"https:\/\/portaltela.pt\/api\/wp\/v2\/media\/168753"}],"wp:attachment":[{"href":"https:\/\/portaltela.pt\/api\/wp\/v2\/media?parent=168752"}],"wp:term":[{"taxonomy":"category","embeddable":true,"href":"https:\/\/portaltela.pt\/api\/wp\/v2\/categories?post=168752"},{"taxonomy":"post_tag","embeddable":true,"href":"https:\/\/portaltela.pt\/api\/wp\/v2\/tags?post=168752"}],"curies":[{"name":"wp","href":"https:\/\/api.w.org\/{rel}","templated":true}]}}