{"id":168698,"date":"2026-01-23T19:09:00","date_gmt":"2026-01-23T22:09:00","guid":{"rendered":"https:\/\/portaltela.pt\/noticias\/2026\/01\/23\/estradas-cortadas-pela-queda-de-neve-saiba-quais-estao-fechadas\/"},"modified":"2026-01-23T19:09:00","modified_gmt":"2026-01-23T22:09:00","slug":"estradas-cortadas-pela-queda-de-neve-saiba-quais-estao-fechadas","status":"publish","type":"post","link":"https:\/\/portaltela.pt\/noticias\/2026\/01\/23\/estradas-cortadas-pela-queda-de-neve-saiba-quais-estao-fechadas\/","title":{"rendered":"Estradas cortadas pela queda de neve: saiba quais est\u00e3o fechadas"},"content":{"rendered":"<p>As estradas nacionais EN 2, EN 229-1 e EN 321 ficaram abertas ao tr\u00e2nsito? N\u00e3o. Est\u00e3o cortadas devido \u00e0 queda de neve, segundo a GNR, citada pela Lusa. A interrup\u00e7\u00e3o afeta Castro Daire, Cinf\u00e3es, Lamego e Penedono no distrito de Viseu.<\/p>\n<p>A EN321, na serra de Montemuro, entre Castro Daire e Cinf\u00e3es, foi a primeira a fechar hoje de manh\u00e3. Deste meio da tarde, tamb\u00e9m encerraram-se a EN229-1 (Penedono a Antas, Sernancelhe) e a EN2 (Castro Daire a Bigorne, em Lamego).<\/p>\n<p>Segundo o major da GNR, as estradas permanecer\u00e3o encerradas durante v\u00e1rias horas devido \u00e0 neve intensa e \u00e0 dificuldade de remo\u00e7\u00e3o, com muitos quil\u00f3metros para limpar.<\/p>\n<p>Andr\u00e9 Batista sublinhou que, para al\u00e9m das vias nacionais, existem tamb\u00e9m v\u00e1rias estradas municipais cortadas nos v\u00e1rios concelhos no norte do distrito de Viseu, incluindo os munic\u00edpios onde as nacionais j\u00e1 est\u00e3o fechadas.<\/p>\n<p>De acordo com o Comando Sub-regional do Douro da ANEPC, Armamar, Tarouca, Tabua\u00e7o e Vila Nova de Paiva registam tamb\u00e9m estradas municipais cortadas ao tr\u00e2nsito.<\/p>\n","protected":false},"excerpt":{"rendered":"<ul>\n<li>A EN 321, entre Castro Daire e Cinf\u00e3es, foi a primeira a fechar\u2011se ao tr\u00e2nsito devido \u00e0 queda de neve.<\/li>\n<li>Desde o meio da tarde, tamb\u00e9m ficaram encerradas a EN 229\u20111 (Penedono a Antas, Sernancelhe) e a EN 2 (Castro Daire a Bigorne, Lamego).<\/li>\n<li>As estradas devem permanecer cortadas durante muitas horas, por causa da forte queda de neve e da dificuldade de limpeza.<\/li>\n<li>Al\u00e9m das vias nacionais, v\u00e1rias estradas municipais no norte do distrito de Viseu tamb\u00e9m est\u00e3o cortadas (Armamar, Tarouca, Tabua\u00e7o e Vila Nova de Paiva).<\/li>\n<li>Estas informa\u00e7\u00f5es s\u00e3o confirmadas pela Guarda Nacional Republicana e pela Autoridade Nacional de Emerg\u00eancia e Prote\u00e7\u00e3o Civil (ANEPC).<\/li>\n<\/ul>\n","protected":false},"author":2,"featured_media":168719,"comment_status":"closed","ping_status":"closed","sticky":false,"template":"","format":"standard","meta":{"footnotes":""},"categories":[1],"tags":[1797,2731,1083,3419,4058,1171],"class_list":["post-168698","post","type-post","status-publish","format-standard","has-post-thumbnail","hentry","category-noticias","tag-castro-daire","tag-cinfaes","tag-estradas","tag-lamego","tag-penedono","tag-viseu"],"yoast_head":"<!-- This site is optimized with the Yoast SEO plugin v27.2 - https:\/\/yoast.com\/product\/yoast-seo-wordpress\/ -->\n<title>Estradas cortadas pela queda de neve: saiba quais est\u00e3o fechadas - Portal Tela Portugal<\/title>\n<meta name=\"robots\" content=\"index, follow, max-snippet:-1, max-image-preview:large, max-video-preview:-1\" \/>\n<meta property=\"og:locale\" content=\"pt_PT\" \/>\n<meta property=\"og:type\" content=\"article\" \/>\n<meta property=\"og:title\" content=\"Estradas cortadas pela queda de neve: saiba quais est\u00e3o fechadas - Portal Tela Portugal\" \/>\n<meta property=\"og:description\" content=\"A EN 321, entre Castro Daire e Cinf\u00e3es, foi a primeira a fechar\u2011se ao tr\u00e2nsito devido \u00e0 queda de neve. Desde o meio da tarde, tamb\u00e9m ficaram encerradas a EN 229\u20111 (Penedono a Antas, Sernancelhe) e a EN 2 (Castro Daire a Bigorne, Lamego). As estradas devem permanecer cortadas durante muitas horas, por causa da forte queda de neve e da dificuldade de limpeza. Al\u00e9m das vias nacionais, v\u00e1rias estradas municipais no norte do distrito de Viseu tamb\u00e9m est\u00e3o cortadas (Armamar, Tarouca, Tabua\u00e7o e Vila Nova de Paiva). Estas informa\u00e7\u00f5es s\u00e3o confirmadas pela Guarda Nacional Republicana e pela Autoridade Nacional de Emerg\u00eancia e Prote\u00e7\u00e3o Civil (ANEPC).\" \/>\n<meta property=\"og:url\" content=\"https:\/\/portaltela.pt\/noticias\/2026\/01\/23\/estradas-cortadas-pela-queda-de-neve-saiba-quais-estao-fechadas\/\" \/>\n<meta property=\"og:site_name\" content=\"Portal Tela Portugal\" \/>\n<meta property=\"article:published_time\" content=\"2026-01-23T22:09:00+00:00\" \/>\n<meta name=\"author\" content=\"Telinha\" \/>\n<meta name=\"twitter:card\" content=\"summary_large_image\" \/>\n<meta name=\"twitter:label1\" content=\"Escrito por\" \/>\n\t<meta name=\"twitter:data1\" content=\"Telinha\" \/>\n\t<meta name=\"twitter:label2\" content=\"Tempo estimado de leitura\" \/>\n\t<meta name=\"twitter:data2\" content=\"1 minuto\" \/>\n<script type=\"application\/ld+json\" class=\"yoast-schema-graph\">{\"@context\":\"https:\/\/schema.org\",\"@graph\":[{\"@type\":\"Article\",\"@id\":\"https:\/\/portaltela.pt\/noticias\/2026\/01\/23\/estradas-cortadas-pela-queda-de-neve-saiba-quais-estao-fechadas\/#article\",\"isPartOf\":{\"@id\":\"https:\/\/portaltela.pt\/noticias\/2026\/01\/23\/estradas-cortadas-pela-queda-de-neve-saiba-quais-estao-fechadas\/\"},\"author\":{\"name\":\"Telinha\",\"@id\":\"https:\/\/portaltela.pt\/#\/schema\/person\/c4278d4a6028830caff9ee44b42d32ed\"},\"headline\":\"Estradas cortadas pela queda de neve: saiba quais est\u00e3o fechadas\",\"datePublished\":\"2026-01-23T22:09:00+00:00\",\"mainEntityOfPage\":{\"@id\":\"https:\/\/portaltela.pt\/noticias\/2026\/01\/23\/estradas-cortadas-pela-queda-de-neve-saiba-quais-estao-fechadas\/\"},\"wordCount\":192,\"image\":{\"@id\":\"https:\/\/portaltela.pt\/noticias\/2026\/01\/23\/estradas-cortadas-pela-queda-de-neve-saiba-quais-estao-fechadas\/#primaryimage\"},\"thumbnailUrl\":\"https:\/\/portaltela.pt\/s.01k8rhncp4jt1\/2026\/01\/unnamed-file-4879.jpg\",\"keywords\":[\"Castro Daire\",\"Cinf\u00e3es\",\"estradas\",\"Lamego\",\"Penedono\",\"Viseu\"],\"articleSection\":[\"Not\u00edcias\"],\"inLanguage\":\"pt-PT\"},{\"@type\":\"WebPage\",\"@id\":\"https:\/\/portaltela.pt\/noticias\/2026\/01\/23\/estradas-cortadas-pela-queda-de-neve-saiba-quais-estao-fechadas\/\",\"url\":\"https:\/\/portaltela.pt\/noticias\/2026\/01\/23\/estradas-cortadas-pela-queda-de-neve-saiba-quais-estao-fechadas\/\",\"name\":\"Estradas cortadas pela queda de neve: saiba quais est\u00e3o fechadas - Portal Tela Portugal\",\"isPartOf\":{\"@id\":\"https:\/\/portaltela.pt\/#website\"},\"primaryImageOfPage\":{\"@id\":\"https:\/\/portaltela.pt\/noticias\/2026\/01\/23\/estradas-cortadas-pela-queda-de-neve-saiba-quais-estao-fechadas\/#primaryimage\"},\"image\":{\"@id\":\"https:\/\/portaltela.pt\/noticias\/2026\/01\/23\/estradas-cortadas-pela-queda-de-neve-saiba-quais-estao-fechadas\/#primaryimage\"},\"thumbnailUrl\":\"https:\/\/portaltela.pt\/s.01k8rhncp4jt1\/2026\/01\/unnamed-file-4879.jpg\",\"datePublished\":\"2026-01-23T22:09:00+00:00\",\"author\":{\"@id\":\"https:\/\/portaltela.pt\/#\/schema\/person\/c4278d4a6028830caff9ee44b42d32ed\"},\"breadcrumb\":{\"@id\":\"https:\/\/portaltela.pt\/noticias\/2026\/01\/23\/estradas-cortadas-pela-queda-de-neve-saiba-quais-estao-fechadas\/#breadcrumb\"},\"inLanguage\":\"pt-PT\",\"potentialAction\":[{\"@type\":\"ReadAction\",\"target\":[\"https:\/\/portaltela.pt\/noticias\/2026\/01\/23\/estradas-cortadas-pela-queda-de-neve-saiba-quais-estao-fechadas\/\"]}]},{\"@type\":\"ImageObject\",\"inLanguage\":\"pt-PT\",\"@id\":\"https:\/\/portaltela.pt\/noticias\/2026\/01\/23\/estradas-cortadas-pela-queda-de-neve-saiba-quais-estao-fechadas\/#primaryimage\",\"url\":\"https:\/\/portaltela.pt\/s.01k8rhncp4jt1\/2026\/01\/unnamed-file-4879.jpg\",\"contentUrl\":\"https:\/\/portaltela.pt\/s.01k8rhncp4jt1\/2026\/01\/unnamed-file-4879.jpg\",\"width\":796,\"height\":448,\"caption\":\"Estradas cortadas devido \u00e0 queda de neve. Saiba quais aqui\"},{\"@type\":\"BreadcrumbList\",\"@id\":\"https:\/\/portaltela.pt\/noticias\/2026\/01\/23\/estradas-cortadas-pela-queda-de-neve-saiba-quais-estao-fechadas\/#breadcrumb\",\"itemListElement\":[{\"@type\":\"ListItem\",\"position\":1,\"name\":\"In\u00edcio\",\"item\":\"https:\/\/portaltela.pt\/\"},{\"@type\":\"ListItem\",\"position\":2,\"name\":\"Estradas cortadas pela queda de neve: saiba quais est\u00e3o fechadas\"}]},{\"@type\":\"WebSite\",\"@id\":\"https:\/\/portaltela.pt\/#website\",\"url\":\"https:\/\/portaltela.pt\/\",\"name\":\"Portal Tela Portugal\",\"description\":\"\",\"potentialAction\":[{\"@type\":\"SearchAction\",\"target\":{\"@type\":\"EntryPoint\",\"urlTemplate\":\"https:\/\/portaltela.pt\/?s={search_term_string}\"},\"query-input\":{\"@type\":\"PropertyValueSpecification\",\"valueRequired\":true,\"valueName\":\"search_term_string\"}}],\"inLanguage\":\"pt-PT\"},{\"@type\":\"Person\",\"@id\":\"https:\/\/portaltela.pt\/#\/schema\/person\/c4278d4a6028830caff9ee44b42d32ed\",\"name\":\"Telinha\",\"image\":{\"@type\":\"ImageObject\",\"inLanguage\":\"pt-PT\",\"@id\":\"https:\/\/portaltela.pt\/s.01k8rhncp4jt1\/2025\/11\/talking-bot-125x125.png\",\"url\":\"https:\/\/portaltela.pt\/s.01k8rhncp4jt1\/2025\/11\/talking-bot-125x125.png\",\"contentUrl\":\"https:\/\/portaltela.pt\/s.01k8rhncp4jt1\/2025\/11\/talking-bot-125x125.png\",\"caption\":\"Telinha\"},\"sameAs\":[\"https:\/\/portaltela.pt\/\"],\"url\":\"https:\/\/portaltela.pt\/por\/367410592786\/\"}]}<\/script>\n<!-- \/ Yoast SEO plugin. -->","yoast_head_json":{"title":"Estradas cortadas pela queda de neve: saiba quais est\u00e3o fechadas - Portal Tela Portugal","robots":{"index":"index","follow":"follow","max-snippet":"max-snippet:-1","max-image-preview":"max-image-preview:large","max-video-preview":"max-video-preview:-1"},"og_locale":"pt_PT","og_type":"article","og_title":"Estradas cortadas pela queda de neve: saiba quais est\u00e3o fechadas - Portal Tela Portugal","og_description":"A EN 321, entre Castro Daire e Cinf\u00e3es, foi a primeira a fechar\u2011se ao tr\u00e2nsito devido \u00e0 queda de neve. Desde o meio da tarde, tamb\u00e9m ficaram encerradas a EN 229\u20111 (Penedono a Antas, Sernancelhe) e a EN 2 (Castro Daire a Bigorne, Lamego). As estradas devem permanecer cortadas durante muitas horas, por causa da forte queda de neve e da dificuldade de limpeza. Al\u00e9m das vias nacionais, v\u00e1rias estradas municipais no norte do distrito de Viseu tamb\u00e9m est\u00e3o cortadas (Armamar, Tarouca, Tabua\u00e7o e Vila Nova de Paiva). Estas informa\u00e7\u00f5es s\u00e3o confirmadas pela Guarda Nacional Republicana e pela Autoridade Nacional de Emerg\u00eancia e Prote\u00e7\u00e3o Civil (ANEPC).","og_url":"https:\/\/portaltela.pt\/noticias\/2026\/01\/23\/estradas-cortadas-pela-queda-de-neve-saiba-quais-estao-fechadas\/","og_site_name":"Portal Tela Portugal","article_published_time":"2026-01-23T22:09:00+00:00","author":"Telinha","twitter_card":"summary_large_image","twitter_misc":{"Escrito por":"Telinha","Tempo estimado de leitura":"1 minuto"},"schema":{"@context":"https:\/\/schema.org","@graph":[{"@type":"Article","@id":"https:\/\/portaltela.pt\/noticias\/2026\/01\/23\/estradas-cortadas-pela-queda-de-neve-saiba-quais-estao-fechadas\/#article","isPartOf":{"@id":"https:\/\/portaltela.pt\/noticias\/2026\/01\/23\/estradas-cortadas-pela-queda-de-neve-saiba-quais-estao-fechadas\/"},"author":{"name":"Telinha","@id":"https:\/\/portaltela.pt\/#\/schema\/person\/c4278d4a6028830caff9ee44b42d32ed"},"headline":"Estradas cortadas pela queda de neve: saiba quais est\u00e3o fechadas","datePublished":"2026-01-23T22:09:00+00:00","mainEntityOfPage":{"@id":"https:\/\/portaltela.pt\/noticias\/2026\/01\/23\/estradas-cortadas-pela-queda-de-neve-saiba-quais-estao-fechadas\/"},"wordCount":192,"image":{"@id":"https:\/\/portaltela.pt\/noticias\/2026\/01\/23\/estradas-cortadas-pela-queda-de-neve-saiba-quais-estao-fechadas\/#primaryimage"},"thumbnailUrl":"https:\/\/portaltela.pt\/s.01k8rhncp4jt1\/2026\/01\/unnamed-file-4879.jpg","keywords":["Castro Daire","Cinf\u00e3es","estradas","Lamego","Penedono","Viseu"],"articleSection":["Not\u00edcias"],"inLanguage":"pt-PT"},{"@type":"WebPage","@id":"https:\/\/portaltela.pt\/noticias\/2026\/01\/23\/estradas-cortadas-pela-queda-de-neve-saiba-quais-estao-fechadas\/","url":"https:\/\/portaltela.pt\/noticias\/2026\/01\/23\/estradas-cortadas-pela-queda-de-neve-saiba-quais-estao-fechadas\/","name":"Estradas cortadas pela queda de neve: saiba quais est\u00e3o fechadas - Portal Tela Portugal","isPartOf":{"@id":"https:\/\/portaltela.pt\/#website"},"primaryImageOfPage":{"@id":"https:\/\/portaltela.pt\/noticias\/2026\/01\/23\/estradas-cortadas-pela-queda-de-neve-saiba-quais-estao-fechadas\/#primaryimage"},"image":{"@id":"https:\/\/portaltela.pt\/noticias\/2026\/01\/23\/estradas-cortadas-pela-queda-de-neve-saiba-quais-estao-fechadas\/#primaryimage"},"thumbnailUrl":"https:\/\/portaltela.pt\/s.01k8rhncp4jt1\/2026\/01\/unnamed-file-4879.jpg","datePublished":"2026-01-23T22:09:00+00:00","author":{"@id":"https:\/\/portaltela.pt\/#\/schema\/person\/c4278d4a6028830caff9ee44b42d32ed"},"breadcrumb":{"@id":"https:\/\/portaltela.pt\/noticias\/2026\/01\/23\/estradas-cortadas-pela-queda-de-neve-saiba-quais-estao-fechadas\/#breadcrumb"},"inLanguage":"pt-PT","potentialAction":[{"@type":"ReadAction","target":["https:\/\/portaltela.pt\/noticias\/2026\/01\/23\/estradas-cortadas-pela-queda-de-neve-saiba-quais-estao-fechadas\/"]}]},{"@type":"ImageObject","inLanguage":"pt-PT","@id":"https:\/\/portaltela.pt\/noticias\/2026\/01\/23\/estradas-cortadas-pela-queda-de-neve-saiba-quais-estao-fechadas\/#primaryimage","url":"https:\/\/portaltela.pt\/s.01k8rhncp4jt1\/2026\/01\/unnamed-file-4879.jpg","contentUrl":"https:\/\/portaltela.pt\/s.01k8rhncp4jt1\/2026\/01\/unnamed-file-4879.jpg","width":796,"height":448,"caption":"Estradas cortadas devido \u00e0 queda de neve. Saiba quais aqui"},{"@type":"BreadcrumbList","@id":"https:\/\/portaltela.pt\/noticias\/2026\/01\/23\/estradas-cortadas-pela-queda-de-neve-saiba-quais-estao-fechadas\/#breadcrumb","itemListElement":[{"@type":"ListItem","position":1,"name":"In\u00edcio","item":"https:\/\/portaltela.pt\/"},{"@type":"ListItem","position":2,"name":"Estradas cortadas pela queda de neve: saiba quais est\u00e3o fechadas"}]},{"@type":"WebSite","@id":"https:\/\/portaltela.pt\/#website","url":"https:\/\/portaltela.pt\/","name":"Portal Tela Portugal","description":"","potentialAction":[{"@type":"SearchAction","target":{"@type":"EntryPoint","urlTemplate":"https:\/\/portaltela.pt\/?s={search_term_string}"},"query-input":{"@type":"PropertyValueSpecification","valueRequired":true,"valueName":"search_term_string"}}],"inLanguage":"pt-PT"},{"@type":"Person","@id":"https:\/\/portaltela.pt\/#\/schema\/person\/c4278d4a6028830caff9ee44b42d32ed","name":"Telinha","image":{"@type":"ImageObject","inLanguage":"pt-PT","@id":"https:\/\/portaltela.pt\/s.01k8rhncp4jt1\/2025\/11\/talking-bot-125x125.png","url":"https:\/\/portaltela.pt\/s.01k8rhncp4jt1\/2025\/11\/talking-bot-125x125.png","contentUrl":"https:\/\/portaltela.pt\/s.01k8rhncp4jt1\/2025\/11\/talking-bot-125x125.png","caption":"Telinha"},"sameAs":["https:\/\/portaltela.pt\/"],"url":"https:\/\/portaltela.pt\/por\/367410592786\/"}]}},"_links":{"self":[{"href":"https:\/\/portaltela.pt\/api\/wp\/v2\/posts\/168698","targetHints":{"allow":["GET"]}}],"collection":[{"href":"https:\/\/portaltela.pt\/api\/wp\/v2\/posts"}],"about":[{"href":"https:\/\/portaltela.pt\/api\/wp\/v2\/types\/post"}],"author":[{"embeddable":true,"href":"https:\/\/portaltela.pt\/api\/wp\/v2\/users\/2"}],"replies":[{"embeddable":true,"href":"https:\/\/portaltela.pt\/api\/wp\/v2\/comments?post=168698"}],"version-history":[{"count":0,"href":"https:\/\/portaltela.pt\/api\/wp\/v2\/posts\/168698\/revisions"}],"wp:featuredmedia":[{"embeddable":true,"href":"https:\/\/portaltela.pt\/api\/wp\/v2\/media\/168719"}],"wp:attachment":[{"href":"https:\/\/portaltela.pt\/api\/wp\/v2\/media?parent=168698"}],"wp:term":[{"taxonomy":"category","embeddable":true,"href":"https:\/\/portaltela.pt\/api\/wp\/v2\/categories?post=168698"},{"taxonomy":"post_tag","embeddable":true,"href":"https:\/\/portaltela.pt\/api\/wp\/v2\/tags?post=168698"}],"curies":[{"name":"wp","href":"https:\/\/api.w.org\/{rel}","templated":true}]}}