{"id":168676,"date":"2026-01-23T20:00:00","date_gmt":"2026-01-23T23:00:00","guid":{"rendered":"https:\/\/portaltela.pt\/noticias\/2026\/01\/23\/filha-de-barbara-norton-de-matos-critica-o-comportamento-da-mae-e-aponta-razao\/"},"modified":"2026-01-23T20:00:00","modified_gmt":"2026-01-23T23:00:00","slug":"filha-de-barbara-norton-de-matos-critica-o-comportamento-da-mae-e-aponta-razao","status":"publish","type":"post","link":"https:\/\/portaltela.pt\/noticias\/2026\/01\/23\/filha-de-barbara-norton-de-matos-critica-o-comportamento-da-mae-e-aponta-razao\/","title":{"rendered":"Filha de B\u00e1rbara Norton de Matos critica o comportamento da m\u00e3e e aponta raz\u00e3o"},"content":{"rendered":"<p>A atriz B\u00e1rbara Norton de Matos recorreu ao Instagram para partilhar um v\u00eddeo curto gravado no carro, onde surge ao lado da filha mais nova, Flor, de nove anos. No conte\u00fado, B\u00e1rbara desabafou sobre a falta de descanso, dizendo que acordou com mau feitio porque algu\u00e9m n\u00e3o a deixou dormir.<\/p>\n<p>A rea\u00e7\u00e3o da filha n\u00e3o tardou. Flor, sem hesitar, comentou que o mau feitio da m\u00e3e se devia ao facto de ela n\u00e3o fumar, diagnosticando-a de forma direta. A not\u00edcia gerou rea\u00e7\u00e3o entre os seguidores, que acompanharam a troca de mensagens entre m\u00e3e e filha no v\u00eddeo.<\/p>\n<p>Na legenda da publica\u00e7\u00e3o, B\u00e1rbara brincou com o coment\u00e1rio da filha, apontando que estava a tentar justificar a falta de sono e que recebeu um diagn\u00f3stico direto vindo da filha. Acrescentou ainda que as crian\u00e7as possuem zero filtro e 100% verdade.<\/p>\n","protected":false},"excerpt":{"rendered":"<ul>\n<li>A atriz B\u00e1rbara Norton de Matos partilhou um v\u00eddeo no Instagram em que aparece no carro com a filha Flor, de nove anos.<\/li>\n<li>Ela mostrou que acordou com mau feitio por falta de sono.<\/li>\n<li>Flor respondeu com o seu pr\u00f3prio &#8220;diagn\u00f3stico&#8221;: &#8220;Tu s\u00f3 est\u00e1s com mau feitio porque tu n\u00e3o fumas&#8221;.<\/li>\n<li>Na legenda, B\u00e1rbara brincou que a filha tem zero filtro e que a verdade \u00e9 100%.<\/li>\n<li>O momento foi partilhado nas redes sociais pela atriz.<\/li>\n<\/ul>\n","protected":false},"author":2,"featured_media":168680,"comment_status":"closed","ping_status":"closed","sticky":false,"template":"","format":"standard","meta":{"footnotes":""},"categories":[12,1],"tags":[76,111,3953,969,64,88],"class_list":["post-168676","post","type-post","status-publish","format-standard","has-post-thumbnail","hentry","category-entretenimento","category-noticias","tag-celebridades","tag-comportamento","tag-criancas","tag-dinamicas-familiares","tag-familia","tag-redes-sociais"],"yoast_head":"<!-- This site is optimized with the Yoast SEO plugin v27.2 - https:\/\/yoast.com\/product\/yoast-seo-wordpress\/ -->\n<title>Filha de B\u00e1rbara Norton de Matos critica o comportamento da m\u00e3e e aponta raz\u00e3o - Portal Tela Portugal<\/title>\n<meta name=\"robots\" content=\"index, follow, max-snippet:-1, max-image-preview:large, max-video-preview:-1\" \/>\n<meta property=\"og:locale\" content=\"pt_PT\" \/>\n<meta property=\"og:type\" content=\"article\" \/>\n<meta property=\"og:title\" content=\"Filha de B\u00e1rbara Norton de Matos critica o comportamento da m\u00e3e e aponta raz\u00e3o - Portal Tela Portugal\" \/>\n<meta property=\"og:description\" content=\"A atriz B\u00e1rbara Norton de Matos partilhou um v\u00eddeo no Instagram em que aparece no carro com a filha Flor, de nove anos. Ela mostrou que acordou com mau feitio por falta de sono. Flor respondeu com o seu pr\u00f3prio &quot;diagn\u00f3stico&quot;: &quot;Tu s\u00f3 est\u00e1s com mau feitio porque tu n\u00e3o fumas&quot;. Na legenda, B\u00e1rbara brincou que a filha tem zero filtro e que a verdade \u00e9 100%. O momento foi partilhado nas redes sociais pela atriz.\" \/>\n<meta property=\"og:url\" content=\"https:\/\/portaltela.pt\/noticias\/2026\/01\/23\/filha-de-barbara-norton-de-matos-critica-o-comportamento-da-mae-e-aponta-razao\/\" \/>\n<meta property=\"og:site_name\" content=\"Portal Tela Portugal\" \/>\n<meta property=\"article:published_time\" content=\"2026-01-23T23:00:00+00:00\" \/>\n<meta name=\"author\" content=\"Telinha\" \/>\n<meta name=\"twitter:card\" content=\"summary_large_image\" \/>\n<meta name=\"twitter:label1\" content=\"Escrito por\" \/>\n\t<meta name=\"twitter:data1\" content=\"Telinha\" \/>\n\t<meta name=\"twitter:label2\" content=\"Tempo estimado de leitura\" \/>\n\t<meta name=\"twitter:data2\" content=\"1 minuto\" \/>\n<script type=\"application\/ld+json\" class=\"yoast-schema-graph\">{\"@context\":\"https:\/\/schema.org\",\"@graph\":[{\"@type\":\"Article\",\"@id\":\"https:\/\/portaltela.pt\/noticias\/2026\/01\/23\/filha-de-barbara-norton-de-matos-critica-o-comportamento-da-mae-e-aponta-razao\/#article\",\"isPartOf\":{\"@id\":\"https:\/\/portaltela.pt\/noticias\/2026\/01\/23\/filha-de-barbara-norton-de-matos-critica-o-comportamento-da-mae-e-aponta-razao\/\"},\"author\":{\"name\":\"Telinha\",\"@id\":\"https:\/\/portaltela.pt\/#\/schema\/person\/c4278d4a6028830caff9ee44b42d32ed\"},\"headline\":\"Filha de B\u00e1rbara Norton de Matos critica o comportamento da m\u00e3e e aponta raz\u00e3o\",\"datePublished\":\"2026-01-23T23:00:00+00:00\",\"mainEntityOfPage\":{\"@id\":\"https:\/\/portaltela.pt\/noticias\/2026\/01\/23\/filha-de-barbara-norton-de-matos-critica-o-comportamento-da-mae-e-aponta-razao\/\"},\"wordCount\":173,\"image\":{\"@id\":\"https:\/\/portaltela.pt\/noticias\/2026\/01\/23\/filha-de-barbara-norton-de-matos-critica-o-comportamento-da-mae-e-aponta-razao\/#primaryimage\"},\"thumbnailUrl\":\"https:\/\/portaltela.pt\/s.01k8rhncp4jt1\/2026\/01\/img_1280x718uu2025-10-30-19-28-13-2244557-im-638981152267711945.jpg\",\"keywords\":[\"celebridades\",\"comportamento\",\"crian\u00e7as\",\"din\u00e2micas familiares\",\"fam\u00edlia\",\"redes sociais\"],\"articleSection\":[\"Entretenimento\",\"Not\u00edcias\"],\"inLanguage\":\"pt-PT\"},{\"@type\":\"WebPage\",\"@id\":\"https:\/\/portaltela.pt\/noticias\/2026\/01\/23\/filha-de-barbara-norton-de-matos-critica-o-comportamento-da-mae-e-aponta-razao\/\",\"url\":\"https:\/\/portaltela.pt\/noticias\/2026\/01\/23\/filha-de-barbara-norton-de-matos-critica-o-comportamento-da-mae-e-aponta-razao\/\",\"name\":\"Filha de B\u00e1rbara Norton de Matos critica o comportamento da m\u00e3e e aponta raz\u00e3o - Portal Tela Portugal\",\"isPartOf\":{\"@id\":\"https:\/\/portaltela.pt\/#website\"},\"primaryImageOfPage\":{\"@id\":\"https:\/\/portaltela.pt\/noticias\/2026\/01\/23\/filha-de-barbara-norton-de-matos-critica-o-comportamento-da-mae-e-aponta-razao\/#primaryimage\"},\"image\":{\"@id\":\"https:\/\/portaltela.pt\/noticias\/2026\/01\/23\/filha-de-barbara-norton-de-matos-critica-o-comportamento-da-mae-e-aponta-razao\/#primaryimage\"},\"thumbnailUrl\":\"https:\/\/portaltela.pt\/s.01k8rhncp4jt1\/2026\/01\/img_1280x718uu2025-10-30-19-28-13-2244557-im-638981152267711945.jpg\",\"datePublished\":\"2026-01-23T23:00:00+00:00\",\"author\":{\"@id\":\"https:\/\/portaltela.pt\/#\/schema\/person\/c4278d4a6028830caff9ee44b42d32ed\"},\"breadcrumb\":{\"@id\":\"https:\/\/portaltela.pt\/noticias\/2026\/01\/23\/filha-de-barbara-norton-de-matos-critica-o-comportamento-da-mae-e-aponta-razao\/#breadcrumb\"},\"inLanguage\":\"pt-PT\",\"potentialAction\":[{\"@type\":\"ReadAction\",\"target\":[\"https:\/\/portaltela.pt\/noticias\/2026\/01\/23\/filha-de-barbara-norton-de-matos-critica-o-comportamento-da-mae-e-aponta-razao\/\"]}]},{\"@type\":\"ImageObject\",\"inLanguage\":\"pt-PT\",\"@id\":\"https:\/\/portaltela.pt\/noticias\/2026\/01\/23\/filha-de-barbara-norton-de-matos-critica-o-comportamento-da-mae-e-aponta-razao\/#primaryimage\",\"url\":\"https:\/\/portaltela.pt\/s.01k8rhncp4jt1\/2026\/01\/img_1280x718uu2025-10-30-19-28-13-2244557-im-638981152267711945.jpg\",\"contentUrl\":\"https:\/\/portaltela.pt\/s.01k8rhncp4jt1\/2026\/01\/img_1280x718uu2025-10-30-19-28-13-2244557-im-638981152267711945.jpg\",\"width\":796,\"height\":448,\"caption\":\"Photo\"},{\"@type\":\"BreadcrumbList\",\"@id\":\"https:\/\/portaltela.pt\/noticias\/2026\/01\/23\/filha-de-barbara-norton-de-matos-critica-o-comportamento-da-mae-e-aponta-razao\/#breadcrumb\",\"itemListElement\":[{\"@type\":\"ListItem\",\"position\":1,\"name\":\"In\u00edcio\",\"item\":\"https:\/\/portaltela.pt\/\"},{\"@type\":\"ListItem\",\"position\":2,\"name\":\"Filha de B\u00e1rbara Norton de Matos critica o comportamento da m\u00e3e e aponta raz\u00e3o\"}]},{\"@type\":\"WebSite\",\"@id\":\"https:\/\/portaltela.pt\/#website\",\"url\":\"https:\/\/portaltela.pt\/\",\"name\":\"Portal Tela Portugal\",\"description\":\"\",\"potentialAction\":[{\"@type\":\"SearchAction\",\"target\":{\"@type\":\"EntryPoint\",\"urlTemplate\":\"https:\/\/portaltela.pt\/?s={search_term_string}\"},\"query-input\":{\"@type\":\"PropertyValueSpecification\",\"valueRequired\":true,\"valueName\":\"search_term_string\"}}],\"inLanguage\":\"pt-PT\"},{\"@type\":\"Person\",\"@id\":\"https:\/\/portaltela.pt\/#\/schema\/person\/c4278d4a6028830caff9ee44b42d32ed\",\"name\":\"Telinha\",\"image\":{\"@type\":\"ImageObject\",\"inLanguage\":\"pt-PT\",\"@id\":\"https:\/\/portaltela.pt\/s.01k8rhncp4jt1\/2025\/11\/talking-bot-125x125.png\",\"url\":\"https:\/\/portaltela.pt\/s.01k8rhncp4jt1\/2025\/11\/talking-bot-125x125.png\",\"contentUrl\":\"https:\/\/portaltela.pt\/s.01k8rhncp4jt1\/2025\/11\/talking-bot-125x125.png\",\"caption\":\"Telinha\"},\"sameAs\":[\"https:\/\/portaltela.pt\/\"],\"url\":\"https:\/\/portaltela.pt\/por\/367410592786\/\"}]}<\/script>\n<!-- \/ Yoast SEO plugin. -->","yoast_head_json":{"title":"Filha de B\u00e1rbara Norton de Matos critica o comportamento da m\u00e3e e aponta raz\u00e3o - Portal Tela Portugal","robots":{"index":"index","follow":"follow","max-snippet":"max-snippet:-1","max-image-preview":"max-image-preview:large","max-video-preview":"max-video-preview:-1"},"og_locale":"pt_PT","og_type":"article","og_title":"Filha de B\u00e1rbara Norton de Matos critica o comportamento da m\u00e3e e aponta raz\u00e3o - Portal Tela Portugal","og_description":"A atriz B\u00e1rbara Norton de Matos partilhou um v\u00eddeo no Instagram em que aparece no carro com a filha Flor, de nove anos. Ela mostrou que acordou com mau feitio por falta de sono. Flor respondeu com o seu pr\u00f3prio \"diagn\u00f3stico\": \"Tu s\u00f3 est\u00e1s com mau feitio porque tu n\u00e3o fumas\". Na legenda, B\u00e1rbara brincou que a filha tem zero filtro e que a verdade \u00e9 100%. O momento foi partilhado nas redes sociais pela atriz.","og_url":"https:\/\/portaltela.pt\/noticias\/2026\/01\/23\/filha-de-barbara-norton-de-matos-critica-o-comportamento-da-mae-e-aponta-razao\/","og_site_name":"Portal Tela Portugal","article_published_time":"2026-01-23T23:00:00+00:00","author":"Telinha","twitter_card":"summary_large_image","twitter_misc":{"Escrito por":"Telinha","Tempo estimado de leitura":"1 minuto"},"schema":{"@context":"https:\/\/schema.org","@graph":[{"@type":"Article","@id":"https:\/\/portaltela.pt\/noticias\/2026\/01\/23\/filha-de-barbara-norton-de-matos-critica-o-comportamento-da-mae-e-aponta-razao\/#article","isPartOf":{"@id":"https:\/\/portaltela.pt\/noticias\/2026\/01\/23\/filha-de-barbara-norton-de-matos-critica-o-comportamento-da-mae-e-aponta-razao\/"},"author":{"name":"Telinha","@id":"https:\/\/portaltela.pt\/#\/schema\/person\/c4278d4a6028830caff9ee44b42d32ed"},"headline":"Filha de B\u00e1rbara Norton de Matos critica o comportamento da m\u00e3e e aponta raz\u00e3o","datePublished":"2026-01-23T23:00:00+00:00","mainEntityOfPage":{"@id":"https:\/\/portaltela.pt\/noticias\/2026\/01\/23\/filha-de-barbara-norton-de-matos-critica-o-comportamento-da-mae-e-aponta-razao\/"},"wordCount":173,"image":{"@id":"https:\/\/portaltela.pt\/noticias\/2026\/01\/23\/filha-de-barbara-norton-de-matos-critica-o-comportamento-da-mae-e-aponta-razao\/#primaryimage"},"thumbnailUrl":"https:\/\/portaltela.pt\/s.01k8rhncp4jt1\/2026\/01\/img_1280x718uu2025-10-30-19-28-13-2244557-im-638981152267711945.jpg","keywords":["celebridades","comportamento","crian\u00e7as","din\u00e2micas familiares","fam\u00edlia","redes sociais"],"articleSection":["Entretenimento","Not\u00edcias"],"inLanguage":"pt-PT"},{"@type":"WebPage","@id":"https:\/\/portaltela.pt\/noticias\/2026\/01\/23\/filha-de-barbara-norton-de-matos-critica-o-comportamento-da-mae-e-aponta-razao\/","url":"https:\/\/portaltela.pt\/noticias\/2026\/01\/23\/filha-de-barbara-norton-de-matos-critica-o-comportamento-da-mae-e-aponta-razao\/","name":"Filha de B\u00e1rbara Norton de Matos critica o comportamento da m\u00e3e e aponta raz\u00e3o - Portal Tela Portugal","isPartOf":{"@id":"https:\/\/portaltela.pt\/#website"},"primaryImageOfPage":{"@id":"https:\/\/portaltela.pt\/noticias\/2026\/01\/23\/filha-de-barbara-norton-de-matos-critica-o-comportamento-da-mae-e-aponta-razao\/#primaryimage"},"image":{"@id":"https:\/\/portaltela.pt\/noticias\/2026\/01\/23\/filha-de-barbara-norton-de-matos-critica-o-comportamento-da-mae-e-aponta-razao\/#primaryimage"},"thumbnailUrl":"https:\/\/portaltela.pt\/s.01k8rhncp4jt1\/2026\/01\/img_1280x718uu2025-10-30-19-28-13-2244557-im-638981152267711945.jpg","datePublished":"2026-01-23T23:00:00+00:00","author":{"@id":"https:\/\/portaltela.pt\/#\/schema\/person\/c4278d4a6028830caff9ee44b42d32ed"},"breadcrumb":{"@id":"https:\/\/portaltela.pt\/noticias\/2026\/01\/23\/filha-de-barbara-norton-de-matos-critica-o-comportamento-da-mae-e-aponta-razao\/#breadcrumb"},"inLanguage":"pt-PT","potentialAction":[{"@type":"ReadAction","target":["https:\/\/portaltela.pt\/noticias\/2026\/01\/23\/filha-de-barbara-norton-de-matos-critica-o-comportamento-da-mae-e-aponta-razao\/"]}]},{"@type":"ImageObject","inLanguage":"pt-PT","@id":"https:\/\/portaltela.pt\/noticias\/2026\/01\/23\/filha-de-barbara-norton-de-matos-critica-o-comportamento-da-mae-e-aponta-razao\/#primaryimage","url":"https:\/\/portaltela.pt\/s.01k8rhncp4jt1\/2026\/01\/img_1280x718uu2025-10-30-19-28-13-2244557-im-638981152267711945.jpg","contentUrl":"https:\/\/portaltela.pt\/s.01k8rhncp4jt1\/2026\/01\/img_1280x718uu2025-10-30-19-28-13-2244557-im-638981152267711945.jpg","width":796,"height":448,"caption":"Photo"},{"@type":"BreadcrumbList","@id":"https:\/\/portaltela.pt\/noticias\/2026\/01\/23\/filha-de-barbara-norton-de-matos-critica-o-comportamento-da-mae-e-aponta-razao\/#breadcrumb","itemListElement":[{"@type":"ListItem","position":1,"name":"In\u00edcio","item":"https:\/\/portaltela.pt\/"},{"@type":"ListItem","position":2,"name":"Filha de B\u00e1rbara Norton de Matos critica o comportamento da m\u00e3e e aponta raz\u00e3o"}]},{"@type":"WebSite","@id":"https:\/\/portaltela.pt\/#website","url":"https:\/\/portaltela.pt\/","name":"Portal Tela Portugal","description":"","potentialAction":[{"@type":"SearchAction","target":{"@type":"EntryPoint","urlTemplate":"https:\/\/portaltela.pt\/?s={search_term_string}"},"query-input":{"@type":"PropertyValueSpecification","valueRequired":true,"valueName":"search_term_string"}}],"inLanguage":"pt-PT"},{"@type":"Person","@id":"https:\/\/portaltela.pt\/#\/schema\/person\/c4278d4a6028830caff9ee44b42d32ed","name":"Telinha","image":{"@type":"ImageObject","inLanguage":"pt-PT","@id":"https:\/\/portaltela.pt\/s.01k8rhncp4jt1\/2025\/11\/talking-bot-125x125.png","url":"https:\/\/portaltela.pt\/s.01k8rhncp4jt1\/2025\/11\/talking-bot-125x125.png","contentUrl":"https:\/\/portaltela.pt\/s.01k8rhncp4jt1\/2025\/11\/talking-bot-125x125.png","caption":"Telinha"},"sameAs":["https:\/\/portaltela.pt\/"],"url":"https:\/\/portaltela.pt\/por\/367410592786\/"}]}},"_links":{"self":[{"href":"https:\/\/portaltela.pt\/api\/wp\/v2\/posts\/168676","targetHints":{"allow":["GET"]}}],"collection":[{"href":"https:\/\/portaltela.pt\/api\/wp\/v2\/posts"}],"about":[{"href":"https:\/\/portaltela.pt\/api\/wp\/v2\/types\/post"}],"author":[{"embeddable":true,"href":"https:\/\/portaltela.pt\/api\/wp\/v2\/users\/2"}],"replies":[{"embeddable":true,"href":"https:\/\/portaltela.pt\/api\/wp\/v2\/comments?post=168676"}],"version-history":[{"count":0,"href":"https:\/\/portaltela.pt\/api\/wp\/v2\/posts\/168676\/revisions"}],"wp:featuredmedia":[{"embeddable":true,"href":"https:\/\/portaltela.pt\/api\/wp\/v2\/media\/168680"}],"wp:attachment":[{"href":"https:\/\/portaltela.pt\/api\/wp\/v2\/media?parent=168676"}],"wp:term":[{"taxonomy":"category","embeddable":true,"href":"https:\/\/portaltela.pt\/api\/wp\/v2\/categories?post=168676"},{"taxonomy":"post_tag","embeddable":true,"href":"https:\/\/portaltela.pt\/api\/wp\/v2\/tags?post=168676"}],"curies":[{"name":"wp","href":"https:\/\/api.w.org\/{rel}","templated":true}]}}