{"id":168668,"date":"2026-01-23T19:30:00","date_gmt":"2026-01-23T22:30:00","guid":{"rendered":"https:\/\/portaltela.pt\/noticias\/2026\/01\/23\/cotrim-anuncia-movimento-civico-apartidario-e-nao-votara-em-ventura\/"},"modified":"2026-01-23T19:30:00","modified_gmt":"2026-01-23T22:30:00","slug":"cotrim-anuncia-movimento-civico-apartidario-e-nao-votara-em-ventura","status":"publish","type":"post","link":"https:\/\/portaltela.pt\/noticias\/politica\/2026\/01\/23\/cotrim-anuncia-movimento-civico-apartidario-e-nao-votara-em-ventura\/","title":{"rendered":"Cotrim anuncia movimento c\u00edvico apartid\u00e1rio e n\u00e3o votar\u00e1 em Ventura"},"content":{"rendered":"<p>Jo\u00e3o Cotrim Figueiredo anunciou a cria\u00e7\u00e3o do Movimento 2031, um movimento c\u00edvico e apartid\u00e1rio, durante uma entrevista \u00e0 SIC Not\u00edcias. ACOM certeza, n\u00e3o se trata de um partido pol\u00edtico.<\/p>\n<p>O objetivo do movimento \u00e9 acolher os votos dos cerca de 900 mil eleitores que apoiaram Cotrim Figueiredo na primeira volta, permitindo manter a energia pol\u00edtica gerada. A ideia \u00e9 participar no debate p\u00fablico.<\/p>\n<p>O ex-l\u00edder da Iniciativa Liberal assegurou que o Movimento 2031 \u00e9 independente de qualquer forma\u00e7\u00e3o partid\u00e1ria e pode concorrer a elei\u00e7\u00f5es futuras, desde que n\u00e3o promova um partido contr\u00e1rio \u00e0 IL.<\/p>\n<p>Sobre a segunda volta, Cotrim Figueiredo afirmou que n\u00e3o endossa nenhum dos dois candidatos. N\u00e3o revelou se votar\u00e1 em Ant\u00f3nio Jos\u00e9 Seguro ou em branco, referindo apenas que certamente n\u00e3o votar\u00e1 em Andr\u00e9 Ventura.<\/p>\n","protected":false},"excerpt":{"rendered":"<ul>\n<li>Jo\u00e3o Cotrim Figueiredo anunciou o lan\u00e7amento imediato do \u201cMovimento 2031\u201d, um movimento c\u00edvico, apartid\u00e1rio e que n\u00e3o \u00e9 um partido pol\u00edtico.<\/li>\n<li>O objetivo \u00e9 oferecer aos cerca de 900 mil eleitores que o apoiaram na primeira volta um s\u00edtio para manter aquela energia e participar no debate p\u00fablico.<\/li>\n<li>O manifesto afirma que o movimento \u00e9 apartid\u00e1rio, com possibilidade de candidatura a futuras elei\u00e7\u00f5es, mas sem promover qualquer partido contra a Iniciativa Liberal.<\/li>\n<li>Cotrim Figueiredo n\u00e3o endossa nenhum dos candidatos que chegaram \u00e0 segunda volta e n\u00e3o esclarece se votar\u00e1 em Ant\u00f3nio Jos\u00e9 Seguro ou em branco.<\/li>\n<li>Em entrevista \u00e0 SIC Not\u00edcias, garantiu que n\u00e3o votar\u00e1 em Andr\u00e9 Ventura na segunda volta marcada para o dia 8 de Fevereiro.<\/li>\n<\/ul>\n","protected":false},"author":2,"featured_media":168669,"comment_status":"closed","ping_status":"closed","sticky":false,"template":"","format":"standard","meta":{"footnotes":""},"categories":[1,5],"tags":[3423,2678,68,1482,2832,2558],"class_list":["post-168668","post","type-post","status-publish","format-standard","has-post-thumbnail","hentry","category-noticias","category-politica","tag-a-iniciativa-liberal","tag-cotrim-de-figueiredo","tag-eleicoes","tag-iniciativa-liberal","tag-politica","tag-ventura"],"yoast_head":"<!-- This site is optimized with the Yoast SEO plugin v27.2 - https:\/\/yoast.com\/product\/yoast-seo-wordpress\/ -->\n<title>Cotrim anuncia movimento c\u00edvico apartid\u00e1rio e n\u00e3o votar\u00e1 em Ventura - Portal Tela Portugal<\/title>\n<meta name=\"robots\" content=\"index, follow, max-snippet:-1, max-image-preview:large, max-video-preview:-1\" \/>\n<meta property=\"og:locale\" content=\"pt_PT\" \/>\n<meta property=\"og:type\" content=\"article\" \/>\n<meta property=\"og:title\" content=\"Cotrim anuncia movimento c\u00edvico apartid\u00e1rio e n\u00e3o votar\u00e1 em Ventura - Portal Tela Portugal\" \/>\n<meta property=\"og:description\" content=\"Jo\u00e3o Cotrim Figueiredo anunciou o lan\u00e7amento imediato do \u201cMovimento 2031\u201d, um movimento c\u00edvico, apartid\u00e1rio e que n\u00e3o \u00e9 um partido pol\u00edtico. O objetivo \u00e9 oferecer aos cerca de 900 mil eleitores que o apoiaram na primeira volta um s\u00edtio para manter aquela energia e participar no debate p\u00fablico. O manifesto afirma que o movimento \u00e9 apartid\u00e1rio, com possibilidade de candidatura a futuras elei\u00e7\u00f5es, mas sem promover qualquer partido contra a Iniciativa Liberal. Cotrim Figueiredo n\u00e3o endossa nenhum dos candidatos que chegaram \u00e0 segunda volta e n\u00e3o esclarece se votar\u00e1 em Ant\u00f3nio Jos\u00e9 Seguro ou em branco. Em entrevista \u00e0 SIC Not\u00edcias, garantiu que n\u00e3o votar\u00e1 em Andr\u00e9 Ventura na segunda volta marcada para o dia 8 de Fevereiro.\" \/>\n<meta property=\"og:url\" content=\"https:\/\/portaltela.pt\/noticias\/2026\/01\/23\/cotrim-anuncia-movimento-civico-apartidario-e-nao-votara-em-ventura\/\" \/>\n<meta property=\"og:site_name\" content=\"Portal Tela Portugal\" \/>\n<meta property=\"article:published_time\" content=\"2026-01-23T22:30:00+00:00\" \/>\n<meta name=\"author\" content=\"Telinha\" \/>\n<meta name=\"twitter:card\" content=\"summary_large_image\" \/>\n<meta name=\"twitter:label1\" content=\"Escrito por\" \/>\n\t<meta name=\"twitter:data1\" content=\"Telinha\" \/>\n\t<meta name=\"twitter:label2\" content=\"Tempo estimado de leitura\" \/>\n\t<meta name=\"twitter:data2\" content=\"1 minuto\" \/>\n<script type=\"application\/ld+json\" class=\"yoast-schema-graph\">{\"@context\":\"https:\/\/schema.org\",\"@graph\":[{\"@type\":\"Article\",\"@id\":\"https:\/\/portaltela.pt\/noticias\/2026\/01\/23\/cotrim-anuncia-movimento-civico-apartidario-e-nao-votara-em-ventura\/#article\",\"isPartOf\":{\"@id\":\"https:\/\/portaltela.pt\/noticias\/2026\/01\/23\/cotrim-anuncia-movimento-civico-apartidario-e-nao-votara-em-ventura\/\"},\"author\":{\"name\":\"Telinha\",\"@id\":\"https:\/\/portaltela.pt\/#\/schema\/person\/c4278d4a6028830caff9ee44b42d32ed\"},\"headline\":\"Cotrim anuncia movimento c\u00edvico apartid\u00e1rio e n\u00e3o votar\u00e1 em Ventura\",\"datePublished\":\"2026-01-23T22:30:00+00:00\",\"mainEntityOfPage\":{\"@id\":\"https:\/\/portaltela.pt\/noticias\/2026\/01\/23\/cotrim-anuncia-movimento-civico-apartidario-e-nao-votara-em-ventura\/\"},\"wordCount\":152,\"image\":{\"@id\":\"https:\/\/portaltela.pt\/noticias\/2026\/01\/23\/cotrim-anuncia-movimento-civico-apartidario-e-nao-votara-em-ventura\/#primaryimage\"},\"thumbnailUrl\":\"https:\/\/portaltela.pt\/s.01k8rhncp4jt1\/2026\/01\/2061670.jpg\",\"keywords\":[\"A Iniciativa Liberal\",\"Cotrim de Figueiredo\",\"elei\u00e7\u00f5es\",\"Iniciativa Liberal\",\"pol\u00edtica\",\"Ventura\"],\"articleSection\":[\"Not\u00edcias\",\"Pol\u00edtica\"],\"inLanguage\":\"pt-PT\"},{\"@type\":\"WebPage\",\"@id\":\"https:\/\/portaltela.pt\/noticias\/2026\/01\/23\/cotrim-anuncia-movimento-civico-apartidario-e-nao-votara-em-ventura\/\",\"url\":\"https:\/\/portaltela.pt\/noticias\/2026\/01\/23\/cotrim-anuncia-movimento-civico-apartidario-e-nao-votara-em-ventura\/\",\"name\":\"Cotrim anuncia movimento c\u00edvico apartid\u00e1rio e n\u00e3o votar\u00e1 em Ventura - Portal Tela Portugal\",\"isPartOf\":{\"@id\":\"https:\/\/portaltela.pt\/#website\"},\"primaryImageOfPage\":{\"@id\":\"https:\/\/portaltela.pt\/noticias\/2026\/01\/23\/cotrim-anuncia-movimento-civico-apartidario-e-nao-votara-em-ventura\/#primaryimage\"},\"image\":{\"@id\":\"https:\/\/portaltela.pt\/noticias\/2026\/01\/23\/cotrim-anuncia-movimento-civico-apartidario-e-nao-votara-em-ventura\/#primaryimage\"},\"thumbnailUrl\":\"https:\/\/portaltela.pt\/s.01k8rhncp4jt1\/2026\/01\/2061670.jpg\",\"datePublished\":\"2026-01-23T22:30:00+00:00\",\"author\":{\"@id\":\"https:\/\/portaltela.pt\/#\/schema\/person\/c4278d4a6028830caff9ee44b42d32ed\"},\"breadcrumb\":{\"@id\":\"https:\/\/portaltela.pt\/noticias\/2026\/01\/23\/cotrim-anuncia-movimento-civico-apartidario-e-nao-votara-em-ventura\/#breadcrumb\"},\"inLanguage\":\"pt-PT\",\"potentialAction\":[{\"@type\":\"ReadAction\",\"target\":[\"https:\/\/portaltela.pt\/noticias\/2026\/01\/23\/cotrim-anuncia-movimento-civico-apartidario-e-nao-votara-em-ventura\/\"]}]},{\"@type\":\"ImageObject\",\"inLanguage\":\"pt-PT\",\"@id\":\"https:\/\/portaltela.pt\/noticias\/2026\/01\/23\/cotrim-anuncia-movimento-civico-apartidario-e-nao-votara-em-ventura\/#primaryimage\",\"url\":\"https:\/\/portaltela.pt\/s.01k8rhncp4jt1\/2026\/01\/2061670.jpg\",\"contentUrl\":\"https:\/\/portaltela.pt\/s.01k8rhncp4jt1\/2026\/01\/2061670.jpg\",\"width\":796,\"height\":448,\"caption\":\"Jo\u00e3o Cotrim Figueiredo n\u00e3o diz se vota em branco ou em Seguro, garante apenas que n\u00e3o votar\u00e1 Ventura na segunda volta das presidenciais\"},{\"@type\":\"BreadcrumbList\",\"@id\":\"https:\/\/portaltela.pt\/noticias\/2026\/01\/23\/cotrim-anuncia-movimento-civico-apartidario-e-nao-votara-em-ventura\/#breadcrumb\",\"itemListElement\":[{\"@type\":\"ListItem\",\"position\":1,\"name\":\"In\u00edcio\",\"item\":\"https:\/\/portaltela.pt\/\"},{\"@type\":\"ListItem\",\"position\":2,\"name\":\"Cotrim anuncia movimento c\u00edvico apartid\u00e1rio e n\u00e3o votar\u00e1 em Ventura\"}]},{\"@type\":\"WebSite\",\"@id\":\"https:\/\/portaltela.pt\/#website\",\"url\":\"https:\/\/portaltela.pt\/\",\"name\":\"Portal Tela Portugal\",\"description\":\"\",\"potentialAction\":[{\"@type\":\"SearchAction\",\"target\":{\"@type\":\"EntryPoint\",\"urlTemplate\":\"https:\/\/portaltela.pt\/?s={search_term_string}\"},\"query-input\":{\"@type\":\"PropertyValueSpecification\",\"valueRequired\":true,\"valueName\":\"search_term_string\"}}],\"inLanguage\":\"pt-PT\"},{\"@type\":\"Person\",\"@id\":\"https:\/\/portaltela.pt\/#\/schema\/person\/c4278d4a6028830caff9ee44b42d32ed\",\"name\":\"Telinha\",\"image\":{\"@type\":\"ImageObject\",\"inLanguage\":\"pt-PT\",\"@id\":\"https:\/\/portaltela.pt\/s.01k8rhncp4jt1\/2025\/11\/talking-bot-125x125.png\",\"url\":\"https:\/\/portaltela.pt\/s.01k8rhncp4jt1\/2025\/11\/talking-bot-125x125.png\",\"contentUrl\":\"https:\/\/portaltela.pt\/s.01k8rhncp4jt1\/2025\/11\/talking-bot-125x125.png\",\"caption\":\"Telinha\"},\"sameAs\":[\"https:\/\/portaltela.pt\/\"],\"url\":\"https:\/\/portaltela.pt\/por\/367410592786\/\"}]}<\/script>\n<!-- \/ Yoast SEO plugin. -->","yoast_head_json":{"title":"Cotrim anuncia movimento c\u00edvico apartid\u00e1rio e n\u00e3o votar\u00e1 em Ventura - Portal Tela Portugal","robots":{"index":"index","follow":"follow","max-snippet":"max-snippet:-1","max-image-preview":"max-image-preview:large","max-video-preview":"max-video-preview:-1"},"og_locale":"pt_PT","og_type":"article","og_title":"Cotrim anuncia movimento c\u00edvico apartid\u00e1rio e n\u00e3o votar\u00e1 em Ventura - Portal Tela Portugal","og_description":"Jo\u00e3o Cotrim Figueiredo anunciou o lan\u00e7amento imediato do \u201cMovimento 2031\u201d, um movimento c\u00edvico, apartid\u00e1rio e que n\u00e3o \u00e9 um partido pol\u00edtico. O objetivo \u00e9 oferecer aos cerca de 900 mil eleitores que o apoiaram na primeira volta um s\u00edtio para manter aquela energia e participar no debate p\u00fablico. O manifesto afirma que o movimento \u00e9 apartid\u00e1rio, com possibilidade de candidatura a futuras elei\u00e7\u00f5es, mas sem promover qualquer partido contra a Iniciativa Liberal. Cotrim Figueiredo n\u00e3o endossa nenhum dos candidatos que chegaram \u00e0 segunda volta e n\u00e3o esclarece se votar\u00e1 em Ant\u00f3nio Jos\u00e9 Seguro ou em branco. Em entrevista \u00e0 SIC Not\u00edcias, garantiu que n\u00e3o votar\u00e1 em Andr\u00e9 Ventura na segunda volta marcada para o dia 8 de Fevereiro.","og_url":"https:\/\/portaltela.pt\/noticias\/2026\/01\/23\/cotrim-anuncia-movimento-civico-apartidario-e-nao-votara-em-ventura\/","og_site_name":"Portal Tela Portugal","article_published_time":"2026-01-23T22:30:00+00:00","author":"Telinha","twitter_card":"summary_large_image","twitter_misc":{"Escrito por":"Telinha","Tempo estimado de leitura":"1 minuto"},"schema":{"@context":"https:\/\/schema.org","@graph":[{"@type":"Article","@id":"https:\/\/portaltela.pt\/noticias\/2026\/01\/23\/cotrim-anuncia-movimento-civico-apartidario-e-nao-votara-em-ventura\/#article","isPartOf":{"@id":"https:\/\/portaltela.pt\/noticias\/2026\/01\/23\/cotrim-anuncia-movimento-civico-apartidario-e-nao-votara-em-ventura\/"},"author":{"name":"Telinha","@id":"https:\/\/portaltela.pt\/#\/schema\/person\/c4278d4a6028830caff9ee44b42d32ed"},"headline":"Cotrim anuncia movimento c\u00edvico apartid\u00e1rio e n\u00e3o votar\u00e1 em Ventura","datePublished":"2026-01-23T22:30:00+00:00","mainEntityOfPage":{"@id":"https:\/\/portaltela.pt\/noticias\/2026\/01\/23\/cotrim-anuncia-movimento-civico-apartidario-e-nao-votara-em-ventura\/"},"wordCount":152,"image":{"@id":"https:\/\/portaltela.pt\/noticias\/2026\/01\/23\/cotrim-anuncia-movimento-civico-apartidario-e-nao-votara-em-ventura\/#primaryimage"},"thumbnailUrl":"https:\/\/portaltela.pt\/s.01k8rhncp4jt1\/2026\/01\/2061670.jpg","keywords":["A Iniciativa Liberal","Cotrim de Figueiredo","elei\u00e7\u00f5es","Iniciativa Liberal","pol\u00edtica","Ventura"],"articleSection":["Not\u00edcias","Pol\u00edtica"],"inLanguage":"pt-PT"},{"@type":"WebPage","@id":"https:\/\/portaltela.pt\/noticias\/2026\/01\/23\/cotrim-anuncia-movimento-civico-apartidario-e-nao-votara-em-ventura\/","url":"https:\/\/portaltela.pt\/noticias\/2026\/01\/23\/cotrim-anuncia-movimento-civico-apartidario-e-nao-votara-em-ventura\/","name":"Cotrim anuncia movimento c\u00edvico apartid\u00e1rio e n\u00e3o votar\u00e1 em Ventura - Portal Tela Portugal","isPartOf":{"@id":"https:\/\/portaltela.pt\/#website"},"primaryImageOfPage":{"@id":"https:\/\/portaltela.pt\/noticias\/2026\/01\/23\/cotrim-anuncia-movimento-civico-apartidario-e-nao-votara-em-ventura\/#primaryimage"},"image":{"@id":"https:\/\/portaltela.pt\/noticias\/2026\/01\/23\/cotrim-anuncia-movimento-civico-apartidario-e-nao-votara-em-ventura\/#primaryimage"},"thumbnailUrl":"https:\/\/portaltela.pt\/s.01k8rhncp4jt1\/2026\/01\/2061670.jpg","datePublished":"2026-01-23T22:30:00+00:00","author":{"@id":"https:\/\/portaltela.pt\/#\/schema\/person\/c4278d4a6028830caff9ee44b42d32ed"},"breadcrumb":{"@id":"https:\/\/portaltela.pt\/noticias\/2026\/01\/23\/cotrim-anuncia-movimento-civico-apartidario-e-nao-votara-em-ventura\/#breadcrumb"},"inLanguage":"pt-PT","potentialAction":[{"@type":"ReadAction","target":["https:\/\/portaltela.pt\/noticias\/2026\/01\/23\/cotrim-anuncia-movimento-civico-apartidario-e-nao-votara-em-ventura\/"]}]},{"@type":"ImageObject","inLanguage":"pt-PT","@id":"https:\/\/portaltela.pt\/noticias\/2026\/01\/23\/cotrim-anuncia-movimento-civico-apartidario-e-nao-votara-em-ventura\/#primaryimage","url":"https:\/\/portaltela.pt\/s.01k8rhncp4jt1\/2026\/01\/2061670.jpg","contentUrl":"https:\/\/portaltela.pt\/s.01k8rhncp4jt1\/2026\/01\/2061670.jpg","width":796,"height":448,"caption":"Jo\u00e3o Cotrim Figueiredo n\u00e3o diz se vota em branco ou em Seguro, garante apenas que n\u00e3o votar\u00e1 Ventura na segunda volta das presidenciais"},{"@type":"BreadcrumbList","@id":"https:\/\/portaltela.pt\/noticias\/2026\/01\/23\/cotrim-anuncia-movimento-civico-apartidario-e-nao-votara-em-ventura\/#breadcrumb","itemListElement":[{"@type":"ListItem","position":1,"name":"In\u00edcio","item":"https:\/\/portaltela.pt\/"},{"@type":"ListItem","position":2,"name":"Cotrim anuncia movimento c\u00edvico apartid\u00e1rio e n\u00e3o votar\u00e1 em Ventura"}]},{"@type":"WebSite","@id":"https:\/\/portaltela.pt\/#website","url":"https:\/\/portaltela.pt\/","name":"Portal Tela Portugal","description":"","potentialAction":[{"@type":"SearchAction","target":{"@type":"EntryPoint","urlTemplate":"https:\/\/portaltela.pt\/?s={search_term_string}"},"query-input":{"@type":"PropertyValueSpecification","valueRequired":true,"valueName":"search_term_string"}}],"inLanguage":"pt-PT"},{"@type":"Person","@id":"https:\/\/portaltela.pt\/#\/schema\/person\/c4278d4a6028830caff9ee44b42d32ed","name":"Telinha","image":{"@type":"ImageObject","inLanguage":"pt-PT","@id":"https:\/\/portaltela.pt\/s.01k8rhncp4jt1\/2025\/11\/talking-bot-125x125.png","url":"https:\/\/portaltela.pt\/s.01k8rhncp4jt1\/2025\/11\/talking-bot-125x125.png","contentUrl":"https:\/\/portaltela.pt\/s.01k8rhncp4jt1\/2025\/11\/talking-bot-125x125.png","caption":"Telinha"},"sameAs":["https:\/\/portaltela.pt\/"],"url":"https:\/\/portaltela.pt\/por\/367410592786\/"}]}},"_links":{"self":[{"href":"https:\/\/portaltela.pt\/api\/wp\/v2\/posts\/168668","targetHints":{"allow":["GET"]}}],"collection":[{"href":"https:\/\/portaltela.pt\/api\/wp\/v2\/posts"}],"about":[{"href":"https:\/\/portaltela.pt\/api\/wp\/v2\/types\/post"}],"author":[{"embeddable":true,"href":"https:\/\/portaltela.pt\/api\/wp\/v2\/users\/2"}],"replies":[{"embeddable":true,"href":"https:\/\/portaltela.pt\/api\/wp\/v2\/comments?post=168668"}],"version-history":[{"count":0,"href":"https:\/\/portaltela.pt\/api\/wp\/v2\/posts\/168668\/revisions"}],"wp:featuredmedia":[{"embeddable":true,"href":"https:\/\/portaltela.pt\/api\/wp\/v2\/media\/168669"}],"wp:attachment":[{"href":"https:\/\/portaltela.pt\/api\/wp\/v2\/media?parent=168668"}],"wp:term":[{"taxonomy":"category","embeddable":true,"href":"https:\/\/portaltela.pt\/api\/wp\/v2\/categories?post=168668"},{"taxonomy":"post_tag","embeddable":true,"href":"https:\/\/portaltela.pt\/api\/wp\/v2\/tags?post=168668"}],"curies":[{"name":"wp","href":"https:\/\/api.w.org\/{rel}","templated":true}]}}