{"id":168649,"date":"2026-01-23T19:07:00","date_gmt":"2026-01-23T22:07:00","guid":{"rendered":"https:\/\/portaltela.pt\/noticias\/2026\/01\/23\/joao-cotrim-de-figueiredo-lanca-movimento-civico-apartidario\/"},"modified":"2026-01-23T19:07:00","modified_gmt":"2026-01-23T22:07:00","slug":"joao-cotrim-de-figueiredo-lanca-movimento-civico-apartidario","status":"publish","type":"post","link":"https:\/\/portaltela.pt\/noticias\/politica\/2026\/01\/23\/joao-cotrim-de-figueiredo-lanca-movimento-civico-apartidario\/","title":{"rendered":"Jo\u00e3o Cotrim de Figueiredo lan\u00e7a movimento c\u00edvico apartid\u00e1rio"},"content":{"rendered":"<p>Jo\u00e3o Cotrim de Figueiredo anunciou esta sexta-feira a cria\u00e7\u00e3o de um movimento c\u00edvico apelidado 2031, que afirma ser apartid\u00e1rio. A iniciativa surge depois de ficar em terceiro lugar na primeira volta das elei\u00e7\u00f5es presidenciais.<\/p>\n<p>O objetivo do movimento \u00e9 congregar vontades de diversos apoios pol\u00edticos e participar no debate p\u00fablico, explicou o fundador em entrevista \u00e0 SIC Not\u00edcias. Disse ainda que n\u00e3o quer que os votos de quem o apoiou fiquem sem espa\u00e7o.<\/p>\n<p>Cotrim de Figueiredo sublinhou que n\u00e3o \u00e9 dono dos votos dos eleitores que o puderam apoiar e comentou a segunda volta. Considerou a escolha p\u00e9ssima para os portugueses entre Seguro e Ventura e deixou claro que n\u00e3o vota em Andr\u00e9 Ventura, sem indicar se votar\u00e1 em branco ou em Ant\u00f3nio Jos\u00e9 Seguro.<\/p>\n<h3>Contexto eleitoral<\/h3>\n<p>O an\u00fancio ocorre ap\u00f3s o candidato apoiado pela Iniciativa Liberal na corrida a Bel\u00e9m ter dito que n\u00e3o iria recomendar o voto em nenhum dos candidatos da segunda volta e que os portugueses enfrentariam uma escolha dif\u00edcil entre Seguro e Ventura.<\/p>\n<p>O candidato referiu ainda um apelo feito a Lu\u00eds Montenegro para apoiar a sua candidatura em vez de Marques Mendes. Acrescentou que Montenegro n\u00e3o correspondeu ao legado de Francisco S\u00e1 Carneiro, o que motivou o seu coment\u00e1rio p\u00fablico.<\/p>\n<p>O candidato presidencial n\u00e3o avan\u00e7ou \u00e0 segunda volta, que ser\u00e1 disputada entre Andr\u00e9 Ventura e Ant\u00f3nio Jos\u00e9 Seguro.<\/p>\n","protected":false},"excerpt":{"rendered":"<ul>\n<li>Jo\u00e3o Cotrim de Figueiredo anunciou, nesta sexta-feira, a cria\u00e7\u00e3o do movimento c\u00edvico 2031, que se diz apartid\u00e1rio.<\/li>\n<li>O objetivo do movimento \u00e9 congregar vontades e participar no debate p\u00fablico, sobretudo para quem apoiou a candidatura na primeira volta das presidenciais.<\/li>\n<li>Sobre a segunda volta, o candidato apoiado pela Iniciativa Liberal disse n\u00e3o ser dono dos votos dos eleitores e descreveu a escolha entre Seguro e Ventura como p\u00e9ssima para os portugueses.<\/li>\n<li>declarou que n\u00e3o vai votar em Andr\u00e9 Ventura e n\u00e3o esclareceu se votar\u00e1 em branco ou em Ant\u00f3nio Jos\u00e9 Seguro.<\/li>\n<li>O an\u00fancio acontece ap\u00f3s Cotrim de Figueiredo ter pedido a Lu\u00eds Montenegro que apoiasse a sua candidatura, o que o l\u00edder do PSD n\u00e3o aceitou, segundo o pr\u00f3prio candidato.<\/li>\n<\/ul>\n","protected":false},"author":2,"featured_media":168655,"comment_status":"closed","ping_status":"closed","sticky":false,"template":"","format":"standard","meta":{"footnotes":""},"categories":[1,5],"tags":[3423,68,3145,1732,2832],"class_list":["post-168649","post","type-post","status-publish","format-standard","has-post-thumbnail","hentry","category-noticias","category-politica","tag-a-iniciativa-liberal","tag-eleicoes","tag-joao-cotrim-de-figueiredo","tag-partidos","tag-politica"],"yoast_head":"<!-- This site is optimized with the Yoast SEO plugin v27.2 - https:\/\/yoast.com\/product\/yoast-seo-wordpress\/ -->\n<title>Jo\u00e3o Cotrim de Figueiredo lan\u00e7a movimento c\u00edvico apartid\u00e1rio - Portal Tela Portugal<\/title>\n<meta name=\"robots\" content=\"index, follow, max-snippet:-1, max-image-preview:large, max-video-preview:-1\" \/>\n<meta property=\"og:locale\" content=\"pt_PT\" \/>\n<meta property=\"og:type\" content=\"article\" \/>\n<meta property=\"og:title\" content=\"Jo\u00e3o Cotrim de Figueiredo lan\u00e7a movimento c\u00edvico apartid\u00e1rio - Portal Tela Portugal\" \/>\n<meta property=\"og:description\" content=\"Jo\u00e3o Cotrim de Figueiredo anunciou, nesta sexta-feira, a cria\u00e7\u00e3o do movimento c\u00edvico 2031, que se diz apartid\u00e1rio. O objetivo do movimento \u00e9 congregar vontades e participar no debate p\u00fablico, sobretudo para quem apoiou a candidatura na primeira volta das presidenciais. Sobre a segunda volta, o candidato apoiado pela Iniciativa Liberal disse n\u00e3o ser dono dos votos dos eleitores e descreveu a escolha entre Seguro e Ventura como p\u00e9ssima para os portugueses. declarou que n\u00e3o vai votar em Andr\u00e9 Ventura e n\u00e3o esclareceu se votar\u00e1 em branco ou em Ant\u00f3nio Jos\u00e9 Seguro. O an\u00fancio acontece ap\u00f3s Cotrim de Figueiredo ter pedido a Lu\u00eds Montenegro que apoiasse a sua candidatura, o que o l\u00edder do PSD n\u00e3o aceitou, segundo o pr\u00f3prio candidato.\" \/>\n<meta property=\"og:url\" content=\"https:\/\/portaltela.pt\/noticias\/2026\/01\/23\/joao-cotrim-de-figueiredo-lanca-movimento-civico-apartidario\/\" \/>\n<meta property=\"og:site_name\" content=\"Portal Tela Portugal\" \/>\n<meta property=\"article:published_time\" content=\"2026-01-23T22:07:00+00:00\" \/>\n<meta name=\"author\" content=\"Telinha\" \/>\n<meta name=\"twitter:card\" content=\"summary_large_image\" \/>\n<meta name=\"twitter:label1\" content=\"Escrito por\" \/>\n\t<meta name=\"twitter:data1\" content=\"Telinha\" \/>\n\t<meta name=\"twitter:label2\" content=\"Tempo estimado de leitura\" \/>\n\t<meta name=\"twitter:data2\" content=\"1 minuto\" \/>\n<script type=\"application\/ld+json\" class=\"yoast-schema-graph\">{\"@context\":\"https:\/\/schema.org\",\"@graph\":[{\"@type\":\"Article\",\"@id\":\"https:\/\/portaltela.pt\/noticias\/2026\/01\/23\/joao-cotrim-de-figueiredo-lanca-movimento-civico-apartidario\/#article\",\"isPartOf\":{\"@id\":\"https:\/\/portaltela.pt\/noticias\/2026\/01\/23\/joao-cotrim-de-figueiredo-lanca-movimento-civico-apartidario\/\"},\"author\":{\"name\":\"Telinha\",\"@id\":\"https:\/\/portaltela.pt\/#\/schema\/person\/c4278d4a6028830caff9ee44b42d32ed\"},\"headline\":\"Jo\u00e3o Cotrim de Figueiredo lan\u00e7a movimento c\u00edvico apartid\u00e1rio\",\"datePublished\":\"2026-01-23T22:07:00+00:00\",\"mainEntityOfPage\":{\"@id\":\"https:\/\/portaltela.pt\/noticias\/2026\/01\/23\/joao-cotrim-de-figueiredo-lanca-movimento-civico-apartidario\/\"},\"wordCount\":257,\"image\":{\"@id\":\"https:\/\/portaltela.pt\/noticias\/2026\/01\/23\/joao-cotrim-de-figueiredo-lanca-movimento-civico-apartidario\/#primaryimage\"},\"thumbnailUrl\":\"https:\/\/portaltela.pt\/s.01k8rhncp4jt1\/2026\/01\/img_1500x1000uu2026-01-13-11-34-00-2259791-3.jpg\",\"keywords\":[\"A Iniciativa Liberal\",\"elei\u00e7\u00f5es\",\"Jo\u00e3o Cotrim de Figueiredo\",\"partidos\",\"pol\u00edtica\"],\"articleSection\":[\"Not\u00edcias\",\"Pol\u00edtica\"],\"inLanguage\":\"pt-PT\"},{\"@type\":\"WebPage\",\"@id\":\"https:\/\/portaltela.pt\/noticias\/2026\/01\/23\/joao-cotrim-de-figueiredo-lanca-movimento-civico-apartidario\/\",\"url\":\"https:\/\/portaltela.pt\/noticias\/2026\/01\/23\/joao-cotrim-de-figueiredo-lanca-movimento-civico-apartidario\/\",\"name\":\"Jo\u00e3o Cotrim de Figueiredo lan\u00e7a movimento c\u00edvico apartid\u00e1rio - Portal Tela Portugal\",\"isPartOf\":{\"@id\":\"https:\/\/portaltela.pt\/#website\"},\"primaryImageOfPage\":{\"@id\":\"https:\/\/portaltela.pt\/noticias\/2026\/01\/23\/joao-cotrim-de-figueiredo-lanca-movimento-civico-apartidario\/#primaryimage\"},\"image\":{\"@id\":\"https:\/\/portaltela.pt\/noticias\/2026\/01\/23\/joao-cotrim-de-figueiredo-lanca-movimento-civico-apartidario\/#primaryimage\"},\"thumbnailUrl\":\"https:\/\/portaltela.pt\/s.01k8rhncp4jt1\/2026\/01\/img_1500x1000uu2026-01-13-11-34-00-2259791-3.jpg\",\"datePublished\":\"2026-01-23T22:07:00+00:00\",\"author\":{\"@id\":\"https:\/\/portaltela.pt\/#\/schema\/person\/c4278d4a6028830caff9ee44b42d32ed\"},\"breadcrumb\":{\"@id\":\"https:\/\/portaltela.pt\/noticias\/2026\/01\/23\/joao-cotrim-de-figueiredo-lanca-movimento-civico-apartidario\/#breadcrumb\"},\"inLanguage\":\"pt-PT\",\"potentialAction\":[{\"@type\":\"ReadAction\",\"target\":[\"https:\/\/portaltela.pt\/noticias\/2026\/01\/23\/joao-cotrim-de-figueiredo-lanca-movimento-civico-apartidario\/\"]}]},{\"@type\":\"ImageObject\",\"inLanguage\":\"pt-PT\",\"@id\":\"https:\/\/portaltela.pt\/noticias\/2026\/01\/23\/joao-cotrim-de-figueiredo-lanca-movimento-civico-apartidario\/#primaryimage\",\"url\":\"https:\/\/portaltela.pt\/s.01k8rhncp4jt1\/2026\/01\/img_1500x1000uu2026-01-13-11-34-00-2259791-3.jpg\",\"contentUrl\":\"https:\/\/portaltela.pt\/s.01k8rhncp4jt1\/2026\/01\/img_1500x1000uu2026-01-13-11-34-00-2259791-3.jpg\",\"width\":796,\"height\":448,\"caption\":\"Jo\u00e3o Cotrim de Figueiredo\"},{\"@type\":\"BreadcrumbList\",\"@id\":\"https:\/\/portaltela.pt\/noticias\/2026\/01\/23\/joao-cotrim-de-figueiredo-lanca-movimento-civico-apartidario\/#breadcrumb\",\"itemListElement\":[{\"@type\":\"ListItem\",\"position\":1,\"name\":\"In\u00edcio\",\"item\":\"https:\/\/portaltela.pt\/\"},{\"@type\":\"ListItem\",\"position\":2,\"name\":\"Jo\u00e3o Cotrim de Figueiredo lan\u00e7a movimento c\u00edvico apartid\u00e1rio\"}]},{\"@type\":\"WebSite\",\"@id\":\"https:\/\/portaltela.pt\/#website\",\"url\":\"https:\/\/portaltela.pt\/\",\"name\":\"Portal Tela Portugal\",\"description\":\"\",\"potentialAction\":[{\"@type\":\"SearchAction\",\"target\":{\"@type\":\"EntryPoint\",\"urlTemplate\":\"https:\/\/portaltela.pt\/?s={search_term_string}\"},\"query-input\":{\"@type\":\"PropertyValueSpecification\",\"valueRequired\":true,\"valueName\":\"search_term_string\"}}],\"inLanguage\":\"pt-PT\"},{\"@type\":\"Person\",\"@id\":\"https:\/\/portaltela.pt\/#\/schema\/person\/c4278d4a6028830caff9ee44b42d32ed\",\"name\":\"Telinha\",\"image\":{\"@type\":\"ImageObject\",\"inLanguage\":\"pt-PT\",\"@id\":\"https:\/\/portaltela.pt\/s.01k8rhncp4jt1\/2025\/11\/talking-bot-125x125.png\",\"url\":\"https:\/\/portaltela.pt\/s.01k8rhncp4jt1\/2025\/11\/talking-bot-125x125.png\",\"contentUrl\":\"https:\/\/portaltela.pt\/s.01k8rhncp4jt1\/2025\/11\/talking-bot-125x125.png\",\"caption\":\"Telinha\"},\"sameAs\":[\"https:\/\/portaltela.pt\/\"],\"url\":\"https:\/\/portaltela.pt\/por\/367410592786\/\"}]}<\/script>\n<!-- \/ Yoast SEO plugin. -->","yoast_head_json":{"title":"Jo\u00e3o Cotrim de Figueiredo lan\u00e7a movimento c\u00edvico apartid\u00e1rio - Portal Tela Portugal","robots":{"index":"index","follow":"follow","max-snippet":"max-snippet:-1","max-image-preview":"max-image-preview:large","max-video-preview":"max-video-preview:-1"},"og_locale":"pt_PT","og_type":"article","og_title":"Jo\u00e3o Cotrim de Figueiredo lan\u00e7a movimento c\u00edvico apartid\u00e1rio - Portal Tela Portugal","og_description":"Jo\u00e3o Cotrim de Figueiredo anunciou, nesta sexta-feira, a cria\u00e7\u00e3o do movimento c\u00edvico 2031, que se diz apartid\u00e1rio. O objetivo do movimento \u00e9 congregar vontades e participar no debate p\u00fablico, sobretudo para quem apoiou a candidatura na primeira volta das presidenciais. Sobre a segunda volta, o candidato apoiado pela Iniciativa Liberal disse n\u00e3o ser dono dos votos dos eleitores e descreveu a escolha entre Seguro e Ventura como p\u00e9ssima para os portugueses. declarou que n\u00e3o vai votar em Andr\u00e9 Ventura e n\u00e3o esclareceu se votar\u00e1 em branco ou em Ant\u00f3nio Jos\u00e9 Seguro. O an\u00fancio acontece ap\u00f3s Cotrim de Figueiredo ter pedido a Lu\u00eds Montenegro que apoiasse a sua candidatura, o que o l\u00edder do PSD n\u00e3o aceitou, segundo o pr\u00f3prio candidato.","og_url":"https:\/\/portaltela.pt\/noticias\/2026\/01\/23\/joao-cotrim-de-figueiredo-lanca-movimento-civico-apartidario\/","og_site_name":"Portal Tela Portugal","article_published_time":"2026-01-23T22:07:00+00:00","author":"Telinha","twitter_card":"summary_large_image","twitter_misc":{"Escrito por":"Telinha","Tempo estimado de leitura":"1 minuto"},"schema":{"@context":"https:\/\/schema.org","@graph":[{"@type":"Article","@id":"https:\/\/portaltela.pt\/noticias\/2026\/01\/23\/joao-cotrim-de-figueiredo-lanca-movimento-civico-apartidario\/#article","isPartOf":{"@id":"https:\/\/portaltela.pt\/noticias\/2026\/01\/23\/joao-cotrim-de-figueiredo-lanca-movimento-civico-apartidario\/"},"author":{"name":"Telinha","@id":"https:\/\/portaltela.pt\/#\/schema\/person\/c4278d4a6028830caff9ee44b42d32ed"},"headline":"Jo\u00e3o Cotrim de Figueiredo lan\u00e7a movimento c\u00edvico apartid\u00e1rio","datePublished":"2026-01-23T22:07:00+00:00","mainEntityOfPage":{"@id":"https:\/\/portaltela.pt\/noticias\/2026\/01\/23\/joao-cotrim-de-figueiredo-lanca-movimento-civico-apartidario\/"},"wordCount":257,"image":{"@id":"https:\/\/portaltela.pt\/noticias\/2026\/01\/23\/joao-cotrim-de-figueiredo-lanca-movimento-civico-apartidario\/#primaryimage"},"thumbnailUrl":"https:\/\/portaltela.pt\/s.01k8rhncp4jt1\/2026\/01\/img_1500x1000uu2026-01-13-11-34-00-2259791-3.jpg","keywords":["A Iniciativa Liberal","elei\u00e7\u00f5es","Jo\u00e3o Cotrim de Figueiredo","partidos","pol\u00edtica"],"articleSection":["Not\u00edcias","Pol\u00edtica"],"inLanguage":"pt-PT"},{"@type":"WebPage","@id":"https:\/\/portaltela.pt\/noticias\/2026\/01\/23\/joao-cotrim-de-figueiredo-lanca-movimento-civico-apartidario\/","url":"https:\/\/portaltela.pt\/noticias\/2026\/01\/23\/joao-cotrim-de-figueiredo-lanca-movimento-civico-apartidario\/","name":"Jo\u00e3o Cotrim de Figueiredo lan\u00e7a movimento c\u00edvico apartid\u00e1rio - Portal Tela Portugal","isPartOf":{"@id":"https:\/\/portaltela.pt\/#website"},"primaryImageOfPage":{"@id":"https:\/\/portaltela.pt\/noticias\/2026\/01\/23\/joao-cotrim-de-figueiredo-lanca-movimento-civico-apartidario\/#primaryimage"},"image":{"@id":"https:\/\/portaltela.pt\/noticias\/2026\/01\/23\/joao-cotrim-de-figueiredo-lanca-movimento-civico-apartidario\/#primaryimage"},"thumbnailUrl":"https:\/\/portaltela.pt\/s.01k8rhncp4jt1\/2026\/01\/img_1500x1000uu2026-01-13-11-34-00-2259791-3.jpg","datePublished":"2026-01-23T22:07:00+00:00","author":{"@id":"https:\/\/portaltela.pt\/#\/schema\/person\/c4278d4a6028830caff9ee44b42d32ed"},"breadcrumb":{"@id":"https:\/\/portaltela.pt\/noticias\/2026\/01\/23\/joao-cotrim-de-figueiredo-lanca-movimento-civico-apartidario\/#breadcrumb"},"inLanguage":"pt-PT","potentialAction":[{"@type":"ReadAction","target":["https:\/\/portaltela.pt\/noticias\/2026\/01\/23\/joao-cotrim-de-figueiredo-lanca-movimento-civico-apartidario\/"]}]},{"@type":"ImageObject","inLanguage":"pt-PT","@id":"https:\/\/portaltela.pt\/noticias\/2026\/01\/23\/joao-cotrim-de-figueiredo-lanca-movimento-civico-apartidario\/#primaryimage","url":"https:\/\/portaltela.pt\/s.01k8rhncp4jt1\/2026\/01\/img_1500x1000uu2026-01-13-11-34-00-2259791-3.jpg","contentUrl":"https:\/\/portaltela.pt\/s.01k8rhncp4jt1\/2026\/01\/img_1500x1000uu2026-01-13-11-34-00-2259791-3.jpg","width":796,"height":448,"caption":"Jo\u00e3o Cotrim de Figueiredo"},{"@type":"BreadcrumbList","@id":"https:\/\/portaltela.pt\/noticias\/2026\/01\/23\/joao-cotrim-de-figueiredo-lanca-movimento-civico-apartidario\/#breadcrumb","itemListElement":[{"@type":"ListItem","position":1,"name":"In\u00edcio","item":"https:\/\/portaltela.pt\/"},{"@type":"ListItem","position":2,"name":"Jo\u00e3o Cotrim de Figueiredo lan\u00e7a movimento c\u00edvico apartid\u00e1rio"}]},{"@type":"WebSite","@id":"https:\/\/portaltela.pt\/#website","url":"https:\/\/portaltela.pt\/","name":"Portal Tela Portugal","description":"","potentialAction":[{"@type":"SearchAction","target":{"@type":"EntryPoint","urlTemplate":"https:\/\/portaltela.pt\/?s={search_term_string}"},"query-input":{"@type":"PropertyValueSpecification","valueRequired":true,"valueName":"search_term_string"}}],"inLanguage":"pt-PT"},{"@type":"Person","@id":"https:\/\/portaltela.pt\/#\/schema\/person\/c4278d4a6028830caff9ee44b42d32ed","name":"Telinha","image":{"@type":"ImageObject","inLanguage":"pt-PT","@id":"https:\/\/portaltela.pt\/s.01k8rhncp4jt1\/2025\/11\/talking-bot-125x125.png","url":"https:\/\/portaltela.pt\/s.01k8rhncp4jt1\/2025\/11\/talking-bot-125x125.png","contentUrl":"https:\/\/portaltela.pt\/s.01k8rhncp4jt1\/2025\/11\/talking-bot-125x125.png","caption":"Telinha"},"sameAs":["https:\/\/portaltela.pt\/"],"url":"https:\/\/portaltela.pt\/por\/367410592786\/"}]}},"_links":{"self":[{"href":"https:\/\/portaltela.pt\/api\/wp\/v2\/posts\/168649","targetHints":{"allow":["GET"]}}],"collection":[{"href":"https:\/\/portaltela.pt\/api\/wp\/v2\/posts"}],"about":[{"href":"https:\/\/portaltela.pt\/api\/wp\/v2\/types\/post"}],"author":[{"embeddable":true,"href":"https:\/\/portaltela.pt\/api\/wp\/v2\/users\/2"}],"replies":[{"embeddable":true,"href":"https:\/\/portaltela.pt\/api\/wp\/v2\/comments?post=168649"}],"version-history":[{"count":0,"href":"https:\/\/portaltela.pt\/api\/wp\/v2\/posts\/168649\/revisions"}],"wp:featuredmedia":[{"embeddable":true,"href":"https:\/\/portaltela.pt\/api\/wp\/v2\/media\/168655"}],"wp:attachment":[{"href":"https:\/\/portaltela.pt\/api\/wp\/v2\/media?parent=168649"}],"wp:term":[{"taxonomy":"category","embeddable":true,"href":"https:\/\/portaltela.pt\/api\/wp\/v2\/categories?post=168649"},{"taxonomy":"post_tag","embeddable":true,"href":"https:\/\/portaltela.pt\/api\/wp\/v2\/tags?post=168649"}],"curies":[{"name":"wp","href":"https:\/\/api.w.org\/{rel}","templated":true}]}}