{"id":168618,"date":"2026-01-23T18:47:00","date_gmt":"2026-01-23T21:47:00","guid":{"rendered":"https:\/\/portaltela.pt\/noticias\/2026\/01\/23\/lar-ilegal-em-sintra-investigado-por-maus-tratos-a-idosos\/"},"modified":"2026-01-23T18:47:00","modified_gmt":"2026-01-23T21:47:00","slug":"lar-ilegal-em-sintra-investigado-por-maus-tratos-a-idosos","status":"publish","type":"post","link":"https:\/\/portaltela.pt\/noticias\/2026\/01\/23\/lar-ilegal-em-sintra-investigado-por-maus-tratos-a-idosos\/","title":{"rendered":"Lar ilegal em Sintra investigado por maus-tratos a idosos"},"content":{"rendered":"<p>O Minist\u00e9rio P\u00fablico abriu um inqu\u00e9rito para investigar maus-tratos a idosos ocorridos num lar ilegal em Catribana, Sintra. Imagens do programa Prova dos Factos, da RTP, mostram utentes amarrados \u00e0s camas e com fezes no colch\u00e3o, sugerindo falta de cuidados. A den\u00fancia tamb\u00e9m aponta para o encaminhamento de doentes do Hospital Amadora-Sintra para a estrutura, que n\u00e3o possui autoriza\u00e7\u00e3o para funcionar.<\/p>\n<p>A propriet\u00e1ria do lar nega os maus-tratos e a neglig\u00eancia. Cristina Fernandes admite que a unidade funciona sem alvar\u00e1 e recusa a interven\u00e7\u00e3o das fam\u00edlias no encaminhamento de pacientes pelo hospital.<\/p>\n<h3>Investiga\u00e7\u00e3o em curso<\/h3>\n<p>O Minist\u00e9rio P\u00fablico confirmou o inqu\u00e9rito, com foco na eventual viola\u00e7\u00e3o de normas de prote\u00e7\u00e3o de idosos e na legalidade da atividade da institui\u00e7\u00e3o. O caso envolve ainda a avalia\u00e7\u00e3o de procedimentos cl\u00ednicos praticados aos pacientes internados.<\/p>\n<p>A propriet\u00e1ria afirma que n\u00e3o houve encaminhamentos de doentes sem consentimento familiar e que a estrutura, embora sem licen\u00e7a, n\u00e3o opera com inten\u00e7\u00e3o de prejudicar os utentes. As autoridades n\u00e3o avan\u00e7aram com mais detalhes sobre dilig\u00eancias em curso.<\/p>\n","protected":false},"excerpt":{"rendered":"<ul>\n<li>O Minist\u00e9rio P\u00fablico investiga maus-tratos a idosos num lar ilegal em Catribana, Sintra, ap\u00f3s imagens da RTP mostrarem utentes amarrados \u00e0s camas e com fezes no colch\u00e3o.<\/li>\n<li>A den\u00fancia aponta tamb\u00e9m para o encaminhamento de doentes internados no Hospital Amadora-Sintra para a estrutura, apesar de n\u00e3o ter autoriza\u00e7\u00e3o para funcionar.<\/li>\n<li>Cristina Fernandes, propriet\u00e1ria do lar, nega maus-tratos ou neglig\u00eancia e admite funcionar sem alvar\u00e1.<\/li>\n<li>A propriet\u00e1ria afirma que o hospital encaminha doentes sem interven\u00e7\u00e3o das fam\u00edlias.<\/li>\n<li>O MP abriu um inqu\u00e9rito para apurar os factos.<\/li>\n<\/ul>\n","protected":false},"author":2,"featured_media":168622,"comment_status":"closed","ping_status":"closed","sticky":false,"template":"","format":"standard","meta":{"footnotes":""},"categories":[1],"tags":[237,217,173,1110],"class_list":["post-168618","post","type-post","status-publish","format-standard","has-post-thumbnail","hentry","category-noticias","tag-abuso-de-maiores-dependentes","tag-investigacao-criminal","tag-protecao-social","tag-sintra"],"yoast_head":"<!-- This site is optimized with the Yoast SEO plugin v27.2 - https:\/\/yoast.com\/product\/yoast-seo-wordpress\/ -->\n<title>Lar ilegal em Sintra investigado por maus-tratos a idosos - Portal Tela Portugal<\/title>\n<meta name=\"robots\" content=\"index, follow, max-snippet:-1, max-image-preview:large, max-video-preview:-1\" \/>\n<meta property=\"og:locale\" content=\"pt_PT\" \/>\n<meta property=\"og:type\" content=\"article\" \/>\n<meta property=\"og:title\" content=\"Lar ilegal em Sintra investigado por maus-tratos a idosos - Portal Tela Portugal\" \/>\n<meta property=\"og:description\" content=\"O Minist\u00e9rio P\u00fablico investiga maus-tratos a idosos num lar ilegal em Catribana, Sintra, ap\u00f3s imagens da RTP mostrarem utentes amarrados \u00e0s camas e com fezes no colch\u00e3o. A den\u00fancia aponta tamb\u00e9m para o encaminhamento de doentes internados no Hospital Amadora-Sintra para a estrutura, apesar de n\u00e3o ter autoriza\u00e7\u00e3o para funcionar. Cristina Fernandes, propriet\u00e1ria do lar, nega maus-tratos ou neglig\u00eancia e admite funcionar sem alvar\u00e1. A propriet\u00e1ria afirma que o hospital encaminha doentes sem interven\u00e7\u00e3o das fam\u00edlias. O MP abriu um inqu\u00e9rito para apurar os factos.\" \/>\n<meta property=\"og:url\" content=\"https:\/\/portaltela.pt\/noticias\/2026\/01\/23\/lar-ilegal-em-sintra-investigado-por-maus-tratos-a-idosos\/\" \/>\n<meta property=\"og:site_name\" content=\"Portal Tela Portugal\" \/>\n<meta property=\"article:published_time\" content=\"2026-01-23T21:47:00+00:00\" \/>\n<meta name=\"author\" content=\"Telinha\" \/>\n<meta name=\"twitter:card\" content=\"summary_large_image\" \/>\n<meta name=\"twitter:label1\" content=\"Escrito por\" \/>\n\t<meta name=\"twitter:data1\" content=\"Telinha\" \/>\n\t<meta name=\"twitter:label2\" content=\"Tempo estimado de leitura\" \/>\n\t<meta name=\"twitter:data2\" content=\"1 minuto\" \/>\n<script type=\"application\/ld+json\" class=\"yoast-schema-graph\">{\"@context\":\"https:\/\/schema.org\",\"@graph\":[{\"@type\":\"Article\",\"@id\":\"https:\/\/portaltela.pt\/noticias\/2026\/01\/23\/lar-ilegal-em-sintra-investigado-por-maus-tratos-a-idosos\/#article\",\"isPartOf\":{\"@id\":\"https:\/\/portaltela.pt\/noticias\/2026\/01\/23\/lar-ilegal-em-sintra-investigado-por-maus-tratos-a-idosos\/\"},\"author\":{\"name\":\"Telinha\",\"@id\":\"https:\/\/portaltela.pt\/#\/schema\/person\/c4278d4a6028830caff9ee44b42d32ed\"},\"headline\":\"Lar ilegal em Sintra investigado por maus-tratos a idosos\",\"datePublished\":\"2026-01-23T21:47:00+00:00\",\"mainEntityOfPage\":{\"@id\":\"https:\/\/portaltela.pt\/noticias\/2026\/01\/23\/lar-ilegal-em-sintra-investigado-por-maus-tratos-a-idosos\/\"},\"wordCount\":208,\"image\":{\"@id\":\"https:\/\/portaltela.pt\/noticias\/2026\/01\/23\/lar-ilegal-em-sintra-investigado-por-maus-tratos-a-idosos\/#primaryimage\"},\"thumbnailUrl\":\"https:\/\/portaltela.pt\/s.01k8rhncp4jt1\/2026\/01\/image-1590.jpg\",\"keywords\":[\"abuso de maiores dependentes\",\"investiga\u00e7\u00e3o criminal\",\"prote\u00e7\u00e3o social\",\"Sintra\"],\"articleSection\":[\"Not\u00edcias\"],\"inLanguage\":\"pt-PT\"},{\"@type\":\"WebPage\",\"@id\":\"https:\/\/portaltela.pt\/noticias\/2026\/01\/23\/lar-ilegal-em-sintra-investigado-por-maus-tratos-a-idosos\/\",\"url\":\"https:\/\/portaltela.pt\/noticias\/2026\/01\/23\/lar-ilegal-em-sintra-investigado-por-maus-tratos-a-idosos\/\",\"name\":\"Lar ilegal em Sintra investigado por maus-tratos a idosos - Portal Tela Portugal\",\"isPartOf\":{\"@id\":\"https:\/\/portaltela.pt\/#website\"},\"primaryImageOfPage\":{\"@id\":\"https:\/\/portaltela.pt\/noticias\/2026\/01\/23\/lar-ilegal-em-sintra-investigado-por-maus-tratos-a-idosos\/#primaryimage\"},\"image\":{\"@id\":\"https:\/\/portaltela.pt\/noticias\/2026\/01\/23\/lar-ilegal-em-sintra-investigado-por-maus-tratos-a-idosos\/#primaryimage\"},\"thumbnailUrl\":\"https:\/\/portaltela.pt\/s.01k8rhncp4jt1\/2026\/01\/image-1590.jpg\",\"datePublished\":\"2026-01-23T21:47:00+00:00\",\"author\":{\"@id\":\"https:\/\/portaltela.pt\/#\/schema\/person\/c4278d4a6028830caff9ee44b42d32ed\"},\"breadcrumb\":{\"@id\":\"https:\/\/portaltela.pt\/noticias\/2026\/01\/23\/lar-ilegal-em-sintra-investigado-por-maus-tratos-a-idosos\/#breadcrumb\"},\"inLanguage\":\"pt-PT\",\"potentialAction\":[{\"@type\":\"ReadAction\",\"target\":[\"https:\/\/portaltela.pt\/noticias\/2026\/01\/23\/lar-ilegal-em-sintra-investigado-por-maus-tratos-a-idosos\/\"]}]},{\"@type\":\"ImageObject\",\"inLanguage\":\"pt-PT\",\"@id\":\"https:\/\/portaltela.pt\/noticias\/2026\/01\/23\/lar-ilegal-em-sintra-investigado-por-maus-tratos-a-idosos\/#primaryimage\",\"url\":\"https:\/\/portaltela.pt\/s.01k8rhncp4jt1\/2026\/01\/image-1590.jpg\",\"contentUrl\":\"https:\/\/portaltela.pt\/s.01k8rhncp4jt1\/2026\/01\/image-1590.jpg\",\"width\":796,\"height\":448,\"caption\":\"Vinte e seis mil euros ser\u00e1 o valor das contraordena\u00e7\u00f5es de que a propriet\u00e1ria do lar foi alvo numa fiscaliza\u00e7\u00e3o da Seguran\u00e7a Social h\u00e1 tr\u00eas anos\"},{\"@type\":\"BreadcrumbList\",\"@id\":\"https:\/\/portaltela.pt\/noticias\/2026\/01\/23\/lar-ilegal-em-sintra-investigado-por-maus-tratos-a-idosos\/#breadcrumb\",\"itemListElement\":[{\"@type\":\"ListItem\",\"position\":1,\"name\":\"In\u00edcio\",\"item\":\"https:\/\/portaltela.pt\/\"},{\"@type\":\"ListItem\",\"position\":2,\"name\":\"Lar ilegal em Sintra investigado por maus-tratos a idosos\"}]},{\"@type\":\"WebSite\",\"@id\":\"https:\/\/portaltela.pt\/#website\",\"url\":\"https:\/\/portaltela.pt\/\",\"name\":\"Portal Tela Portugal\",\"description\":\"\",\"potentialAction\":[{\"@type\":\"SearchAction\",\"target\":{\"@type\":\"EntryPoint\",\"urlTemplate\":\"https:\/\/portaltela.pt\/?s={search_term_string}\"},\"query-input\":{\"@type\":\"PropertyValueSpecification\",\"valueRequired\":true,\"valueName\":\"search_term_string\"}}],\"inLanguage\":\"pt-PT\"},{\"@type\":\"Person\",\"@id\":\"https:\/\/portaltela.pt\/#\/schema\/person\/c4278d4a6028830caff9ee44b42d32ed\",\"name\":\"Telinha\",\"image\":{\"@type\":\"ImageObject\",\"inLanguage\":\"pt-PT\",\"@id\":\"https:\/\/portaltela.pt\/s.01k8rhncp4jt1\/2025\/11\/talking-bot-125x125.png\",\"url\":\"https:\/\/portaltela.pt\/s.01k8rhncp4jt1\/2025\/11\/talking-bot-125x125.png\",\"contentUrl\":\"https:\/\/portaltela.pt\/s.01k8rhncp4jt1\/2025\/11\/talking-bot-125x125.png\",\"caption\":\"Telinha\"},\"sameAs\":[\"https:\/\/portaltela.pt\/\"],\"url\":\"https:\/\/portaltela.pt\/por\/367410592786\/\"}]}<\/script>\n<!-- \/ Yoast SEO plugin. -->","yoast_head_json":{"title":"Lar ilegal em Sintra investigado por maus-tratos a idosos - Portal Tela Portugal","robots":{"index":"index","follow":"follow","max-snippet":"max-snippet:-1","max-image-preview":"max-image-preview:large","max-video-preview":"max-video-preview:-1"},"og_locale":"pt_PT","og_type":"article","og_title":"Lar ilegal em Sintra investigado por maus-tratos a idosos - Portal Tela Portugal","og_description":"O Minist\u00e9rio P\u00fablico investiga maus-tratos a idosos num lar ilegal em Catribana, Sintra, ap\u00f3s imagens da RTP mostrarem utentes amarrados \u00e0s camas e com fezes no colch\u00e3o. A den\u00fancia aponta tamb\u00e9m para o encaminhamento de doentes internados no Hospital Amadora-Sintra para a estrutura, apesar de n\u00e3o ter autoriza\u00e7\u00e3o para funcionar. Cristina Fernandes, propriet\u00e1ria do lar, nega maus-tratos ou neglig\u00eancia e admite funcionar sem alvar\u00e1. A propriet\u00e1ria afirma que o hospital encaminha doentes sem interven\u00e7\u00e3o das fam\u00edlias. O MP abriu um inqu\u00e9rito para apurar os factos.","og_url":"https:\/\/portaltela.pt\/noticias\/2026\/01\/23\/lar-ilegal-em-sintra-investigado-por-maus-tratos-a-idosos\/","og_site_name":"Portal Tela Portugal","article_published_time":"2026-01-23T21:47:00+00:00","author":"Telinha","twitter_card":"summary_large_image","twitter_misc":{"Escrito por":"Telinha","Tempo estimado de leitura":"1 minuto"},"schema":{"@context":"https:\/\/schema.org","@graph":[{"@type":"Article","@id":"https:\/\/portaltela.pt\/noticias\/2026\/01\/23\/lar-ilegal-em-sintra-investigado-por-maus-tratos-a-idosos\/#article","isPartOf":{"@id":"https:\/\/portaltela.pt\/noticias\/2026\/01\/23\/lar-ilegal-em-sintra-investigado-por-maus-tratos-a-idosos\/"},"author":{"name":"Telinha","@id":"https:\/\/portaltela.pt\/#\/schema\/person\/c4278d4a6028830caff9ee44b42d32ed"},"headline":"Lar ilegal em Sintra investigado por maus-tratos a idosos","datePublished":"2026-01-23T21:47:00+00:00","mainEntityOfPage":{"@id":"https:\/\/portaltela.pt\/noticias\/2026\/01\/23\/lar-ilegal-em-sintra-investigado-por-maus-tratos-a-idosos\/"},"wordCount":208,"image":{"@id":"https:\/\/portaltela.pt\/noticias\/2026\/01\/23\/lar-ilegal-em-sintra-investigado-por-maus-tratos-a-idosos\/#primaryimage"},"thumbnailUrl":"https:\/\/portaltela.pt\/s.01k8rhncp4jt1\/2026\/01\/image-1590.jpg","keywords":["abuso de maiores dependentes","investiga\u00e7\u00e3o criminal","prote\u00e7\u00e3o social","Sintra"],"articleSection":["Not\u00edcias"],"inLanguage":"pt-PT"},{"@type":"WebPage","@id":"https:\/\/portaltela.pt\/noticias\/2026\/01\/23\/lar-ilegal-em-sintra-investigado-por-maus-tratos-a-idosos\/","url":"https:\/\/portaltela.pt\/noticias\/2026\/01\/23\/lar-ilegal-em-sintra-investigado-por-maus-tratos-a-idosos\/","name":"Lar ilegal em Sintra investigado por maus-tratos a idosos - Portal Tela Portugal","isPartOf":{"@id":"https:\/\/portaltela.pt\/#website"},"primaryImageOfPage":{"@id":"https:\/\/portaltela.pt\/noticias\/2026\/01\/23\/lar-ilegal-em-sintra-investigado-por-maus-tratos-a-idosos\/#primaryimage"},"image":{"@id":"https:\/\/portaltela.pt\/noticias\/2026\/01\/23\/lar-ilegal-em-sintra-investigado-por-maus-tratos-a-idosos\/#primaryimage"},"thumbnailUrl":"https:\/\/portaltela.pt\/s.01k8rhncp4jt1\/2026\/01\/image-1590.jpg","datePublished":"2026-01-23T21:47:00+00:00","author":{"@id":"https:\/\/portaltela.pt\/#\/schema\/person\/c4278d4a6028830caff9ee44b42d32ed"},"breadcrumb":{"@id":"https:\/\/portaltela.pt\/noticias\/2026\/01\/23\/lar-ilegal-em-sintra-investigado-por-maus-tratos-a-idosos\/#breadcrumb"},"inLanguage":"pt-PT","potentialAction":[{"@type":"ReadAction","target":["https:\/\/portaltela.pt\/noticias\/2026\/01\/23\/lar-ilegal-em-sintra-investigado-por-maus-tratos-a-idosos\/"]}]},{"@type":"ImageObject","inLanguage":"pt-PT","@id":"https:\/\/portaltela.pt\/noticias\/2026\/01\/23\/lar-ilegal-em-sintra-investigado-por-maus-tratos-a-idosos\/#primaryimage","url":"https:\/\/portaltela.pt\/s.01k8rhncp4jt1\/2026\/01\/image-1590.jpg","contentUrl":"https:\/\/portaltela.pt\/s.01k8rhncp4jt1\/2026\/01\/image-1590.jpg","width":796,"height":448,"caption":"Vinte e seis mil euros ser\u00e1 o valor das contraordena\u00e7\u00f5es de que a propriet\u00e1ria do lar foi alvo numa fiscaliza\u00e7\u00e3o da Seguran\u00e7a Social h\u00e1 tr\u00eas anos"},{"@type":"BreadcrumbList","@id":"https:\/\/portaltela.pt\/noticias\/2026\/01\/23\/lar-ilegal-em-sintra-investigado-por-maus-tratos-a-idosos\/#breadcrumb","itemListElement":[{"@type":"ListItem","position":1,"name":"In\u00edcio","item":"https:\/\/portaltela.pt\/"},{"@type":"ListItem","position":2,"name":"Lar ilegal em Sintra investigado por maus-tratos a idosos"}]},{"@type":"WebSite","@id":"https:\/\/portaltela.pt\/#website","url":"https:\/\/portaltela.pt\/","name":"Portal Tela Portugal","description":"","potentialAction":[{"@type":"SearchAction","target":{"@type":"EntryPoint","urlTemplate":"https:\/\/portaltela.pt\/?s={search_term_string}"},"query-input":{"@type":"PropertyValueSpecification","valueRequired":true,"valueName":"search_term_string"}}],"inLanguage":"pt-PT"},{"@type":"Person","@id":"https:\/\/portaltela.pt\/#\/schema\/person\/c4278d4a6028830caff9ee44b42d32ed","name":"Telinha","image":{"@type":"ImageObject","inLanguage":"pt-PT","@id":"https:\/\/portaltela.pt\/s.01k8rhncp4jt1\/2025\/11\/talking-bot-125x125.png","url":"https:\/\/portaltela.pt\/s.01k8rhncp4jt1\/2025\/11\/talking-bot-125x125.png","contentUrl":"https:\/\/portaltela.pt\/s.01k8rhncp4jt1\/2025\/11\/talking-bot-125x125.png","caption":"Telinha"},"sameAs":["https:\/\/portaltela.pt\/"],"url":"https:\/\/portaltela.pt\/por\/367410592786\/"}]}},"_links":{"self":[{"href":"https:\/\/portaltela.pt\/api\/wp\/v2\/posts\/168618","targetHints":{"allow":["GET"]}}],"collection":[{"href":"https:\/\/portaltela.pt\/api\/wp\/v2\/posts"}],"about":[{"href":"https:\/\/portaltela.pt\/api\/wp\/v2\/types\/post"}],"author":[{"embeddable":true,"href":"https:\/\/portaltela.pt\/api\/wp\/v2\/users\/2"}],"replies":[{"embeddable":true,"href":"https:\/\/portaltela.pt\/api\/wp\/v2\/comments?post=168618"}],"version-history":[{"count":0,"href":"https:\/\/portaltela.pt\/api\/wp\/v2\/posts\/168618\/revisions"}],"wp:featuredmedia":[{"embeddable":true,"href":"https:\/\/portaltela.pt\/api\/wp\/v2\/media\/168622"}],"wp:attachment":[{"href":"https:\/\/portaltela.pt\/api\/wp\/v2\/media?parent=168618"}],"wp:term":[{"taxonomy":"category","embeddable":true,"href":"https:\/\/portaltela.pt\/api\/wp\/v2\/categories?post=168618"},{"taxonomy":"post_tag","embeddable":true,"href":"https:\/\/portaltela.pt\/api\/wp\/v2\/tags?post=168618"}],"curies":[{"name":"wp","href":"https:\/\/api.w.org\/{rel}","templated":true}]}}