{"id":168594,"date":"2026-01-23T18:10:00","date_gmt":"2026-01-23T21:10:00","guid":{"rendered":"https:\/\/portaltela.pt\/noticias\/2026\/01\/23\/onu-regressa-ao-terreno-com-familiares-de-membros-do-daesh\/"},"modified":"2026-01-23T18:10:00","modified_gmt":"2026-01-23T21:10:00","slug":"onu-regressa-ao-terreno-com-familiares-de-membros-do-daesh","status":"publish","type":"post","link":"https:\/\/portaltela.pt\/noticias\/politica\/2026\/01\/23\/onu-regressa-ao-terreno-com-familiares-de-membros-do-daesh\/","title":{"rendered":"ONU regressa ao terreno com familiares de membros do Daesh"},"content":{"rendered":"<p>O ACNUR regressou hoje a um campo no nordeste da S\u00edria com milhares de poss\u00edveis familiares de combatentes do Daesh e retomou a distribui\u00e7\u00e3o de ajuda humanit\u00e1ria. A opera\u00e7\u00e3o ocorreu em Al-Hol, ap\u00f3s uma interrup\u00e7\u00e3o causada por quest\u00f5es de seguran\u00e7a.<\/p>\n<p>A equipa da ONU informou, via X, que entrou no campo acompanhada por funcion\u00e1rios do Governo s\u00edrio. O objetivo \u00e9 facilitar a entrega de mantimentos, incluindo p\u00e3o, segundo o alto comissariado.<\/p>\n<p>Segundo a diretora do campo, Jihan Hanna, muitos residentes fugiram durante o caos na regi\u00e3o, e os restantes dispersaram-se pelas vastas instala\u00e7\u00f5es. O campo acolhe 23 mil pessoas, mayoritariamente mulheres e crian\u00e7as s\u00edrias, al\u00e9m de cerca de 8.500 estrangeiras.<\/p>\n<p>Hanna explicou que o tumulto emergiu quando tribos de Al-Hol se insurgiram contra a pol\u00edcia curda. Algumas for\u00e7as que estavam no terreno deslocaram-se para conter a situa\u00e7\u00e3o, permitindo \u00e0 popula\u00e7\u00e3o reagir e fugir.<\/p>\n<p>Os escrit\u00f3rios de v\u00e1rias ONG foram saqueados e incendiados em meio \u00e0 transfer\u00eancia de \u00e1reas sob controlo dos curdos para as for\u00e7as do Governo de Damasco, num contexto de acordo que visa reduzir confrontos recentes.<\/p>\n<p>A retirada das For\u00e7as Democr\u00e1ticas da S\u00edria deixou o campo sem prote\u00e7\u00e3o at\u00e9 a chegada de for\u00e7as do governo, abrindo espa\u00e7o para uma vaga de fugas entre os residentes. O cessar-fogo com as FDS foi anunciado no fim de semana.<\/p>\n<p>O Ex\u00e9rcito s\u00edrio informou ter assumido o controlo da pris\u00e3o de Al-Aqtan, em Raqqa, abrigando cerca de 2.000 combatentes do EI. Isto foi apresentado como um \u201cprimeiro passo\u201d na implementa\u00e7\u00e3o do acordo com as FDS.<\/p>\n<p>As for\u00e7as do Governo indicaram que o acordo prev\u00ea a suspens\u00e3o da ofensiva, a transfer\u00eancia de \u00e1reas sob controlo das FDS para a administra\u00e7\u00e3o central e a integra\u00e7\u00e3o de institui\u00e7\u00f5es e combatentes curdo-\u00e1rabes no Estado s\u00edrio.<\/p>\n<p>Enquanto isso, a pris\u00e3o de Al-Aqtan enfrenta ataques di\u00e1rios de fac\u00e7\u00f5es pr\u00f3ximas do governo, segundo relatos de autoridades curdas s\u00edrias. O cen\u00e1rio permanece inst\u00e1vel na regi\u00e3o nordeste do pa\u00eds.<\/p>\n<p>Os EUA encerraram o apoio militar \u00e0s FDS e transferiram 150 prisioneiros do EI para o Iraque, quarta-feira. Ainda assim, cerca de 7.000 podem ser enviados para instala\u00e7\u00f5es iraquianas, conforme o Comando Central dos EUA.<\/p>\n<p>Damasco e as autoridades curdas s\u00edrias firmaram um entendimento em 10 de mar\u00e7o de 2025 para uma solu\u00e7\u00e3o de zonas autodeclaradas no nordeste. O processo come\u00e7ou ap\u00f3s a queda do regime de Bashar al-Assad e n\u00e3o se concretizou plenamente.<\/p>\n<p>O Governo s\u00edrio continua a expandir acordos de coopera\u00e7\u00e3o com occidentes, enquanto a minoria curda manteve controlo sobre grandes \u00e1reas no norte e nordeste, incluindo recursos energ\u00e9ticos. As negocia\u00e7\u00f5es continuam em aberto.<\/p>\n","protected":false},"excerpt":{"rendered":"<ul>\n<li>A ONU para os Refugiados (ACNUR) regressou a um campo no nordeste da S\u00edria, Al-Hol, com milhares de presum\u00edveis familiares de combatentes do Daesh e retomou a distribui\u00e7\u00e3o de ajuda humanit\u00e1ria.<\/li>\n<li>O ACNUR tinha dito inicialmente que a entrada no campo era impedida por quest\u00f5es de seguran\u00e7a, mas confirmou o regresso acompanhado por funcion\u00e1rios do Governo s\u00edrio.<\/li>\n<li>O campo albergava 23 mil pessoas, principalmente mulheres e crian\u00e7as s\u00edrias, al\u00e9m de cerca de 8.500 estrangeiras; muitos residentes fugiram durante o caos recente.<\/li>\n<li>O caos ocorreu ap\u00f3s tribos de Al-Hol se rebellarem contra a pol\u00edcia curda, levando ao saque e inc\u00eandio de escrit\u00f3rios de organiza\u00e7\u00f5es n\u00e3o-governamentais, num contexto de transfer\u00eancia de \u00e1reas para o Governo de Damasco.<\/li>\n<li>A pris\u00e3o de Al-Aqtan, em Raqqa, que aloja cerca de 2.000 combatentes do Daesh, ficou sob controlo das for\u00e7as do Governo como parte de um cessar-fogo com as For\u00e7as Democr\u00e1ticas da S\u00edria.<\/li>\n<\/ul>\n","protected":false},"author":2,"featured_media":168617,"comment_status":"closed","ping_status":"closed","sticky":false,"template":"","format":"standard","meta":{"footnotes":""},"categories":[1,5],"tags":[4019,3395,2127,2023,3786,2066],"class_list":["post-168594","post","type-post","status-publish","format-standard","has-post-thumbnail","hentry","category-noticias","category-politica","tag-acnur","tag-daesh","tag-nacoes-unidas","tag-organizacoes-internacionais","tag-refugiados-internos","tag-siria"],"yoast_head":"<!-- This site is optimized with the Yoast SEO plugin v27.2 - https:\/\/yoast.com\/product\/yoast-seo-wordpress\/ -->\n<title>ONU regressa ao terreno com familiares de membros do Daesh - Portal Tela Portugal<\/title>\n<meta name=\"robots\" content=\"index, follow, max-snippet:-1, max-image-preview:large, max-video-preview:-1\" \/>\n<meta property=\"og:locale\" content=\"pt_PT\" \/>\n<meta property=\"og:type\" content=\"article\" \/>\n<meta property=\"og:title\" content=\"ONU regressa ao terreno com familiares de membros do Daesh - Portal Tela Portugal\" \/>\n<meta property=\"og:description\" content=\"A ONU para os Refugiados (ACNUR) regressou a um campo no nordeste da S\u00edria, Al-Hol, com milhares de presum\u00edveis familiares de combatentes do Daesh e retomou a distribui\u00e7\u00e3o de ajuda humanit\u00e1ria. O ACNUR tinha dito inicialmente que a entrada no campo era impedida por quest\u00f5es de seguran\u00e7a, mas confirmou o regresso acompanhado por funcion\u00e1rios do Governo s\u00edrio. O campo albergava 23 mil pessoas, principalmente mulheres e crian\u00e7as s\u00edrias, al\u00e9m de cerca de 8.500 estrangeiras; muitos residentes fugiram durante o caos recente. O caos ocorreu ap\u00f3s tribos de Al-Hol se rebellarem contra a pol\u00edcia curda, levando ao saque e inc\u00eandio de escrit\u00f3rios de organiza\u00e7\u00f5es n\u00e3o-governamentais, num contexto de transfer\u00eancia de \u00e1reas para o Governo de Damasco. A pris\u00e3o de Al-Aqtan, em Raqqa, que aloja cerca de 2.000 combatentes do Daesh, ficou sob controlo das for\u00e7as do Governo como parte de um cessar-fogo com as For\u00e7as Democr\u00e1ticas da S\u00edria.\" \/>\n<meta property=\"og:url\" content=\"https:\/\/portaltela.pt\/noticias\/2026\/01\/23\/onu-regressa-ao-terreno-com-familiares-de-membros-do-daesh\/\" \/>\n<meta property=\"og:site_name\" content=\"Portal Tela Portugal\" \/>\n<meta property=\"article:published_time\" content=\"2026-01-23T21:10:00+00:00\" \/>\n<meta name=\"author\" content=\"Telinha\" \/>\n<meta name=\"twitter:card\" content=\"summary_large_image\" \/>\n<meta name=\"twitter:label1\" content=\"Escrito por\" \/>\n\t<meta name=\"twitter:data1\" content=\"Telinha\" \/>\n\t<meta name=\"twitter:label2\" content=\"Tempo estimado de leitura\" \/>\n\t<meta name=\"twitter:data2\" content=\"2 minutos\" \/>\n<script type=\"application\/ld+json\" class=\"yoast-schema-graph\">{\"@context\":\"https:\/\/schema.org\",\"@graph\":[{\"@type\":\"Article\",\"@id\":\"https:\/\/portaltela.pt\/noticias\/2026\/01\/23\/onu-regressa-ao-terreno-com-familiares-de-membros-do-daesh\/#article\",\"isPartOf\":{\"@id\":\"https:\/\/portaltela.pt\/noticias\/2026\/01\/23\/onu-regressa-ao-terreno-com-familiares-de-membros-do-daesh\/\"},\"author\":{\"name\":\"Telinha\",\"@id\":\"https:\/\/portaltela.pt\/#\/schema\/person\/c4278d4a6028830caff9ee44b42d32ed\"},\"headline\":\"ONU regressa ao terreno com familiares de membros do Daesh\",\"datePublished\":\"2026-01-23T21:10:00+00:00\",\"mainEntityOfPage\":{\"@id\":\"https:\/\/portaltela.pt\/noticias\/2026\/01\/23\/onu-regressa-ao-terreno-com-familiares-de-membros-do-daesh\/\"},\"wordCount\":487,\"image\":{\"@id\":\"https:\/\/portaltela.pt\/noticias\/2026\/01\/23\/onu-regressa-ao-terreno-com-familiares-de-membros-do-daesh\/#primaryimage\"},\"thumbnailUrl\":\"https:\/\/portaltela.pt\/s.01k8rhncp4jt1\/2026\/01\/unnamed-file-4873.jpg\",\"keywords\":[\"ACNUR\",\"Daesh\",\"Na\u00e7\u00f5es Unidas\",\"organiza\u00e7\u00f5es internacionais\",\"refugiados internos\",\"S\u00edria\"],\"articleSection\":[\"Not\u00edcias\",\"Pol\u00edtica\"],\"inLanguage\":\"pt-PT\"},{\"@type\":\"WebPage\",\"@id\":\"https:\/\/portaltela.pt\/noticias\/2026\/01\/23\/onu-regressa-ao-terreno-com-familiares-de-membros-do-daesh\/\",\"url\":\"https:\/\/portaltela.pt\/noticias\/2026\/01\/23\/onu-regressa-ao-terreno-com-familiares-de-membros-do-daesh\/\",\"name\":\"ONU regressa ao terreno com familiares de membros do Daesh - Portal Tela Portugal\",\"isPartOf\":{\"@id\":\"https:\/\/portaltela.pt\/#website\"},\"primaryImageOfPage\":{\"@id\":\"https:\/\/portaltela.pt\/noticias\/2026\/01\/23\/onu-regressa-ao-terreno-com-familiares-de-membros-do-daesh\/#primaryimage\"},\"image\":{\"@id\":\"https:\/\/portaltela.pt\/noticias\/2026\/01\/23\/onu-regressa-ao-terreno-com-familiares-de-membros-do-daesh\/#primaryimage\"},\"thumbnailUrl\":\"https:\/\/portaltela.pt\/s.01k8rhncp4jt1\/2026\/01\/unnamed-file-4873.jpg\",\"datePublished\":\"2026-01-23T21:10:00+00:00\",\"author\":{\"@id\":\"https:\/\/portaltela.pt\/#\/schema\/person\/c4278d4a6028830caff9ee44b42d32ed\"},\"breadcrumb\":{\"@id\":\"https:\/\/portaltela.pt\/noticias\/2026\/01\/23\/onu-regressa-ao-terreno-com-familiares-de-membros-do-daesh\/#breadcrumb\"},\"inLanguage\":\"pt-PT\",\"potentialAction\":[{\"@type\":\"ReadAction\",\"target\":[\"https:\/\/portaltela.pt\/noticias\/2026\/01\/23\/onu-regressa-ao-terreno-com-familiares-de-membros-do-daesh\/\"]}]},{\"@type\":\"ImageObject\",\"inLanguage\":\"pt-PT\",\"@id\":\"https:\/\/portaltela.pt\/noticias\/2026\/01\/23\/onu-regressa-ao-terreno-com-familiares-de-membros-do-daesh\/#primaryimage\",\"url\":\"https:\/\/portaltela.pt\/s.01k8rhncp4jt1\/2026\/01\/unnamed-file-4873.jpg\",\"contentUrl\":\"https:\/\/portaltela.pt\/s.01k8rhncp4jt1\/2026\/01\/unnamed-file-4873.jpg\",\"width\":796,\"height\":448,\"caption\":\"ONU regressa a campo com familiares de membros do Daesh\"},{\"@type\":\"BreadcrumbList\",\"@id\":\"https:\/\/portaltela.pt\/noticias\/2026\/01\/23\/onu-regressa-ao-terreno-com-familiares-de-membros-do-daesh\/#breadcrumb\",\"itemListElement\":[{\"@type\":\"ListItem\",\"position\":1,\"name\":\"In\u00edcio\",\"item\":\"https:\/\/portaltela.pt\/\"},{\"@type\":\"ListItem\",\"position\":2,\"name\":\"ONU regressa ao terreno com familiares de membros do Daesh\"}]},{\"@type\":\"WebSite\",\"@id\":\"https:\/\/portaltela.pt\/#website\",\"url\":\"https:\/\/portaltela.pt\/\",\"name\":\"Portal Tela Portugal\",\"description\":\"\",\"potentialAction\":[{\"@type\":\"SearchAction\",\"target\":{\"@type\":\"EntryPoint\",\"urlTemplate\":\"https:\/\/portaltela.pt\/?s={search_term_string}\"},\"query-input\":{\"@type\":\"PropertyValueSpecification\",\"valueRequired\":true,\"valueName\":\"search_term_string\"}}],\"inLanguage\":\"pt-PT\"},{\"@type\":\"Person\",\"@id\":\"https:\/\/portaltela.pt\/#\/schema\/person\/c4278d4a6028830caff9ee44b42d32ed\",\"name\":\"Telinha\",\"image\":{\"@type\":\"ImageObject\",\"inLanguage\":\"pt-PT\",\"@id\":\"https:\/\/portaltela.pt\/s.01k8rhncp4jt1\/2025\/11\/talking-bot-125x125.png\",\"url\":\"https:\/\/portaltela.pt\/s.01k8rhncp4jt1\/2025\/11\/talking-bot-125x125.png\",\"contentUrl\":\"https:\/\/portaltela.pt\/s.01k8rhncp4jt1\/2025\/11\/talking-bot-125x125.png\",\"caption\":\"Telinha\"},\"sameAs\":[\"https:\/\/portaltela.pt\/\"],\"url\":\"https:\/\/portaltela.pt\/por\/367410592786\/\"}]}<\/script>\n<!-- \/ Yoast SEO plugin. -->","yoast_head_json":{"title":"ONU regressa ao terreno com familiares de membros do Daesh - Portal Tela Portugal","robots":{"index":"index","follow":"follow","max-snippet":"max-snippet:-1","max-image-preview":"max-image-preview:large","max-video-preview":"max-video-preview:-1"},"og_locale":"pt_PT","og_type":"article","og_title":"ONU regressa ao terreno com familiares de membros do Daesh - Portal Tela Portugal","og_description":"A ONU para os Refugiados (ACNUR) regressou a um campo no nordeste da S\u00edria, Al-Hol, com milhares de presum\u00edveis familiares de combatentes do Daesh e retomou a distribui\u00e7\u00e3o de ajuda humanit\u00e1ria. O ACNUR tinha dito inicialmente que a entrada no campo era impedida por quest\u00f5es de seguran\u00e7a, mas confirmou o regresso acompanhado por funcion\u00e1rios do Governo s\u00edrio. O campo albergava 23 mil pessoas, principalmente mulheres e crian\u00e7as s\u00edrias, al\u00e9m de cerca de 8.500 estrangeiras; muitos residentes fugiram durante o caos recente. O caos ocorreu ap\u00f3s tribos de Al-Hol se rebellarem contra a pol\u00edcia curda, levando ao saque e inc\u00eandio de escrit\u00f3rios de organiza\u00e7\u00f5es n\u00e3o-governamentais, num contexto de transfer\u00eancia de \u00e1reas para o Governo de Damasco. A pris\u00e3o de Al-Aqtan, em Raqqa, que aloja cerca de 2.000 combatentes do Daesh, ficou sob controlo das for\u00e7as do Governo como parte de um cessar-fogo com as For\u00e7as Democr\u00e1ticas da S\u00edria.","og_url":"https:\/\/portaltela.pt\/noticias\/2026\/01\/23\/onu-regressa-ao-terreno-com-familiares-de-membros-do-daesh\/","og_site_name":"Portal Tela Portugal","article_published_time":"2026-01-23T21:10:00+00:00","author":"Telinha","twitter_card":"summary_large_image","twitter_misc":{"Escrito por":"Telinha","Tempo estimado de leitura":"2 minutos"},"schema":{"@context":"https:\/\/schema.org","@graph":[{"@type":"Article","@id":"https:\/\/portaltela.pt\/noticias\/2026\/01\/23\/onu-regressa-ao-terreno-com-familiares-de-membros-do-daesh\/#article","isPartOf":{"@id":"https:\/\/portaltela.pt\/noticias\/2026\/01\/23\/onu-regressa-ao-terreno-com-familiares-de-membros-do-daesh\/"},"author":{"name":"Telinha","@id":"https:\/\/portaltela.pt\/#\/schema\/person\/c4278d4a6028830caff9ee44b42d32ed"},"headline":"ONU regressa ao terreno com familiares de membros do Daesh","datePublished":"2026-01-23T21:10:00+00:00","mainEntityOfPage":{"@id":"https:\/\/portaltela.pt\/noticias\/2026\/01\/23\/onu-regressa-ao-terreno-com-familiares-de-membros-do-daesh\/"},"wordCount":487,"image":{"@id":"https:\/\/portaltela.pt\/noticias\/2026\/01\/23\/onu-regressa-ao-terreno-com-familiares-de-membros-do-daesh\/#primaryimage"},"thumbnailUrl":"https:\/\/portaltela.pt\/s.01k8rhncp4jt1\/2026\/01\/unnamed-file-4873.jpg","keywords":["ACNUR","Daesh","Na\u00e7\u00f5es Unidas","organiza\u00e7\u00f5es internacionais","refugiados internos","S\u00edria"],"articleSection":["Not\u00edcias","Pol\u00edtica"],"inLanguage":"pt-PT"},{"@type":"WebPage","@id":"https:\/\/portaltela.pt\/noticias\/2026\/01\/23\/onu-regressa-ao-terreno-com-familiares-de-membros-do-daesh\/","url":"https:\/\/portaltela.pt\/noticias\/2026\/01\/23\/onu-regressa-ao-terreno-com-familiares-de-membros-do-daesh\/","name":"ONU regressa ao terreno com familiares de membros do Daesh - Portal Tela Portugal","isPartOf":{"@id":"https:\/\/portaltela.pt\/#website"},"primaryImageOfPage":{"@id":"https:\/\/portaltela.pt\/noticias\/2026\/01\/23\/onu-regressa-ao-terreno-com-familiares-de-membros-do-daesh\/#primaryimage"},"image":{"@id":"https:\/\/portaltela.pt\/noticias\/2026\/01\/23\/onu-regressa-ao-terreno-com-familiares-de-membros-do-daesh\/#primaryimage"},"thumbnailUrl":"https:\/\/portaltela.pt\/s.01k8rhncp4jt1\/2026\/01\/unnamed-file-4873.jpg","datePublished":"2026-01-23T21:10:00+00:00","author":{"@id":"https:\/\/portaltela.pt\/#\/schema\/person\/c4278d4a6028830caff9ee44b42d32ed"},"breadcrumb":{"@id":"https:\/\/portaltela.pt\/noticias\/2026\/01\/23\/onu-regressa-ao-terreno-com-familiares-de-membros-do-daesh\/#breadcrumb"},"inLanguage":"pt-PT","potentialAction":[{"@type":"ReadAction","target":["https:\/\/portaltela.pt\/noticias\/2026\/01\/23\/onu-regressa-ao-terreno-com-familiares-de-membros-do-daesh\/"]}]},{"@type":"ImageObject","inLanguage":"pt-PT","@id":"https:\/\/portaltela.pt\/noticias\/2026\/01\/23\/onu-regressa-ao-terreno-com-familiares-de-membros-do-daesh\/#primaryimage","url":"https:\/\/portaltela.pt\/s.01k8rhncp4jt1\/2026\/01\/unnamed-file-4873.jpg","contentUrl":"https:\/\/portaltela.pt\/s.01k8rhncp4jt1\/2026\/01\/unnamed-file-4873.jpg","width":796,"height":448,"caption":"ONU regressa a campo com familiares de membros do Daesh"},{"@type":"BreadcrumbList","@id":"https:\/\/portaltela.pt\/noticias\/2026\/01\/23\/onu-regressa-ao-terreno-com-familiares-de-membros-do-daesh\/#breadcrumb","itemListElement":[{"@type":"ListItem","position":1,"name":"In\u00edcio","item":"https:\/\/portaltela.pt\/"},{"@type":"ListItem","position":2,"name":"ONU regressa ao terreno com familiares de membros do Daesh"}]},{"@type":"WebSite","@id":"https:\/\/portaltela.pt\/#website","url":"https:\/\/portaltela.pt\/","name":"Portal Tela Portugal","description":"","potentialAction":[{"@type":"SearchAction","target":{"@type":"EntryPoint","urlTemplate":"https:\/\/portaltela.pt\/?s={search_term_string}"},"query-input":{"@type":"PropertyValueSpecification","valueRequired":true,"valueName":"search_term_string"}}],"inLanguage":"pt-PT"},{"@type":"Person","@id":"https:\/\/portaltela.pt\/#\/schema\/person\/c4278d4a6028830caff9ee44b42d32ed","name":"Telinha","image":{"@type":"ImageObject","inLanguage":"pt-PT","@id":"https:\/\/portaltela.pt\/s.01k8rhncp4jt1\/2025\/11\/talking-bot-125x125.png","url":"https:\/\/portaltela.pt\/s.01k8rhncp4jt1\/2025\/11\/talking-bot-125x125.png","contentUrl":"https:\/\/portaltela.pt\/s.01k8rhncp4jt1\/2025\/11\/talking-bot-125x125.png","caption":"Telinha"},"sameAs":["https:\/\/portaltela.pt\/"],"url":"https:\/\/portaltela.pt\/por\/367410592786\/"}]}},"_links":{"self":[{"href":"https:\/\/portaltela.pt\/api\/wp\/v2\/posts\/168594","targetHints":{"allow":["GET"]}}],"collection":[{"href":"https:\/\/portaltela.pt\/api\/wp\/v2\/posts"}],"about":[{"href":"https:\/\/portaltela.pt\/api\/wp\/v2\/types\/post"}],"author":[{"embeddable":true,"href":"https:\/\/portaltela.pt\/api\/wp\/v2\/users\/2"}],"replies":[{"embeddable":true,"href":"https:\/\/portaltela.pt\/api\/wp\/v2\/comments?post=168594"}],"version-history":[{"count":0,"href":"https:\/\/portaltela.pt\/api\/wp\/v2\/posts\/168594\/revisions"}],"wp:featuredmedia":[{"embeddable":true,"href":"https:\/\/portaltela.pt\/api\/wp\/v2\/media\/168617"}],"wp:attachment":[{"href":"https:\/\/portaltela.pt\/api\/wp\/v2\/media?parent=168594"}],"wp:term":[{"taxonomy":"category","embeddable":true,"href":"https:\/\/portaltela.pt\/api\/wp\/v2\/categories?post=168594"},{"taxonomy":"post_tag","embeddable":true,"href":"https:\/\/portaltela.pt\/api\/wp\/v2\/tags?post=168594"}],"curies":[{"name":"wp","href":"https:\/\/api.w.org\/{rel}","templated":true}]}}