{"id":168587,"date":"2026-01-23T18:37:45","date_gmt":"2026-01-23T21:37:45","guid":{"rendered":"https:\/\/portaltela.pt\/noticias\/2026\/01\/23\/psg-vence-auxerre-por-1-0-e-depressao-pos-alvalade-ameniza\/"},"modified":"2026-01-23T18:37:45","modified_gmt":"2026-01-23T21:37:45","slug":"psg-vence-auxerre-por-1-0-e-depressao-pos-alvalade-ameniza","status":"publish","type":"post","link":"https:\/\/portaltela.pt\/desporto\/futebol\/2026\/01\/23\/psg-vence-auxerre-por-1-0-e-depressao-pos-alvalade-ameniza\/","title":{"rendered":"PSG vence Auxerre por 1-0 e depress\u00e3o p\u00f3s-Alvalade ameniza"},"content":{"rendered":"<p>O PSG venceu o Auxerre por 1-0, em jogo da Ligue 1 realizado em Auxerre. A vit\u00f3ria aproxima a equipa da lideran\u00e7a, ainda provis\u00f3ria, enquanto aguarda poss\u00edvel deslize do Lens. O encontro serviu para aliviar a press\u00e3o ap\u00f3s a derrota frente ao Sporting.<\/p>\n<p>O conjunto parisiense entrou com uma postura mais conservadora, apostando nos contra-ataques. A primeira metade foi equilibrada, com oportunidades para ambas as equipas, sem golo.<\/p>\n<h3>Barcola decide o jogo<\/h3>\n<p>Aos 79 minutos, Barcola recebeu de Demb\u00e9l\u00e9 e, com remate colocado, fez o golo \u00fanico. Vitinha e Ramos cumpriram a titularidade, contribuindo para a solidez do meio-campo.<\/p>\n<p>Barcola festeja o golo frente ao Auxerre, com o lance a ser delineado pelo passe de Demb\u00e9l\u00e9. O avan\u00e7ado espanhol foi decisivo na noite de Borgonha.<\/p>\n<p>Jo\u00e3o Neves voltou \u00e0s op\u00e7\u00f5es de Luis Enrique, recuperando de les\u00e3o e entrando na lista de convocados para o confronto.<\/p>\n<h3>Regresso de Jo\u00e3o Neves<\/h3>\n<p>O m\u00e9dio portugu\u00eas garantiu minutos ap\u00f3s a retoma, sinalizando recupera\u00e7\u00e3o e disponibilidade para as pr\u00f3ximas jornadas. A equipa manteve a lideran\u00e7a provis\u00f3ria na Ligue 1, \u00e0 espera de novos resultados.<\/p>\n","protected":false},"excerpt":{"rendered":"<ul>\n<li>O Paris Saint-Germain venceu o Auxerre por 1-0, na Ligue 1, mantendo-se na lideran\u00e7a provis\u00f3ria enquanto espera um poss\u00edvel deslize do Lens.<\/li>\n<li>Barcola decidiu o encontro aos 79 minutos, ap\u00f3s assist\u00eancia de Demb\u00e9l\u00e9.<\/li>\n<li>Vitinha e Ramos foram titulares, contribuindo para a estabilidade do meio-campo do PSG.<\/li>\n<li>O PSG entrou em campo mais conservador, explorando contra-ataques, enquanto o Auxerre pressionou na segunda parte sem concretizar.<\/li>\n<li>Jo\u00e3o Neves voltou \u00e0s op\u00e7\u00f5es do t\u00e9cnico Lu\u00eds Enrique ap\u00f3s les\u00e3o, ausente nos dois jogos anteriores.<\/li>\n<\/ul>\n","protected":false},"author":2,"featured_media":168607,"comment_status":"closed","ping_status":"closed","sticky":false,"template":"","format":"standard","meta":{"footnotes":""},"categories":[21,24],"tags":[3492,152,32,2626,1822,2752],"class_list":["post-168587","post","type-post","status-publish","format-standard","has-post-thumbnail","hentry","category-desporto","category-futebol","tag-dembele","tag-desporto","tag-futebol","tag-joao-neves","tag-ligue-1","tag-vitinha"],"yoast_head":"<!-- This site is optimized with the Yoast SEO plugin v27.2 - https:\/\/yoast.com\/product\/yoast-seo-wordpress\/ -->\n<title>PSG vence Auxerre por 1-0 e depress\u00e3o p\u00f3s-Alvalade ameniza - Portal Tela Portugal<\/title>\n<meta name=\"robots\" content=\"index, follow, max-snippet:-1, max-image-preview:large, max-video-preview:-1\" \/>\n<meta property=\"og:locale\" content=\"pt_PT\" \/>\n<meta property=\"og:type\" content=\"article\" \/>\n<meta property=\"og:title\" content=\"PSG vence Auxerre por 1-0 e depress\u00e3o p\u00f3s-Alvalade ameniza - Portal Tela Portugal\" \/>\n<meta property=\"og:description\" content=\"O Paris Saint-Germain venceu o Auxerre por 1-0, na Ligue 1, mantendo-se na lideran\u00e7a provis\u00f3ria enquanto espera um poss\u00edvel deslize do Lens. Barcola decidiu o encontro aos 79 minutos, ap\u00f3s assist\u00eancia de Demb\u00e9l\u00e9. Vitinha e Ramos foram titulares, contribuindo para a estabilidade do meio-campo do PSG. O PSG entrou em campo mais conservador, explorando contra-ataques, enquanto o Auxerre pressionou na segunda parte sem concretizar. Jo\u00e3o Neves voltou \u00e0s op\u00e7\u00f5es do t\u00e9cnico Lu\u00eds Enrique ap\u00f3s les\u00e3o, ausente nos dois jogos anteriores.\" \/>\n<meta property=\"og:url\" content=\"https:\/\/portaltela.pt\/noticias\/2026\/01\/23\/psg-vence-auxerre-por-1-0-e-depressao-pos-alvalade-ameniza\/\" \/>\n<meta property=\"og:site_name\" content=\"Portal Tela Portugal\" \/>\n<meta property=\"article:published_time\" content=\"2026-01-23T21:37:45+00:00\" \/>\n<meta name=\"author\" content=\"Telinha\" \/>\n<meta name=\"twitter:card\" content=\"summary_large_image\" \/>\n<meta name=\"twitter:label1\" content=\"Escrito por\" \/>\n\t<meta name=\"twitter:data1\" content=\"Telinha\" \/>\n\t<meta name=\"twitter:label2\" content=\"Tempo estimado de leitura\" \/>\n\t<meta name=\"twitter:data2\" content=\"1 minuto\" \/>\n<script type=\"application\/ld+json\" class=\"yoast-schema-graph\">{\"@context\":\"https:\/\/schema.org\",\"@graph\":[{\"@type\":\"Article\",\"@id\":\"https:\/\/portaltela.pt\/noticias\/2026\/01\/23\/psg-vence-auxerre-por-1-0-e-depressao-pos-alvalade-ameniza\/#article\",\"isPartOf\":{\"@id\":\"https:\/\/portaltela.pt\/noticias\/2026\/01\/23\/psg-vence-auxerre-por-1-0-e-depressao-pos-alvalade-ameniza\/\"},\"author\":{\"name\":\"Telinha\",\"@id\":\"https:\/\/portaltela.pt\/#\/schema\/person\/c4278d4a6028830caff9ee44b42d32ed\"},\"headline\":\"PSG vence Auxerre por 1-0 e depress\u00e3o p\u00f3s-Alvalade ameniza\",\"datePublished\":\"2026-01-23T21:37:45+00:00\",\"mainEntityOfPage\":{\"@id\":\"https:\/\/portaltela.pt\/noticias\/2026\/01\/23\/psg-vence-auxerre-por-1-0-e-depressao-pos-alvalade-ameniza\/\"},\"wordCount\":206,\"image\":{\"@id\":\"https:\/\/portaltela.pt\/noticias\/2026\/01\/23\/psg-vence-auxerre-por-1-0-e-depressao-pos-alvalade-ameniza\/#primaryimage\"},\"thumbnailUrl\":\"https:\/\/portaltela.pt\/s.01k8rhncp4jt1\/2026\/01\/img_920x518uu2026-01-23-21-37-01-2416940-1.jpg\",\"keywords\":[\"Demb\u00e9l\u00e9\",\"desporto\",\"futebol\",\"Jo\u00e3o Neves\",\"Ligue 1\",\"Vitinha\"],\"articleSection\":[\"Desporto\",\"Futebol\"],\"inLanguage\":\"pt-PT\"},{\"@type\":\"WebPage\",\"@id\":\"https:\/\/portaltela.pt\/noticias\/2026\/01\/23\/psg-vence-auxerre-por-1-0-e-depressao-pos-alvalade-ameniza\/\",\"url\":\"https:\/\/portaltela.pt\/noticias\/2026\/01\/23\/psg-vence-auxerre-por-1-0-e-depressao-pos-alvalade-ameniza\/\",\"name\":\"PSG vence Auxerre por 1-0 e depress\u00e3o p\u00f3s-Alvalade ameniza - Portal Tela Portugal\",\"isPartOf\":{\"@id\":\"https:\/\/portaltela.pt\/#website\"},\"primaryImageOfPage\":{\"@id\":\"https:\/\/portaltela.pt\/noticias\/2026\/01\/23\/psg-vence-auxerre-por-1-0-e-depressao-pos-alvalade-ameniza\/#primaryimage\"},\"image\":{\"@id\":\"https:\/\/portaltela.pt\/noticias\/2026\/01\/23\/psg-vence-auxerre-por-1-0-e-depressao-pos-alvalade-ameniza\/#primaryimage\"},\"thumbnailUrl\":\"https:\/\/portaltela.pt\/s.01k8rhncp4jt1\/2026\/01\/img_920x518uu2026-01-23-21-37-01-2416940-1.jpg\",\"datePublished\":\"2026-01-23T21:37:45+00:00\",\"author\":{\"@id\":\"https:\/\/portaltela.pt\/#\/schema\/person\/c4278d4a6028830caff9ee44b42d32ed\"},\"breadcrumb\":{\"@id\":\"https:\/\/portaltela.pt\/noticias\/2026\/01\/23\/psg-vence-auxerre-por-1-0-e-depressao-pos-alvalade-ameniza\/#breadcrumb\"},\"inLanguage\":\"pt-PT\",\"potentialAction\":[{\"@type\":\"ReadAction\",\"target\":[\"https:\/\/portaltela.pt\/noticias\/2026\/01\/23\/psg-vence-auxerre-por-1-0-e-depressao-pos-alvalade-ameniza\/\"]}]},{\"@type\":\"ImageObject\",\"inLanguage\":\"pt-PT\",\"@id\":\"https:\/\/portaltela.pt\/noticias\/2026\/01\/23\/psg-vence-auxerre-por-1-0-e-depressao-pos-alvalade-ameniza\/#primaryimage\",\"url\":\"https:\/\/portaltela.pt\/s.01k8rhncp4jt1\/2026\/01\/img_920x518uu2026-01-23-21-37-01-2416940-1.jpg\",\"contentUrl\":\"https:\/\/portaltela.pt\/s.01k8rhncp4jt1\/2026\/01\/img_920x518uu2026-01-23-21-37-01-2416940-1.jpg\",\"width\":796,\"height\":448,\"caption\":\"Barcola decidiu em Auxerre\"},{\"@type\":\"BreadcrumbList\",\"@id\":\"https:\/\/portaltela.pt\/noticias\/2026\/01\/23\/psg-vence-auxerre-por-1-0-e-depressao-pos-alvalade-ameniza\/#breadcrumb\",\"itemListElement\":[{\"@type\":\"ListItem\",\"position\":1,\"name\":\"In\u00edcio\",\"item\":\"https:\/\/portaltela.pt\/\"},{\"@type\":\"ListItem\",\"position\":2,\"name\":\"PSG vence Auxerre por 1-0 e depress\u00e3o p\u00f3s-Alvalade ameniza\"}]},{\"@type\":\"WebSite\",\"@id\":\"https:\/\/portaltela.pt\/#website\",\"url\":\"https:\/\/portaltela.pt\/\",\"name\":\"Portal Tela Portugal\",\"description\":\"\",\"potentialAction\":[{\"@type\":\"SearchAction\",\"target\":{\"@type\":\"EntryPoint\",\"urlTemplate\":\"https:\/\/portaltela.pt\/?s={search_term_string}\"},\"query-input\":{\"@type\":\"PropertyValueSpecification\",\"valueRequired\":true,\"valueName\":\"search_term_string\"}}],\"inLanguage\":\"pt-PT\"},{\"@type\":\"Person\",\"@id\":\"https:\/\/portaltela.pt\/#\/schema\/person\/c4278d4a6028830caff9ee44b42d32ed\",\"name\":\"Telinha\",\"image\":{\"@type\":\"ImageObject\",\"inLanguage\":\"pt-PT\",\"@id\":\"https:\/\/portaltela.pt\/s.01k8rhncp4jt1\/2025\/11\/talking-bot-125x125.png\",\"url\":\"https:\/\/portaltela.pt\/s.01k8rhncp4jt1\/2025\/11\/talking-bot-125x125.png\",\"contentUrl\":\"https:\/\/portaltela.pt\/s.01k8rhncp4jt1\/2025\/11\/talking-bot-125x125.png\",\"caption\":\"Telinha\"},\"sameAs\":[\"https:\/\/portaltela.pt\/\"],\"url\":\"https:\/\/portaltela.pt\/por\/367410592786\/\"}]}<\/script>\n<!-- \/ Yoast SEO plugin. -->","yoast_head_json":{"title":"PSG vence Auxerre por 1-0 e depress\u00e3o p\u00f3s-Alvalade ameniza - Portal Tela Portugal","robots":{"index":"index","follow":"follow","max-snippet":"max-snippet:-1","max-image-preview":"max-image-preview:large","max-video-preview":"max-video-preview:-1"},"og_locale":"pt_PT","og_type":"article","og_title":"PSG vence Auxerre por 1-0 e depress\u00e3o p\u00f3s-Alvalade ameniza - Portal Tela Portugal","og_description":"O Paris Saint-Germain venceu o Auxerre por 1-0, na Ligue 1, mantendo-se na lideran\u00e7a provis\u00f3ria enquanto espera um poss\u00edvel deslize do Lens. Barcola decidiu o encontro aos 79 minutos, ap\u00f3s assist\u00eancia de Demb\u00e9l\u00e9. Vitinha e Ramos foram titulares, contribuindo para a estabilidade do meio-campo do PSG. O PSG entrou em campo mais conservador, explorando contra-ataques, enquanto o Auxerre pressionou na segunda parte sem concretizar. Jo\u00e3o Neves voltou \u00e0s op\u00e7\u00f5es do t\u00e9cnico Lu\u00eds Enrique ap\u00f3s les\u00e3o, ausente nos dois jogos anteriores.","og_url":"https:\/\/portaltela.pt\/noticias\/2026\/01\/23\/psg-vence-auxerre-por-1-0-e-depressao-pos-alvalade-ameniza\/","og_site_name":"Portal Tela Portugal","article_published_time":"2026-01-23T21:37:45+00:00","author":"Telinha","twitter_card":"summary_large_image","twitter_misc":{"Escrito por":"Telinha","Tempo estimado de leitura":"1 minuto"},"schema":{"@context":"https:\/\/schema.org","@graph":[{"@type":"Article","@id":"https:\/\/portaltela.pt\/noticias\/2026\/01\/23\/psg-vence-auxerre-por-1-0-e-depressao-pos-alvalade-ameniza\/#article","isPartOf":{"@id":"https:\/\/portaltela.pt\/noticias\/2026\/01\/23\/psg-vence-auxerre-por-1-0-e-depressao-pos-alvalade-ameniza\/"},"author":{"name":"Telinha","@id":"https:\/\/portaltela.pt\/#\/schema\/person\/c4278d4a6028830caff9ee44b42d32ed"},"headline":"PSG vence Auxerre por 1-0 e depress\u00e3o p\u00f3s-Alvalade ameniza","datePublished":"2026-01-23T21:37:45+00:00","mainEntityOfPage":{"@id":"https:\/\/portaltela.pt\/noticias\/2026\/01\/23\/psg-vence-auxerre-por-1-0-e-depressao-pos-alvalade-ameniza\/"},"wordCount":206,"image":{"@id":"https:\/\/portaltela.pt\/noticias\/2026\/01\/23\/psg-vence-auxerre-por-1-0-e-depressao-pos-alvalade-ameniza\/#primaryimage"},"thumbnailUrl":"https:\/\/portaltela.pt\/s.01k8rhncp4jt1\/2026\/01\/img_920x518uu2026-01-23-21-37-01-2416940-1.jpg","keywords":["Demb\u00e9l\u00e9","desporto","futebol","Jo\u00e3o Neves","Ligue 1","Vitinha"],"articleSection":["Desporto","Futebol"],"inLanguage":"pt-PT"},{"@type":"WebPage","@id":"https:\/\/portaltela.pt\/noticias\/2026\/01\/23\/psg-vence-auxerre-por-1-0-e-depressao-pos-alvalade-ameniza\/","url":"https:\/\/portaltela.pt\/noticias\/2026\/01\/23\/psg-vence-auxerre-por-1-0-e-depressao-pos-alvalade-ameniza\/","name":"PSG vence Auxerre por 1-0 e depress\u00e3o p\u00f3s-Alvalade ameniza - Portal Tela Portugal","isPartOf":{"@id":"https:\/\/portaltela.pt\/#website"},"primaryImageOfPage":{"@id":"https:\/\/portaltela.pt\/noticias\/2026\/01\/23\/psg-vence-auxerre-por-1-0-e-depressao-pos-alvalade-ameniza\/#primaryimage"},"image":{"@id":"https:\/\/portaltela.pt\/noticias\/2026\/01\/23\/psg-vence-auxerre-por-1-0-e-depressao-pos-alvalade-ameniza\/#primaryimage"},"thumbnailUrl":"https:\/\/portaltela.pt\/s.01k8rhncp4jt1\/2026\/01\/img_920x518uu2026-01-23-21-37-01-2416940-1.jpg","datePublished":"2026-01-23T21:37:45+00:00","author":{"@id":"https:\/\/portaltela.pt\/#\/schema\/person\/c4278d4a6028830caff9ee44b42d32ed"},"breadcrumb":{"@id":"https:\/\/portaltela.pt\/noticias\/2026\/01\/23\/psg-vence-auxerre-por-1-0-e-depressao-pos-alvalade-ameniza\/#breadcrumb"},"inLanguage":"pt-PT","potentialAction":[{"@type":"ReadAction","target":["https:\/\/portaltela.pt\/noticias\/2026\/01\/23\/psg-vence-auxerre-por-1-0-e-depressao-pos-alvalade-ameniza\/"]}]},{"@type":"ImageObject","inLanguage":"pt-PT","@id":"https:\/\/portaltela.pt\/noticias\/2026\/01\/23\/psg-vence-auxerre-por-1-0-e-depressao-pos-alvalade-ameniza\/#primaryimage","url":"https:\/\/portaltela.pt\/s.01k8rhncp4jt1\/2026\/01\/img_920x518uu2026-01-23-21-37-01-2416940-1.jpg","contentUrl":"https:\/\/portaltela.pt\/s.01k8rhncp4jt1\/2026\/01\/img_920x518uu2026-01-23-21-37-01-2416940-1.jpg","width":796,"height":448,"caption":"Barcola decidiu em Auxerre"},{"@type":"BreadcrumbList","@id":"https:\/\/portaltela.pt\/noticias\/2026\/01\/23\/psg-vence-auxerre-por-1-0-e-depressao-pos-alvalade-ameniza\/#breadcrumb","itemListElement":[{"@type":"ListItem","position":1,"name":"In\u00edcio","item":"https:\/\/portaltela.pt\/"},{"@type":"ListItem","position":2,"name":"PSG vence Auxerre por 1-0 e depress\u00e3o p\u00f3s-Alvalade ameniza"}]},{"@type":"WebSite","@id":"https:\/\/portaltela.pt\/#website","url":"https:\/\/portaltela.pt\/","name":"Portal Tela Portugal","description":"","potentialAction":[{"@type":"SearchAction","target":{"@type":"EntryPoint","urlTemplate":"https:\/\/portaltela.pt\/?s={search_term_string}"},"query-input":{"@type":"PropertyValueSpecification","valueRequired":true,"valueName":"search_term_string"}}],"inLanguage":"pt-PT"},{"@type":"Person","@id":"https:\/\/portaltela.pt\/#\/schema\/person\/c4278d4a6028830caff9ee44b42d32ed","name":"Telinha","image":{"@type":"ImageObject","inLanguage":"pt-PT","@id":"https:\/\/portaltela.pt\/s.01k8rhncp4jt1\/2025\/11\/talking-bot-125x125.png","url":"https:\/\/portaltela.pt\/s.01k8rhncp4jt1\/2025\/11\/talking-bot-125x125.png","contentUrl":"https:\/\/portaltela.pt\/s.01k8rhncp4jt1\/2025\/11\/talking-bot-125x125.png","caption":"Telinha"},"sameAs":["https:\/\/portaltela.pt\/"],"url":"https:\/\/portaltela.pt\/por\/367410592786\/"}]}},"_links":{"self":[{"href":"https:\/\/portaltela.pt\/api\/wp\/v2\/posts\/168587","targetHints":{"allow":["GET"]}}],"collection":[{"href":"https:\/\/portaltela.pt\/api\/wp\/v2\/posts"}],"about":[{"href":"https:\/\/portaltela.pt\/api\/wp\/v2\/types\/post"}],"author":[{"embeddable":true,"href":"https:\/\/portaltela.pt\/api\/wp\/v2\/users\/2"}],"replies":[{"embeddable":true,"href":"https:\/\/portaltela.pt\/api\/wp\/v2\/comments?post=168587"}],"version-history":[{"count":0,"href":"https:\/\/portaltela.pt\/api\/wp\/v2\/posts\/168587\/revisions"}],"wp:featuredmedia":[{"embeddable":true,"href":"https:\/\/portaltela.pt\/api\/wp\/v2\/media\/168607"}],"wp:attachment":[{"href":"https:\/\/portaltela.pt\/api\/wp\/v2\/media?parent=168587"}],"wp:term":[{"taxonomy":"category","embeddable":true,"href":"https:\/\/portaltela.pt\/api\/wp\/v2\/categories?post=168587"},{"taxonomy":"post_tag","embeddable":true,"href":"https:\/\/portaltela.pt\/api\/wp\/v2\/tags?post=168587"}],"curies":[{"name":"wp","href":"https:\/\/api.w.org\/{rel}","templated":true}]}}