{"id":168548,"date":"2026-01-23T18:05:36","date_gmt":"2026-01-23T21:05:36","guid":{"rendered":"https:\/\/portaltela.pt\/noticias\/2026\/01\/23\/liga-2-descontos-decisivos-punem-o-academico-de-viseu\/"},"modified":"2026-01-23T18:05:36","modified_gmt":"2026-01-23T21:05:36","slug":"liga-2-descontos-decisivos-punem-o-academico-de-viseu","status":"publish","type":"post","link":"https:\/\/portaltela.pt\/desporto\/futebol\/2026\/01\/23\/liga-2-descontos-decisivos-punem-o-academico-de-viseu\/","title":{"rendered":"Liga 2: Descontos decisivos punem o Acad\u00e9mico de Viseu"},"content":{"rendered":"<p>O Acad\u00e9mico de Viseu perdeu 2-1 em Pa\u00e7os de Ferreira, na abertura da 19.\u00aa jornada da Liga 2, num encontro disputado num relvado pesado pela chuva. Andr\u00e9 Cl\u00f3vis converteu uma grande penalidade aos 50 minutos, garantindo o 15.\u00ba golo no campeonato.<\/p>\n<p>Os viseenses estiveram na frente durante grande parte da segunda metade, mantendo a vantagem at\u00e9 perto do fim. A press\u00e3o do Pa\u00e7os de Ferreira aumentou \u00e0 entrada do desconto, com o relvado a dificultar o jogo.<\/p>\n<p>Nos descontos, Jo\u00e3o Victor assinou o empate aos 90+11, tamb\u00e9m de grande penalidade, e Diego Fernandes fez a remontada aos 90+13.<\/p>\n<h3>Situa\u00e7\u00e3o no campeonato<\/h3>\n<p>Com o desfecho, o Acad\u00e9mico de Viseu mant\u00e9m o 2.\u00ba lugar na II Liga, com 32 pontos, na zona de subida direta. O Pa\u00e7os de Ferreira ascendeu provisoriamente ao 12.\u00ba posto, com 22 pontos.<\/p>\n<h3>Pr\u00f3xima jornada<\/h3>\n<p>A equipa viseense recebe o Torreense no Fontelo, no dia 30 de janeiro, \u00e0s 14:00.<\/p>\n","protected":false},"excerpt":{"rendered":"<ul>\n<li>O Pa\u00e7os de Ferreira venceu o Acad\u00e9mico de Viseu por dois a um, na abertura da 19.\u00aa jornada da Liga 2, com a reviravolta nos descontos.<\/li>\n<li>Andr\u00e9 Cl\u00f3vis inaugurou o marcador aos cinquenta minutos, ao transformar uma grande penalidade, atingindo o seu 15.\u00ba golo no campeonato.<\/li>\n<li>Jo\u00e3o Victor empatou aos 90+11 minutos e Diego Fernandes garantiu a vit\u00f3ria para o Pa\u00e7os aos 90+13, ambos de grande penalidade.<\/li>\n<li>O Acad\u00e9mico manteve a vantagem durante grande parte da segunda parte, em terreno pesado pela chuva.<\/li>\n<li>Com o resultado, o Acad\u00e9mico segue no segundo lugar da II Liga com 32 pontos; o Pa\u00e7os sobe provisoriamente ao 12.\u00ba posto com 22. Na pr\u00f3xima jornada, o Acad\u00e9mico recebe o Torreense no Fontelo, em 30 de janeiro, \u00e0s 14:00.<\/li>\n<\/ul>\n","protected":false},"author":2,"featured_media":168553,"comment_status":"closed","ping_status":"closed","sticky":false,"template":"","format":"standard","meta":{"footnotes":""},"categories":[21,24],"tags":[3133,152,186,32,1539],"class_list":["post-168548","post","type-post","status-publish","format-standard","has-post-thumbnail","hentry","category-desporto","category-futebol","tag-a-briosa","tag-desporto","tag-desportos","tag-futebol","tag-ii-liga"],"yoast_head":"<!-- This site is optimized with the Yoast SEO plugin v27.2 - https:\/\/yoast.com\/product\/yoast-seo-wordpress\/ -->\n<title>Liga 2: Descontos decisivos punem o Acad\u00e9mico de Viseu - Portal Tela Portugal<\/title>\n<meta name=\"robots\" content=\"index, follow, max-snippet:-1, max-image-preview:large, max-video-preview:-1\" \/>\n<meta property=\"og:locale\" content=\"pt_PT\" \/>\n<meta property=\"og:type\" content=\"article\" \/>\n<meta property=\"og:title\" content=\"Liga 2: Descontos decisivos punem o Acad\u00e9mico de Viseu - Portal Tela Portugal\" \/>\n<meta property=\"og:description\" content=\"O Pa\u00e7os de Ferreira venceu o Acad\u00e9mico de Viseu por dois a um, na abertura da 19.\u00aa jornada da Liga 2, com a reviravolta nos descontos. Andr\u00e9 Cl\u00f3vis inaugurou o marcador aos cinquenta minutos, ao transformar uma grande penalidade, atingindo o seu 15.\u00ba golo no campeonato. Jo\u00e3o Victor empatou aos 90+11 minutos e Diego Fernandes garantiu a vit\u00f3ria para o Pa\u00e7os aos 90+13, ambos de grande penalidade. O Acad\u00e9mico manteve a vantagem durante grande parte da segunda parte, em terreno pesado pela chuva. Com o resultado, o Acad\u00e9mico segue no segundo lugar da II Liga com 32 pontos; o Pa\u00e7os sobe provisoriamente ao 12.\u00ba posto com 22. Na pr\u00f3xima jornada, o Acad\u00e9mico recebe o Torreense no Fontelo, em 30 de janeiro, \u00e0s 14:00.\" \/>\n<meta property=\"og:url\" content=\"https:\/\/portaltela.pt\/noticias\/2026\/01\/23\/liga-2-descontos-decisivos-punem-o-academico-de-viseu\/\" \/>\n<meta property=\"og:site_name\" content=\"Portal Tela Portugal\" \/>\n<meta property=\"article:published_time\" content=\"2026-01-23T21:05:36+00:00\" \/>\n<meta name=\"author\" content=\"Telinha\" \/>\n<meta name=\"twitter:card\" content=\"summary_large_image\" \/>\n<meta name=\"twitter:label1\" content=\"Escrito por\" \/>\n\t<meta name=\"twitter:data1\" content=\"Telinha\" \/>\n\t<meta name=\"twitter:label2\" content=\"Tempo estimado de leitura\" \/>\n\t<meta name=\"twitter:data2\" content=\"1 minuto\" \/>\n<script type=\"application\/ld+json\" class=\"yoast-schema-graph\">{\"@context\":\"https:\/\/schema.org\",\"@graph\":[{\"@type\":\"Article\",\"@id\":\"https:\/\/portaltela.pt\/noticias\/2026\/01\/23\/liga-2-descontos-decisivos-punem-o-academico-de-viseu\/#article\",\"isPartOf\":{\"@id\":\"https:\/\/portaltela.pt\/noticias\/2026\/01\/23\/liga-2-descontos-decisivos-punem-o-academico-de-viseu\/\"},\"author\":{\"name\":\"Telinha\",\"@id\":\"https:\/\/portaltela.pt\/#\/schema\/person\/c4278d4a6028830caff9ee44b42d32ed\"},\"headline\":\"Liga 2: Descontos decisivos punem o Acad\u00e9mico de Viseu\",\"datePublished\":\"2026-01-23T21:05:36+00:00\",\"mainEntityOfPage\":{\"@id\":\"https:\/\/portaltela.pt\/noticias\/2026\/01\/23\/liga-2-descontos-decisivos-punem-o-academico-de-viseu\/\"},\"wordCount\":160,\"image\":{\"@id\":\"https:\/\/portaltela.pt\/noticias\/2026\/01\/23\/liga-2-descontos-decisivos-punem-o-academico-de-viseu\/#primaryimage\"},\"thumbnailUrl\":\"https:\/\/portaltela.pt\/s.01k8rhncp4jt1\/2026\/01\/pacos-academico-liga.jpg\",\"keywords\":[\"A Briosa\",\"desporto\",\"desportos\",\"futebol\",\"II Liga\"],\"articleSection\":[\"Desporto\",\"Futebol\"],\"inLanguage\":\"pt-PT\"},{\"@type\":\"WebPage\",\"@id\":\"https:\/\/portaltela.pt\/noticias\/2026\/01\/23\/liga-2-descontos-decisivos-punem-o-academico-de-viseu\/\",\"url\":\"https:\/\/portaltela.pt\/noticias\/2026\/01\/23\/liga-2-descontos-decisivos-punem-o-academico-de-viseu\/\",\"name\":\"Liga 2: Descontos decisivos punem o Acad\u00e9mico de Viseu - Portal Tela Portugal\",\"isPartOf\":{\"@id\":\"https:\/\/portaltela.pt\/#website\"},\"primaryImageOfPage\":{\"@id\":\"https:\/\/portaltela.pt\/noticias\/2026\/01\/23\/liga-2-descontos-decisivos-punem-o-academico-de-viseu\/#primaryimage\"},\"image\":{\"@id\":\"https:\/\/portaltela.pt\/noticias\/2026\/01\/23\/liga-2-descontos-decisivos-punem-o-academico-de-viseu\/#primaryimage\"},\"thumbnailUrl\":\"https:\/\/portaltela.pt\/s.01k8rhncp4jt1\/2026\/01\/pacos-academico-liga.jpg\",\"datePublished\":\"2026-01-23T21:05:36+00:00\",\"author\":{\"@id\":\"https:\/\/portaltela.pt\/#\/schema\/person\/c4278d4a6028830caff9ee44b42d32ed\"},\"breadcrumb\":{\"@id\":\"https:\/\/portaltela.pt\/noticias\/2026\/01\/23\/liga-2-descontos-decisivos-punem-o-academico-de-viseu\/#breadcrumb\"},\"inLanguage\":\"pt-PT\",\"potentialAction\":[{\"@type\":\"ReadAction\",\"target\":[\"https:\/\/portaltela.pt\/noticias\/2026\/01\/23\/liga-2-descontos-decisivos-punem-o-academico-de-viseu\/\"]}]},{\"@type\":\"ImageObject\",\"inLanguage\":\"pt-PT\",\"@id\":\"https:\/\/portaltela.pt\/noticias\/2026\/01\/23\/liga-2-descontos-decisivos-punem-o-academico-de-viseu\/#primaryimage\",\"url\":\"https:\/\/portaltela.pt\/s.01k8rhncp4jt1\/2026\/01\/pacos-academico-liga.jpg\",\"contentUrl\":\"https:\/\/portaltela.pt\/s.01k8rhncp4jt1\/2026\/01\/pacos-academico-liga.jpg\",\"width\":796,\"height\":448,\"caption\":\"Photo\"},{\"@type\":\"BreadcrumbList\",\"@id\":\"https:\/\/portaltela.pt\/noticias\/2026\/01\/23\/liga-2-descontos-decisivos-punem-o-academico-de-viseu\/#breadcrumb\",\"itemListElement\":[{\"@type\":\"ListItem\",\"position\":1,\"name\":\"In\u00edcio\",\"item\":\"https:\/\/portaltela.pt\/\"},{\"@type\":\"ListItem\",\"position\":2,\"name\":\"Liga 2: Descontos decisivos punem o Acad\u00e9mico de Viseu\"}]},{\"@type\":\"WebSite\",\"@id\":\"https:\/\/portaltela.pt\/#website\",\"url\":\"https:\/\/portaltela.pt\/\",\"name\":\"Portal Tela Portugal\",\"description\":\"\",\"potentialAction\":[{\"@type\":\"SearchAction\",\"target\":{\"@type\":\"EntryPoint\",\"urlTemplate\":\"https:\/\/portaltela.pt\/?s={search_term_string}\"},\"query-input\":{\"@type\":\"PropertyValueSpecification\",\"valueRequired\":true,\"valueName\":\"search_term_string\"}}],\"inLanguage\":\"pt-PT\"},{\"@type\":\"Person\",\"@id\":\"https:\/\/portaltela.pt\/#\/schema\/person\/c4278d4a6028830caff9ee44b42d32ed\",\"name\":\"Telinha\",\"image\":{\"@type\":\"ImageObject\",\"inLanguage\":\"pt-PT\",\"@id\":\"https:\/\/portaltela.pt\/s.01k8rhncp4jt1\/2025\/11\/talking-bot-125x125.png\",\"url\":\"https:\/\/portaltela.pt\/s.01k8rhncp4jt1\/2025\/11\/talking-bot-125x125.png\",\"contentUrl\":\"https:\/\/portaltela.pt\/s.01k8rhncp4jt1\/2025\/11\/talking-bot-125x125.png\",\"caption\":\"Telinha\"},\"sameAs\":[\"https:\/\/portaltela.pt\/\"],\"url\":\"https:\/\/portaltela.pt\/por\/367410592786\/\"}]}<\/script>\n<!-- \/ Yoast SEO plugin. -->","yoast_head_json":{"title":"Liga 2: Descontos decisivos punem o Acad\u00e9mico de Viseu - Portal Tela Portugal","robots":{"index":"index","follow":"follow","max-snippet":"max-snippet:-1","max-image-preview":"max-image-preview:large","max-video-preview":"max-video-preview:-1"},"og_locale":"pt_PT","og_type":"article","og_title":"Liga 2: Descontos decisivos punem o Acad\u00e9mico de Viseu - Portal Tela Portugal","og_description":"O Pa\u00e7os de Ferreira venceu o Acad\u00e9mico de Viseu por dois a um, na abertura da 19.\u00aa jornada da Liga 2, com a reviravolta nos descontos. Andr\u00e9 Cl\u00f3vis inaugurou o marcador aos cinquenta minutos, ao transformar uma grande penalidade, atingindo o seu 15.\u00ba golo no campeonato. Jo\u00e3o Victor empatou aos 90+11 minutos e Diego Fernandes garantiu a vit\u00f3ria para o Pa\u00e7os aos 90+13, ambos de grande penalidade. O Acad\u00e9mico manteve a vantagem durante grande parte da segunda parte, em terreno pesado pela chuva. Com o resultado, o Acad\u00e9mico segue no segundo lugar da II Liga com 32 pontos; o Pa\u00e7os sobe provisoriamente ao 12.\u00ba posto com 22. Na pr\u00f3xima jornada, o Acad\u00e9mico recebe o Torreense no Fontelo, em 30 de janeiro, \u00e0s 14:00.","og_url":"https:\/\/portaltela.pt\/noticias\/2026\/01\/23\/liga-2-descontos-decisivos-punem-o-academico-de-viseu\/","og_site_name":"Portal Tela Portugal","article_published_time":"2026-01-23T21:05:36+00:00","author":"Telinha","twitter_card":"summary_large_image","twitter_misc":{"Escrito por":"Telinha","Tempo estimado de leitura":"1 minuto"},"schema":{"@context":"https:\/\/schema.org","@graph":[{"@type":"Article","@id":"https:\/\/portaltela.pt\/noticias\/2026\/01\/23\/liga-2-descontos-decisivos-punem-o-academico-de-viseu\/#article","isPartOf":{"@id":"https:\/\/portaltela.pt\/noticias\/2026\/01\/23\/liga-2-descontos-decisivos-punem-o-academico-de-viseu\/"},"author":{"name":"Telinha","@id":"https:\/\/portaltela.pt\/#\/schema\/person\/c4278d4a6028830caff9ee44b42d32ed"},"headline":"Liga 2: Descontos decisivos punem o Acad\u00e9mico de Viseu","datePublished":"2026-01-23T21:05:36+00:00","mainEntityOfPage":{"@id":"https:\/\/portaltela.pt\/noticias\/2026\/01\/23\/liga-2-descontos-decisivos-punem-o-academico-de-viseu\/"},"wordCount":160,"image":{"@id":"https:\/\/portaltela.pt\/noticias\/2026\/01\/23\/liga-2-descontos-decisivos-punem-o-academico-de-viseu\/#primaryimage"},"thumbnailUrl":"https:\/\/portaltela.pt\/s.01k8rhncp4jt1\/2026\/01\/pacos-academico-liga.jpg","keywords":["A Briosa","desporto","desportos","futebol","II Liga"],"articleSection":["Desporto","Futebol"],"inLanguage":"pt-PT"},{"@type":"WebPage","@id":"https:\/\/portaltela.pt\/noticias\/2026\/01\/23\/liga-2-descontos-decisivos-punem-o-academico-de-viseu\/","url":"https:\/\/portaltela.pt\/noticias\/2026\/01\/23\/liga-2-descontos-decisivos-punem-o-academico-de-viseu\/","name":"Liga 2: Descontos decisivos punem o Acad\u00e9mico de Viseu - Portal Tela Portugal","isPartOf":{"@id":"https:\/\/portaltela.pt\/#website"},"primaryImageOfPage":{"@id":"https:\/\/portaltela.pt\/noticias\/2026\/01\/23\/liga-2-descontos-decisivos-punem-o-academico-de-viseu\/#primaryimage"},"image":{"@id":"https:\/\/portaltela.pt\/noticias\/2026\/01\/23\/liga-2-descontos-decisivos-punem-o-academico-de-viseu\/#primaryimage"},"thumbnailUrl":"https:\/\/portaltela.pt\/s.01k8rhncp4jt1\/2026\/01\/pacos-academico-liga.jpg","datePublished":"2026-01-23T21:05:36+00:00","author":{"@id":"https:\/\/portaltela.pt\/#\/schema\/person\/c4278d4a6028830caff9ee44b42d32ed"},"breadcrumb":{"@id":"https:\/\/portaltela.pt\/noticias\/2026\/01\/23\/liga-2-descontos-decisivos-punem-o-academico-de-viseu\/#breadcrumb"},"inLanguage":"pt-PT","potentialAction":[{"@type":"ReadAction","target":["https:\/\/portaltela.pt\/noticias\/2026\/01\/23\/liga-2-descontos-decisivos-punem-o-academico-de-viseu\/"]}]},{"@type":"ImageObject","inLanguage":"pt-PT","@id":"https:\/\/portaltela.pt\/noticias\/2026\/01\/23\/liga-2-descontos-decisivos-punem-o-academico-de-viseu\/#primaryimage","url":"https:\/\/portaltela.pt\/s.01k8rhncp4jt1\/2026\/01\/pacos-academico-liga.jpg","contentUrl":"https:\/\/portaltela.pt\/s.01k8rhncp4jt1\/2026\/01\/pacos-academico-liga.jpg","width":796,"height":448,"caption":"Photo"},{"@type":"BreadcrumbList","@id":"https:\/\/portaltela.pt\/noticias\/2026\/01\/23\/liga-2-descontos-decisivos-punem-o-academico-de-viseu\/#breadcrumb","itemListElement":[{"@type":"ListItem","position":1,"name":"In\u00edcio","item":"https:\/\/portaltela.pt\/"},{"@type":"ListItem","position":2,"name":"Liga 2: Descontos decisivos punem o Acad\u00e9mico de Viseu"}]},{"@type":"WebSite","@id":"https:\/\/portaltela.pt\/#website","url":"https:\/\/portaltela.pt\/","name":"Portal Tela Portugal","description":"","potentialAction":[{"@type":"SearchAction","target":{"@type":"EntryPoint","urlTemplate":"https:\/\/portaltela.pt\/?s={search_term_string}"},"query-input":{"@type":"PropertyValueSpecification","valueRequired":true,"valueName":"search_term_string"}}],"inLanguage":"pt-PT"},{"@type":"Person","@id":"https:\/\/portaltela.pt\/#\/schema\/person\/c4278d4a6028830caff9ee44b42d32ed","name":"Telinha","image":{"@type":"ImageObject","inLanguage":"pt-PT","@id":"https:\/\/portaltela.pt\/s.01k8rhncp4jt1\/2025\/11\/talking-bot-125x125.png","url":"https:\/\/portaltela.pt\/s.01k8rhncp4jt1\/2025\/11\/talking-bot-125x125.png","contentUrl":"https:\/\/portaltela.pt\/s.01k8rhncp4jt1\/2025\/11\/talking-bot-125x125.png","caption":"Telinha"},"sameAs":["https:\/\/portaltela.pt\/"],"url":"https:\/\/portaltela.pt\/por\/367410592786\/"}]}},"_links":{"self":[{"href":"https:\/\/portaltela.pt\/api\/wp\/v2\/posts\/168548","targetHints":{"allow":["GET"]}}],"collection":[{"href":"https:\/\/portaltela.pt\/api\/wp\/v2\/posts"}],"about":[{"href":"https:\/\/portaltela.pt\/api\/wp\/v2\/types\/post"}],"author":[{"embeddable":true,"href":"https:\/\/portaltela.pt\/api\/wp\/v2\/users\/2"}],"replies":[{"embeddable":true,"href":"https:\/\/portaltela.pt\/api\/wp\/v2\/comments?post=168548"}],"version-history":[{"count":0,"href":"https:\/\/portaltela.pt\/api\/wp\/v2\/posts\/168548\/revisions"}],"wp:featuredmedia":[{"embeddable":true,"href":"https:\/\/portaltela.pt\/api\/wp\/v2\/media\/168553"}],"wp:attachment":[{"href":"https:\/\/portaltela.pt\/api\/wp\/v2\/media?parent=168548"}],"wp:term":[{"taxonomy":"category","embeddable":true,"href":"https:\/\/portaltela.pt\/api\/wp\/v2\/categories?post=168548"},{"taxonomy":"post_tag","embeddable":true,"href":"https:\/\/portaltela.pt\/api\/wp\/v2\/tags?post=168548"}],"curies":[{"name":"wp","href":"https:\/\/api.w.org\/{rel}","templated":true}]}}