{"id":168541,"date":"2026-01-23T17:43:00","date_gmt":"2026-01-23T20:43:00","guid":{"rendered":"https:\/\/portaltela.pt\/noticias\/2026\/01\/23\/en-351-cortada-ao-transito-entre-oleiros-e-proenca-a-nova-por-neve\/"},"modified":"2026-01-23T17:43:00","modified_gmt":"2026-01-23T20:43:00","slug":"en-351-cortada-ao-transito-entre-oleiros-e-proenca-a-nova-por-neve","status":"publish","type":"post","link":"https:\/\/portaltela.pt\/noticias\/2026\/01\/23\/en-351-cortada-ao-transito-entre-oleiros-e-proenca-a-nova-por-neve\/","title":{"rendered":"EN 351 cortada ao tr\u00e2nsito entre Oleiros e Proen\u00e7a-a-Nova por neve"},"content":{"rendered":"<p>A Estrada Nacional 351 encontra-se totalmente cortada ao tr\u00e2nsito devido \u00e0 queda de neve. O Munic\u00edpio de Oleiros informou a circula\u00e7\u00e3o n\u00e3o \u00e9 poss\u00edvel na liga\u00e7\u00e3o entre Oleiros e Proen\u00e7a-a-Nova, com o tro\u00e7o encerrado entre o cruzamento do Bra\u00e7al e o cruzamento de Cunqueiros.<\/p>\n<p>O corte desce sobre a faixa entre Oleiros, no cruzamento do Bra\u00e7al, e Proen\u00e7a-a-Nova, no cruzamento de Cunqueiros. A situa\u00e7\u00e3o impede a passagem de ve\u00edculos de maior porte e exige redirecionamento de itiner\u00e1rios.<\/p>\n<p>V\u00e1rias entidades est\u00e3o no local para acompanhar a situa\u00e7\u00e3o. Est\u00e3o presentes os Bombeiros, o Servi\u00e7o Municipal de Prote\u00e7\u00e3o Civil, a Guarda Nacional Republicana (GNR) e a Infraestruturas de Portugal, que asseguram as condi\u00e7\u00f5es de seguran\u00e7a na via.<\/p>\n<h3>Medidas de seguran\u00e7a<\/h3>\n<p>As autoridades apelam \u00e0 popula\u00e7\u00e3o para seguir as indica\u00e7\u00f5es da Prote\u00e7\u00e3o Civil e evitar desloca\u00e7\u00f5es na zona afetada. Aut\u00f3nomos devem planejar rotas alternativas face \u00e0s condi\u00e7\u00f5es meteorol\u00f3gicas adversas.<\/p>\n","protected":false},"excerpt":{"rendered":"<ul>\n<li>A Estrada Nacional 351 est\u00e1 totalmente cortada ao tr\u00e2nsito devido \u00e0 queda de neve, segundo o Munic\u00edpio de Oleiros.<\/li>\n<li>O tro\u00e7o entre o cruzamento do Bra\u00e7al, em Oleiros, e o cruzamento de Cunqueiros, em Proen\u00e7a-a-Nova, est\u00e1 encerrado.<\/li>\n<li>No local est\u00e3o presentes meios de emerg\u00eancia e seguran\u00e7a: os Bombeiros, o Servi\u00e7o Municipal de Prote\u00e7\u00e3o Civil, a Guarda Nacional Republicana (GNR) e a Infraestruturas de Portugal.<\/li>\n<li>As autoridades acompanham a situa\u00e7\u00e3o e asseguram condi\u00e7\u00f5es de seguran\u00e7a na via.<\/li>\n<li>A popula\u00e7\u00e3o \u00e9 aconselhada a seguir as indica\u00e7\u00f5es da Prote\u00e7\u00e3o Civil, evitar desloca\u00e7\u00f5es na \u00e1rea e usar vias alternativas devido \u00e0s condi\u00e7\u00f5es meteorol\u00f3gicas adversas.<\/li>\n<\/ul>\n","protected":false},"author":2,"featured_media":168562,"comment_status":"closed","ping_status":"closed","sticky":false,"template":"","format":"standard","meta":{"footnotes":""},"categories":[1],"tags":[971,1083,1380,2698,2387,320],"class_list":["post-168541","post","type-post","status-publish","format-standard","has-post-thumbnail","hentry","category-noticias","tag-bombeiros","tag-estradas","tag-gnr","tag-infraestruturas-de-portugal","tag-oleiros","tag-protecao-civil"],"yoast_head":"<!-- This site is optimized with the Yoast SEO plugin v27.2 - https:\/\/yoast.com\/product\/yoast-seo-wordpress\/ -->\n<title>EN 351 cortada ao tr\u00e2nsito entre Oleiros e Proen\u00e7a-a-Nova por neve - Portal Tela Portugal<\/title>\n<meta name=\"robots\" content=\"index, follow, max-snippet:-1, max-image-preview:large, max-video-preview:-1\" \/>\n<meta property=\"og:locale\" content=\"pt_PT\" \/>\n<meta property=\"og:type\" content=\"article\" \/>\n<meta property=\"og:title\" content=\"EN 351 cortada ao tr\u00e2nsito entre Oleiros e Proen\u00e7a-a-Nova por neve - Portal Tela Portugal\" \/>\n<meta property=\"og:description\" content=\"A Estrada Nacional 351 est\u00e1 totalmente cortada ao tr\u00e2nsito devido \u00e0 queda de neve, segundo o Munic\u00edpio de Oleiros. O tro\u00e7o entre o cruzamento do Bra\u00e7al, em Oleiros, e o cruzamento de Cunqueiros, em Proen\u00e7a-a-Nova, est\u00e1 encerrado. No local est\u00e3o presentes meios de emerg\u00eancia e seguran\u00e7a: os Bombeiros, o Servi\u00e7o Municipal de Prote\u00e7\u00e3o Civil, a Guarda Nacional Republicana (GNR) e a Infraestruturas de Portugal. As autoridades acompanham a situa\u00e7\u00e3o e asseguram condi\u00e7\u00f5es de seguran\u00e7a na via. A popula\u00e7\u00e3o \u00e9 aconselhada a seguir as indica\u00e7\u00f5es da Prote\u00e7\u00e3o Civil, evitar desloca\u00e7\u00f5es na \u00e1rea e usar vias alternativas devido \u00e0s condi\u00e7\u00f5es meteorol\u00f3gicas adversas.\" \/>\n<meta property=\"og:url\" content=\"https:\/\/portaltela.pt\/noticias\/2026\/01\/23\/en-351-cortada-ao-transito-entre-oleiros-e-proenca-a-nova-por-neve\/\" \/>\n<meta property=\"og:site_name\" content=\"Portal Tela Portugal\" \/>\n<meta property=\"article:published_time\" content=\"2026-01-23T20:43:00+00:00\" \/>\n<meta name=\"author\" content=\"Telinha\" \/>\n<meta name=\"twitter:card\" content=\"summary_large_image\" \/>\n<meta name=\"twitter:label1\" content=\"Escrito por\" \/>\n\t<meta name=\"twitter:data1\" content=\"Telinha\" \/>\n\t<meta name=\"twitter:label2\" content=\"Tempo estimado de leitura\" \/>\n\t<meta name=\"twitter:data2\" content=\"1 minuto\" \/>\n<script type=\"application\/ld+json\" class=\"yoast-schema-graph\">{\"@context\":\"https:\/\/schema.org\",\"@graph\":[{\"@type\":\"Article\",\"@id\":\"https:\/\/portaltela.pt\/noticias\/2026\/01\/23\/en-351-cortada-ao-transito-entre-oleiros-e-proenca-a-nova-por-neve\/#article\",\"isPartOf\":{\"@id\":\"https:\/\/portaltela.pt\/noticias\/2026\/01\/23\/en-351-cortada-ao-transito-entre-oleiros-e-proenca-a-nova-por-neve\/\"},\"author\":{\"name\":\"Telinha\",\"@id\":\"https:\/\/portaltela.pt\/#\/schema\/person\/c4278d4a6028830caff9ee44b42d32ed\"},\"headline\":\"EN 351 cortada ao tr\u00e2nsito entre Oleiros e Proen\u00e7a-a-Nova por neve\",\"datePublished\":\"2026-01-23T20:43:00+00:00\",\"mainEntityOfPage\":{\"@id\":\"https:\/\/portaltela.pt\/noticias\/2026\/01\/23\/en-351-cortada-ao-transito-entre-oleiros-e-proenca-a-nova-por-neve\/\"},\"wordCount\":183,\"image\":{\"@id\":\"https:\/\/portaltela.pt\/noticias\/2026\/01\/23\/en-351-cortada-ao-transito-entre-oleiros-e-proenca-a-nova-por-neve\/#primaryimage\"},\"thumbnailUrl\":\"https:\/\/portaltela.pt\/s.01k8rhncp4jt1\/2026\/01\/unnamed-file-4866.jpg\",\"keywords\":[\"bombeiros\",\"estradas\",\"GNR\",\"Infraestruturas de Portugal\",\"Oleiros\",\"prote\u00e7\u00e3o civil\"],\"articleSection\":[\"Not\u00edcias\"],\"inLanguage\":\"pt-PT\"},{\"@type\":\"WebPage\",\"@id\":\"https:\/\/portaltela.pt\/noticias\/2026\/01\/23\/en-351-cortada-ao-transito-entre-oleiros-e-proenca-a-nova-por-neve\/\",\"url\":\"https:\/\/portaltela.pt\/noticias\/2026\/01\/23\/en-351-cortada-ao-transito-entre-oleiros-e-proenca-a-nova-por-neve\/\",\"name\":\"EN 351 cortada ao tr\u00e2nsito entre Oleiros e Proen\u00e7a-a-Nova por neve - Portal Tela Portugal\",\"isPartOf\":{\"@id\":\"https:\/\/portaltela.pt\/#website\"},\"primaryImageOfPage\":{\"@id\":\"https:\/\/portaltela.pt\/noticias\/2026\/01\/23\/en-351-cortada-ao-transito-entre-oleiros-e-proenca-a-nova-por-neve\/#primaryimage\"},\"image\":{\"@id\":\"https:\/\/portaltela.pt\/noticias\/2026\/01\/23\/en-351-cortada-ao-transito-entre-oleiros-e-proenca-a-nova-por-neve\/#primaryimage\"},\"thumbnailUrl\":\"https:\/\/portaltela.pt\/s.01k8rhncp4jt1\/2026\/01\/unnamed-file-4866.jpg\",\"datePublished\":\"2026-01-23T20:43:00+00:00\",\"author\":{\"@id\":\"https:\/\/portaltela.pt\/#\/schema\/person\/c4278d4a6028830caff9ee44b42d32ed\"},\"breadcrumb\":{\"@id\":\"https:\/\/portaltela.pt\/noticias\/2026\/01\/23\/en-351-cortada-ao-transito-entre-oleiros-e-proenca-a-nova-por-neve\/#breadcrumb\"},\"inLanguage\":\"pt-PT\",\"potentialAction\":[{\"@type\":\"ReadAction\",\"target\":[\"https:\/\/portaltela.pt\/noticias\/2026\/01\/23\/en-351-cortada-ao-transito-entre-oleiros-e-proenca-a-nova-por-neve\/\"]}]},{\"@type\":\"ImageObject\",\"inLanguage\":\"pt-PT\",\"@id\":\"https:\/\/portaltela.pt\/noticias\/2026\/01\/23\/en-351-cortada-ao-transito-entre-oleiros-e-proenca-a-nova-por-neve\/#primaryimage\",\"url\":\"https:\/\/portaltela.pt\/s.01k8rhncp4jt1\/2026\/01\/unnamed-file-4866.jpg\",\"contentUrl\":\"https:\/\/portaltela.pt\/s.01k8rhncp4jt1\/2026\/01\/unnamed-file-4866.jpg\",\"width\":796,\"height\":448,\"caption\":\"EN 351 cortada ao tr\u00e2nsito entre Oleiros e Proen\u00e7a-a-Nova devido \u00e0 neve\"},{\"@type\":\"BreadcrumbList\",\"@id\":\"https:\/\/portaltela.pt\/noticias\/2026\/01\/23\/en-351-cortada-ao-transito-entre-oleiros-e-proenca-a-nova-por-neve\/#breadcrumb\",\"itemListElement\":[{\"@type\":\"ListItem\",\"position\":1,\"name\":\"In\u00edcio\",\"item\":\"https:\/\/portaltela.pt\/\"},{\"@type\":\"ListItem\",\"position\":2,\"name\":\"EN 351 cortada ao tr\u00e2nsito entre Oleiros e Proen\u00e7a-a-Nova por neve\"}]},{\"@type\":\"WebSite\",\"@id\":\"https:\/\/portaltela.pt\/#website\",\"url\":\"https:\/\/portaltela.pt\/\",\"name\":\"Portal Tela Portugal\",\"description\":\"\",\"potentialAction\":[{\"@type\":\"SearchAction\",\"target\":{\"@type\":\"EntryPoint\",\"urlTemplate\":\"https:\/\/portaltela.pt\/?s={search_term_string}\"},\"query-input\":{\"@type\":\"PropertyValueSpecification\",\"valueRequired\":true,\"valueName\":\"search_term_string\"}}],\"inLanguage\":\"pt-PT\"},{\"@type\":\"Person\",\"@id\":\"https:\/\/portaltela.pt\/#\/schema\/person\/c4278d4a6028830caff9ee44b42d32ed\",\"name\":\"Telinha\",\"image\":{\"@type\":\"ImageObject\",\"inLanguage\":\"pt-PT\",\"@id\":\"https:\/\/portaltela.pt\/s.01k8rhncp4jt1\/2025\/11\/talking-bot-125x125.png\",\"url\":\"https:\/\/portaltela.pt\/s.01k8rhncp4jt1\/2025\/11\/talking-bot-125x125.png\",\"contentUrl\":\"https:\/\/portaltela.pt\/s.01k8rhncp4jt1\/2025\/11\/talking-bot-125x125.png\",\"caption\":\"Telinha\"},\"sameAs\":[\"https:\/\/portaltela.pt\/\"],\"url\":\"https:\/\/portaltela.pt\/por\/367410592786\/\"}]}<\/script>\n<!-- \/ Yoast SEO plugin. -->","yoast_head_json":{"title":"EN 351 cortada ao tr\u00e2nsito entre Oleiros e Proen\u00e7a-a-Nova por neve - Portal Tela Portugal","robots":{"index":"index","follow":"follow","max-snippet":"max-snippet:-1","max-image-preview":"max-image-preview:large","max-video-preview":"max-video-preview:-1"},"og_locale":"pt_PT","og_type":"article","og_title":"EN 351 cortada ao tr\u00e2nsito entre Oleiros e Proen\u00e7a-a-Nova por neve - Portal Tela Portugal","og_description":"A Estrada Nacional 351 est\u00e1 totalmente cortada ao tr\u00e2nsito devido \u00e0 queda de neve, segundo o Munic\u00edpio de Oleiros. O tro\u00e7o entre o cruzamento do Bra\u00e7al, em Oleiros, e o cruzamento de Cunqueiros, em Proen\u00e7a-a-Nova, est\u00e1 encerrado. No local est\u00e3o presentes meios de emerg\u00eancia e seguran\u00e7a: os Bombeiros, o Servi\u00e7o Municipal de Prote\u00e7\u00e3o Civil, a Guarda Nacional Republicana (GNR) e a Infraestruturas de Portugal. As autoridades acompanham a situa\u00e7\u00e3o e asseguram condi\u00e7\u00f5es de seguran\u00e7a na via. A popula\u00e7\u00e3o \u00e9 aconselhada a seguir as indica\u00e7\u00f5es da Prote\u00e7\u00e3o Civil, evitar desloca\u00e7\u00f5es na \u00e1rea e usar vias alternativas devido \u00e0s condi\u00e7\u00f5es meteorol\u00f3gicas adversas.","og_url":"https:\/\/portaltela.pt\/noticias\/2026\/01\/23\/en-351-cortada-ao-transito-entre-oleiros-e-proenca-a-nova-por-neve\/","og_site_name":"Portal Tela Portugal","article_published_time":"2026-01-23T20:43:00+00:00","author":"Telinha","twitter_card":"summary_large_image","twitter_misc":{"Escrito por":"Telinha","Tempo estimado de leitura":"1 minuto"},"schema":{"@context":"https:\/\/schema.org","@graph":[{"@type":"Article","@id":"https:\/\/portaltela.pt\/noticias\/2026\/01\/23\/en-351-cortada-ao-transito-entre-oleiros-e-proenca-a-nova-por-neve\/#article","isPartOf":{"@id":"https:\/\/portaltela.pt\/noticias\/2026\/01\/23\/en-351-cortada-ao-transito-entre-oleiros-e-proenca-a-nova-por-neve\/"},"author":{"name":"Telinha","@id":"https:\/\/portaltela.pt\/#\/schema\/person\/c4278d4a6028830caff9ee44b42d32ed"},"headline":"EN 351 cortada ao tr\u00e2nsito entre Oleiros e Proen\u00e7a-a-Nova por neve","datePublished":"2026-01-23T20:43:00+00:00","mainEntityOfPage":{"@id":"https:\/\/portaltela.pt\/noticias\/2026\/01\/23\/en-351-cortada-ao-transito-entre-oleiros-e-proenca-a-nova-por-neve\/"},"wordCount":183,"image":{"@id":"https:\/\/portaltela.pt\/noticias\/2026\/01\/23\/en-351-cortada-ao-transito-entre-oleiros-e-proenca-a-nova-por-neve\/#primaryimage"},"thumbnailUrl":"https:\/\/portaltela.pt\/s.01k8rhncp4jt1\/2026\/01\/unnamed-file-4866.jpg","keywords":["bombeiros","estradas","GNR","Infraestruturas de Portugal","Oleiros","prote\u00e7\u00e3o civil"],"articleSection":["Not\u00edcias"],"inLanguage":"pt-PT"},{"@type":"WebPage","@id":"https:\/\/portaltela.pt\/noticias\/2026\/01\/23\/en-351-cortada-ao-transito-entre-oleiros-e-proenca-a-nova-por-neve\/","url":"https:\/\/portaltela.pt\/noticias\/2026\/01\/23\/en-351-cortada-ao-transito-entre-oleiros-e-proenca-a-nova-por-neve\/","name":"EN 351 cortada ao tr\u00e2nsito entre Oleiros e Proen\u00e7a-a-Nova por neve - Portal Tela Portugal","isPartOf":{"@id":"https:\/\/portaltela.pt\/#website"},"primaryImageOfPage":{"@id":"https:\/\/portaltela.pt\/noticias\/2026\/01\/23\/en-351-cortada-ao-transito-entre-oleiros-e-proenca-a-nova-por-neve\/#primaryimage"},"image":{"@id":"https:\/\/portaltela.pt\/noticias\/2026\/01\/23\/en-351-cortada-ao-transito-entre-oleiros-e-proenca-a-nova-por-neve\/#primaryimage"},"thumbnailUrl":"https:\/\/portaltela.pt\/s.01k8rhncp4jt1\/2026\/01\/unnamed-file-4866.jpg","datePublished":"2026-01-23T20:43:00+00:00","author":{"@id":"https:\/\/portaltela.pt\/#\/schema\/person\/c4278d4a6028830caff9ee44b42d32ed"},"breadcrumb":{"@id":"https:\/\/portaltela.pt\/noticias\/2026\/01\/23\/en-351-cortada-ao-transito-entre-oleiros-e-proenca-a-nova-por-neve\/#breadcrumb"},"inLanguage":"pt-PT","potentialAction":[{"@type":"ReadAction","target":["https:\/\/portaltela.pt\/noticias\/2026\/01\/23\/en-351-cortada-ao-transito-entre-oleiros-e-proenca-a-nova-por-neve\/"]}]},{"@type":"ImageObject","inLanguage":"pt-PT","@id":"https:\/\/portaltela.pt\/noticias\/2026\/01\/23\/en-351-cortada-ao-transito-entre-oleiros-e-proenca-a-nova-por-neve\/#primaryimage","url":"https:\/\/portaltela.pt\/s.01k8rhncp4jt1\/2026\/01\/unnamed-file-4866.jpg","contentUrl":"https:\/\/portaltela.pt\/s.01k8rhncp4jt1\/2026\/01\/unnamed-file-4866.jpg","width":796,"height":448,"caption":"EN 351 cortada ao tr\u00e2nsito entre Oleiros e Proen\u00e7a-a-Nova devido \u00e0 neve"},{"@type":"BreadcrumbList","@id":"https:\/\/portaltela.pt\/noticias\/2026\/01\/23\/en-351-cortada-ao-transito-entre-oleiros-e-proenca-a-nova-por-neve\/#breadcrumb","itemListElement":[{"@type":"ListItem","position":1,"name":"In\u00edcio","item":"https:\/\/portaltela.pt\/"},{"@type":"ListItem","position":2,"name":"EN 351 cortada ao tr\u00e2nsito entre Oleiros e Proen\u00e7a-a-Nova por neve"}]},{"@type":"WebSite","@id":"https:\/\/portaltela.pt\/#website","url":"https:\/\/portaltela.pt\/","name":"Portal Tela Portugal","description":"","potentialAction":[{"@type":"SearchAction","target":{"@type":"EntryPoint","urlTemplate":"https:\/\/portaltela.pt\/?s={search_term_string}"},"query-input":{"@type":"PropertyValueSpecification","valueRequired":true,"valueName":"search_term_string"}}],"inLanguage":"pt-PT"},{"@type":"Person","@id":"https:\/\/portaltela.pt\/#\/schema\/person\/c4278d4a6028830caff9ee44b42d32ed","name":"Telinha","image":{"@type":"ImageObject","inLanguage":"pt-PT","@id":"https:\/\/portaltela.pt\/s.01k8rhncp4jt1\/2025\/11\/talking-bot-125x125.png","url":"https:\/\/portaltela.pt\/s.01k8rhncp4jt1\/2025\/11\/talking-bot-125x125.png","contentUrl":"https:\/\/portaltela.pt\/s.01k8rhncp4jt1\/2025\/11\/talking-bot-125x125.png","caption":"Telinha"},"sameAs":["https:\/\/portaltela.pt\/"],"url":"https:\/\/portaltela.pt\/por\/367410592786\/"}]}},"_links":{"self":[{"href":"https:\/\/portaltela.pt\/api\/wp\/v2\/posts\/168541","targetHints":{"allow":["GET"]}}],"collection":[{"href":"https:\/\/portaltela.pt\/api\/wp\/v2\/posts"}],"about":[{"href":"https:\/\/portaltela.pt\/api\/wp\/v2\/types\/post"}],"author":[{"embeddable":true,"href":"https:\/\/portaltela.pt\/api\/wp\/v2\/users\/2"}],"replies":[{"embeddable":true,"href":"https:\/\/portaltela.pt\/api\/wp\/v2\/comments?post=168541"}],"version-history":[{"count":0,"href":"https:\/\/portaltela.pt\/api\/wp\/v2\/posts\/168541\/revisions"}],"wp:featuredmedia":[{"embeddable":true,"href":"https:\/\/portaltela.pt\/api\/wp\/v2\/media\/168562"}],"wp:attachment":[{"href":"https:\/\/portaltela.pt\/api\/wp\/v2\/media?parent=168541"}],"wp:term":[{"taxonomy":"category","embeddable":true,"href":"https:\/\/portaltela.pt\/api\/wp\/v2\/categories?post=168541"},{"taxonomy":"post_tag","embeddable":true,"href":"https:\/\/portaltela.pt\/api\/wp\/v2\/tags?post=168541"}],"curies":[{"name":"wp","href":"https:\/\/api.w.org\/{rel}","templated":true}]}}