{"id":168526,"date":"2026-01-23T17:42:00","date_gmt":"2026-01-23T20:42:00","guid":{"rendered":"https:\/\/portaltela.pt\/noticias\/2026\/01\/23\/netanyahu-discute-sabado-a-2-a-fase-de-gaza-com-enviados-norte-americanos\/"},"modified":"2026-01-23T17:42:00","modified_gmt":"2026-01-23T20:42:00","slug":"netanyahu-discute-sabado-a-2-a-fase-de-gaza-com-enviados-norte-americanos","status":"publish","type":"post","link":"https:\/\/portaltela.pt\/noticias\/2026\/01\/23\/netanyahu-discute-sabado-a-2-a-fase-de-gaza-com-enviados-norte-americanos\/","title":{"rendered":"Netanyahu discute s\u00e1bado a 2.\u00aa fase de Gaza com enviados norte-americanos"},"content":{"rendered":"<p>O Canal 12 de Israel afirmou que, neste s\u00e1bado, Netanyahu participa de uma segunda fase de consultas sobre Gaza com enviados dos Estados Unidos. O encontro deve abordar o desarmamento do Hamas, o repatriamento do corpo de Ran Gvili e a situa\u00e7\u00e3o no Ir\u00e3o.<\/p>\n<p>A reuni\u00e3o ocorre no contexto da iniciativa liderada pelo Presidente norte\u2011americano, Donald Trump, que convidou o primeiro-ministro israelita para integrar o Conselho da Paz. O \u00f3rg\u00e3o supervisiona o cessar-fogo em Gaza e pode atuar noutras zonas de conflito.<\/p>\n<p>Witkoff, enviado da Casa Branca ao M\u00e9dio Oriente, descreveu a cria\u00e7\u00e3o de um governo palestiniano tecnocr\u00e1tico de transi\u00e7\u00e3o, o Comit\u00e9 Nacional para a Administra\u00e7\u00e3o de Gaza, bem como a desmilitariza\u00e7\u00e3o e a reconstru\u00e7\u00e3o do enclave, incluindo o desarmamento de pessoal n\u00e3o autorizado.<\/p>\n<p>Jared Kushner, tamb\u00e9m envolvido nas negocia\u00e7\u00f5es, afirmou em Davos que a desmilitariza\u00e7\u00e3o da Faixa de Gaza deve acontecer por etapas, com a entrega do armamento pesado, seguida do armamento ligeiro, sem apresentar um calend\u00e1rio definido.<\/p>\n<p>At\u00e9 agora, o Hamas tem aceitado entregar o armamento pesado, visto como ofensivo, em troca de garantias de ajuda humanit\u00e1ria e medidas de reconstru\u00e7\u00e3o, mantendo resist\u00eancia \u00e0 entrega de armas consideradas defensivas.<\/p>\n<p>Na quinta-feira, a Administra\u00e7\u00e3o Trump apresentou o plano de reconstru\u00e7\u00e3o para a denominada \u201cNova Gaza\u201d, promovendo um projeto de desenvolvimento urbano com arranha-c\u00e9us num territ\u00f3rio devastado pela ofensiva israelita.<\/p>\n<p>A reuni\u00e3o tamb\u00e9m dever\u00e1 analisar o Ir\u00e3o, ap\u00f3s Trump ter anunciado, no dia anterior, uma \u201cenorme frota\u201d a caminho das \u00e1guas pr\u00f3ximas \u00e0 Rep\u00fablica Isl\u00e2mica, segundo a leitura de analistas presentes no encontro.<\/p>\n<p>O Hamas pediu ao Conselho da Paz que obrigue Israel a cumprir as condi\u00e7\u00f5es do plano de 20 pontos que antecedeu o cessar-fogo, defendendo a entrada de ajuda humanit\u00e1ria e materiais para abrigo, al\u00e9m do in\u00edcio da reconstru\u00e7\u00e3o.<\/p>\n<p>A tr\u00e9gua estabelecida a 10 de outubro continua em vigor, com a troca de 20 ref\u00e9ns vivos por prisioneiros palestinianos, retirada parcial de for\u00e7as israelitas e entrada de ajuda humanit\u00e1ria, apesar de acusa\u00e7\u00f5es m\u00fatuas de viola\u00e7\u00f5es.<\/p>\n<p>A guerra teve in\u00edcio em outubro de 2023, ap\u00f3s ataques do Hamas que causaram cerca de 1.200 mortos em Israel e levaram \u00e0 captura de 251 pessoas. Em Gaza, as autoridades locais apontam mais de 71 mil mortos e uma devasta\u00e7\u00e3o generalizada.<\/p>\n","protected":false},"excerpt":{"rendered":"<ul>\n<li>Netanyahu discute a segunda fase de Gaza com enviados norte\u2011americanos, incluindo desarmamento do Hamas, repatriamento do corpo de Ran Gvili e a situa\u00e7\u00e3o no Ir\u00e3o.<\/li>\n<li>O l\u00edder israelita aceitou, na quarta-feira, o convite do presidente dos EUA para integrar o Conselho da Paz, criado para supervisionar o cessar\u2011fogo e atuar noutras zonas de conflito.<\/li>\n<li>Segundo Witkoff, prev\u00ea\u2011se a cria\u00e7\u00e3o de um governo palestiniano tecnocr\u00e1tico de transi\u00e7\u00e3o, o Comit\u00e9 Nacional para a Administra\u00e7\u00e3o de Gaza, bem como desmilitariza\u00e7\u00e3o e reconstru\u00e7\u00e3o do enclave.<\/li>\n<li>Jared Kushner afirmou, em Davos, que o Hamas deve entregar primeiro o armamento pesado e depois o leve, sem indicar calend\u00e1rio.<\/li>\n<li>O Hamas pediu ao Conselho da Paz para exigir que Israel cumpra as obriga\u00e7\u00f5es do acordo, incluindo ajuda humanit\u00e1ria, reconstru\u00e7\u00e3o e fim de viola\u00e7\u00f5es, enquanto se discute tamb\u00e9m o plano de reconstru\u00e7\u00e3o da chamada \u201cNova Gaza\u201d e a presen\u00e7a de uma hipot\u00e9tica for\u00e7a para fiscaliza\u00e7\u00e3o.<\/li>\n<\/ul>\n","protected":false},"author":2,"featured_media":168559,"comment_status":"closed","ping_status":"closed","sticky":false,"template":"","format":"standard","meta":{"footnotes":""},"categories":[1],"tags":[2792,207,4049,1600,3651,3708],"class_list":["post-168526","post","type-post","status-publish","format-standard","has-post-thumbnail","hentry","category-noticias","tag-conflito-internacional","tag-desarmamento","tag-desmilitarizacao","tag-estados-unidos","tag-gaza","tag-israel"],"yoast_head":"<!-- This site is optimized with the Yoast SEO plugin v27.2 - https:\/\/yoast.com\/product\/yoast-seo-wordpress\/ -->\n<title>Netanyahu discute s\u00e1bado a 2.\u00aa fase de Gaza com enviados norte-americanos - Portal Tela Portugal<\/title>\n<meta name=\"robots\" content=\"index, follow, max-snippet:-1, max-image-preview:large, max-video-preview:-1\" \/>\n<meta property=\"og:locale\" content=\"pt_PT\" \/>\n<meta property=\"og:type\" content=\"article\" \/>\n<meta property=\"og:title\" content=\"Netanyahu discute s\u00e1bado a 2.\u00aa fase de Gaza com enviados norte-americanos - Portal Tela Portugal\" \/>\n<meta property=\"og:description\" content=\"Netanyahu discute a segunda fase de Gaza com enviados norte\u2011americanos, incluindo desarmamento do Hamas, repatriamento do corpo de Ran Gvili e a situa\u00e7\u00e3o no Ir\u00e3o. O l\u00edder israelita aceitou, na quarta-feira, o convite do presidente dos EUA para integrar o Conselho da Paz, criado para supervisionar o cessar\u2011fogo e atuar noutras zonas de conflito. Segundo Witkoff, prev\u00ea\u2011se a cria\u00e7\u00e3o de um governo palestiniano tecnocr\u00e1tico de transi\u00e7\u00e3o, o Comit\u00e9 Nacional para a Administra\u00e7\u00e3o de Gaza, bem como desmilitariza\u00e7\u00e3o e reconstru\u00e7\u00e3o do enclave. Jared Kushner afirmou, em Davos, que o Hamas deve entregar primeiro o armamento pesado e depois o leve, sem indicar calend\u00e1rio. O Hamas pediu ao Conselho da Paz para exigir que Israel cumpra as obriga\u00e7\u00f5es do acordo, incluindo ajuda humanit\u00e1ria, reconstru\u00e7\u00e3o e fim de viola\u00e7\u00f5es, enquanto se discute tamb\u00e9m o plano de reconstru\u00e7\u00e3o da chamada \u201cNova Gaza\u201d e a presen\u00e7a de uma hipot\u00e9tica for\u00e7a para fiscaliza\u00e7\u00e3o.\" \/>\n<meta property=\"og:url\" content=\"https:\/\/portaltela.pt\/noticias\/2026\/01\/23\/netanyahu-discute-sabado-a-2-a-fase-de-gaza-com-enviados-norte-americanos\/\" \/>\n<meta property=\"og:site_name\" content=\"Portal Tela Portugal\" \/>\n<meta property=\"article:published_time\" content=\"2026-01-23T20:42:00+00:00\" \/>\n<meta name=\"author\" content=\"Telinha\" \/>\n<meta name=\"twitter:card\" content=\"summary_large_image\" \/>\n<meta name=\"twitter:label1\" content=\"Escrito por\" \/>\n\t<meta name=\"twitter:data1\" content=\"Telinha\" \/>\n\t<meta name=\"twitter:label2\" content=\"Tempo estimado de leitura\" \/>\n\t<meta name=\"twitter:data2\" content=\"2 minutos\" \/>\n<script type=\"application\/ld+json\" class=\"yoast-schema-graph\">{\"@context\":\"https:\/\/schema.org\",\"@graph\":[{\"@type\":\"Article\",\"@id\":\"https:\/\/portaltela.pt\/noticias\/2026\/01\/23\/netanyahu-discute-sabado-a-2-a-fase-de-gaza-com-enviados-norte-americanos\/#article\",\"isPartOf\":{\"@id\":\"https:\/\/portaltela.pt\/noticias\/2026\/01\/23\/netanyahu-discute-sabado-a-2-a-fase-de-gaza-com-enviados-norte-americanos\/\"},\"author\":{\"name\":\"Telinha\",\"@id\":\"https:\/\/portaltela.pt\/#\/schema\/person\/c4278d4a6028830caff9ee44b42d32ed\"},\"headline\":\"Netanyahu discute s\u00e1bado a 2.\u00aa fase de Gaza com enviados norte-americanos\",\"datePublished\":\"2026-01-23T20:42:00+00:00\",\"mainEntityOfPage\":{\"@id\":\"https:\/\/portaltela.pt\/noticias\/2026\/01\/23\/netanyahu-discute-sabado-a-2-a-fase-de-gaza-com-enviados-norte-americanos\/\"},\"wordCount\":416,\"image\":{\"@id\":\"https:\/\/portaltela.pt\/noticias\/2026\/01\/23\/netanyahu-discute-sabado-a-2-a-fase-de-gaza-com-enviados-norte-americanos\/#primaryimage\"},\"thumbnailUrl\":\"https:\/\/portaltela.pt\/s.01k8rhncp4jt1\/2026\/01\/46298431.jpg\",\"keywords\":[\"conflito internacional\",\"desarmamento\",\"desmilitariza\u00e7\u00e3o\",\"Estados Unidos\",\"Gaza\",\"Israel\"],\"articleSection\":[\"Not\u00edcias\"],\"inLanguage\":\"pt-PT\"},{\"@type\":\"WebPage\",\"@id\":\"https:\/\/portaltela.pt\/noticias\/2026\/01\/23\/netanyahu-discute-sabado-a-2-a-fase-de-gaza-com-enviados-norte-americanos\/\",\"url\":\"https:\/\/portaltela.pt\/noticias\/2026\/01\/23\/netanyahu-discute-sabado-a-2-a-fase-de-gaza-com-enviados-norte-americanos\/\",\"name\":\"Netanyahu discute s\u00e1bado a 2.\u00aa fase de Gaza com enviados norte-americanos - Portal Tela Portugal\",\"isPartOf\":{\"@id\":\"https:\/\/portaltela.pt\/#website\"},\"primaryImageOfPage\":{\"@id\":\"https:\/\/portaltela.pt\/noticias\/2026\/01\/23\/netanyahu-discute-sabado-a-2-a-fase-de-gaza-com-enviados-norte-americanos\/#primaryimage\"},\"image\":{\"@id\":\"https:\/\/portaltela.pt\/noticias\/2026\/01\/23\/netanyahu-discute-sabado-a-2-a-fase-de-gaza-com-enviados-norte-americanos\/#primaryimage\"},\"thumbnailUrl\":\"https:\/\/portaltela.pt\/s.01k8rhncp4jt1\/2026\/01\/46298431.jpg\",\"datePublished\":\"2026-01-23T20:42:00+00:00\",\"author\":{\"@id\":\"https:\/\/portaltela.pt\/#\/schema\/person\/c4278d4a6028830caff9ee44b42d32ed\"},\"breadcrumb\":{\"@id\":\"https:\/\/portaltela.pt\/noticias\/2026\/01\/23\/netanyahu-discute-sabado-a-2-a-fase-de-gaza-com-enviados-norte-americanos\/#breadcrumb\"},\"inLanguage\":\"pt-PT\",\"potentialAction\":[{\"@type\":\"ReadAction\",\"target\":[\"https:\/\/portaltela.pt\/noticias\/2026\/01\/23\/netanyahu-discute-sabado-a-2-a-fase-de-gaza-com-enviados-norte-americanos\/\"]}]},{\"@type\":\"ImageObject\",\"inLanguage\":\"pt-PT\",\"@id\":\"https:\/\/portaltela.pt\/noticias\/2026\/01\/23\/netanyahu-discute-sabado-a-2-a-fase-de-gaza-com-enviados-norte-americanos\/#primaryimage\",\"url\":\"https:\/\/portaltela.pt\/s.01k8rhncp4jt1\/2026\/01\/46298431.jpg\",\"contentUrl\":\"https:\/\/portaltela.pt\/s.01k8rhncp4jt1\/2026\/01\/46298431.jpg\",\"width\":796,\"height\":448,\"caption\":\"Netanyahu discute s\u00e1bado 2.\u00aa fase de Gaza com enviados norte-americanos\"},{\"@type\":\"BreadcrumbList\",\"@id\":\"https:\/\/portaltela.pt\/noticias\/2026\/01\/23\/netanyahu-discute-sabado-a-2-a-fase-de-gaza-com-enviados-norte-americanos\/#breadcrumb\",\"itemListElement\":[{\"@type\":\"ListItem\",\"position\":1,\"name\":\"In\u00edcio\",\"item\":\"https:\/\/portaltela.pt\/\"},{\"@type\":\"ListItem\",\"position\":2,\"name\":\"Netanyahu discute s\u00e1bado a 2.\u00aa fase de Gaza com enviados norte-americanos\"}]},{\"@type\":\"WebSite\",\"@id\":\"https:\/\/portaltela.pt\/#website\",\"url\":\"https:\/\/portaltela.pt\/\",\"name\":\"Portal Tela Portugal\",\"description\":\"\",\"potentialAction\":[{\"@type\":\"SearchAction\",\"target\":{\"@type\":\"EntryPoint\",\"urlTemplate\":\"https:\/\/portaltela.pt\/?s={search_term_string}\"},\"query-input\":{\"@type\":\"PropertyValueSpecification\",\"valueRequired\":true,\"valueName\":\"search_term_string\"}}],\"inLanguage\":\"pt-PT\"},{\"@type\":\"Person\",\"@id\":\"https:\/\/portaltela.pt\/#\/schema\/person\/c4278d4a6028830caff9ee44b42d32ed\",\"name\":\"Telinha\",\"image\":{\"@type\":\"ImageObject\",\"inLanguage\":\"pt-PT\",\"@id\":\"https:\/\/portaltela.pt\/s.01k8rhncp4jt1\/2025\/11\/talking-bot-125x125.png\",\"url\":\"https:\/\/portaltela.pt\/s.01k8rhncp4jt1\/2025\/11\/talking-bot-125x125.png\",\"contentUrl\":\"https:\/\/portaltela.pt\/s.01k8rhncp4jt1\/2025\/11\/talking-bot-125x125.png\",\"caption\":\"Telinha\"},\"sameAs\":[\"https:\/\/portaltela.pt\/\"],\"url\":\"https:\/\/portaltela.pt\/por\/367410592786\/\"}]}<\/script>\n<!-- \/ Yoast SEO plugin. -->","yoast_head_json":{"title":"Netanyahu discute s\u00e1bado a 2.\u00aa fase de Gaza com enviados norte-americanos - Portal Tela Portugal","robots":{"index":"index","follow":"follow","max-snippet":"max-snippet:-1","max-image-preview":"max-image-preview:large","max-video-preview":"max-video-preview:-1"},"og_locale":"pt_PT","og_type":"article","og_title":"Netanyahu discute s\u00e1bado a 2.\u00aa fase de Gaza com enviados norte-americanos - Portal Tela Portugal","og_description":"Netanyahu discute a segunda fase de Gaza com enviados norte\u2011americanos, incluindo desarmamento do Hamas, repatriamento do corpo de Ran Gvili e a situa\u00e7\u00e3o no Ir\u00e3o. O l\u00edder israelita aceitou, na quarta-feira, o convite do presidente dos EUA para integrar o Conselho da Paz, criado para supervisionar o cessar\u2011fogo e atuar noutras zonas de conflito. Segundo Witkoff, prev\u00ea\u2011se a cria\u00e7\u00e3o de um governo palestiniano tecnocr\u00e1tico de transi\u00e7\u00e3o, o Comit\u00e9 Nacional para a Administra\u00e7\u00e3o de Gaza, bem como desmilitariza\u00e7\u00e3o e reconstru\u00e7\u00e3o do enclave. Jared Kushner afirmou, em Davos, que o Hamas deve entregar primeiro o armamento pesado e depois o leve, sem indicar calend\u00e1rio. O Hamas pediu ao Conselho da Paz para exigir que Israel cumpra as obriga\u00e7\u00f5es do acordo, incluindo ajuda humanit\u00e1ria, reconstru\u00e7\u00e3o e fim de viola\u00e7\u00f5es, enquanto se discute tamb\u00e9m o plano de reconstru\u00e7\u00e3o da chamada \u201cNova Gaza\u201d e a presen\u00e7a de uma hipot\u00e9tica for\u00e7a para fiscaliza\u00e7\u00e3o.","og_url":"https:\/\/portaltela.pt\/noticias\/2026\/01\/23\/netanyahu-discute-sabado-a-2-a-fase-de-gaza-com-enviados-norte-americanos\/","og_site_name":"Portal Tela Portugal","article_published_time":"2026-01-23T20:42:00+00:00","author":"Telinha","twitter_card":"summary_large_image","twitter_misc":{"Escrito por":"Telinha","Tempo estimado de leitura":"2 minutos"},"schema":{"@context":"https:\/\/schema.org","@graph":[{"@type":"Article","@id":"https:\/\/portaltela.pt\/noticias\/2026\/01\/23\/netanyahu-discute-sabado-a-2-a-fase-de-gaza-com-enviados-norte-americanos\/#article","isPartOf":{"@id":"https:\/\/portaltela.pt\/noticias\/2026\/01\/23\/netanyahu-discute-sabado-a-2-a-fase-de-gaza-com-enviados-norte-americanos\/"},"author":{"name":"Telinha","@id":"https:\/\/portaltela.pt\/#\/schema\/person\/c4278d4a6028830caff9ee44b42d32ed"},"headline":"Netanyahu discute s\u00e1bado a 2.\u00aa fase de Gaza com enviados norte-americanos","datePublished":"2026-01-23T20:42:00+00:00","mainEntityOfPage":{"@id":"https:\/\/portaltela.pt\/noticias\/2026\/01\/23\/netanyahu-discute-sabado-a-2-a-fase-de-gaza-com-enviados-norte-americanos\/"},"wordCount":416,"image":{"@id":"https:\/\/portaltela.pt\/noticias\/2026\/01\/23\/netanyahu-discute-sabado-a-2-a-fase-de-gaza-com-enviados-norte-americanos\/#primaryimage"},"thumbnailUrl":"https:\/\/portaltela.pt\/s.01k8rhncp4jt1\/2026\/01\/46298431.jpg","keywords":["conflito internacional","desarmamento","desmilitariza\u00e7\u00e3o","Estados Unidos","Gaza","Israel"],"articleSection":["Not\u00edcias"],"inLanguage":"pt-PT"},{"@type":"WebPage","@id":"https:\/\/portaltela.pt\/noticias\/2026\/01\/23\/netanyahu-discute-sabado-a-2-a-fase-de-gaza-com-enviados-norte-americanos\/","url":"https:\/\/portaltela.pt\/noticias\/2026\/01\/23\/netanyahu-discute-sabado-a-2-a-fase-de-gaza-com-enviados-norte-americanos\/","name":"Netanyahu discute s\u00e1bado a 2.\u00aa fase de Gaza com enviados norte-americanos - Portal Tela Portugal","isPartOf":{"@id":"https:\/\/portaltela.pt\/#website"},"primaryImageOfPage":{"@id":"https:\/\/portaltela.pt\/noticias\/2026\/01\/23\/netanyahu-discute-sabado-a-2-a-fase-de-gaza-com-enviados-norte-americanos\/#primaryimage"},"image":{"@id":"https:\/\/portaltela.pt\/noticias\/2026\/01\/23\/netanyahu-discute-sabado-a-2-a-fase-de-gaza-com-enviados-norte-americanos\/#primaryimage"},"thumbnailUrl":"https:\/\/portaltela.pt\/s.01k8rhncp4jt1\/2026\/01\/46298431.jpg","datePublished":"2026-01-23T20:42:00+00:00","author":{"@id":"https:\/\/portaltela.pt\/#\/schema\/person\/c4278d4a6028830caff9ee44b42d32ed"},"breadcrumb":{"@id":"https:\/\/portaltela.pt\/noticias\/2026\/01\/23\/netanyahu-discute-sabado-a-2-a-fase-de-gaza-com-enviados-norte-americanos\/#breadcrumb"},"inLanguage":"pt-PT","potentialAction":[{"@type":"ReadAction","target":["https:\/\/portaltela.pt\/noticias\/2026\/01\/23\/netanyahu-discute-sabado-a-2-a-fase-de-gaza-com-enviados-norte-americanos\/"]}]},{"@type":"ImageObject","inLanguage":"pt-PT","@id":"https:\/\/portaltela.pt\/noticias\/2026\/01\/23\/netanyahu-discute-sabado-a-2-a-fase-de-gaza-com-enviados-norte-americanos\/#primaryimage","url":"https:\/\/portaltela.pt\/s.01k8rhncp4jt1\/2026\/01\/46298431.jpg","contentUrl":"https:\/\/portaltela.pt\/s.01k8rhncp4jt1\/2026\/01\/46298431.jpg","width":796,"height":448,"caption":"Netanyahu discute s\u00e1bado 2.\u00aa fase de Gaza com enviados norte-americanos"},{"@type":"BreadcrumbList","@id":"https:\/\/portaltela.pt\/noticias\/2026\/01\/23\/netanyahu-discute-sabado-a-2-a-fase-de-gaza-com-enviados-norte-americanos\/#breadcrumb","itemListElement":[{"@type":"ListItem","position":1,"name":"In\u00edcio","item":"https:\/\/portaltela.pt\/"},{"@type":"ListItem","position":2,"name":"Netanyahu discute s\u00e1bado a 2.\u00aa fase de Gaza com enviados norte-americanos"}]},{"@type":"WebSite","@id":"https:\/\/portaltela.pt\/#website","url":"https:\/\/portaltela.pt\/","name":"Portal Tela Portugal","description":"","potentialAction":[{"@type":"SearchAction","target":{"@type":"EntryPoint","urlTemplate":"https:\/\/portaltela.pt\/?s={search_term_string}"},"query-input":{"@type":"PropertyValueSpecification","valueRequired":true,"valueName":"search_term_string"}}],"inLanguage":"pt-PT"},{"@type":"Person","@id":"https:\/\/portaltela.pt\/#\/schema\/person\/c4278d4a6028830caff9ee44b42d32ed","name":"Telinha","image":{"@type":"ImageObject","inLanguage":"pt-PT","@id":"https:\/\/portaltela.pt\/s.01k8rhncp4jt1\/2025\/11\/talking-bot-125x125.png","url":"https:\/\/portaltela.pt\/s.01k8rhncp4jt1\/2025\/11\/talking-bot-125x125.png","contentUrl":"https:\/\/portaltela.pt\/s.01k8rhncp4jt1\/2025\/11\/talking-bot-125x125.png","caption":"Telinha"},"sameAs":["https:\/\/portaltela.pt\/"],"url":"https:\/\/portaltela.pt\/por\/367410592786\/"}]}},"_links":{"self":[{"href":"https:\/\/portaltela.pt\/api\/wp\/v2\/posts\/168526","targetHints":{"allow":["GET"]}}],"collection":[{"href":"https:\/\/portaltela.pt\/api\/wp\/v2\/posts"}],"about":[{"href":"https:\/\/portaltela.pt\/api\/wp\/v2\/types\/post"}],"author":[{"embeddable":true,"href":"https:\/\/portaltela.pt\/api\/wp\/v2\/users\/2"}],"replies":[{"embeddable":true,"href":"https:\/\/portaltela.pt\/api\/wp\/v2\/comments?post=168526"}],"version-history":[{"count":0,"href":"https:\/\/portaltela.pt\/api\/wp\/v2\/posts\/168526\/revisions"}],"wp:featuredmedia":[{"embeddable":true,"href":"https:\/\/portaltela.pt\/api\/wp\/v2\/media\/168559"}],"wp:attachment":[{"href":"https:\/\/portaltela.pt\/api\/wp\/v2\/media?parent=168526"}],"wp:term":[{"taxonomy":"category","embeddable":true,"href":"https:\/\/portaltela.pt\/api\/wp\/v2\/categories?post=168526"},{"taxonomy":"post_tag","embeddable":true,"href":"https:\/\/portaltela.pt\/api\/wp\/v2\/tags?post=168526"}],"curies":[{"name":"wp","href":"https:\/\/api.w.org\/{rel}","templated":true}]}}