{"id":168522,"date":"2026-01-23T17:50:40","date_gmt":"2026-01-23T20:50:40","guid":{"rendered":"https:\/\/portaltela.pt\/noticias\/2026\/01\/23\/camara-de-resende-acompanha-limpeza-de-neve-na-serra-de-montemuro\/"},"modified":"2026-01-23T17:50:40","modified_gmt":"2026-01-23T20:50:40","slug":"camara-de-resende-acompanha-limpeza-de-neve-na-serra-de-montemuro","status":"publish","type":"post","link":"https:\/\/portaltela.pt\/noticias\/2026\/01\/23\/camara-de-resende-acompanha-limpeza-de-neve-na-serra-de-montemuro\/","title":{"rendered":"C\u00e2mara de Resende acompanha limpeza de neve na Serra de Montemuro"},"content":{"rendered":"<p>O vice-presidente da C\u00e2mara Municipal de Resende, Jorge Sala, acompanhou esta manh\u00e3, 23 de janeiro, os trabalhos de limpeza de neve na Serra de Montemuro, na sequ\u00eancia das condi\u00e7\u00f5es meteorol\u00f3gicas adversas registadas na regi\u00e3o.<\/p>\n<p>As opera\u00e7\u00f5es no terreno s\u00e3o asseguradas pelos Bombeiros Volunt\u00e1rios de Resende, no \u00e2mbito da resposta municipal \u00e0 queda de neve, com o objetivo de manter a circula\u00e7\u00e3o rodovi\u00e1ria e a seguran\u00e7a de pessoas e bens, sobretudo nas zonas de maior altitude do concelho.<\/p>\n<p>A autarquia destaca a pronta interven\u00e7\u00e3o e a articula\u00e7\u00e3o entre os diferentes agentes de prote\u00e7\u00e3o civil envolvidos, sublinhando o empenho e o sentido de miss\u00e3o demonstrados no apoio \u00e0s popula\u00e7\u00f5es afetadas pelas condi\u00e7\u00f5es climat\u00e9ricas adversas.<\/p>\n<p>Os trabalhos de monitoriza\u00e7\u00e3o e limpeza das vias continuam, estando os servi\u00e7os municipais atentos \u00e0 evolu\u00e7\u00e3o da situa\u00e7\u00e3o meteorol\u00f3gica.<\/p>\n","protected":false},"excerpt":{"rendered":"<ul>\n<li>O vice-presidente da C\u00e2mara Municipal de Resende, Jorge Sala, acompanhou hoje, 23 de janeiro, os trabalhos de limpeza de neve na Serra de Montemuro.<\/li>\n<li>As opera\u00e7\u00f5es s\u00e3o asseguradas pelos Bombeiros Volunt\u00e1rios de Resende, no \u00e2mbito da resposta municipal \u00e0 queda de neve.<\/li>\n<li>O objetivo \u00e9 garantir a circula\u00e7\u00e3o rodovi\u00e1ria e a seguran\u00e7a de pessoas e bens, especialmente nas zonas de maior altitude do concelho.<\/li>\n<li>A autarquia destaca a pronta interven\u00e7\u00e3o e a articula\u00e7\u00e3o entre os agentes de prote\u00e7\u00e3o civil envolvidos.<\/li>\n<li>Os trabalhos de monitoriza\u00e7\u00e3o e limpeza das vias continuam, com os servi\u00e7os municipais atentos \u00e0 evolu\u00e7\u00e3o da situa\u00e7\u00e3o meteorol\u00f3gica.<\/li>\n<\/ul>\n","protected":false},"author":2,"featured_media":168551,"comment_status":"closed","ping_status":"closed","sticky":false,"template":"","format":"standard","meta":{"footnotes":""},"categories":[1],"tags":[971,1083,320,1372,250,363],"class_list":["post-168522","post","type-post","status-publish","format-standard","has-post-thumbnail","hentry","category-noticias","tag-bombeiros","tag-estradas","tag-protecao-civil","tag-resende","tag-seguranca-publica","tag-transportes"],"yoast_head":"<!-- This site is optimized with the Yoast SEO plugin v27.2 - https:\/\/yoast.com\/product\/yoast-seo-wordpress\/ -->\n<title>C\u00e2mara de Resende acompanha limpeza de neve na Serra de Montemuro - Portal Tela Portugal<\/title>\n<meta name=\"robots\" content=\"index, follow, max-snippet:-1, max-image-preview:large, max-video-preview:-1\" \/>\n<meta property=\"og:locale\" content=\"pt_PT\" \/>\n<meta property=\"og:type\" content=\"article\" \/>\n<meta property=\"og:title\" content=\"C\u00e2mara de Resende acompanha limpeza de neve na Serra de Montemuro - Portal Tela Portugal\" \/>\n<meta property=\"og:description\" content=\"O vice-presidente da C\u00e2mara Municipal de Resende, Jorge Sala, acompanhou hoje, 23 de janeiro, os trabalhos de limpeza de neve na Serra de Montemuro. As opera\u00e7\u00f5es s\u00e3o asseguradas pelos Bombeiros Volunt\u00e1rios de Resende, no \u00e2mbito da resposta municipal \u00e0 queda de neve. O objetivo \u00e9 garantir a circula\u00e7\u00e3o rodovi\u00e1ria e a seguran\u00e7a de pessoas e bens, especialmente nas zonas de maior altitude do concelho. A autarquia destaca a pronta interven\u00e7\u00e3o e a articula\u00e7\u00e3o entre os agentes de prote\u00e7\u00e3o civil envolvidos. Os trabalhos de monitoriza\u00e7\u00e3o e limpeza das vias continuam, com os servi\u00e7os municipais atentos \u00e0 evolu\u00e7\u00e3o da situa\u00e7\u00e3o meteorol\u00f3gica.\" \/>\n<meta property=\"og:url\" content=\"https:\/\/portaltela.pt\/noticias\/2026\/01\/23\/camara-de-resende-acompanha-limpeza-de-neve-na-serra-de-montemuro\/\" \/>\n<meta property=\"og:site_name\" content=\"Portal Tela Portugal\" \/>\n<meta property=\"article:published_time\" content=\"2026-01-23T20:50:40+00:00\" \/>\n<meta name=\"author\" content=\"Telinha\" \/>\n<meta name=\"twitter:card\" content=\"summary_large_image\" \/>\n<meta name=\"twitter:label1\" content=\"Escrito por\" \/>\n\t<meta name=\"twitter:data1\" content=\"Telinha\" \/>\n\t<meta name=\"twitter:label2\" content=\"Tempo estimado de leitura\" \/>\n\t<meta name=\"twitter:data2\" content=\"1 minuto\" \/>\n<script type=\"application\/ld+json\" class=\"yoast-schema-graph\">{\"@context\":\"https:\/\/schema.org\",\"@graph\":[{\"@type\":\"Article\",\"@id\":\"https:\/\/portaltela.pt\/noticias\/2026\/01\/23\/camara-de-resende-acompanha-limpeza-de-neve-na-serra-de-montemuro\/#article\",\"isPartOf\":{\"@id\":\"https:\/\/portaltela.pt\/noticias\/2026\/01\/23\/camara-de-resende-acompanha-limpeza-de-neve-na-serra-de-montemuro\/\"},\"author\":{\"name\":\"Telinha\",\"@id\":\"https:\/\/portaltela.pt\/#\/schema\/person\/c4278d4a6028830caff9ee44b42d32ed\"},\"headline\":\"C\u00e2mara de Resende acompanha limpeza de neve na Serra de Montemuro\",\"datePublished\":\"2026-01-23T20:50:40+00:00\",\"mainEntityOfPage\":{\"@id\":\"https:\/\/portaltela.pt\/noticias\/2026\/01\/23\/camara-de-resende-acompanha-limpeza-de-neve-na-serra-de-montemuro\/\"},\"wordCount\":163,\"image\":{\"@id\":\"https:\/\/portaltela.pt\/noticias\/2026\/01\/23\/camara-de-resende-acompanha-limpeza-de-neve-na-serra-de-montemuro\/#primaryimage\"},\"thumbnailUrl\":\"https:\/\/portaltela.pt\/s.01k8rhncp4jt1\/2026\/01\/unnamed-file-4864.jpg\",\"keywords\":[\"bombeiros\",\"estradas\",\"prote\u00e7\u00e3o civil\",\"Resende\",\"seguran\u00e7a p\u00fablica\",\"transportes\"],\"articleSection\":[\"Not\u00edcias\"],\"inLanguage\":\"pt-PT\"},{\"@type\":\"WebPage\",\"@id\":\"https:\/\/portaltela.pt\/noticias\/2026\/01\/23\/camara-de-resende-acompanha-limpeza-de-neve-na-serra-de-montemuro\/\",\"url\":\"https:\/\/portaltela.pt\/noticias\/2026\/01\/23\/camara-de-resende-acompanha-limpeza-de-neve-na-serra-de-montemuro\/\",\"name\":\"C\u00e2mara de Resende acompanha limpeza de neve na Serra de Montemuro - Portal Tela Portugal\",\"isPartOf\":{\"@id\":\"https:\/\/portaltela.pt\/#website\"},\"primaryImageOfPage\":{\"@id\":\"https:\/\/portaltela.pt\/noticias\/2026\/01\/23\/camara-de-resende-acompanha-limpeza-de-neve-na-serra-de-montemuro\/#primaryimage\"},\"image\":{\"@id\":\"https:\/\/portaltela.pt\/noticias\/2026\/01\/23\/camara-de-resende-acompanha-limpeza-de-neve-na-serra-de-montemuro\/#primaryimage\"},\"thumbnailUrl\":\"https:\/\/portaltela.pt\/s.01k8rhncp4jt1\/2026\/01\/unnamed-file-4864.jpg\",\"datePublished\":\"2026-01-23T20:50:40+00:00\",\"author\":{\"@id\":\"https:\/\/portaltela.pt\/#\/schema\/person\/c4278d4a6028830caff9ee44b42d32ed\"},\"breadcrumb\":{\"@id\":\"https:\/\/portaltela.pt\/noticias\/2026\/01\/23\/camara-de-resende-acompanha-limpeza-de-neve-na-serra-de-montemuro\/#breadcrumb\"},\"inLanguage\":\"pt-PT\",\"potentialAction\":[{\"@type\":\"ReadAction\",\"target\":[\"https:\/\/portaltela.pt\/noticias\/2026\/01\/23\/camara-de-resende-acompanha-limpeza-de-neve-na-serra-de-montemuro\/\"]}]},{\"@type\":\"ImageObject\",\"inLanguage\":\"pt-PT\",\"@id\":\"https:\/\/portaltela.pt\/noticias\/2026\/01\/23\/camara-de-resende-acompanha-limpeza-de-neve-na-serra-de-montemuro\/#primaryimage\",\"url\":\"https:\/\/portaltela.pt\/s.01k8rhncp4jt1\/2026\/01\/unnamed-file-4864.jpg\",\"contentUrl\":\"https:\/\/portaltela.pt\/s.01k8rhncp4jt1\/2026\/01\/unnamed-file-4864.jpg\",\"width\":796,\"height\":448,\"caption\":\"C\u00e2mara de Resende acompanha limpeza de neve na Serra de Montemuro\"},{\"@type\":\"BreadcrumbList\",\"@id\":\"https:\/\/portaltela.pt\/noticias\/2026\/01\/23\/camara-de-resende-acompanha-limpeza-de-neve-na-serra-de-montemuro\/#breadcrumb\",\"itemListElement\":[{\"@type\":\"ListItem\",\"position\":1,\"name\":\"In\u00edcio\",\"item\":\"https:\/\/portaltela.pt\/\"},{\"@type\":\"ListItem\",\"position\":2,\"name\":\"C\u00e2mara de Resende acompanha limpeza de neve na Serra de Montemuro\"}]},{\"@type\":\"WebSite\",\"@id\":\"https:\/\/portaltela.pt\/#website\",\"url\":\"https:\/\/portaltela.pt\/\",\"name\":\"Portal Tela Portugal\",\"description\":\"\",\"potentialAction\":[{\"@type\":\"SearchAction\",\"target\":{\"@type\":\"EntryPoint\",\"urlTemplate\":\"https:\/\/portaltela.pt\/?s={search_term_string}\"},\"query-input\":{\"@type\":\"PropertyValueSpecification\",\"valueRequired\":true,\"valueName\":\"search_term_string\"}}],\"inLanguage\":\"pt-PT\"},{\"@type\":\"Person\",\"@id\":\"https:\/\/portaltela.pt\/#\/schema\/person\/c4278d4a6028830caff9ee44b42d32ed\",\"name\":\"Telinha\",\"image\":{\"@type\":\"ImageObject\",\"inLanguage\":\"pt-PT\",\"@id\":\"https:\/\/portaltela.pt\/s.01k8rhncp4jt1\/2025\/11\/talking-bot-125x125.png\",\"url\":\"https:\/\/portaltela.pt\/s.01k8rhncp4jt1\/2025\/11\/talking-bot-125x125.png\",\"contentUrl\":\"https:\/\/portaltela.pt\/s.01k8rhncp4jt1\/2025\/11\/talking-bot-125x125.png\",\"caption\":\"Telinha\"},\"sameAs\":[\"https:\/\/portaltela.pt\/\"],\"url\":\"https:\/\/portaltela.pt\/por\/367410592786\/\"}]}<\/script>\n<!-- \/ Yoast SEO plugin. -->","yoast_head_json":{"title":"C\u00e2mara de Resende acompanha limpeza de neve na Serra de Montemuro - Portal Tela Portugal","robots":{"index":"index","follow":"follow","max-snippet":"max-snippet:-1","max-image-preview":"max-image-preview:large","max-video-preview":"max-video-preview:-1"},"og_locale":"pt_PT","og_type":"article","og_title":"C\u00e2mara de Resende acompanha limpeza de neve na Serra de Montemuro - Portal Tela Portugal","og_description":"O vice-presidente da C\u00e2mara Municipal de Resende, Jorge Sala, acompanhou hoje, 23 de janeiro, os trabalhos de limpeza de neve na Serra de Montemuro. As opera\u00e7\u00f5es s\u00e3o asseguradas pelos Bombeiros Volunt\u00e1rios de Resende, no \u00e2mbito da resposta municipal \u00e0 queda de neve. O objetivo \u00e9 garantir a circula\u00e7\u00e3o rodovi\u00e1ria e a seguran\u00e7a de pessoas e bens, especialmente nas zonas de maior altitude do concelho. A autarquia destaca a pronta interven\u00e7\u00e3o e a articula\u00e7\u00e3o entre os agentes de prote\u00e7\u00e3o civil envolvidos. Os trabalhos de monitoriza\u00e7\u00e3o e limpeza das vias continuam, com os servi\u00e7os municipais atentos \u00e0 evolu\u00e7\u00e3o da situa\u00e7\u00e3o meteorol\u00f3gica.","og_url":"https:\/\/portaltela.pt\/noticias\/2026\/01\/23\/camara-de-resende-acompanha-limpeza-de-neve-na-serra-de-montemuro\/","og_site_name":"Portal Tela Portugal","article_published_time":"2026-01-23T20:50:40+00:00","author":"Telinha","twitter_card":"summary_large_image","twitter_misc":{"Escrito por":"Telinha","Tempo estimado de leitura":"1 minuto"},"schema":{"@context":"https:\/\/schema.org","@graph":[{"@type":"Article","@id":"https:\/\/portaltela.pt\/noticias\/2026\/01\/23\/camara-de-resende-acompanha-limpeza-de-neve-na-serra-de-montemuro\/#article","isPartOf":{"@id":"https:\/\/portaltela.pt\/noticias\/2026\/01\/23\/camara-de-resende-acompanha-limpeza-de-neve-na-serra-de-montemuro\/"},"author":{"name":"Telinha","@id":"https:\/\/portaltela.pt\/#\/schema\/person\/c4278d4a6028830caff9ee44b42d32ed"},"headline":"C\u00e2mara de Resende acompanha limpeza de neve na Serra de Montemuro","datePublished":"2026-01-23T20:50:40+00:00","mainEntityOfPage":{"@id":"https:\/\/portaltela.pt\/noticias\/2026\/01\/23\/camara-de-resende-acompanha-limpeza-de-neve-na-serra-de-montemuro\/"},"wordCount":163,"image":{"@id":"https:\/\/portaltela.pt\/noticias\/2026\/01\/23\/camara-de-resende-acompanha-limpeza-de-neve-na-serra-de-montemuro\/#primaryimage"},"thumbnailUrl":"https:\/\/portaltela.pt\/s.01k8rhncp4jt1\/2026\/01\/unnamed-file-4864.jpg","keywords":["bombeiros","estradas","prote\u00e7\u00e3o civil","Resende","seguran\u00e7a p\u00fablica","transportes"],"articleSection":["Not\u00edcias"],"inLanguage":"pt-PT"},{"@type":"WebPage","@id":"https:\/\/portaltela.pt\/noticias\/2026\/01\/23\/camara-de-resende-acompanha-limpeza-de-neve-na-serra-de-montemuro\/","url":"https:\/\/portaltela.pt\/noticias\/2026\/01\/23\/camara-de-resende-acompanha-limpeza-de-neve-na-serra-de-montemuro\/","name":"C\u00e2mara de Resende acompanha limpeza de neve na Serra de Montemuro - Portal Tela Portugal","isPartOf":{"@id":"https:\/\/portaltela.pt\/#website"},"primaryImageOfPage":{"@id":"https:\/\/portaltela.pt\/noticias\/2026\/01\/23\/camara-de-resende-acompanha-limpeza-de-neve-na-serra-de-montemuro\/#primaryimage"},"image":{"@id":"https:\/\/portaltela.pt\/noticias\/2026\/01\/23\/camara-de-resende-acompanha-limpeza-de-neve-na-serra-de-montemuro\/#primaryimage"},"thumbnailUrl":"https:\/\/portaltela.pt\/s.01k8rhncp4jt1\/2026\/01\/unnamed-file-4864.jpg","datePublished":"2026-01-23T20:50:40+00:00","author":{"@id":"https:\/\/portaltela.pt\/#\/schema\/person\/c4278d4a6028830caff9ee44b42d32ed"},"breadcrumb":{"@id":"https:\/\/portaltela.pt\/noticias\/2026\/01\/23\/camara-de-resende-acompanha-limpeza-de-neve-na-serra-de-montemuro\/#breadcrumb"},"inLanguage":"pt-PT","potentialAction":[{"@type":"ReadAction","target":["https:\/\/portaltela.pt\/noticias\/2026\/01\/23\/camara-de-resende-acompanha-limpeza-de-neve-na-serra-de-montemuro\/"]}]},{"@type":"ImageObject","inLanguage":"pt-PT","@id":"https:\/\/portaltela.pt\/noticias\/2026\/01\/23\/camara-de-resende-acompanha-limpeza-de-neve-na-serra-de-montemuro\/#primaryimage","url":"https:\/\/portaltela.pt\/s.01k8rhncp4jt1\/2026\/01\/unnamed-file-4864.jpg","contentUrl":"https:\/\/portaltela.pt\/s.01k8rhncp4jt1\/2026\/01\/unnamed-file-4864.jpg","width":796,"height":448,"caption":"C\u00e2mara de Resende acompanha limpeza de neve na Serra de Montemuro"},{"@type":"BreadcrumbList","@id":"https:\/\/portaltela.pt\/noticias\/2026\/01\/23\/camara-de-resende-acompanha-limpeza-de-neve-na-serra-de-montemuro\/#breadcrumb","itemListElement":[{"@type":"ListItem","position":1,"name":"In\u00edcio","item":"https:\/\/portaltela.pt\/"},{"@type":"ListItem","position":2,"name":"C\u00e2mara de Resende acompanha limpeza de neve na Serra de Montemuro"}]},{"@type":"WebSite","@id":"https:\/\/portaltela.pt\/#website","url":"https:\/\/portaltela.pt\/","name":"Portal Tela Portugal","description":"","potentialAction":[{"@type":"SearchAction","target":{"@type":"EntryPoint","urlTemplate":"https:\/\/portaltela.pt\/?s={search_term_string}"},"query-input":{"@type":"PropertyValueSpecification","valueRequired":true,"valueName":"search_term_string"}}],"inLanguage":"pt-PT"},{"@type":"Person","@id":"https:\/\/portaltela.pt\/#\/schema\/person\/c4278d4a6028830caff9ee44b42d32ed","name":"Telinha","image":{"@type":"ImageObject","inLanguage":"pt-PT","@id":"https:\/\/portaltela.pt\/s.01k8rhncp4jt1\/2025\/11\/talking-bot-125x125.png","url":"https:\/\/portaltela.pt\/s.01k8rhncp4jt1\/2025\/11\/talking-bot-125x125.png","contentUrl":"https:\/\/portaltela.pt\/s.01k8rhncp4jt1\/2025\/11\/talking-bot-125x125.png","caption":"Telinha"},"sameAs":["https:\/\/portaltela.pt\/"],"url":"https:\/\/portaltela.pt\/por\/367410592786\/"}]}},"_links":{"self":[{"href":"https:\/\/portaltela.pt\/api\/wp\/v2\/posts\/168522","targetHints":{"allow":["GET"]}}],"collection":[{"href":"https:\/\/portaltela.pt\/api\/wp\/v2\/posts"}],"about":[{"href":"https:\/\/portaltela.pt\/api\/wp\/v2\/types\/post"}],"author":[{"embeddable":true,"href":"https:\/\/portaltela.pt\/api\/wp\/v2\/users\/2"}],"replies":[{"embeddable":true,"href":"https:\/\/portaltela.pt\/api\/wp\/v2\/comments?post=168522"}],"version-history":[{"count":0,"href":"https:\/\/portaltela.pt\/api\/wp\/v2\/posts\/168522\/revisions"}],"wp:featuredmedia":[{"embeddable":true,"href":"https:\/\/portaltela.pt\/api\/wp\/v2\/media\/168551"}],"wp:attachment":[{"href":"https:\/\/portaltela.pt\/api\/wp\/v2\/media?parent=168522"}],"wp:term":[{"taxonomy":"category","embeddable":true,"href":"https:\/\/portaltela.pt\/api\/wp\/v2\/categories?post=168522"},{"taxonomy":"post_tag","embeddable":true,"href":"https:\/\/portaltela.pt\/api\/wp\/v2\/tags?post=168522"}],"curies":[{"name":"wp","href":"https:\/\/api.w.org\/{rel}","templated":true}]}}