{"id":168520,"date":"2026-01-23T17:52:00","date_gmt":"2026-01-23T20:52:00","guid":{"rendered":"https:\/\/portaltela.pt\/noticias\/2026\/01\/23\/quartos-de-final-da-taca-inatel-de-futsal-de-vila-real-adiados\/"},"modified":"2026-01-23T17:52:00","modified_gmt":"2026-01-23T20:52:00","slug":"quartos-de-final-da-taca-inatel-de-futsal-de-vila-real-adiados","status":"publish","type":"post","link":"https:\/\/portaltela.pt\/desporto\/futebol\/2026\/01\/23\/quartos-de-final-da-taca-inatel-de-futsal-de-vila-real-adiados\/","title":{"rendered":"Quartos de final da Ta\u00e7a INATEL de Futsal de Vila Real adiados"},"content":{"rendered":"<p>A Funda\u00e7\u00e3o INATEL adiou os quartos de final da Ta\u00e7a INATEL de Futsal de Vila Real, previstos para este fim de semana, devido ao mau tempo. A decis\u00e3o foi anunciada na tarde desta sexta-feira.<\/p>\n<p>A medida visa salvaguardar a seguran\u00e7a de atletas, equipas t\u00e9cnicas e p\u00fablico presente nos encontros. N\u00e3o foram divulgadas altera\u00e7\u00f5es adicionais aos hor\u00e1rios originais, apenas o reagendamento.<\/p>\n<h3>Reagendamento e datas<\/h3>\n<p>Os quatro jogos da fase ficam marcados para fevereiro, entre os dias 13 e 15.<\/p>\n<ul>\n<li>CM Mur\u00e7a vs Cadaval<\/li>\n<li>Lobos de Aguiar vs ASS. Alv\u00e3o<\/li>\n<li>Parafita vs Amigos de Cerva<\/li>\n<li>Alijoense vs SC Vila Pouca<\/li>\n<\/ul>\n","protected":false},"excerpt":{"rendered":"<ul>\n<li>Os quartos de final da Ta\u00e7a INATEL de Futsal de Vila Real foram adiados.<\/li>\n<li>Os jogos, inicialmente marcados para este fim de semana, foram reagendados para fevereiro devido ao mau tempo.<\/li>\n<li>A Funda\u00e7\u00e3o INATEL anunciou a decis\u00e3o para salvaguardar a seguran\u00e7a de atletas, t\u00e9cnico e adeptos.<\/li>\n<li>Os encontros v\u00e3o realizar-se entre os dias 13 e 15 de fevereiro.<\/li>\n<li>Confrontos remarcados: CM Mur\u00e7a x Cadaval; Lobos de Aguiar x ASS. Alv\u00e3o; Parafita x Amigos de Cerva; Alijoense x SC Vila Pouca.<\/li>\n<\/ul>\n","protected":false},"author":2,"featured_media":168567,"comment_status":"closed","ping_status":"closed","sticky":false,"template":"","format":"standard","meta":{"footnotes":""},"categories":[21,24],"tags":[4051,4050,1392,161,1665],"class_list":["post-168520","post","type-post","status-publish","format-standard","has-post-thumbnail","hentry","category-desporto","category-futebol","tag-alvao","tag-cadaval","tag-cerva","tag-futsal","tag-vila-real"],"yoast_head":"<!-- This site is optimized with the Yoast SEO plugin v27.2 - https:\/\/yoast.com\/product\/yoast-seo-wordpress\/ -->\n<title>Quartos de final da Ta\u00e7a INATEL de Futsal de Vila Real adiados - Portal Tela Portugal<\/title>\n<meta name=\"robots\" content=\"index, follow, max-snippet:-1, max-image-preview:large, max-video-preview:-1\" \/>\n<meta property=\"og:locale\" content=\"pt_PT\" \/>\n<meta property=\"og:type\" content=\"article\" \/>\n<meta property=\"og:title\" content=\"Quartos de final da Ta\u00e7a INATEL de Futsal de Vila Real adiados - Portal Tela Portugal\" \/>\n<meta property=\"og:description\" content=\"Os quartos de final da Ta\u00e7a INATEL de Futsal de Vila Real foram adiados. Os jogos, inicialmente marcados para este fim de semana, foram reagendados para fevereiro devido ao mau tempo. A Funda\u00e7\u00e3o INATEL anunciou a decis\u00e3o para salvaguardar a seguran\u00e7a de atletas, t\u00e9cnico e adeptos. Os encontros v\u00e3o realizar-se entre os dias 13 e 15 de fevereiro. Confrontos remarcados: CM Mur\u00e7a x Cadaval; Lobos de Aguiar x ASS. Alv\u00e3o; Parafita x Amigos de Cerva; Alijoense x SC Vila Pouca.\" \/>\n<meta property=\"og:url\" content=\"https:\/\/portaltela.pt\/noticias\/2026\/01\/23\/quartos-de-final-da-taca-inatel-de-futsal-de-vila-real-adiados\/\" \/>\n<meta property=\"og:site_name\" content=\"Portal Tela Portugal\" \/>\n<meta property=\"article:published_time\" content=\"2026-01-23T20:52:00+00:00\" \/>\n<meta name=\"author\" content=\"Telinha\" \/>\n<meta name=\"twitter:card\" content=\"summary_large_image\" \/>\n<meta name=\"twitter:label1\" content=\"Escrito por\" \/>\n\t<meta name=\"twitter:data1\" content=\"Telinha\" \/>\n\t<meta name=\"twitter:label2\" content=\"Tempo estimado de leitura\" \/>\n\t<meta name=\"twitter:data2\" content=\"1 minuto\" \/>\n<script type=\"application\/ld+json\" class=\"yoast-schema-graph\">{\"@context\":\"https:\/\/schema.org\",\"@graph\":[{\"@type\":\"Article\",\"@id\":\"https:\/\/portaltela.pt\/noticias\/2026\/01\/23\/quartos-de-final-da-taca-inatel-de-futsal-de-vila-real-adiados\/#article\",\"isPartOf\":{\"@id\":\"https:\/\/portaltela.pt\/noticias\/2026\/01\/23\/quartos-de-final-da-taca-inatel-de-futsal-de-vila-real-adiados\/\"},\"author\":{\"name\":\"Telinha\",\"@id\":\"https:\/\/portaltela.pt\/#\/schema\/person\/c4278d4a6028830caff9ee44b42d32ed\"},\"headline\":\"Quartos de final da Ta\u00e7a INATEL de Futsal de Vila Real adiados\",\"datePublished\":\"2026-01-23T20:52:00+00:00\",\"mainEntityOfPage\":{\"@id\":\"https:\/\/portaltela.pt\/noticias\/2026\/01\/23\/quartos-de-final-da-taca-inatel-de-futsal-de-vila-real-adiados\/\"},\"wordCount\":120,\"image\":{\"@id\":\"https:\/\/portaltela.pt\/noticias\/2026\/01\/23\/quartos-de-final-da-taca-inatel-de-futsal-de-vila-real-adiados\/#primaryimage\"},\"thumbnailUrl\":\"https:\/\/portaltela.pt\/s.01k8rhncp4jt1\/2026\/01\/unnamed-file-4868.jpg\",\"keywords\":[\"Alv\u00e3o\",\"Cadaval\",\"Cerva\",\"futsal\",\"Vila Real\"],\"articleSection\":[\"Desporto\",\"Futebol\"],\"inLanguage\":\"pt-PT\"},{\"@type\":\"WebPage\",\"@id\":\"https:\/\/portaltela.pt\/noticias\/2026\/01\/23\/quartos-de-final-da-taca-inatel-de-futsal-de-vila-real-adiados\/\",\"url\":\"https:\/\/portaltela.pt\/noticias\/2026\/01\/23\/quartos-de-final-da-taca-inatel-de-futsal-de-vila-real-adiados\/\",\"name\":\"Quartos de final da Ta\u00e7a INATEL de Futsal de Vila Real adiados - Portal Tela Portugal\",\"isPartOf\":{\"@id\":\"https:\/\/portaltela.pt\/#website\"},\"primaryImageOfPage\":{\"@id\":\"https:\/\/portaltela.pt\/noticias\/2026\/01\/23\/quartos-de-final-da-taca-inatel-de-futsal-de-vila-real-adiados\/#primaryimage\"},\"image\":{\"@id\":\"https:\/\/portaltela.pt\/noticias\/2026\/01\/23\/quartos-de-final-da-taca-inatel-de-futsal-de-vila-real-adiados\/#primaryimage\"},\"thumbnailUrl\":\"https:\/\/portaltela.pt\/s.01k8rhncp4jt1\/2026\/01\/unnamed-file-4868.jpg\",\"datePublished\":\"2026-01-23T20:52:00+00:00\",\"author\":{\"@id\":\"https:\/\/portaltela.pt\/#\/schema\/person\/c4278d4a6028830caff9ee44b42d32ed\"},\"breadcrumb\":{\"@id\":\"https:\/\/portaltela.pt\/noticias\/2026\/01\/23\/quartos-de-final-da-taca-inatel-de-futsal-de-vila-real-adiados\/#breadcrumb\"},\"inLanguage\":\"pt-PT\",\"potentialAction\":[{\"@type\":\"ReadAction\",\"target\":[\"https:\/\/portaltela.pt\/noticias\/2026\/01\/23\/quartos-de-final-da-taca-inatel-de-futsal-de-vila-real-adiados\/\"]}]},{\"@type\":\"ImageObject\",\"inLanguage\":\"pt-PT\",\"@id\":\"https:\/\/portaltela.pt\/noticias\/2026\/01\/23\/quartos-de-final-da-taca-inatel-de-futsal-de-vila-real-adiados\/#primaryimage\",\"url\":\"https:\/\/portaltela.pt\/s.01k8rhncp4jt1\/2026\/01\/unnamed-file-4868.jpg\",\"contentUrl\":\"https:\/\/portaltela.pt\/s.01k8rhncp4jt1\/2026\/01\/unnamed-file-4868.jpg\",\"caption\":\"Alves Ro\u00e7adas na final da Ta\u00e7a Nacional de Sub-15 Feminino\"},{\"@type\":\"BreadcrumbList\",\"@id\":\"https:\/\/portaltela.pt\/noticias\/2026\/01\/23\/quartos-de-final-da-taca-inatel-de-futsal-de-vila-real-adiados\/#breadcrumb\",\"itemListElement\":[{\"@type\":\"ListItem\",\"position\":1,\"name\":\"In\u00edcio\",\"item\":\"https:\/\/portaltela.pt\/\"},{\"@type\":\"ListItem\",\"position\":2,\"name\":\"Quartos de final da Ta\u00e7a INATEL de Futsal de Vila Real adiados\"}]},{\"@type\":\"WebSite\",\"@id\":\"https:\/\/portaltela.pt\/#website\",\"url\":\"https:\/\/portaltela.pt\/\",\"name\":\"Portal Tela Portugal\",\"description\":\"\",\"potentialAction\":[{\"@type\":\"SearchAction\",\"target\":{\"@type\":\"EntryPoint\",\"urlTemplate\":\"https:\/\/portaltela.pt\/?s={search_term_string}\"},\"query-input\":{\"@type\":\"PropertyValueSpecification\",\"valueRequired\":true,\"valueName\":\"search_term_string\"}}],\"inLanguage\":\"pt-PT\"},{\"@type\":\"Person\",\"@id\":\"https:\/\/portaltela.pt\/#\/schema\/person\/c4278d4a6028830caff9ee44b42d32ed\",\"name\":\"Telinha\",\"image\":{\"@type\":\"ImageObject\",\"inLanguage\":\"pt-PT\",\"@id\":\"https:\/\/portaltela.pt\/s.01k8rhncp4jt1\/2025\/11\/talking-bot-125x125.png\",\"url\":\"https:\/\/portaltela.pt\/s.01k8rhncp4jt1\/2025\/11\/talking-bot-125x125.png\",\"contentUrl\":\"https:\/\/portaltela.pt\/s.01k8rhncp4jt1\/2025\/11\/talking-bot-125x125.png\",\"caption\":\"Telinha\"},\"sameAs\":[\"https:\/\/portaltela.pt\/\"],\"url\":\"https:\/\/portaltela.pt\/por\/367410592786\/\"}]}<\/script>\n<!-- \/ Yoast SEO plugin. -->","yoast_head_json":{"title":"Quartos de final da Ta\u00e7a INATEL de Futsal de Vila Real adiados - Portal Tela Portugal","robots":{"index":"index","follow":"follow","max-snippet":"max-snippet:-1","max-image-preview":"max-image-preview:large","max-video-preview":"max-video-preview:-1"},"og_locale":"pt_PT","og_type":"article","og_title":"Quartos de final da Ta\u00e7a INATEL de Futsal de Vila Real adiados - Portal Tela Portugal","og_description":"Os quartos de final da Ta\u00e7a INATEL de Futsal de Vila Real foram adiados. Os jogos, inicialmente marcados para este fim de semana, foram reagendados para fevereiro devido ao mau tempo. A Funda\u00e7\u00e3o INATEL anunciou a decis\u00e3o para salvaguardar a seguran\u00e7a de atletas, t\u00e9cnico e adeptos. Os encontros v\u00e3o realizar-se entre os dias 13 e 15 de fevereiro. Confrontos remarcados: CM Mur\u00e7a x Cadaval; Lobos de Aguiar x ASS. Alv\u00e3o; Parafita x Amigos de Cerva; Alijoense x SC Vila Pouca.","og_url":"https:\/\/portaltela.pt\/noticias\/2026\/01\/23\/quartos-de-final-da-taca-inatel-de-futsal-de-vila-real-adiados\/","og_site_name":"Portal Tela Portugal","article_published_time":"2026-01-23T20:52:00+00:00","author":"Telinha","twitter_card":"summary_large_image","twitter_misc":{"Escrito por":"Telinha","Tempo estimado de leitura":"1 minuto"},"schema":{"@context":"https:\/\/schema.org","@graph":[{"@type":"Article","@id":"https:\/\/portaltela.pt\/noticias\/2026\/01\/23\/quartos-de-final-da-taca-inatel-de-futsal-de-vila-real-adiados\/#article","isPartOf":{"@id":"https:\/\/portaltela.pt\/noticias\/2026\/01\/23\/quartos-de-final-da-taca-inatel-de-futsal-de-vila-real-adiados\/"},"author":{"name":"Telinha","@id":"https:\/\/portaltela.pt\/#\/schema\/person\/c4278d4a6028830caff9ee44b42d32ed"},"headline":"Quartos de final da Ta\u00e7a INATEL de Futsal de Vila Real adiados","datePublished":"2026-01-23T20:52:00+00:00","mainEntityOfPage":{"@id":"https:\/\/portaltela.pt\/noticias\/2026\/01\/23\/quartos-de-final-da-taca-inatel-de-futsal-de-vila-real-adiados\/"},"wordCount":120,"image":{"@id":"https:\/\/portaltela.pt\/noticias\/2026\/01\/23\/quartos-de-final-da-taca-inatel-de-futsal-de-vila-real-adiados\/#primaryimage"},"thumbnailUrl":"https:\/\/portaltela.pt\/s.01k8rhncp4jt1\/2026\/01\/unnamed-file-4868.jpg","keywords":["Alv\u00e3o","Cadaval","Cerva","futsal","Vila Real"],"articleSection":["Desporto","Futebol"],"inLanguage":"pt-PT"},{"@type":"WebPage","@id":"https:\/\/portaltela.pt\/noticias\/2026\/01\/23\/quartos-de-final-da-taca-inatel-de-futsal-de-vila-real-adiados\/","url":"https:\/\/portaltela.pt\/noticias\/2026\/01\/23\/quartos-de-final-da-taca-inatel-de-futsal-de-vila-real-adiados\/","name":"Quartos de final da Ta\u00e7a INATEL de Futsal de Vila Real adiados - Portal Tela Portugal","isPartOf":{"@id":"https:\/\/portaltela.pt\/#website"},"primaryImageOfPage":{"@id":"https:\/\/portaltela.pt\/noticias\/2026\/01\/23\/quartos-de-final-da-taca-inatel-de-futsal-de-vila-real-adiados\/#primaryimage"},"image":{"@id":"https:\/\/portaltela.pt\/noticias\/2026\/01\/23\/quartos-de-final-da-taca-inatel-de-futsal-de-vila-real-adiados\/#primaryimage"},"thumbnailUrl":"https:\/\/portaltela.pt\/s.01k8rhncp4jt1\/2026\/01\/unnamed-file-4868.jpg","datePublished":"2026-01-23T20:52:00+00:00","author":{"@id":"https:\/\/portaltela.pt\/#\/schema\/person\/c4278d4a6028830caff9ee44b42d32ed"},"breadcrumb":{"@id":"https:\/\/portaltela.pt\/noticias\/2026\/01\/23\/quartos-de-final-da-taca-inatel-de-futsal-de-vila-real-adiados\/#breadcrumb"},"inLanguage":"pt-PT","potentialAction":[{"@type":"ReadAction","target":["https:\/\/portaltela.pt\/noticias\/2026\/01\/23\/quartos-de-final-da-taca-inatel-de-futsal-de-vila-real-adiados\/"]}]},{"@type":"ImageObject","inLanguage":"pt-PT","@id":"https:\/\/portaltela.pt\/noticias\/2026\/01\/23\/quartos-de-final-da-taca-inatel-de-futsal-de-vila-real-adiados\/#primaryimage","url":"https:\/\/portaltela.pt\/s.01k8rhncp4jt1\/2026\/01\/unnamed-file-4868.jpg","contentUrl":"https:\/\/portaltela.pt\/s.01k8rhncp4jt1\/2026\/01\/unnamed-file-4868.jpg","caption":"Alves Ro\u00e7adas na final da Ta\u00e7a Nacional de Sub-15 Feminino"},{"@type":"BreadcrumbList","@id":"https:\/\/portaltela.pt\/noticias\/2026\/01\/23\/quartos-de-final-da-taca-inatel-de-futsal-de-vila-real-adiados\/#breadcrumb","itemListElement":[{"@type":"ListItem","position":1,"name":"In\u00edcio","item":"https:\/\/portaltela.pt\/"},{"@type":"ListItem","position":2,"name":"Quartos de final da Ta\u00e7a INATEL de Futsal de Vila Real adiados"}]},{"@type":"WebSite","@id":"https:\/\/portaltela.pt\/#website","url":"https:\/\/portaltela.pt\/","name":"Portal Tela Portugal","description":"","potentialAction":[{"@type":"SearchAction","target":{"@type":"EntryPoint","urlTemplate":"https:\/\/portaltela.pt\/?s={search_term_string}"},"query-input":{"@type":"PropertyValueSpecification","valueRequired":true,"valueName":"search_term_string"}}],"inLanguage":"pt-PT"},{"@type":"Person","@id":"https:\/\/portaltela.pt\/#\/schema\/person\/c4278d4a6028830caff9ee44b42d32ed","name":"Telinha","image":{"@type":"ImageObject","inLanguage":"pt-PT","@id":"https:\/\/portaltela.pt\/s.01k8rhncp4jt1\/2025\/11\/talking-bot-125x125.png","url":"https:\/\/portaltela.pt\/s.01k8rhncp4jt1\/2025\/11\/talking-bot-125x125.png","contentUrl":"https:\/\/portaltela.pt\/s.01k8rhncp4jt1\/2025\/11\/talking-bot-125x125.png","caption":"Telinha"},"sameAs":["https:\/\/portaltela.pt\/"],"url":"https:\/\/portaltela.pt\/por\/367410592786\/"}]}},"_links":{"self":[{"href":"https:\/\/portaltela.pt\/api\/wp\/v2\/posts\/168520","targetHints":{"allow":["GET"]}}],"collection":[{"href":"https:\/\/portaltela.pt\/api\/wp\/v2\/posts"}],"about":[{"href":"https:\/\/portaltela.pt\/api\/wp\/v2\/types\/post"}],"author":[{"embeddable":true,"href":"https:\/\/portaltela.pt\/api\/wp\/v2\/users\/2"}],"replies":[{"embeddable":true,"href":"https:\/\/portaltela.pt\/api\/wp\/v2\/comments?post=168520"}],"version-history":[{"count":0,"href":"https:\/\/portaltela.pt\/api\/wp\/v2\/posts\/168520\/revisions"}],"wp:featuredmedia":[{"embeddable":true,"href":"https:\/\/portaltela.pt\/api\/wp\/v2\/media\/168567"}],"wp:attachment":[{"href":"https:\/\/portaltela.pt\/api\/wp\/v2\/media?parent=168520"}],"wp:term":[{"taxonomy":"category","embeddable":true,"href":"https:\/\/portaltela.pt\/api\/wp\/v2\/categories?post=168520"},{"taxonomy":"post_tag","embeddable":true,"href":"https:\/\/portaltela.pt\/api\/wp\/v2\/tags?post=168520"}],"curies":[{"name":"wp","href":"https:\/\/api.w.org\/{rel}","templated":true}]}}