{"id":168424,"date":"2026-01-23T17:31:05","date_gmt":"2026-01-23T20:31:05","guid":{"rendered":"https:\/\/portaltela.pt\/noticias\/2026\/01\/23\/jogador-do-guarda-fc-transfere-se-para-o-vitoria-de-guimaraes\/"},"modified":"2026-01-23T17:31:05","modified_gmt":"2026-01-23T20:31:05","slug":"jogador-do-guarda-fc-transfere-se-para-o-vitoria-de-guimaraes","status":"publish","type":"post","link":"https:\/\/portaltela.pt\/desporto\/futebol\/2026\/01\/23\/jogador-do-guarda-fc-transfere-se-para-o-vitoria-de-guimaraes\/","title":{"rendered":"Jogador do Guarda FC transfere-se para o Vit\u00f3ria de Guimar\u00e3es"},"content":{"rendered":"<p>Bruma, jogador de 21 anos, est\u00e1 a dar mais um passo importante na sua carreira ao deixar o Guarda FC para assinar com o Vit\u00f3ria de Guimar\u00e3es, da Primeira Liga. A mudan\u00e7a ocorre no \u00e2mbito do mercado de inverno, na regi\u00e3o norte do pa\u00eds.<\/p>\n<p>A not\u00edcia \u00e9 marcada pela leitura de que o atleta vem de uma passagem de empr\u00e9stimo ao Salgueiros, da mesma s\u00e9rie do Campeonato de Portugal, onde se destacou com quatro golos em 18 jogos na temporada 2024\/2025. O bom rendimento chamou a aten\u00e7\u00e3o de observadores do Vit\u00f3ria.<\/p>\n<p>No princ\u00edpio da temporada, Bruma integrou o Guarda FC e manteve-se como uma das figuras centrais da equipa. Nesta fase, acumulou minutos importantes, com progressos evidentes no seu processo de afirma\u00e7\u00e3o em seniores.<\/p>\n<h3>Transfer\u00eancia para o Vit\u00f3ria de Guimar\u00e3es<\/h3>\n<p>Informa\u00e7\u00f5es indicam que o interesse do Vit\u00f3ria de Guimar\u00e3es surgiu durante o est\u00e1gio do campeonato, ap\u00f3s Bruma alcan\u00e7ar 16 jogos com dois tentos pelo Salgueiros, o que manteve o jogador sob observa\u00e7\u00e3o de avaliadores vimaranenses.<\/p>\n<p>A confirma\u00e7\u00e3o aponta para a aquisi\u00e7\u00e3o do jovem para refor\u00e7ar o plantel no mercado de inverno, concretizando uma mudan\u00e7a significativa para o atleta, que j\u00e1 havia demonstrado versatilidade em v\u00e1rias posi\u00e7\u00f5es do ataque.<\/p>\n<p>A transfer\u00eancia \u00e9 apresentada como mais um caso de progress\u00e3o direta de jogadores do distrito da Guarda rumo \u00e0 Primeira Liga, sem escalas intermedi\u00e1rias, refor\u00e7ando a vis\u00e3o de talento local alcan\u00e7ando o principal escal\u00e3o do futebol portugu\u00eas.<\/p>\n","protected":false},"excerpt":{"rendered":"<ul>\n<li>Bruma, 21 anos, transferiu-se do Guarda FC para o Vit\u00f3ria de Guimar\u00e3es, da Primeira Liga, no mercado de inverno.<\/li>\n<li>No Guarda FC, na \u00e9poca 2024\/2025, destacou-se como uma das grandes figuras, com 4 golos em 18 jogos.<\/li>\n<li>O jogador esteve emprestado ao Guarda FC pelo Salgueiros, da mesma s\u00e9rie, para provar o seu valor.<\/li>\n<li>Numa volta, Bruma j\u00e1 contabilizava 16 jogos e 2 golos, com aten\u00e7\u00e3o de observadores do Vit\u00f3ria de Guimar\u00e3es.<\/li>\n<li>O Vit\u00f3ria de Guimar\u00e3es avan\u00e7ou para o refor\u00e7o do plantel em janeiro, indicando o objetivo de acrescentar talento jovem \u00e0 equipa.<\/li>\n<\/ul>\n","protected":false},"author":2,"featured_media":168442,"comment_status":"closed","ping_status":"closed","sticky":false,"template":"","format":"standard","meta":{"footnotes":""},"categories":[21,24],"tags":[3070,152,32,1113,1145,3847],"class_list":["post-168424","post","type-post","status-publish","format-standard","has-post-thumbnail","hentry","category-desporto","category-futebol","tag-bruma","tag-desporto","tag-futebol","tag-guarda","tag-guimaraes","tag-salgueiros"],"yoast_head":"<!-- This site is optimized with the Yoast SEO plugin v27.2 - https:\/\/yoast.com\/product\/yoast-seo-wordpress\/ -->\n<title>Jogador do Guarda FC transfere-se para o Vit\u00f3ria de Guimar\u00e3es - Portal Tela Portugal<\/title>\n<meta name=\"robots\" content=\"index, follow, max-snippet:-1, max-image-preview:large, max-video-preview:-1\" \/>\n<meta property=\"og:locale\" content=\"pt_PT\" \/>\n<meta property=\"og:type\" content=\"article\" \/>\n<meta property=\"og:title\" content=\"Jogador do Guarda FC transfere-se para o Vit\u00f3ria de Guimar\u00e3es - Portal Tela Portugal\" \/>\n<meta property=\"og:description\" content=\"Bruma, 21 anos, transferiu-se do Guarda FC para o Vit\u00f3ria de Guimar\u00e3es, da Primeira Liga, no mercado de inverno. No Guarda FC, na \u00e9poca 2024\/2025, destacou-se como uma das grandes figuras, com 4 golos em 18 jogos. O jogador esteve emprestado ao Guarda FC pelo Salgueiros, da mesma s\u00e9rie, para provar o seu valor. Numa volta, Bruma j\u00e1 contabilizava 16 jogos e 2 golos, com aten\u00e7\u00e3o de observadores do Vit\u00f3ria de Guimar\u00e3es. O Vit\u00f3ria de Guimar\u00e3es avan\u00e7ou para o refor\u00e7o do plantel em janeiro, indicando o objetivo de acrescentar talento jovem \u00e0 equipa.\" \/>\n<meta property=\"og:url\" content=\"https:\/\/portaltela.pt\/noticias\/2026\/01\/23\/jogador-do-guarda-fc-transfere-se-para-o-vitoria-de-guimaraes\/\" \/>\n<meta property=\"og:site_name\" content=\"Portal Tela Portugal\" \/>\n<meta property=\"article:published_time\" content=\"2026-01-23T20:31:05+00:00\" \/>\n<meta name=\"author\" content=\"Telinha\" \/>\n<meta name=\"twitter:card\" content=\"summary_large_image\" \/>\n<meta name=\"twitter:label1\" content=\"Escrito por\" \/>\n\t<meta name=\"twitter:data1\" content=\"Telinha\" \/>\n\t<meta name=\"twitter:label2\" content=\"Tempo estimado de leitura\" \/>\n\t<meta name=\"twitter:data2\" content=\"1 minuto\" \/>\n<script type=\"application\/ld+json\" class=\"yoast-schema-graph\">{\"@context\":\"https:\/\/schema.org\",\"@graph\":[{\"@type\":\"Article\",\"@id\":\"https:\/\/portaltela.pt\/noticias\/2026\/01\/23\/jogador-do-guarda-fc-transfere-se-para-o-vitoria-de-guimaraes\/#article\",\"isPartOf\":{\"@id\":\"https:\/\/portaltela.pt\/noticias\/2026\/01\/23\/jogador-do-guarda-fc-transfere-se-para-o-vitoria-de-guimaraes\/\"},\"author\":{\"name\":\"Telinha\",\"@id\":\"https:\/\/portaltela.pt\/#\/schema\/person\/c4278d4a6028830caff9ee44b42d32ed\"},\"headline\":\"Jogador do Guarda FC transfere-se para o Vit\u00f3ria de Guimar\u00e3es\",\"datePublished\":\"2026-01-23T20:31:05+00:00\",\"mainEntityOfPage\":{\"@id\":\"https:\/\/portaltela.pt\/noticias\/2026\/01\/23\/jogador-do-guarda-fc-transfere-se-para-o-vitoria-de-guimaraes\/\"},\"wordCount\":276,\"image\":{\"@id\":\"https:\/\/portaltela.pt\/noticias\/2026\/01\/23\/jogador-do-guarda-fc-transfere-se-para-o-vitoria-de-guimaraes\/#primaryimage\"},\"thumbnailUrl\":\"https:\/\/portaltela.pt\/s.01k8rhncp4jt1\/2026\/01\/unnamed-file-4857.jpg\",\"keywords\":[\"Bruma\",\"desporto\",\"futebol\",\"Guarda\",\"Guimar\u00e3es\",\"Salgueiros\"],\"articleSection\":[\"Desporto\",\"Futebol\"],\"inLanguage\":\"pt-PT\"},{\"@type\":\"WebPage\",\"@id\":\"https:\/\/portaltela.pt\/noticias\/2026\/01\/23\/jogador-do-guarda-fc-transfere-se-para-o-vitoria-de-guimaraes\/\",\"url\":\"https:\/\/portaltela.pt\/noticias\/2026\/01\/23\/jogador-do-guarda-fc-transfere-se-para-o-vitoria-de-guimaraes\/\",\"name\":\"Jogador do Guarda FC transfere-se para o Vit\u00f3ria de Guimar\u00e3es - Portal Tela Portugal\",\"isPartOf\":{\"@id\":\"https:\/\/portaltela.pt\/#website\"},\"primaryImageOfPage\":{\"@id\":\"https:\/\/portaltela.pt\/noticias\/2026\/01\/23\/jogador-do-guarda-fc-transfere-se-para-o-vitoria-de-guimaraes\/#primaryimage\"},\"image\":{\"@id\":\"https:\/\/portaltela.pt\/noticias\/2026\/01\/23\/jogador-do-guarda-fc-transfere-se-para-o-vitoria-de-guimaraes\/#primaryimage\"},\"thumbnailUrl\":\"https:\/\/portaltela.pt\/s.01k8rhncp4jt1\/2026\/01\/unnamed-file-4857.jpg\",\"datePublished\":\"2026-01-23T20:31:05+00:00\",\"author\":{\"@id\":\"https:\/\/portaltela.pt\/#\/schema\/person\/c4278d4a6028830caff9ee44b42d32ed\"},\"breadcrumb\":{\"@id\":\"https:\/\/portaltela.pt\/noticias\/2026\/01\/23\/jogador-do-guarda-fc-transfere-se-para-o-vitoria-de-guimaraes\/#breadcrumb\"},\"inLanguage\":\"pt-PT\",\"potentialAction\":[{\"@type\":\"ReadAction\",\"target\":[\"https:\/\/portaltela.pt\/noticias\/2026\/01\/23\/jogador-do-guarda-fc-transfere-se-para-o-vitoria-de-guimaraes\/\"]}]},{\"@type\":\"ImageObject\",\"inLanguage\":\"pt-PT\",\"@id\":\"https:\/\/portaltela.pt\/noticias\/2026\/01\/23\/jogador-do-guarda-fc-transfere-se-para-o-vitoria-de-guimaraes\/#primaryimage\",\"url\":\"https:\/\/portaltela.pt\/s.01k8rhncp4jt1\/2026\/01\/unnamed-file-4857.jpg\",\"contentUrl\":\"https:\/\/portaltela.pt\/s.01k8rhncp4jt1\/2026\/01\/unnamed-file-4857.jpg\",\"width\":796,\"height\":448,\"caption\":\"Especial: jogador do Guarda FC transfere-se para o Vit\u00f3ria de Guimar\u00e3es\"},{\"@type\":\"BreadcrumbList\",\"@id\":\"https:\/\/portaltela.pt\/noticias\/2026\/01\/23\/jogador-do-guarda-fc-transfere-se-para-o-vitoria-de-guimaraes\/#breadcrumb\",\"itemListElement\":[{\"@type\":\"ListItem\",\"position\":1,\"name\":\"In\u00edcio\",\"item\":\"https:\/\/portaltela.pt\/\"},{\"@type\":\"ListItem\",\"position\":2,\"name\":\"Jogador do Guarda FC transfere-se para o Vit\u00f3ria de Guimar\u00e3es\"}]},{\"@type\":\"WebSite\",\"@id\":\"https:\/\/portaltela.pt\/#website\",\"url\":\"https:\/\/portaltela.pt\/\",\"name\":\"Portal Tela Portugal\",\"description\":\"\",\"potentialAction\":[{\"@type\":\"SearchAction\",\"target\":{\"@type\":\"EntryPoint\",\"urlTemplate\":\"https:\/\/portaltela.pt\/?s={search_term_string}\"},\"query-input\":{\"@type\":\"PropertyValueSpecification\",\"valueRequired\":true,\"valueName\":\"search_term_string\"}}],\"inLanguage\":\"pt-PT\"},{\"@type\":\"Person\",\"@id\":\"https:\/\/portaltela.pt\/#\/schema\/person\/c4278d4a6028830caff9ee44b42d32ed\",\"name\":\"Telinha\",\"image\":{\"@type\":\"ImageObject\",\"inLanguage\":\"pt-PT\",\"@id\":\"https:\/\/portaltela.pt\/s.01k8rhncp4jt1\/2025\/11\/talking-bot-125x125.png\",\"url\":\"https:\/\/portaltela.pt\/s.01k8rhncp4jt1\/2025\/11\/talking-bot-125x125.png\",\"contentUrl\":\"https:\/\/portaltela.pt\/s.01k8rhncp4jt1\/2025\/11\/talking-bot-125x125.png\",\"caption\":\"Telinha\"},\"sameAs\":[\"https:\/\/portaltela.pt\/\"],\"url\":\"https:\/\/portaltela.pt\/por\/367410592786\/\"}]}<\/script>\n<!-- \/ Yoast SEO plugin. -->","yoast_head_json":{"title":"Jogador do Guarda FC transfere-se para o Vit\u00f3ria de Guimar\u00e3es - Portal Tela Portugal","robots":{"index":"index","follow":"follow","max-snippet":"max-snippet:-1","max-image-preview":"max-image-preview:large","max-video-preview":"max-video-preview:-1"},"og_locale":"pt_PT","og_type":"article","og_title":"Jogador do Guarda FC transfere-se para o Vit\u00f3ria de Guimar\u00e3es - Portal Tela Portugal","og_description":"Bruma, 21 anos, transferiu-se do Guarda FC para o Vit\u00f3ria de Guimar\u00e3es, da Primeira Liga, no mercado de inverno. No Guarda FC, na \u00e9poca 2024\/2025, destacou-se como uma das grandes figuras, com 4 golos em 18 jogos. O jogador esteve emprestado ao Guarda FC pelo Salgueiros, da mesma s\u00e9rie, para provar o seu valor. Numa volta, Bruma j\u00e1 contabilizava 16 jogos e 2 golos, com aten\u00e7\u00e3o de observadores do Vit\u00f3ria de Guimar\u00e3es. O Vit\u00f3ria de Guimar\u00e3es avan\u00e7ou para o refor\u00e7o do plantel em janeiro, indicando o objetivo de acrescentar talento jovem \u00e0 equipa.","og_url":"https:\/\/portaltela.pt\/noticias\/2026\/01\/23\/jogador-do-guarda-fc-transfere-se-para-o-vitoria-de-guimaraes\/","og_site_name":"Portal Tela Portugal","article_published_time":"2026-01-23T20:31:05+00:00","author":"Telinha","twitter_card":"summary_large_image","twitter_misc":{"Escrito por":"Telinha","Tempo estimado de leitura":"1 minuto"},"schema":{"@context":"https:\/\/schema.org","@graph":[{"@type":"Article","@id":"https:\/\/portaltela.pt\/noticias\/2026\/01\/23\/jogador-do-guarda-fc-transfere-se-para-o-vitoria-de-guimaraes\/#article","isPartOf":{"@id":"https:\/\/portaltela.pt\/noticias\/2026\/01\/23\/jogador-do-guarda-fc-transfere-se-para-o-vitoria-de-guimaraes\/"},"author":{"name":"Telinha","@id":"https:\/\/portaltela.pt\/#\/schema\/person\/c4278d4a6028830caff9ee44b42d32ed"},"headline":"Jogador do Guarda FC transfere-se para o Vit\u00f3ria de Guimar\u00e3es","datePublished":"2026-01-23T20:31:05+00:00","mainEntityOfPage":{"@id":"https:\/\/portaltela.pt\/noticias\/2026\/01\/23\/jogador-do-guarda-fc-transfere-se-para-o-vitoria-de-guimaraes\/"},"wordCount":276,"image":{"@id":"https:\/\/portaltela.pt\/noticias\/2026\/01\/23\/jogador-do-guarda-fc-transfere-se-para-o-vitoria-de-guimaraes\/#primaryimage"},"thumbnailUrl":"https:\/\/portaltela.pt\/s.01k8rhncp4jt1\/2026\/01\/unnamed-file-4857.jpg","keywords":["Bruma","desporto","futebol","Guarda","Guimar\u00e3es","Salgueiros"],"articleSection":["Desporto","Futebol"],"inLanguage":"pt-PT"},{"@type":"WebPage","@id":"https:\/\/portaltela.pt\/noticias\/2026\/01\/23\/jogador-do-guarda-fc-transfere-se-para-o-vitoria-de-guimaraes\/","url":"https:\/\/portaltela.pt\/noticias\/2026\/01\/23\/jogador-do-guarda-fc-transfere-se-para-o-vitoria-de-guimaraes\/","name":"Jogador do Guarda FC transfere-se para o Vit\u00f3ria de Guimar\u00e3es - Portal Tela Portugal","isPartOf":{"@id":"https:\/\/portaltela.pt\/#website"},"primaryImageOfPage":{"@id":"https:\/\/portaltela.pt\/noticias\/2026\/01\/23\/jogador-do-guarda-fc-transfere-se-para-o-vitoria-de-guimaraes\/#primaryimage"},"image":{"@id":"https:\/\/portaltela.pt\/noticias\/2026\/01\/23\/jogador-do-guarda-fc-transfere-se-para-o-vitoria-de-guimaraes\/#primaryimage"},"thumbnailUrl":"https:\/\/portaltela.pt\/s.01k8rhncp4jt1\/2026\/01\/unnamed-file-4857.jpg","datePublished":"2026-01-23T20:31:05+00:00","author":{"@id":"https:\/\/portaltela.pt\/#\/schema\/person\/c4278d4a6028830caff9ee44b42d32ed"},"breadcrumb":{"@id":"https:\/\/portaltela.pt\/noticias\/2026\/01\/23\/jogador-do-guarda-fc-transfere-se-para-o-vitoria-de-guimaraes\/#breadcrumb"},"inLanguage":"pt-PT","potentialAction":[{"@type":"ReadAction","target":["https:\/\/portaltela.pt\/noticias\/2026\/01\/23\/jogador-do-guarda-fc-transfere-se-para-o-vitoria-de-guimaraes\/"]}]},{"@type":"ImageObject","inLanguage":"pt-PT","@id":"https:\/\/portaltela.pt\/noticias\/2026\/01\/23\/jogador-do-guarda-fc-transfere-se-para-o-vitoria-de-guimaraes\/#primaryimage","url":"https:\/\/portaltela.pt\/s.01k8rhncp4jt1\/2026\/01\/unnamed-file-4857.jpg","contentUrl":"https:\/\/portaltela.pt\/s.01k8rhncp4jt1\/2026\/01\/unnamed-file-4857.jpg","width":796,"height":448,"caption":"Especial: jogador do Guarda FC transfere-se para o Vit\u00f3ria de Guimar\u00e3es"},{"@type":"BreadcrumbList","@id":"https:\/\/portaltela.pt\/noticias\/2026\/01\/23\/jogador-do-guarda-fc-transfere-se-para-o-vitoria-de-guimaraes\/#breadcrumb","itemListElement":[{"@type":"ListItem","position":1,"name":"In\u00edcio","item":"https:\/\/portaltela.pt\/"},{"@type":"ListItem","position":2,"name":"Jogador do Guarda FC transfere-se para o Vit\u00f3ria de Guimar\u00e3es"}]},{"@type":"WebSite","@id":"https:\/\/portaltela.pt\/#website","url":"https:\/\/portaltela.pt\/","name":"Portal Tela Portugal","description":"","potentialAction":[{"@type":"SearchAction","target":{"@type":"EntryPoint","urlTemplate":"https:\/\/portaltela.pt\/?s={search_term_string}"},"query-input":{"@type":"PropertyValueSpecification","valueRequired":true,"valueName":"search_term_string"}}],"inLanguage":"pt-PT"},{"@type":"Person","@id":"https:\/\/portaltela.pt\/#\/schema\/person\/c4278d4a6028830caff9ee44b42d32ed","name":"Telinha","image":{"@type":"ImageObject","inLanguage":"pt-PT","@id":"https:\/\/portaltela.pt\/s.01k8rhncp4jt1\/2025\/11\/talking-bot-125x125.png","url":"https:\/\/portaltela.pt\/s.01k8rhncp4jt1\/2025\/11\/talking-bot-125x125.png","contentUrl":"https:\/\/portaltela.pt\/s.01k8rhncp4jt1\/2025\/11\/talking-bot-125x125.png","caption":"Telinha"},"sameAs":["https:\/\/portaltela.pt\/"],"url":"https:\/\/portaltela.pt\/por\/367410592786\/"}]}},"_links":{"self":[{"href":"https:\/\/portaltela.pt\/api\/wp\/v2\/posts\/168424","targetHints":{"allow":["GET"]}}],"collection":[{"href":"https:\/\/portaltela.pt\/api\/wp\/v2\/posts"}],"about":[{"href":"https:\/\/portaltela.pt\/api\/wp\/v2\/types\/post"}],"author":[{"embeddable":true,"href":"https:\/\/portaltela.pt\/api\/wp\/v2\/users\/2"}],"replies":[{"embeddable":true,"href":"https:\/\/portaltela.pt\/api\/wp\/v2\/comments?post=168424"}],"version-history":[{"count":0,"href":"https:\/\/portaltela.pt\/api\/wp\/v2\/posts\/168424\/revisions"}],"wp:featuredmedia":[{"embeddable":true,"href":"https:\/\/portaltela.pt\/api\/wp\/v2\/media\/168442"}],"wp:attachment":[{"href":"https:\/\/portaltela.pt\/api\/wp\/v2\/media?parent=168424"}],"wp:term":[{"taxonomy":"category","embeddable":true,"href":"https:\/\/portaltela.pt\/api\/wp\/v2\/categories?post=168424"},{"taxonomy":"post_tag","embeddable":true,"href":"https:\/\/portaltela.pt\/api\/wp\/v2\/tags?post=168424"}],"curies":[{"name":"wp","href":"https:\/\/api.w.org\/{rel}","templated":true}]}}