{"id":168415,"date":"2026-01-23T17:32:00","date_gmt":"2026-01-23T20:32:00","guid":{"rendered":"https:\/\/portaltela.pt\/noticias\/2026\/01\/23\/afvr-montalegre-cumieira-adiada-por-mas-condicoes-atmosfericas\/"},"modified":"2026-01-23T17:32:00","modified_gmt":"2026-01-23T20:32:00","slug":"afvr-montalegre-cumieira-adiada-por-mas-condicoes-atmosfericas","status":"publish","type":"post","link":"https:\/\/portaltela.pt\/desporto\/futebol\/2026\/01\/23\/afvr-montalegre-cumieira-adiada-por-mas-condicoes-atmosfericas\/","title":{"rendered":"AFVR Montalegre-Cumieira adiada por m\u00e1s condi\u00e7\u00f5es atmosf\u00e9ricas"},"content":{"rendered":"<p>O encontro da 19.\u00aa jornada da Divis\u00e3o de Honra entre CDC Montalegre e SC Cumieira, agendado para 24 de janeiro de 2026, foi adiado devido \u00e0s condi\u00e7\u00f5es atmosf\u00e9ricas. O jogo iria realizar-se no Est\u00e1dio Dr. Diogo Alves Vaz Pereira, em Montalegre.<\/p>\n<p>A nova data ficou marcada para 4 de fevereiro de 2026, mantendo o local original, o est\u00e1dio de Montalegre. A altera\u00e7\u00e3o deveu-se \u00e0s m\u00e1s condi\u00e7\u00f5es clim\u00e1ticas que impedem a evolu\u00e7\u00e3o normal da partida.<\/p>\n<p>A organiza\u00e7\u00e3o da competi\u00e7\u00e3o confirmou o adiamento e a mudan\u00e7a de dia, sem n\u00e3o comprometer a organiza\u00e7\u00e3o log\u00edstica j\u00e1 prevista pelas duas equipas. Mais informa\u00e7\u00f5es devem ser anunciadas pela liga quando estiverem definidas.<\/p>\n","protected":false},"excerpt":{"rendered":"<ul>\n<li>O encontro entre CDC Montalegre e SC Cumieira, da 19.\u00aa jornada da Divis\u00e3o de Honra, foi adiado devido \u00e0s condi\u00e7\u00f5es atmosf\u00e9ricas.<\/li>\n<li>A partida estava marcada para 24 de janeiro de 2026, no Est\u00e1dio Dr. Diogo Alves Vaz Pereira, em Montalegre.<\/li>\n<li>A nova data definida \u00e9 4 de fevereiro de 2026.<\/li>\n<li>O jogo mant\u00e9m-se no Est\u00e1dio Dr. Diogo Alves Vaz Pereira, em Montalegre.<\/li>\n<\/ul>\n","protected":false},"author":2,"featured_media":168438,"comment_status":"closed","ping_status":"closed","sticky":false,"template":"","format":"standard","meta":{"footnotes":""},"categories":[21,24],"tags":[123,152,2887,32,3913],"class_list":["post-168415","post","type-post","status-publish","format-standard","has-post-thumbnail","hentry","category-desporto","category-futebol","tag-desportivos","tag-desporto","tag-divisao-de-honra-serie-a","tag-futebol","tag-montalegre"],"yoast_head":"<!-- This site is optimized with the Yoast SEO plugin v27.2 - https:\/\/yoast.com\/product\/yoast-seo-wordpress\/ -->\n<title>AFVR Montalegre-Cumieira adiada por m\u00e1s condi\u00e7\u00f5es atmosf\u00e9ricas - Portal Tela Portugal<\/title>\n<meta name=\"robots\" content=\"index, follow, max-snippet:-1, max-image-preview:large, max-video-preview:-1\" \/>\n<meta property=\"og:locale\" content=\"pt_PT\" \/>\n<meta property=\"og:type\" content=\"article\" \/>\n<meta property=\"og:title\" content=\"AFVR Montalegre-Cumieira adiada por m\u00e1s condi\u00e7\u00f5es atmosf\u00e9ricas - Portal Tela Portugal\" \/>\n<meta property=\"og:description\" content=\"O encontro entre CDC Montalegre e SC Cumieira, da 19.\u00aa jornada da Divis\u00e3o de Honra, foi adiado devido \u00e0s condi\u00e7\u00f5es atmosf\u00e9ricas. A partida estava marcada para 24 de janeiro de 2026, no Est\u00e1dio Dr. Diogo Alves Vaz Pereira, em Montalegre. A nova data definida \u00e9 4 de fevereiro de 2026. O jogo mant\u00e9m-se no Est\u00e1dio Dr. Diogo Alves Vaz Pereira, em Montalegre.\" \/>\n<meta property=\"og:url\" content=\"https:\/\/portaltela.pt\/noticias\/2026\/01\/23\/afvr-montalegre-cumieira-adiada-por-mas-condicoes-atmosfericas\/\" \/>\n<meta property=\"og:site_name\" content=\"Portal Tela Portugal\" \/>\n<meta property=\"article:published_time\" content=\"2026-01-23T20:32:00+00:00\" \/>\n<meta name=\"author\" content=\"Telinha\" \/>\n<meta name=\"twitter:card\" content=\"summary_large_image\" \/>\n<meta name=\"twitter:label1\" content=\"Escrito por\" \/>\n\t<meta name=\"twitter:data1\" content=\"Telinha\" \/>\n\t<meta name=\"twitter:label2\" content=\"Tempo estimado de leitura\" \/>\n\t<meta name=\"twitter:data2\" content=\"1 minuto\" \/>\n<script type=\"application\/ld+json\" class=\"yoast-schema-graph\">{\"@context\":\"https:\/\/schema.org\",\"@graph\":[{\"@type\":\"Article\",\"@id\":\"https:\/\/portaltela.pt\/noticias\/2026\/01\/23\/afvr-montalegre-cumieira-adiada-por-mas-condicoes-atmosfericas\/#article\",\"isPartOf\":{\"@id\":\"https:\/\/portaltela.pt\/noticias\/2026\/01\/23\/afvr-montalegre-cumieira-adiada-por-mas-condicoes-atmosfericas\/\"},\"author\":{\"name\":\"Telinha\",\"@id\":\"https:\/\/portaltela.pt\/#\/schema\/person\/c4278d4a6028830caff9ee44b42d32ed\"},\"headline\":\"AFVR Montalegre-Cumieira adiada por m\u00e1s condi\u00e7\u00f5es atmosf\u00e9ricas\",\"datePublished\":\"2026-01-23T20:32:00+00:00\",\"mainEntityOfPage\":{\"@id\":\"https:\/\/portaltela.pt\/noticias\/2026\/01\/23\/afvr-montalegre-cumieira-adiada-por-mas-condicoes-atmosfericas\/\"},\"wordCount\":129,\"image\":{\"@id\":\"https:\/\/portaltela.pt\/noticias\/2026\/01\/23\/afvr-montalegre-cumieira-adiada-por-mas-condicoes-atmosfericas\/#primaryimage\"},\"thumbnailUrl\":\"https:\/\/portaltela.pt\/s.01k8rhncp4jt1\/2026\/01\/unnamed-file-4856.jpg\",\"keywords\":[\"desportivos\",\"desporto\",\"Divis\u00e3o de Honra \u2013 S\u00e9rie A\",\"futebol\",\"Montalegre\"],\"articleSection\":[\"Desporto\",\"Futebol\"],\"inLanguage\":\"pt-PT\"},{\"@type\":\"WebPage\",\"@id\":\"https:\/\/portaltela.pt\/noticias\/2026\/01\/23\/afvr-montalegre-cumieira-adiada-por-mas-condicoes-atmosfericas\/\",\"url\":\"https:\/\/portaltela.pt\/noticias\/2026\/01\/23\/afvr-montalegre-cumieira-adiada-por-mas-condicoes-atmosfericas\/\",\"name\":\"AFVR Montalegre-Cumieira adiada por m\u00e1s condi\u00e7\u00f5es atmosf\u00e9ricas - Portal Tela Portugal\",\"isPartOf\":{\"@id\":\"https:\/\/portaltela.pt\/#website\"},\"primaryImageOfPage\":{\"@id\":\"https:\/\/portaltela.pt\/noticias\/2026\/01\/23\/afvr-montalegre-cumieira-adiada-por-mas-condicoes-atmosfericas\/#primaryimage\"},\"image\":{\"@id\":\"https:\/\/portaltela.pt\/noticias\/2026\/01\/23\/afvr-montalegre-cumieira-adiada-por-mas-condicoes-atmosfericas\/#primaryimage\"},\"thumbnailUrl\":\"https:\/\/portaltela.pt\/s.01k8rhncp4jt1\/2026\/01\/unnamed-file-4856.jpg\",\"datePublished\":\"2026-01-23T20:32:00+00:00\",\"author\":{\"@id\":\"https:\/\/portaltela.pt\/#\/schema\/person\/c4278d4a6028830caff9ee44b42d32ed\"},\"breadcrumb\":{\"@id\":\"https:\/\/portaltela.pt\/noticias\/2026\/01\/23\/afvr-montalegre-cumieira-adiada-por-mas-condicoes-atmosfericas\/#breadcrumb\"},\"inLanguage\":\"pt-PT\",\"potentialAction\":[{\"@type\":\"ReadAction\",\"target\":[\"https:\/\/portaltela.pt\/noticias\/2026\/01\/23\/afvr-montalegre-cumieira-adiada-por-mas-condicoes-atmosfericas\/\"]}]},{\"@type\":\"ImageObject\",\"inLanguage\":\"pt-PT\",\"@id\":\"https:\/\/portaltela.pt\/noticias\/2026\/01\/23\/afvr-montalegre-cumieira-adiada-por-mas-condicoes-atmosfericas\/#primaryimage\",\"url\":\"https:\/\/portaltela.pt\/s.01k8rhncp4jt1\/2026\/01\/unnamed-file-4856.jpg\",\"contentUrl\":\"https:\/\/portaltela.pt\/s.01k8rhncp4jt1\/2026\/01\/unnamed-file-4856.jpg\",\"width\":796,\"height\":448,\"caption\":\"AFVR: Montalegre \u2013 Cumieira adiado devido \u00e0s condi\u00e7\u00f5es atmosf\u00e9ricas\"},{\"@type\":\"BreadcrumbList\",\"@id\":\"https:\/\/portaltela.pt\/noticias\/2026\/01\/23\/afvr-montalegre-cumieira-adiada-por-mas-condicoes-atmosfericas\/#breadcrumb\",\"itemListElement\":[{\"@type\":\"ListItem\",\"position\":1,\"name\":\"In\u00edcio\",\"item\":\"https:\/\/portaltela.pt\/\"},{\"@type\":\"ListItem\",\"position\":2,\"name\":\"AFVR Montalegre-Cumieira adiada por m\u00e1s condi\u00e7\u00f5es atmosf\u00e9ricas\"}]},{\"@type\":\"WebSite\",\"@id\":\"https:\/\/portaltela.pt\/#website\",\"url\":\"https:\/\/portaltela.pt\/\",\"name\":\"Portal Tela Portugal\",\"description\":\"\",\"potentialAction\":[{\"@type\":\"SearchAction\",\"target\":{\"@type\":\"EntryPoint\",\"urlTemplate\":\"https:\/\/portaltela.pt\/?s={search_term_string}\"},\"query-input\":{\"@type\":\"PropertyValueSpecification\",\"valueRequired\":true,\"valueName\":\"search_term_string\"}}],\"inLanguage\":\"pt-PT\"},{\"@type\":\"Person\",\"@id\":\"https:\/\/portaltela.pt\/#\/schema\/person\/c4278d4a6028830caff9ee44b42d32ed\",\"name\":\"Telinha\",\"image\":{\"@type\":\"ImageObject\",\"inLanguage\":\"pt-PT\",\"@id\":\"https:\/\/portaltela.pt\/s.01k8rhncp4jt1\/2025\/11\/talking-bot-125x125.png\",\"url\":\"https:\/\/portaltela.pt\/s.01k8rhncp4jt1\/2025\/11\/talking-bot-125x125.png\",\"contentUrl\":\"https:\/\/portaltela.pt\/s.01k8rhncp4jt1\/2025\/11\/talking-bot-125x125.png\",\"caption\":\"Telinha\"},\"sameAs\":[\"https:\/\/portaltela.pt\/\"],\"url\":\"https:\/\/portaltela.pt\/por\/367410592786\/\"}]}<\/script>\n<!-- \/ Yoast SEO plugin. -->","yoast_head_json":{"title":"AFVR Montalegre-Cumieira adiada por m\u00e1s condi\u00e7\u00f5es atmosf\u00e9ricas - Portal Tela Portugal","robots":{"index":"index","follow":"follow","max-snippet":"max-snippet:-1","max-image-preview":"max-image-preview:large","max-video-preview":"max-video-preview:-1"},"og_locale":"pt_PT","og_type":"article","og_title":"AFVR Montalegre-Cumieira adiada por m\u00e1s condi\u00e7\u00f5es atmosf\u00e9ricas - Portal Tela Portugal","og_description":"O encontro entre CDC Montalegre e SC Cumieira, da 19.\u00aa jornada da Divis\u00e3o de Honra, foi adiado devido \u00e0s condi\u00e7\u00f5es atmosf\u00e9ricas. A partida estava marcada para 24 de janeiro de 2026, no Est\u00e1dio Dr. Diogo Alves Vaz Pereira, em Montalegre. A nova data definida \u00e9 4 de fevereiro de 2026. O jogo mant\u00e9m-se no Est\u00e1dio Dr. Diogo Alves Vaz Pereira, em Montalegre.","og_url":"https:\/\/portaltela.pt\/noticias\/2026\/01\/23\/afvr-montalegre-cumieira-adiada-por-mas-condicoes-atmosfericas\/","og_site_name":"Portal Tela Portugal","article_published_time":"2026-01-23T20:32:00+00:00","author":"Telinha","twitter_card":"summary_large_image","twitter_misc":{"Escrito por":"Telinha","Tempo estimado de leitura":"1 minuto"},"schema":{"@context":"https:\/\/schema.org","@graph":[{"@type":"Article","@id":"https:\/\/portaltela.pt\/noticias\/2026\/01\/23\/afvr-montalegre-cumieira-adiada-por-mas-condicoes-atmosfericas\/#article","isPartOf":{"@id":"https:\/\/portaltela.pt\/noticias\/2026\/01\/23\/afvr-montalegre-cumieira-adiada-por-mas-condicoes-atmosfericas\/"},"author":{"name":"Telinha","@id":"https:\/\/portaltela.pt\/#\/schema\/person\/c4278d4a6028830caff9ee44b42d32ed"},"headline":"AFVR Montalegre-Cumieira adiada por m\u00e1s condi\u00e7\u00f5es atmosf\u00e9ricas","datePublished":"2026-01-23T20:32:00+00:00","mainEntityOfPage":{"@id":"https:\/\/portaltela.pt\/noticias\/2026\/01\/23\/afvr-montalegre-cumieira-adiada-por-mas-condicoes-atmosfericas\/"},"wordCount":129,"image":{"@id":"https:\/\/portaltela.pt\/noticias\/2026\/01\/23\/afvr-montalegre-cumieira-adiada-por-mas-condicoes-atmosfericas\/#primaryimage"},"thumbnailUrl":"https:\/\/portaltela.pt\/s.01k8rhncp4jt1\/2026\/01\/unnamed-file-4856.jpg","keywords":["desportivos","desporto","Divis\u00e3o de Honra \u2013 S\u00e9rie A","futebol","Montalegre"],"articleSection":["Desporto","Futebol"],"inLanguage":"pt-PT"},{"@type":"WebPage","@id":"https:\/\/portaltela.pt\/noticias\/2026\/01\/23\/afvr-montalegre-cumieira-adiada-por-mas-condicoes-atmosfericas\/","url":"https:\/\/portaltela.pt\/noticias\/2026\/01\/23\/afvr-montalegre-cumieira-adiada-por-mas-condicoes-atmosfericas\/","name":"AFVR Montalegre-Cumieira adiada por m\u00e1s condi\u00e7\u00f5es atmosf\u00e9ricas - Portal Tela Portugal","isPartOf":{"@id":"https:\/\/portaltela.pt\/#website"},"primaryImageOfPage":{"@id":"https:\/\/portaltela.pt\/noticias\/2026\/01\/23\/afvr-montalegre-cumieira-adiada-por-mas-condicoes-atmosfericas\/#primaryimage"},"image":{"@id":"https:\/\/portaltela.pt\/noticias\/2026\/01\/23\/afvr-montalegre-cumieira-adiada-por-mas-condicoes-atmosfericas\/#primaryimage"},"thumbnailUrl":"https:\/\/portaltela.pt\/s.01k8rhncp4jt1\/2026\/01\/unnamed-file-4856.jpg","datePublished":"2026-01-23T20:32:00+00:00","author":{"@id":"https:\/\/portaltela.pt\/#\/schema\/person\/c4278d4a6028830caff9ee44b42d32ed"},"breadcrumb":{"@id":"https:\/\/portaltela.pt\/noticias\/2026\/01\/23\/afvr-montalegre-cumieira-adiada-por-mas-condicoes-atmosfericas\/#breadcrumb"},"inLanguage":"pt-PT","potentialAction":[{"@type":"ReadAction","target":["https:\/\/portaltela.pt\/noticias\/2026\/01\/23\/afvr-montalegre-cumieira-adiada-por-mas-condicoes-atmosfericas\/"]}]},{"@type":"ImageObject","inLanguage":"pt-PT","@id":"https:\/\/portaltela.pt\/noticias\/2026\/01\/23\/afvr-montalegre-cumieira-adiada-por-mas-condicoes-atmosfericas\/#primaryimage","url":"https:\/\/portaltela.pt\/s.01k8rhncp4jt1\/2026\/01\/unnamed-file-4856.jpg","contentUrl":"https:\/\/portaltela.pt\/s.01k8rhncp4jt1\/2026\/01\/unnamed-file-4856.jpg","width":796,"height":448,"caption":"AFVR: Montalegre \u2013 Cumieira adiado devido \u00e0s condi\u00e7\u00f5es atmosf\u00e9ricas"},{"@type":"BreadcrumbList","@id":"https:\/\/portaltela.pt\/noticias\/2026\/01\/23\/afvr-montalegre-cumieira-adiada-por-mas-condicoes-atmosfericas\/#breadcrumb","itemListElement":[{"@type":"ListItem","position":1,"name":"In\u00edcio","item":"https:\/\/portaltela.pt\/"},{"@type":"ListItem","position":2,"name":"AFVR Montalegre-Cumieira adiada por m\u00e1s condi\u00e7\u00f5es atmosf\u00e9ricas"}]},{"@type":"WebSite","@id":"https:\/\/portaltela.pt\/#website","url":"https:\/\/portaltela.pt\/","name":"Portal Tela Portugal","description":"","potentialAction":[{"@type":"SearchAction","target":{"@type":"EntryPoint","urlTemplate":"https:\/\/portaltela.pt\/?s={search_term_string}"},"query-input":{"@type":"PropertyValueSpecification","valueRequired":true,"valueName":"search_term_string"}}],"inLanguage":"pt-PT"},{"@type":"Person","@id":"https:\/\/portaltela.pt\/#\/schema\/person\/c4278d4a6028830caff9ee44b42d32ed","name":"Telinha","image":{"@type":"ImageObject","inLanguage":"pt-PT","@id":"https:\/\/portaltela.pt\/s.01k8rhncp4jt1\/2025\/11\/talking-bot-125x125.png","url":"https:\/\/portaltela.pt\/s.01k8rhncp4jt1\/2025\/11\/talking-bot-125x125.png","contentUrl":"https:\/\/portaltela.pt\/s.01k8rhncp4jt1\/2025\/11\/talking-bot-125x125.png","caption":"Telinha"},"sameAs":["https:\/\/portaltela.pt\/"],"url":"https:\/\/portaltela.pt\/por\/367410592786\/"}]}},"_links":{"self":[{"href":"https:\/\/portaltela.pt\/api\/wp\/v2\/posts\/168415","targetHints":{"allow":["GET"]}}],"collection":[{"href":"https:\/\/portaltela.pt\/api\/wp\/v2\/posts"}],"about":[{"href":"https:\/\/portaltela.pt\/api\/wp\/v2\/types\/post"}],"author":[{"embeddable":true,"href":"https:\/\/portaltela.pt\/api\/wp\/v2\/users\/2"}],"replies":[{"embeddable":true,"href":"https:\/\/portaltela.pt\/api\/wp\/v2\/comments?post=168415"}],"version-history":[{"count":0,"href":"https:\/\/portaltela.pt\/api\/wp\/v2\/posts\/168415\/revisions"}],"wp:featuredmedia":[{"embeddable":true,"href":"https:\/\/portaltela.pt\/api\/wp\/v2\/media\/168438"}],"wp:attachment":[{"href":"https:\/\/portaltela.pt\/api\/wp\/v2\/media?parent=168415"}],"wp:term":[{"taxonomy":"category","embeddable":true,"href":"https:\/\/portaltela.pt\/api\/wp\/v2\/categories?post=168415"},{"taxonomy":"post_tag","embeddable":true,"href":"https:\/\/portaltela.pt\/api\/wp\/v2\/tags?post=168415"}],"curies":[{"name":"wp","href":"https:\/\/api.w.org\/{rel}","templated":true}]}}