{"id":168413,"date":"2026-01-23T14:40:55","date_gmt":"2026-01-23T17:40:55","guid":{"rendered":"https:\/\/portaltela.pt\/noticias\/2026\/01\/23\/morreu-orlando-raimundo-antigo-jornalista-do-expresso\/"},"modified":"2026-01-23T14:40:55","modified_gmt":"2026-01-23T17:40:55","slug":"morreu-orlando-raimundo-antigo-jornalista-do-expresso","status":"publish","type":"post","link":"https:\/\/portaltela.pt\/noticias\/2026\/01\/23\/morreu-orlando-raimundo-antigo-jornalista-do-expresso\/","title":{"rendered":"Morreu Orlando Raimundo, antigo jornalista do Expresso"},"content":{"rendered":"<p>Orlando Raimundo, jornalista e historiador do Estado Novo, faleceu aos 77 anos ap\u00f3s doen\u00e7a prolongada. A not\u00edcia foi avan\u00e7ada na ter\u00e7a-feira por fontes locais, com a confirma\u00e7\u00e3o de falecimento neste per\u00edodo.<\/p>\n<p>Ao longo de mais de tr\u00eas d\u00e9cadas, Raimundo atuou como jornalista e deixou um registo de investiga\u00e7\u00e3o hist\u00f3rica sobre o Estado Novo. Foi autor de t\u00edtulos como O \u00daltimo Salazarista, A Outra Face de Am\u00e9rico Thomaz, Ant\u00f3nio Ferro, o Inventor do Salazarismo e A \u00daltima Dama do Estado Novo e Outras Hist\u00f3rias do Marcelismo, editados pela Dom Quixote.<\/p>\n<p>Licenciado em Ci\u00eancia Pol\u00edtica e Rela\u00e7\u00f5es Internacionais, Raimundo estudou jornalismo em Paris e T\u00f3quio e fez p\u00f3s-gradua\u00e7\u00e3o no ISCTE. Contribuiu para o lan\u00e7amento do primeiro jornal independente da Guin\u00e9-Bissau. Antes de entrar no Expresso, onde ficou 20 anos, foi rep\u00f3rter do O S\u00e9culo e escreveu para o Di\u00e1rio Popular, incluindo a cobertura do 25 de Abril.<\/p>\n<h3>Trajet\u00f3ria profissional e legado<\/h3>\n<p>Foi um dos fundadores do Cenjor e desempenhou o papel de formador nesse centro de forma\u00e7\u00e3o de jornalistas. O Mirante descreve-o como algu\u00e9m que frequentemente se posicionou do lado daqueles que n\u00e3o aceitavam a manipula\u00e7\u00e3o por interesses instalados na imprensa regional e local.<\/p>\n<p>A imprensa portuguesa perde um correspondente com uma vis\u00e3o cr\u00edtica sobre a estrutura medi\u00e1tica e um historiador que dedicou parte do seu trabalho a analisar o per\u00edodo do Estado Novo.<\/p>\n","protected":false},"excerpt":{"rendered":"<ul>\n<li>Morreu na ter\u00e7a-feira Orlando Raimundo, jornalista, historiador do Estado Novo e antigo rep\u00f3rter do Expresso, aos 77 anos, devido a doen\u00e7a prolongada.<\/li>\n<li>Ao longo de mais de tr\u00eas d\u00e9cadas de carreira, destaca-se os vinte anos no Expresso; antes esteve no O S\u00e9culo e no Di\u00e1rio Popular.<\/li>\n<li>Foi autor de obras sobre o Estado Novo, como O \u00daltimo Salazarista, Ant\u00f3nio Ferro, o Inventor do Salazarismo, e A \u00daltima Dama do Estado Novo e Outras Hist\u00f3rias do Marcelismo, pela Dom Quixote.<\/li>\n<li>Licenciado em Ci\u00eancia Pol\u00edtica e Rela\u00e7\u00f5es Internacionais, estudou jornalismo em Paris e T\u00f3quio e fez p\u00f3s-gradua\u00e7\u00e3o no ISCTE; contribuiu para lan\u00e7ar o primeiro jornal da Guin\u00e9-Bissau livre e independente.<\/li>\n<li>Foi um dos fundadores do Cenjor e formador; foi descrito como algu\u00e9m que n\u00e3o se conformava com a forma como a imprensa regional era manobrada por interesses instalados.<\/li>\n<\/ul>\n","protected":false},"author":2,"featured_media":168437,"comment_status":"closed","ping_status":"closed","sticky":false,"template":"","format":"standard","meta":{"footnotes":""},"categories":[1],"tags":[2399,299,506,1014,3181],"class_list":["post-168413","post","type-post","status-publish","format-standard","has-post-thumbnail","hentry","category-noticias","tag-abril","tag-historia","tag-imprensa","tag-portugal","tag-publicacoes"],"yoast_head":"<!-- This site is optimized with the Yoast SEO plugin v27.2 - https:\/\/yoast.com\/product\/yoast-seo-wordpress\/ -->\n<title>Morreu Orlando Raimundo, antigo jornalista do Expresso - Portal Tela Portugal<\/title>\n<meta name=\"robots\" content=\"index, follow, max-snippet:-1, max-image-preview:large, max-video-preview:-1\" \/>\n<meta property=\"og:locale\" content=\"pt_PT\" \/>\n<meta property=\"og:type\" content=\"article\" \/>\n<meta property=\"og:title\" content=\"Morreu Orlando Raimundo, antigo jornalista do Expresso - Portal Tela Portugal\" \/>\n<meta property=\"og:description\" content=\"Morreu na ter\u00e7a-feira Orlando Raimundo, jornalista, historiador do Estado Novo e antigo rep\u00f3rter do Expresso, aos 77 anos, devido a doen\u00e7a prolongada. Ao longo de mais de tr\u00eas d\u00e9cadas de carreira, destaca-se os vinte anos no Expresso; antes esteve no O S\u00e9culo e no Di\u00e1rio Popular. Foi autor de obras sobre o Estado Novo, como O \u00daltimo Salazarista, Ant\u00f3nio Ferro, o Inventor do Salazarismo, e A \u00daltima Dama do Estado Novo e Outras Hist\u00f3rias do Marcelismo, pela Dom Quixote. Licenciado em Ci\u00eancia Pol\u00edtica e Rela\u00e7\u00f5es Internacionais, estudou jornalismo em Paris e T\u00f3quio e fez p\u00f3s-gradua\u00e7\u00e3o no ISCTE; contribuiu para lan\u00e7ar o primeiro jornal da Guin\u00e9-Bissau livre e independente. Foi um dos fundadores do Cenjor e formador; foi descrito como algu\u00e9m que n\u00e3o se conformava com a forma como a imprensa regional era manobrada por interesses instalados.\" \/>\n<meta property=\"og:url\" content=\"https:\/\/portaltela.pt\/noticias\/2026\/01\/23\/morreu-orlando-raimundo-antigo-jornalista-do-expresso\/\" \/>\n<meta property=\"og:site_name\" content=\"Portal Tela Portugal\" \/>\n<meta property=\"article:published_time\" content=\"2026-01-23T17:40:55+00:00\" \/>\n<meta name=\"author\" content=\"Telinha\" \/>\n<meta name=\"twitter:card\" content=\"summary_large_image\" \/>\n<meta name=\"twitter:label1\" content=\"Escrito por\" \/>\n\t<meta name=\"twitter:data1\" content=\"Telinha\" \/>\n\t<meta name=\"twitter:label2\" content=\"Tempo estimado de leitura\" \/>\n\t<meta name=\"twitter:data2\" content=\"1 minuto\" \/>\n<script type=\"application\/ld+json\" class=\"yoast-schema-graph\">{\"@context\":\"https:\/\/schema.org\",\"@graph\":[{\"@type\":\"Article\",\"@id\":\"https:\/\/portaltela.pt\/noticias\/2026\/01\/23\/morreu-orlando-raimundo-antigo-jornalista-do-expresso\/#article\",\"isPartOf\":{\"@id\":\"https:\/\/portaltela.pt\/noticias\/2026\/01\/23\/morreu-orlando-raimundo-antigo-jornalista-do-expresso\/\"},\"author\":{\"name\":\"Telinha\",\"@id\":\"https:\/\/portaltela.pt\/#\/schema\/person\/c4278d4a6028830caff9ee44b42d32ed\"},\"headline\":\"Morreu Orlando Raimundo, antigo jornalista do Expresso\",\"datePublished\":\"2026-01-23T17:40:55+00:00\",\"mainEntityOfPage\":{\"@id\":\"https:\/\/portaltela.pt\/noticias\/2026\/01\/23\/morreu-orlando-raimundo-antigo-jornalista-do-expresso\/\"},\"wordCount\":261,\"image\":{\"@id\":\"https:\/\/portaltela.pt\/noticias\/2026\/01\/23\/morreu-orlando-raimundo-antigo-jornalista-do-expresso\/#primaryimage\"},\"thumbnailUrl\":\"https:\/\/portaltela.pt\/s.01k8rhncp4jt1\/2026\/01\/mw-1200-14.jpg\",\"keywords\":[\"Abril\",\"hist\u00f3ria\",\"imprensa\",\"Portugal\",\"publica\u00e7\u00f5es\"],\"articleSection\":[\"Not\u00edcias\"],\"inLanguage\":\"pt-PT\"},{\"@type\":\"WebPage\",\"@id\":\"https:\/\/portaltela.pt\/noticias\/2026\/01\/23\/morreu-orlando-raimundo-antigo-jornalista-do-expresso\/\",\"url\":\"https:\/\/portaltela.pt\/noticias\/2026\/01\/23\/morreu-orlando-raimundo-antigo-jornalista-do-expresso\/\",\"name\":\"Morreu Orlando Raimundo, antigo jornalista do Expresso - Portal Tela Portugal\",\"isPartOf\":{\"@id\":\"https:\/\/portaltela.pt\/#website\"},\"primaryImageOfPage\":{\"@id\":\"https:\/\/portaltela.pt\/noticias\/2026\/01\/23\/morreu-orlando-raimundo-antigo-jornalista-do-expresso\/#primaryimage\"},\"image\":{\"@id\":\"https:\/\/portaltela.pt\/noticias\/2026\/01\/23\/morreu-orlando-raimundo-antigo-jornalista-do-expresso\/#primaryimage\"},\"thumbnailUrl\":\"https:\/\/portaltela.pt\/s.01k8rhncp4jt1\/2026\/01\/mw-1200-14.jpg\",\"datePublished\":\"2026-01-23T17:40:55+00:00\",\"author\":{\"@id\":\"https:\/\/portaltela.pt\/#\/schema\/person\/c4278d4a6028830caff9ee44b42d32ed\"},\"breadcrumb\":{\"@id\":\"https:\/\/portaltela.pt\/noticias\/2026\/01\/23\/morreu-orlando-raimundo-antigo-jornalista-do-expresso\/#breadcrumb\"},\"inLanguage\":\"pt-PT\",\"potentialAction\":[{\"@type\":\"ReadAction\",\"target\":[\"https:\/\/portaltela.pt\/noticias\/2026\/01\/23\/morreu-orlando-raimundo-antigo-jornalista-do-expresso\/\"]}]},{\"@type\":\"ImageObject\",\"inLanguage\":\"pt-PT\",\"@id\":\"https:\/\/portaltela.pt\/noticias\/2026\/01\/23\/morreu-orlando-raimundo-antigo-jornalista-do-expresso\/#primaryimage\",\"url\":\"https:\/\/portaltela.pt\/s.01k8rhncp4jt1\/2026\/01\/mw-1200-14.jpg\",\"contentUrl\":\"https:\/\/portaltela.pt\/s.01k8rhncp4jt1\/2026\/01\/mw-1200-14.jpg\",\"width\":796,\"height\":448,\"caption\":\"Morreu Orlando Raimundo, antigo jornalista do Expresso\"},{\"@type\":\"BreadcrumbList\",\"@id\":\"https:\/\/portaltela.pt\/noticias\/2026\/01\/23\/morreu-orlando-raimundo-antigo-jornalista-do-expresso\/#breadcrumb\",\"itemListElement\":[{\"@type\":\"ListItem\",\"position\":1,\"name\":\"In\u00edcio\",\"item\":\"https:\/\/portaltela.pt\/\"},{\"@type\":\"ListItem\",\"position\":2,\"name\":\"Morreu Orlando Raimundo, antigo jornalista do Expresso\"}]},{\"@type\":\"WebSite\",\"@id\":\"https:\/\/portaltela.pt\/#website\",\"url\":\"https:\/\/portaltela.pt\/\",\"name\":\"Portal Tela Portugal\",\"description\":\"\",\"potentialAction\":[{\"@type\":\"SearchAction\",\"target\":{\"@type\":\"EntryPoint\",\"urlTemplate\":\"https:\/\/portaltela.pt\/?s={search_term_string}\"},\"query-input\":{\"@type\":\"PropertyValueSpecification\",\"valueRequired\":true,\"valueName\":\"search_term_string\"}}],\"inLanguage\":\"pt-PT\"},{\"@type\":\"Person\",\"@id\":\"https:\/\/portaltela.pt\/#\/schema\/person\/c4278d4a6028830caff9ee44b42d32ed\",\"name\":\"Telinha\",\"image\":{\"@type\":\"ImageObject\",\"inLanguage\":\"pt-PT\",\"@id\":\"https:\/\/portaltela.pt\/s.01k8rhncp4jt1\/2025\/11\/talking-bot-125x125.png\",\"url\":\"https:\/\/portaltela.pt\/s.01k8rhncp4jt1\/2025\/11\/talking-bot-125x125.png\",\"contentUrl\":\"https:\/\/portaltela.pt\/s.01k8rhncp4jt1\/2025\/11\/talking-bot-125x125.png\",\"caption\":\"Telinha\"},\"sameAs\":[\"https:\/\/portaltela.pt\/\"],\"url\":\"https:\/\/portaltela.pt\/por\/367410592786\/\"}]}<\/script>\n<!-- \/ Yoast SEO plugin. -->","yoast_head_json":{"title":"Morreu Orlando Raimundo, antigo jornalista do Expresso - Portal Tela Portugal","robots":{"index":"index","follow":"follow","max-snippet":"max-snippet:-1","max-image-preview":"max-image-preview:large","max-video-preview":"max-video-preview:-1"},"og_locale":"pt_PT","og_type":"article","og_title":"Morreu Orlando Raimundo, antigo jornalista do Expresso - Portal Tela Portugal","og_description":"Morreu na ter\u00e7a-feira Orlando Raimundo, jornalista, historiador do Estado Novo e antigo rep\u00f3rter do Expresso, aos 77 anos, devido a doen\u00e7a prolongada. Ao longo de mais de tr\u00eas d\u00e9cadas de carreira, destaca-se os vinte anos no Expresso; antes esteve no O S\u00e9culo e no Di\u00e1rio Popular. Foi autor de obras sobre o Estado Novo, como O \u00daltimo Salazarista, Ant\u00f3nio Ferro, o Inventor do Salazarismo, e A \u00daltima Dama do Estado Novo e Outras Hist\u00f3rias do Marcelismo, pela Dom Quixote. Licenciado em Ci\u00eancia Pol\u00edtica e Rela\u00e7\u00f5es Internacionais, estudou jornalismo em Paris e T\u00f3quio e fez p\u00f3s-gradua\u00e7\u00e3o no ISCTE; contribuiu para lan\u00e7ar o primeiro jornal da Guin\u00e9-Bissau livre e independente. Foi um dos fundadores do Cenjor e formador; foi descrito como algu\u00e9m que n\u00e3o se conformava com a forma como a imprensa regional era manobrada por interesses instalados.","og_url":"https:\/\/portaltela.pt\/noticias\/2026\/01\/23\/morreu-orlando-raimundo-antigo-jornalista-do-expresso\/","og_site_name":"Portal Tela Portugal","article_published_time":"2026-01-23T17:40:55+00:00","author":"Telinha","twitter_card":"summary_large_image","twitter_misc":{"Escrito por":"Telinha","Tempo estimado de leitura":"1 minuto"},"schema":{"@context":"https:\/\/schema.org","@graph":[{"@type":"Article","@id":"https:\/\/portaltela.pt\/noticias\/2026\/01\/23\/morreu-orlando-raimundo-antigo-jornalista-do-expresso\/#article","isPartOf":{"@id":"https:\/\/portaltela.pt\/noticias\/2026\/01\/23\/morreu-orlando-raimundo-antigo-jornalista-do-expresso\/"},"author":{"name":"Telinha","@id":"https:\/\/portaltela.pt\/#\/schema\/person\/c4278d4a6028830caff9ee44b42d32ed"},"headline":"Morreu Orlando Raimundo, antigo jornalista do Expresso","datePublished":"2026-01-23T17:40:55+00:00","mainEntityOfPage":{"@id":"https:\/\/portaltela.pt\/noticias\/2026\/01\/23\/morreu-orlando-raimundo-antigo-jornalista-do-expresso\/"},"wordCount":261,"image":{"@id":"https:\/\/portaltela.pt\/noticias\/2026\/01\/23\/morreu-orlando-raimundo-antigo-jornalista-do-expresso\/#primaryimage"},"thumbnailUrl":"https:\/\/portaltela.pt\/s.01k8rhncp4jt1\/2026\/01\/mw-1200-14.jpg","keywords":["Abril","hist\u00f3ria","imprensa","Portugal","publica\u00e7\u00f5es"],"articleSection":["Not\u00edcias"],"inLanguage":"pt-PT"},{"@type":"WebPage","@id":"https:\/\/portaltela.pt\/noticias\/2026\/01\/23\/morreu-orlando-raimundo-antigo-jornalista-do-expresso\/","url":"https:\/\/portaltela.pt\/noticias\/2026\/01\/23\/morreu-orlando-raimundo-antigo-jornalista-do-expresso\/","name":"Morreu Orlando Raimundo, antigo jornalista do Expresso - Portal Tela Portugal","isPartOf":{"@id":"https:\/\/portaltela.pt\/#website"},"primaryImageOfPage":{"@id":"https:\/\/portaltela.pt\/noticias\/2026\/01\/23\/morreu-orlando-raimundo-antigo-jornalista-do-expresso\/#primaryimage"},"image":{"@id":"https:\/\/portaltela.pt\/noticias\/2026\/01\/23\/morreu-orlando-raimundo-antigo-jornalista-do-expresso\/#primaryimage"},"thumbnailUrl":"https:\/\/portaltela.pt\/s.01k8rhncp4jt1\/2026\/01\/mw-1200-14.jpg","datePublished":"2026-01-23T17:40:55+00:00","author":{"@id":"https:\/\/portaltela.pt\/#\/schema\/person\/c4278d4a6028830caff9ee44b42d32ed"},"breadcrumb":{"@id":"https:\/\/portaltela.pt\/noticias\/2026\/01\/23\/morreu-orlando-raimundo-antigo-jornalista-do-expresso\/#breadcrumb"},"inLanguage":"pt-PT","potentialAction":[{"@type":"ReadAction","target":["https:\/\/portaltela.pt\/noticias\/2026\/01\/23\/morreu-orlando-raimundo-antigo-jornalista-do-expresso\/"]}]},{"@type":"ImageObject","inLanguage":"pt-PT","@id":"https:\/\/portaltela.pt\/noticias\/2026\/01\/23\/morreu-orlando-raimundo-antigo-jornalista-do-expresso\/#primaryimage","url":"https:\/\/portaltela.pt\/s.01k8rhncp4jt1\/2026\/01\/mw-1200-14.jpg","contentUrl":"https:\/\/portaltela.pt\/s.01k8rhncp4jt1\/2026\/01\/mw-1200-14.jpg","width":796,"height":448,"caption":"Morreu Orlando Raimundo, antigo jornalista do Expresso"},{"@type":"BreadcrumbList","@id":"https:\/\/portaltela.pt\/noticias\/2026\/01\/23\/morreu-orlando-raimundo-antigo-jornalista-do-expresso\/#breadcrumb","itemListElement":[{"@type":"ListItem","position":1,"name":"In\u00edcio","item":"https:\/\/portaltela.pt\/"},{"@type":"ListItem","position":2,"name":"Morreu Orlando Raimundo, antigo jornalista do Expresso"}]},{"@type":"WebSite","@id":"https:\/\/portaltela.pt\/#website","url":"https:\/\/portaltela.pt\/","name":"Portal Tela Portugal","description":"","potentialAction":[{"@type":"SearchAction","target":{"@type":"EntryPoint","urlTemplate":"https:\/\/portaltela.pt\/?s={search_term_string}"},"query-input":{"@type":"PropertyValueSpecification","valueRequired":true,"valueName":"search_term_string"}}],"inLanguage":"pt-PT"},{"@type":"Person","@id":"https:\/\/portaltela.pt\/#\/schema\/person\/c4278d4a6028830caff9ee44b42d32ed","name":"Telinha","image":{"@type":"ImageObject","inLanguage":"pt-PT","@id":"https:\/\/portaltela.pt\/s.01k8rhncp4jt1\/2025\/11\/talking-bot-125x125.png","url":"https:\/\/portaltela.pt\/s.01k8rhncp4jt1\/2025\/11\/talking-bot-125x125.png","contentUrl":"https:\/\/portaltela.pt\/s.01k8rhncp4jt1\/2025\/11\/talking-bot-125x125.png","caption":"Telinha"},"sameAs":["https:\/\/portaltela.pt\/"],"url":"https:\/\/portaltela.pt\/por\/367410592786\/"}]}},"_links":{"self":[{"href":"https:\/\/portaltela.pt\/api\/wp\/v2\/posts\/168413","targetHints":{"allow":["GET"]}}],"collection":[{"href":"https:\/\/portaltela.pt\/api\/wp\/v2\/posts"}],"about":[{"href":"https:\/\/portaltela.pt\/api\/wp\/v2\/types\/post"}],"author":[{"embeddable":true,"href":"https:\/\/portaltela.pt\/api\/wp\/v2\/users\/2"}],"replies":[{"embeddable":true,"href":"https:\/\/portaltela.pt\/api\/wp\/v2\/comments?post=168413"}],"version-history":[{"count":0,"href":"https:\/\/portaltela.pt\/api\/wp\/v2\/posts\/168413\/revisions"}],"wp:featuredmedia":[{"embeddable":true,"href":"https:\/\/portaltela.pt\/api\/wp\/v2\/media\/168437"}],"wp:attachment":[{"href":"https:\/\/portaltela.pt\/api\/wp\/v2\/media?parent=168413"}],"wp:term":[{"taxonomy":"category","embeddable":true,"href":"https:\/\/portaltela.pt\/api\/wp\/v2\/categories?post=168413"},{"taxonomy":"post_tag","embeddable":true,"href":"https:\/\/portaltela.pt\/api\/wp\/v2\/tags?post=168413"}],"curies":[{"name":"wp","href":"https:\/\/api.w.org\/{rel}","templated":true}]}}