{"id":168405,"date":"2026-01-23T12:46:00","date_gmt":"2026-01-23T15:46:00","guid":{"rendered":"https:\/\/portaltela.pt\/noticias\/2026\/01\/23\/idoso-encontrado-numa-cave-em-helsinquia-esta-sob-investigacao\/"},"modified":"2026-01-23T12:46:00","modified_gmt":"2026-01-23T15:46:00","slug":"idoso-encontrado-numa-cave-em-helsinquia-esta-sob-investigacao","status":"publish","type":"post","link":"https:\/\/portaltela.pt\/noticias\/2026\/01\/23\/idoso-encontrado-numa-cave-em-helsinquia-esta-sob-investigacao\/","title":{"rendered":"Idoso encontrado numa cave em Hels\u00ednquia est\u00e1 sob investiga\u00e7\u00e3o"},"content":{"rendered":"<p>Foi aberto um inqu\u00e9rito em Hels\u00ednquia ap\u00f3s a deten\u00e7\u00e3o de dois homens e uma mulher, todos com mais de 60 anos, por suspeita de explora\u00e7\u00e3o de estado de toxicodepend\u00eancia. A pol\u00edcia indicou que os detidos foram libertados posteriormente.<\/p>\n<p>Um idoso octogen\u00e1rio foi encontrado numa cave sem janelas, sem casa de banho e sem cozinha, numa casa onde vivia h\u00e1 pelo menos 20 anos. O estado de sa\u00fade exigia assist\u00eancia imediata.<\/p>\n<p>A investiga\u00e7\u00e3o busca esclarecer se outras pessoas na mesma casa estiveram implicadas em tr\u00e1fico humano, explorando a depend\u00eancia de drogas do homem e impondo-lhe condi\u00e7\u00f5es de vida degradantes para eventual lucro financeiro, segundo a pol\u00edcia de Hels\u00ednquia. O idoso foi entregue \u00e0s autoridades competentes.<\/p>\n<h3>Condi\u00e7\u00f5es de habita\u00e7\u00e3o<\/h3>\n<p>A cave onde residia era descrita como uma divis\u00e3o sem instala\u00e7\u00f5es b\u00e1sicas, o que contribuiu para o agravamento da sa\u00fade do idoso. O respons\u00e1vel pela investiga\u00e7\u00e3o, o inspetor-chefe Jari Korkalainen, sublinhou a natureza excecional do caso e o deteriorar da sa\u00fade ao longo do tempo.<\/p>\n","protected":false},"excerpt":{"rendered":"<ul>\n<li>Um octogen\u00e1rio foi encontrado em mau estado de sa\u00fade numa cave de uma casa sem janelas em Hels\u00ednquia, onde vivia h\u00e1 pelo menos 20 anos.<\/li>\n<li>Foi aberta uma investiga\u00e7\u00e3o por suspeita de explora\u00e7\u00e3o de estado de toxicodepend\u00eancia; dois homens e uma mulher, todos sexagen\u00e1rios, foram detidos e libertados posteriormente.<\/li>\n<li>Os suspeitos conhecem-se, mas n\u00e3o s\u00e3o familiares do idoso; a investiga\u00e7\u00e3o pretende esclarecer se houve tr\u00e1fico humano e explora\u00e7\u00e3o da depend\u00eancia de drogas para lucro.<\/li>\n<li>A cave era uma divis\u00e3o sem janelas, sem instala\u00e7\u00f5es sanit\u00e1rias e sem cozinha, onde o idoso vivia h\u00e1 d\u00e9cadas.<\/li>\n<li>O idoso foi entregue \u00e0s autoridades competentes; o caso \u00e9 considerado excecional pelo respons\u00e1vel da investiga\u00e7\u00e3o, o inspetor-chefe Jari Korkalainen.<\/li>\n<\/ul>\n","protected":false},"author":2,"featured_media":168470,"comment_status":"closed","ping_status":"closed","sticky":false,"template":"","format":"standard","meta":{"footnotes":""},"categories":[1],"tags":[237,150,1878,215,3710,473],"class_list":["post-168405","post","type-post","status-publish","format-standard","has-post-thumbnail","hentry","category-noticias","tag-abuso-de-maiores-dependentes","tag-habitacao","tag-inquerito-criminal","tag-investigacao","tag-toxicodependencia","tag-trafico-de-pessoas"],"yoast_head":"<!-- This site is optimized with the Yoast SEO plugin v27.2 - https:\/\/yoast.com\/product\/yoast-seo-wordpress\/ -->\n<title>Idoso encontrado numa cave em Hels\u00ednquia est\u00e1 sob investiga\u00e7\u00e3o - Portal Tela Portugal<\/title>\n<meta name=\"robots\" content=\"index, follow, max-snippet:-1, max-image-preview:large, max-video-preview:-1\" \/>\n<meta property=\"og:locale\" content=\"pt_PT\" \/>\n<meta property=\"og:type\" content=\"article\" \/>\n<meta property=\"og:title\" content=\"Idoso encontrado numa cave em Hels\u00ednquia est\u00e1 sob investiga\u00e7\u00e3o - Portal Tela Portugal\" \/>\n<meta property=\"og:description\" content=\"Um octogen\u00e1rio foi encontrado em mau estado de sa\u00fade numa cave de uma casa sem janelas em Hels\u00ednquia, onde vivia h\u00e1 pelo menos 20 anos. Foi aberta uma investiga\u00e7\u00e3o por suspeita de explora\u00e7\u00e3o de estado de toxicodepend\u00eancia; dois homens e uma mulher, todos sexagen\u00e1rios, foram detidos e libertados posteriormente. Os suspeitos conhecem-se, mas n\u00e3o s\u00e3o familiares do idoso; a investiga\u00e7\u00e3o pretende esclarecer se houve tr\u00e1fico humano e explora\u00e7\u00e3o da depend\u00eancia de drogas para lucro. A cave era uma divis\u00e3o sem janelas, sem instala\u00e7\u00f5es sanit\u00e1rias e sem cozinha, onde o idoso vivia h\u00e1 d\u00e9cadas. O idoso foi entregue \u00e0s autoridades competentes; o caso \u00e9 considerado excecional pelo respons\u00e1vel da investiga\u00e7\u00e3o, o inspetor-chefe Jari Korkalainen.\" \/>\n<meta property=\"og:url\" content=\"https:\/\/portaltela.pt\/noticias\/2026\/01\/23\/idoso-encontrado-numa-cave-em-helsinquia-esta-sob-investigacao\/\" \/>\n<meta property=\"og:site_name\" content=\"Portal Tela Portugal\" \/>\n<meta property=\"article:published_time\" content=\"2026-01-23T15:46:00+00:00\" \/>\n<meta name=\"author\" content=\"Telinha\" \/>\n<meta name=\"twitter:card\" content=\"summary_large_image\" \/>\n<meta name=\"twitter:label1\" content=\"Escrito por\" \/>\n\t<meta name=\"twitter:data1\" content=\"Telinha\" \/>\n\t<meta name=\"twitter:label2\" content=\"Tempo estimado de leitura\" \/>\n\t<meta name=\"twitter:data2\" content=\"1 minuto\" \/>\n<script type=\"application\/ld+json\" class=\"yoast-schema-graph\">{\"@context\":\"https:\/\/schema.org\",\"@graph\":[{\"@type\":\"Article\",\"@id\":\"https:\/\/portaltela.pt\/noticias\/2026\/01\/23\/idoso-encontrado-numa-cave-em-helsinquia-esta-sob-investigacao\/#article\",\"isPartOf\":{\"@id\":\"https:\/\/portaltela.pt\/noticias\/2026\/01\/23\/idoso-encontrado-numa-cave-em-helsinquia-esta-sob-investigacao\/\"},\"author\":{\"name\":\"Telinha\",\"@id\":\"https:\/\/portaltela.pt\/#\/schema\/person\/c4278d4a6028830caff9ee44b42d32ed\"},\"headline\":\"Idoso encontrado numa cave em Hels\u00ednquia est\u00e1 sob investiga\u00e7\u00e3o\",\"datePublished\":\"2026-01-23T15:46:00+00:00\",\"mainEntityOfPage\":{\"@id\":\"https:\/\/portaltela.pt\/noticias\/2026\/01\/23\/idoso-encontrado-numa-cave-em-helsinquia-esta-sob-investigacao\/\"},\"wordCount\":196,\"image\":{\"@id\":\"https:\/\/portaltela.pt\/noticias\/2026\/01\/23\/idoso-encontrado-numa-cave-em-helsinquia-esta-sob-investigacao\/#primaryimage\"},\"thumbnailUrl\":\"https:\/\/portaltela.pt\/s.01k8rhncp4jt1\/2026\/01\/unnamed-file-4862.jpg\",\"keywords\":[\"abuso de maiores dependentes\",\"habita\u00e7\u00e3o\",\"inqu\u00e9rito criminal\",\"investiga\u00e7\u00e3o\",\"toxicodepend\u00eancia\",\"tr\u00e1fico de pessoas\"],\"articleSection\":[\"Not\u00edcias\"],\"inLanguage\":\"pt-PT\"},{\"@type\":\"WebPage\",\"@id\":\"https:\/\/portaltela.pt\/noticias\/2026\/01\/23\/idoso-encontrado-numa-cave-em-helsinquia-esta-sob-investigacao\/\",\"url\":\"https:\/\/portaltela.pt\/noticias\/2026\/01\/23\/idoso-encontrado-numa-cave-em-helsinquia-esta-sob-investigacao\/\",\"name\":\"Idoso encontrado numa cave em Hels\u00ednquia est\u00e1 sob investiga\u00e7\u00e3o - Portal Tela Portugal\",\"isPartOf\":{\"@id\":\"https:\/\/portaltela.pt\/#website\"},\"primaryImageOfPage\":{\"@id\":\"https:\/\/portaltela.pt\/noticias\/2026\/01\/23\/idoso-encontrado-numa-cave-em-helsinquia-esta-sob-investigacao\/#primaryimage\"},\"image\":{\"@id\":\"https:\/\/portaltela.pt\/noticias\/2026\/01\/23\/idoso-encontrado-numa-cave-em-helsinquia-esta-sob-investigacao\/#primaryimage\"},\"thumbnailUrl\":\"https:\/\/portaltela.pt\/s.01k8rhncp4jt1\/2026\/01\/unnamed-file-4862.jpg\",\"datePublished\":\"2026-01-23T15:46:00+00:00\",\"author\":{\"@id\":\"https:\/\/portaltela.pt\/#\/schema\/person\/c4278d4a6028830caff9ee44b42d32ed\"},\"breadcrumb\":{\"@id\":\"https:\/\/portaltela.pt\/noticias\/2026\/01\/23\/idoso-encontrado-numa-cave-em-helsinquia-esta-sob-investigacao\/#breadcrumb\"},\"inLanguage\":\"pt-PT\",\"potentialAction\":[{\"@type\":\"ReadAction\",\"target\":[\"https:\/\/portaltela.pt\/noticias\/2026\/01\/23\/idoso-encontrado-numa-cave-em-helsinquia-esta-sob-investigacao\/\"]}]},{\"@type\":\"ImageObject\",\"inLanguage\":\"pt-PT\",\"@id\":\"https:\/\/portaltela.pt\/noticias\/2026\/01\/23\/idoso-encontrado-numa-cave-em-helsinquia-esta-sob-investigacao\/#primaryimage\",\"url\":\"https:\/\/portaltela.pt\/s.01k8rhncp4jt1\/2026\/01\/unnamed-file-4862.jpg\",\"contentUrl\":\"https:\/\/portaltela.pt\/s.01k8rhncp4jt1\/2026\/01\/unnamed-file-4862.jpg\",\"width\":796,\"height\":448,\"caption\":\"Pol\u00edcia finlandesa apreende navio suspeito de sabotagem a cabo submarino no B\u00e1ltico\"},{\"@type\":\"BreadcrumbList\",\"@id\":\"https:\/\/portaltela.pt\/noticias\/2026\/01\/23\/idoso-encontrado-numa-cave-em-helsinquia-esta-sob-investigacao\/#breadcrumb\",\"itemListElement\":[{\"@type\":\"ListItem\",\"position\":1,\"name\":\"In\u00edcio\",\"item\":\"https:\/\/portaltela.pt\/\"},{\"@type\":\"ListItem\",\"position\":2,\"name\":\"Idoso encontrado numa cave em Hels\u00ednquia est\u00e1 sob investiga\u00e7\u00e3o\"}]},{\"@type\":\"WebSite\",\"@id\":\"https:\/\/portaltela.pt\/#website\",\"url\":\"https:\/\/portaltela.pt\/\",\"name\":\"Portal Tela Portugal\",\"description\":\"\",\"potentialAction\":[{\"@type\":\"SearchAction\",\"target\":{\"@type\":\"EntryPoint\",\"urlTemplate\":\"https:\/\/portaltela.pt\/?s={search_term_string}\"},\"query-input\":{\"@type\":\"PropertyValueSpecification\",\"valueRequired\":true,\"valueName\":\"search_term_string\"}}],\"inLanguage\":\"pt-PT\"},{\"@type\":\"Person\",\"@id\":\"https:\/\/portaltela.pt\/#\/schema\/person\/c4278d4a6028830caff9ee44b42d32ed\",\"name\":\"Telinha\",\"image\":{\"@type\":\"ImageObject\",\"inLanguage\":\"pt-PT\",\"@id\":\"https:\/\/portaltela.pt\/s.01k8rhncp4jt1\/2025\/11\/talking-bot-125x125.png\",\"url\":\"https:\/\/portaltela.pt\/s.01k8rhncp4jt1\/2025\/11\/talking-bot-125x125.png\",\"contentUrl\":\"https:\/\/portaltela.pt\/s.01k8rhncp4jt1\/2025\/11\/talking-bot-125x125.png\",\"caption\":\"Telinha\"},\"sameAs\":[\"https:\/\/portaltela.pt\/\"],\"url\":\"https:\/\/portaltela.pt\/por\/367410592786\/\"}]}<\/script>\n<!-- \/ Yoast SEO plugin. -->","yoast_head_json":{"title":"Idoso encontrado numa cave em Hels\u00ednquia est\u00e1 sob investiga\u00e7\u00e3o - Portal Tela Portugal","robots":{"index":"index","follow":"follow","max-snippet":"max-snippet:-1","max-image-preview":"max-image-preview:large","max-video-preview":"max-video-preview:-1"},"og_locale":"pt_PT","og_type":"article","og_title":"Idoso encontrado numa cave em Hels\u00ednquia est\u00e1 sob investiga\u00e7\u00e3o - Portal Tela Portugal","og_description":"Um octogen\u00e1rio foi encontrado em mau estado de sa\u00fade numa cave de uma casa sem janelas em Hels\u00ednquia, onde vivia h\u00e1 pelo menos 20 anos. Foi aberta uma investiga\u00e7\u00e3o por suspeita de explora\u00e7\u00e3o de estado de toxicodepend\u00eancia; dois homens e uma mulher, todos sexagen\u00e1rios, foram detidos e libertados posteriormente. Os suspeitos conhecem-se, mas n\u00e3o s\u00e3o familiares do idoso; a investiga\u00e7\u00e3o pretende esclarecer se houve tr\u00e1fico humano e explora\u00e7\u00e3o da depend\u00eancia de drogas para lucro. A cave era uma divis\u00e3o sem janelas, sem instala\u00e7\u00f5es sanit\u00e1rias e sem cozinha, onde o idoso vivia h\u00e1 d\u00e9cadas. O idoso foi entregue \u00e0s autoridades competentes; o caso \u00e9 considerado excecional pelo respons\u00e1vel da investiga\u00e7\u00e3o, o inspetor-chefe Jari Korkalainen.","og_url":"https:\/\/portaltela.pt\/noticias\/2026\/01\/23\/idoso-encontrado-numa-cave-em-helsinquia-esta-sob-investigacao\/","og_site_name":"Portal Tela Portugal","article_published_time":"2026-01-23T15:46:00+00:00","author":"Telinha","twitter_card":"summary_large_image","twitter_misc":{"Escrito por":"Telinha","Tempo estimado de leitura":"1 minuto"},"schema":{"@context":"https:\/\/schema.org","@graph":[{"@type":"Article","@id":"https:\/\/portaltela.pt\/noticias\/2026\/01\/23\/idoso-encontrado-numa-cave-em-helsinquia-esta-sob-investigacao\/#article","isPartOf":{"@id":"https:\/\/portaltela.pt\/noticias\/2026\/01\/23\/idoso-encontrado-numa-cave-em-helsinquia-esta-sob-investigacao\/"},"author":{"name":"Telinha","@id":"https:\/\/portaltela.pt\/#\/schema\/person\/c4278d4a6028830caff9ee44b42d32ed"},"headline":"Idoso encontrado numa cave em Hels\u00ednquia est\u00e1 sob investiga\u00e7\u00e3o","datePublished":"2026-01-23T15:46:00+00:00","mainEntityOfPage":{"@id":"https:\/\/portaltela.pt\/noticias\/2026\/01\/23\/idoso-encontrado-numa-cave-em-helsinquia-esta-sob-investigacao\/"},"wordCount":196,"image":{"@id":"https:\/\/portaltela.pt\/noticias\/2026\/01\/23\/idoso-encontrado-numa-cave-em-helsinquia-esta-sob-investigacao\/#primaryimage"},"thumbnailUrl":"https:\/\/portaltela.pt\/s.01k8rhncp4jt1\/2026\/01\/unnamed-file-4862.jpg","keywords":["abuso de maiores dependentes","habita\u00e7\u00e3o","inqu\u00e9rito criminal","investiga\u00e7\u00e3o","toxicodepend\u00eancia","tr\u00e1fico de pessoas"],"articleSection":["Not\u00edcias"],"inLanguage":"pt-PT"},{"@type":"WebPage","@id":"https:\/\/portaltela.pt\/noticias\/2026\/01\/23\/idoso-encontrado-numa-cave-em-helsinquia-esta-sob-investigacao\/","url":"https:\/\/portaltela.pt\/noticias\/2026\/01\/23\/idoso-encontrado-numa-cave-em-helsinquia-esta-sob-investigacao\/","name":"Idoso encontrado numa cave em Hels\u00ednquia est\u00e1 sob investiga\u00e7\u00e3o - Portal Tela Portugal","isPartOf":{"@id":"https:\/\/portaltela.pt\/#website"},"primaryImageOfPage":{"@id":"https:\/\/portaltela.pt\/noticias\/2026\/01\/23\/idoso-encontrado-numa-cave-em-helsinquia-esta-sob-investigacao\/#primaryimage"},"image":{"@id":"https:\/\/portaltela.pt\/noticias\/2026\/01\/23\/idoso-encontrado-numa-cave-em-helsinquia-esta-sob-investigacao\/#primaryimage"},"thumbnailUrl":"https:\/\/portaltela.pt\/s.01k8rhncp4jt1\/2026\/01\/unnamed-file-4862.jpg","datePublished":"2026-01-23T15:46:00+00:00","author":{"@id":"https:\/\/portaltela.pt\/#\/schema\/person\/c4278d4a6028830caff9ee44b42d32ed"},"breadcrumb":{"@id":"https:\/\/portaltela.pt\/noticias\/2026\/01\/23\/idoso-encontrado-numa-cave-em-helsinquia-esta-sob-investigacao\/#breadcrumb"},"inLanguage":"pt-PT","potentialAction":[{"@type":"ReadAction","target":["https:\/\/portaltela.pt\/noticias\/2026\/01\/23\/idoso-encontrado-numa-cave-em-helsinquia-esta-sob-investigacao\/"]}]},{"@type":"ImageObject","inLanguage":"pt-PT","@id":"https:\/\/portaltela.pt\/noticias\/2026\/01\/23\/idoso-encontrado-numa-cave-em-helsinquia-esta-sob-investigacao\/#primaryimage","url":"https:\/\/portaltela.pt\/s.01k8rhncp4jt1\/2026\/01\/unnamed-file-4862.jpg","contentUrl":"https:\/\/portaltela.pt\/s.01k8rhncp4jt1\/2026\/01\/unnamed-file-4862.jpg","width":796,"height":448,"caption":"Pol\u00edcia finlandesa apreende navio suspeito de sabotagem a cabo submarino no B\u00e1ltico"},{"@type":"BreadcrumbList","@id":"https:\/\/portaltela.pt\/noticias\/2026\/01\/23\/idoso-encontrado-numa-cave-em-helsinquia-esta-sob-investigacao\/#breadcrumb","itemListElement":[{"@type":"ListItem","position":1,"name":"In\u00edcio","item":"https:\/\/portaltela.pt\/"},{"@type":"ListItem","position":2,"name":"Idoso encontrado numa cave em Hels\u00ednquia est\u00e1 sob investiga\u00e7\u00e3o"}]},{"@type":"WebSite","@id":"https:\/\/portaltela.pt\/#website","url":"https:\/\/portaltela.pt\/","name":"Portal Tela Portugal","description":"","potentialAction":[{"@type":"SearchAction","target":{"@type":"EntryPoint","urlTemplate":"https:\/\/portaltela.pt\/?s={search_term_string}"},"query-input":{"@type":"PropertyValueSpecification","valueRequired":true,"valueName":"search_term_string"}}],"inLanguage":"pt-PT"},{"@type":"Person","@id":"https:\/\/portaltela.pt\/#\/schema\/person\/c4278d4a6028830caff9ee44b42d32ed","name":"Telinha","image":{"@type":"ImageObject","inLanguage":"pt-PT","@id":"https:\/\/portaltela.pt\/s.01k8rhncp4jt1\/2025\/11\/talking-bot-125x125.png","url":"https:\/\/portaltela.pt\/s.01k8rhncp4jt1\/2025\/11\/talking-bot-125x125.png","contentUrl":"https:\/\/portaltela.pt\/s.01k8rhncp4jt1\/2025\/11\/talking-bot-125x125.png","caption":"Telinha"},"sameAs":["https:\/\/portaltela.pt\/"],"url":"https:\/\/portaltela.pt\/por\/367410592786\/"}]}},"_links":{"self":[{"href":"https:\/\/portaltela.pt\/api\/wp\/v2\/posts\/168405","targetHints":{"allow":["GET"]}}],"collection":[{"href":"https:\/\/portaltela.pt\/api\/wp\/v2\/posts"}],"about":[{"href":"https:\/\/portaltela.pt\/api\/wp\/v2\/types\/post"}],"author":[{"embeddable":true,"href":"https:\/\/portaltela.pt\/api\/wp\/v2\/users\/2"}],"replies":[{"embeddable":true,"href":"https:\/\/portaltela.pt\/api\/wp\/v2\/comments?post=168405"}],"version-history":[{"count":0,"href":"https:\/\/portaltela.pt\/api\/wp\/v2\/posts\/168405\/revisions"}],"wp:featuredmedia":[{"embeddable":true,"href":"https:\/\/portaltela.pt\/api\/wp\/v2\/media\/168470"}],"wp:attachment":[{"href":"https:\/\/portaltela.pt\/api\/wp\/v2\/media?parent=168405"}],"wp:term":[{"taxonomy":"category","embeddable":true,"href":"https:\/\/portaltela.pt\/api\/wp\/v2\/categories?post=168405"},{"taxonomy":"post_tag","embeddable":true,"href":"https:\/\/portaltela.pt\/api\/wp\/v2\/tags?post=168405"}],"curies":[{"name":"wp","href":"https:\/\/api.w.org\/{rel}","templated":true}]}}