{"id":168366,"date":"2026-01-23T17:06:00","date_gmt":"2026-01-23T20:06:00","guid":{"rendered":"https:\/\/portaltela.pt\/noticias\/2026\/01\/23\/livre-opoe-se-a-venda-do-hospital-qualificando-a-como-erro-social-historico\/"},"modified":"2026-01-23T17:06:00","modified_gmt":"2026-01-23T20:06:00","slug":"livre-opoe-se-a-venda-do-hospital-qualificando-a-como-erro-social-historico","status":"publish","type":"post","link":"https:\/\/portaltela.pt\/noticias\/2026\/01\/23\/livre-opoe-se-a-venda-do-hospital-qualificando-a-como-erro-social-historico\/","title":{"rendered":"LIVRE op\u00f5e-se \u00e0 venda do hospital, qualificando-a como erro social hist\u00f3rico"},"content":{"rendered":"<p>O Governo Regional da Madeira pretende alienar o Hospital Dr. N\u00e9lio Mendon\u00e7a para financiar a constru\u00e7\u00e3o de uma nova unidade, o Hospital Central. A decis\u00e3o foi anunciada como medida para reduzir encargos e ampliar a oferta de cuidados de sa\u00fade na regi\u00e3o.<\/p>\n<p>O an\u00fancio ocorreu no \u00e2mbito de decis\u00f5es da administra\u00e7\u00e3o regional, que aponta o ativo hist\u00f3rico como instrumento de financiamento. O objetivo \u00e9 desbloquear o processo de constru\u00e7\u00e3o da nova instala\u00e7\u00e3o hospitalar, visando responder \u00e0 demanda cl\u00ednica e aos atrasos na integra\u00e7\u00e3o de servi\u00e7os.<\/p>\n<p>Segundo o Governo, existem instrumentos dispon\u00edveis para sustentar a nova unidade, incluindo fundos nacionais e comunit\u00e1rios. A gest\u00e3o sustenta que a venda n\u00e3o \u00e9 obrigat\u00f3ria e que outras vias de financiamento j\u00e1 existem para assegurar camas de retaguarda e lares p\u00fablicos.<\/p>\n<h3>Posi\u00e7\u00e3o do Livre<\/h3>\n<p>O Partido Livre manifestou-se contra a aliena\u00e7\u00e3o, considerando a opera\u00e7\u00e3o um erro social e uma fal\u00e1cia econ\u00f3mica. Alega que o patrim\u00f3nio p\u00fablico tem potencial para responder a car\u00eancias da popula\u00e7\u00e3o, especialmente em apoio \u00e0 terceira idade. O grupo aponta que o recurso a fundos como o Madeira 2030 e o PRR j\u00e1 est\u00e1 dispon\u00edvel.<\/p>\n<p>Alega ainda que a adapta\u00e7\u00e3o de infraestruturas existentes para cuidados continuados pode ser mais sustent\u00e1vel do que novas constru\u00e7\u00f5es. Sustenta que a venda favorece mercados de luxo e de vistos gold, em detrimento de necessidades sociais, como vagas em lares.<\/p>\n<p>O Livre exige a paragem do processo e a abertura de uma Consulta P\u00fablica vinculativa. Defende que a popula\u00e7\u00e3o tenha voz sobre o futuro da Cruz de Carvalho, seja como condom\u00ednio de luxo ou como polo p\u00fablico de sa\u00fade.<\/p>\n<p>O partido ressalva que h\u00e1 mais de 1.000 idosos em lista de espera para lares na regi\u00e3o. Aponta que a perda de uma \u00e1rea de sa\u00fade de 54 mil metros quadrados sem alternativa representa um risco \u00e0 prote\u00e7\u00e3o social.<\/p>\n<p>O movimento pol\u00edtico conclui que a governa\u00e7\u00e3o da regi\u00e3o n\u00e3o deve reduzir-se a um portef\u00f3lio imobili\u00e1rio. Apela a prioridade \u00e0 qualidade de vida, aos cuidados sociais e \u00e0 dignidade humana, em vez de investimentos especulativos de alto risco.<\/p>\n","protected":false},"excerpt":{"rendered":"<ul>\n<li>O Partido Livre op\u00f5e-se \u00e0 venda do Hospital Dr. N\u00e9lio Mendon\u00e7a, afirmando que \u00e9 um erro social hist\u00f3rico e uma fal\u00e1cia econ\u00f3mica para financiar o novo hospital central.<\/li>\n<li>O grupo defende que a Regi\u00e3o tem instrumentos financeiros dispon\u00edveis, como o Madeira 2030 e o Plano de Recupera\u00e7\u00e3o e Resili\u00eancia (PRR), para viabilizar uma nova unidade hospitalar sem alienar patrim\u00f3nio p\u00fablico.<\/li>\n<li>Alegam que a venda agrava a falta de camas de retaguarda e de lares p\u00fablicos, criticando a prioridade dada a projetos de lazer e luxo, como o campo de golfe do Faial.<\/li>\n<li>O Livre acusa o Governo Regional de opacidade e exige a suspens\u00e3o do processo e a convoca\u00e7\u00e3o de uma Consulta P\u00fablica vinculativa.<\/li>\n<li>Refor\u00e7am que a decis\u00e3o deve colocar a rede de cuidados sociais no centro, defendendo que o dinheiro p\u00fablico sirva as pessoas e n\u00e3o o investimento estrangeiro de alto d\u00e9bito.<\/li>\n<\/ul>\n","protected":false},"author":2,"featured_media":168380,"comment_status":"closed","ping_status":"closed","sticky":false,"template":"","format":"standard","meta":{"footnotes":""},"categories":[1],"tags":[2581,633,859,814,1582,172],"class_list":["post-168366","post","type-post","status-publish","format-standard","has-post-thumbnail","hentry","category-noticias","tag-hospitais","tag-hospital","tag-madeira","tag-patrimonio","tag-propriedade-publica","tag-saude"],"yoast_head":"<!-- This site is optimized with the Yoast SEO plugin v27.2 - https:\/\/yoast.com\/product\/yoast-seo-wordpress\/ -->\n<title>LIVRE op\u00f5e-se \u00e0 venda do hospital, qualificando-a como erro social hist\u00f3rico - Portal Tela Portugal<\/title>\n<meta name=\"robots\" content=\"index, follow, max-snippet:-1, max-image-preview:large, max-video-preview:-1\" \/>\n<meta property=\"og:locale\" content=\"pt_PT\" \/>\n<meta property=\"og:type\" content=\"article\" \/>\n<meta property=\"og:title\" content=\"LIVRE op\u00f5e-se \u00e0 venda do hospital, qualificando-a como erro social hist\u00f3rico - Portal Tela Portugal\" \/>\n<meta property=\"og:description\" content=\"O Partido Livre op\u00f5e-se \u00e0 venda do Hospital Dr. N\u00e9lio Mendon\u00e7a, afirmando que \u00e9 um erro social hist\u00f3rico e uma fal\u00e1cia econ\u00f3mica para financiar o novo hospital central. O grupo defende que a Regi\u00e3o tem instrumentos financeiros dispon\u00edveis, como o Madeira 2030 e o Plano de Recupera\u00e7\u00e3o e Resili\u00eancia (PRR), para viabilizar uma nova unidade hospitalar sem alienar patrim\u00f3nio p\u00fablico. Alegam que a venda agrava a falta de camas de retaguarda e de lares p\u00fablicos, criticando a prioridade dada a projetos de lazer e luxo, como o campo de golfe do Faial. O Livre acusa o Governo Regional de opacidade e exige a suspens\u00e3o do processo e a convoca\u00e7\u00e3o de uma Consulta P\u00fablica vinculativa. Refor\u00e7am que a decis\u00e3o deve colocar a rede de cuidados sociais no centro, defendendo que o dinheiro p\u00fablico sirva as pessoas e n\u00e3o o investimento estrangeiro de alto d\u00e9bito.\" \/>\n<meta property=\"og:url\" content=\"https:\/\/portaltela.pt\/noticias\/2026\/01\/23\/livre-opoe-se-a-venda-do-hospital-qualificando-a-como-erro-social-historico\/\" \/>\n<meta property=\"og:site_name\" content=\"Portal Tela Portugal\" \/>\n<meta property=\"article:published_time\" content=\"2026-01-23T20:06:00+00:00\" \/>\n<meta name=\"author\" content=\"Telinha\" \/>\n<meta name=\"twitter:card\" content=\"summary_large_image\" \/>\n<meta name=\"twitter:label1\" content=\"Escrito por\" \/>\n\t<meta name=\"twitter:data1\" content=\"Telinha\" \/>\n\t<meta name=\"twitter:label2\" content=\"Tempo estimado de leitura\" \/>\n\t<meta name=\"twitter:data2\" content=\"2 minutos\" \/>\n<script type=\"application\/ld+json\" class=\"yoast-schema-graph\">{\"@context\":\"https:\/\/schema.org\",\"@graph\":[{\"@type\":\"Article\",\"@id\":\"https:\/\/portaltela.pt\/noticias\/2026\/01\/23\/livre-opoe-se-a-venda-do-hospital-qualificando-a-como-erro-social-historico\/#article\",\"isPartOf\":{\"@id\":\"https:\/\/portaltela.pt\/noticias\/2026\/01\/23\/livre-opoe-se-a-venda-do-hospital-qualificando-a-como-erro-social-historico\/\"},\"author\":{\"name\":\"Telinha\",\"@id\":\"https:\/\/portaltela.pt\/#\/schema\/person\/c4278d4a6028830caff9ee44b42d32ed\"},\"headline\":\"LIVRE op\u00f5e-se \u00e0 venda do hospital, qualificando-a como erro social hist\u00f3rico\",\"datePublished\":\"2026-01-23T20:06:00+00:00\",\"mainEntityOfPage\":{\"@id\":\"https:\/\/portaltela.pt\/noticias\/2026\/01\/23\/livre-opoe-se-a-venda-do-hospital-qualificando-a-como-erro-social-historico\/\"},\"wordCount\":389,\"image\":{\"@id\":\"https:\/\/portaltela.pt\/noticias\/2026\/01\/23\/livre-opoe-se-a-venda-do-hospital-qualificando-a-como-erro-social-historico\/#primaryimage\"},\"thumbnailUrl\":\"https:\/\/portaltela.pt\/s.01k8rhncp4jt1\/2026\/01\/unnamed-file-4853.jpg\",\"keywords\":[\"hospitais\",\"hospital\",\"Madeira\",\"patrim\u00f3nio\",\"propriedade p\u00fablica\",\"sa\u00fade\"],\"articleSection\":[\"Not\u00edcias\"],\"inLanguage\":\"pt-PT\"},{\"@type\":\"WebPage\",\"@id\":\"https:\/\/portaltela.pt\/noticias\/2026\/01\/23\/livre-opoe-se-a-venda-do-hospital-qualificando-a-como-erro-social-historico\/\",\"url\":\"https:\/\/portaltela.pt\/noticias\/2026\/01\/23\/livre-opoe-se-a-venda-do-hospital-qualificando-a-como-erro-social-historico\/\",\"name\":\"LIVRE op\u00f5e-se \u00e0 venda do hospital, qualificando-a como erro social hist\u00f3rico - Portal Tela Portugal\",\"isPartOf\":{\"@id\":\"https:\/\/portaltela.pt\/#website\"},\"primaryImageOfPage\":{\"@id\":\"https:\/\/portaltela.pt\/noticias\/2026\/01\/23\/livre-opoe-se-a-venda-do-hospital-qualificando-a-como-erro-social-historico\/#primaryimage\"},\"image\":{\"@id\":\"https:\/\/portaltela.pt\/noticias\/2026\/01\/23\/livre-opoe-se-a-venda-do-hospital-qualificando-a-como-erro-social-historico\/#primaryimage\"},\"thumbnailUrl\":\"https:\/\/portaltela.pt\/s.01k8rhncp4jt1\/2026\/01\/unnamed-file-4853.jpg\",\"datePublished\":\"2026-01-23T20:06:00+00:00\",\"author\":{\"@id\":\"https:\/\/portaltela.pt\/#\/schema\/person\/c4278d4a6028830caff9ee44b42d32ed\"},\"breadcrumb\":{\"@id\":\"https:\/\/portaltela.pt\/noticias\/2026\/01\/23\/livre-opoe-se-a-venda-do-hospital-qualificando-a-como-erro-social-historico\/#breadcrumb\"},\"inLanguage\":\"pt-PT\",\"potentialAction\":[{\"@type\":\"ReadAction\",\"target\":[\"https:\/\/portaltela.pt\/noticias\/2026\/01\/23\/livre-opoe-se-a-venda-do-hospital-qualificando-a-como-erro-social-historico\/\"]}]},{\"@type\":\"ImageObject\",\"inLanguage\":\"pt-PT\",\"@id\":\"https:\/\/portaltela.pt\/noticias\/2026\/01\/23\/livre-opoe-se-a-venda-do-hospital-qualificando-a-como-erro-social-historico\/#primaryimage\",\"url\":\"https:\/\/portaltela.pt\/s.01k8rhncp4jt1\/2026\/01\/unnamed-file-4853.jpg\",\"contentUrl\":\"https:\/\/portaltela.pt\/s.01k8rhncp4jt1\/2026\/01\/unnamed-file-4853.jpg\",\"width\":796,\"height\":448,\"caption\":\"LIVRE op\u00f5e-se \u00e0 venda do Hospital e aponta como \\\"erro social hist\u00f3rico\\\"\"},{\"@type\":\"BreadcrumbList\",\"@id\":\"https:\/\/portaltela.pt\/noticias\/2026\/01\/23\/livre-opoe-se-a-venda-do-hospital-qualificando-a-como-erro-social-historico\/#breadcrumb\",\"itemListElement\":[{\"@type\":\"ListItem\",\"position\":1,\"name\":\"In\u00edcio\",\"item\":\"https:\/\/portaltela.pt\/\"},{\"@type\":\"ListItem\",\"position\":2,\"name\":\"LIVRE op\u00f5e-se \u00e0 venda do hospital, qualificando-a como erro social hist\u00f3rico\"}]},{\"@type\":\"WebSite\",\"@id\":\"https:\/\/portaltela.pt\/#website\",\"url\":\"https:\/\/portaltela.pt\/\",\"name\":\"Portal Tela Portugal\",\"description\":\"\",\"potentialAction\":[{\"@type\":\"SearchAction\",\"target\":{\"@type\":\"EntryPoint\",\"urlTemplate\":\"https:\/\/portaltela.pt\/?s={search_term_string}\"},\"query-input\":{\"@type\":\"PropertyValueSpecification\",\"valueRequired\":true,\"valueName\":\"search_term_string\"}}],\"inLanguage\":\"pt-PT\"},{\"@type\":\"Person\",\"@id\":\"https:\/\/portaltela.pt\/#\/schema\/person\/c4278d4a6028830caff9ee44b42d32ed\",\"name\":\"Telinha\",\"image\":{\"@type\":\"ImageObject\",\"inLanguage\":\"pt-PT\",\"@id\":\"https:\/\/portaltela.pt\/s.01k8rhncp4jt1\/2025\/11\/talking-bot-125x125.png\",\"url\":\"https:\/\/portaltela.pt\/s.01k8rhncp4jt1\/2025\/11\/talking-bot-125x125.png\",\"contentUrl\":\"https:\/\/portaltela.pt\/s.01k8rhncp4jt1\/2025\/11\/talking-bot-125x125.png\",\"caption\":\"Telinha\"},\"sameAs\":[\"https:\/\/portaltela.pt\/\"],\"url\":\"https:\/\/portaltela.pt\/por\/367410592786\/\"}]}<\/script>\n<!-- \/ Yoast SEO plugin. -->","yoast_head_json":{"title":"LIVRE op\u00f5e-se \u00e0 venda do hospital, qualificando-a como erro social hist\u00f3rico - Portal Tela Portugal","robots":{"index":"index","follow":"follow","max-snippet":"max-snippet:-1","max-image-preview":"max-image-preview:large","max-video-preview":"max-video-preview:-1"},"og_locale":"pt_PT","og_type":"article","og_title":"LIVRE op\u00f5e-se \u00e0 venda do hospital, qualificando-a como erro social hist\u00f3rico - Portal Tela Portugal","og_description":"O Partido Livre op\u00f5e-se \u00e0 venda do Hospital Dr. N\u00e9lio Mendon\u00e7a, afirmando que \u00e9 um erro social hist\u00f3rico e uma fal\u00e1cia econ\u00f3mica para financiar o novo hospital central. O grupo defende que a Regi\u00e3o tem instrumentos financeiros dispon\u00edveis, como o Madeira 2030 e o Plano de Recupera\u00e7\u00e3o e Resili\u00eancia (PRR), para viabilizar uma nova unidade hospitalar sem alienar patrim\u00f3nio p\u00fablico. Alegam que a venda agrava a falta de camas de retaguarda e de lares p\u00fablicos, criticando a prioridade dada a projetos de lazer e luxo, como o campo de golfe do Faial. O Livre acusa o Governo Regional de opacidade e exige a suspens\u00e3o do processo e a convoca\u00e7\u00e3o de uma Consulta P\u00fablica vinculativa. Refor\u00e7am que a decis\u00e3o deve colocar a rede de cuidados sociais no centro, defendendo que o dinheiro p\u00fablico sirva as pessoas e n\u00e3o o investimento estrangeiro de alto d\u00e9bito.","og_url":"https:\/\/portaltela.pt\/noticias\/2026\/01\/23\/livre-opoe-se-a-venda-do-hospital-qualificando-a-como-erro-social-historico\/","og_site_name":"Portal Tela Portugal","article_published_time":"2026-01-23T20:06:00+00:00","author":"Telinha","twitter_card":"summary_large_image","twitter_misc":{"Escrito por":"Telinha","Tempo estimado de leitura":"2 minutos"},"schema":{"@context":"https:\/\/schema.org","@graph":[{"@type":"Article","@id":"https:\/\/portaltela.pt\/noticias\/2026\/01\/23\/livre-opoe-se-a-venda-do-hospital-qualificando-a-como-erro-social-historico\/#article","isPartOf":{"@id":"https:\/\/portaltela.pt\/noticias\/2026\/01\/23\/livre-opoe-se-a-venda-do-hospital-qualificando-a-como-erro-social-historico\/"},"author":{"name":"Telinha","@id":"https:\/\/portaltela.pt\/#\/schema\/person\/c4278d4a6028830caff9ee44b42d32ed"},"headline":"LIVRE op\u00f5e-se \u00e0 venda do hospital, qualificando-a como erro social hist\u00f3rico","datePublished":"2026-01-23T20:06:00+00:00","mainEntityOfPage":{"@id":"https:\/\/portaltela.pt\/noticias\/2026\/01\/23\/livre-opoe-se-a-venda-do-hospital-qualificando-a-como-erro-social-historico\/"},"wordCount":389,"image":{"@id":"https:\/\/portaltela.pt\/noticias\/2026\/01\/23\/livre-opoe-se-a-venda-do-hospital-qualificando-a-como-erro-social-historico\/#primaryimage"},"thumbnailUrl":"https:\/\/portaltela.pt\/s.01k8rhncp4jt1\/2026\/01\/unnamed-file-4853.jpg","keywords":["hospitais","hospital","Madeira","patrim\u00f3nio","propriedade p\u00fablica","sa\u00fade"],"articleSection":["Not\u00edcias"],"inLanguage":"pt-PT"},{"@type":"WebPage","@id":"https:\/\/portaltela.pt\/noticias\/2026\/01\/23\/livre-opoe-se-a-venda-do-hospital-qualificando-a-como-erro-social-historico\/","url":"https:\/\/portaltela.pt\/noticias\/2026\/01\/23\/livre-opoe-se-a-venda-do-hospital-qualificando-a-como-erro-social-historico\/","name":"LIVRE op\u00f5e-se \u00e0 venda do hospital, qualificando-a como erro social hist\u00f3rico - Portal Tela Portugal","isPartOf":{"@id":"https:\/\/portaltela.pt\/#website"},"primaryImageOfPage":{"@id":"https:\/\/portaltela.pt\/noticias\/2026\/01\/23\/livre-opoe-se-a-venda-do-hospital-qualificando-a-como-erro-social-historico\/#primaryimage"},"image":{"@id":"https:\/\/portaltela.pt\/noticias\/2026\/01\/23\/livre-opoe-se-a-venda-do-hospital-qualificando-a-como-erro-social-historico\/#primaryimage"},"thumbnailUrl":"https:\/\/portaltela.pt\/s.01k8rhncp4jt1\/2026\/01\/unnamed-file-4853.jpg","datePublished":"2026-01-23T20:06:00+00:00","author":{"@id":"https:\/\/portaltela.pt\/#\/schema\/person\/c4278d4a6028830caff9ee44b42d32ed"},"breadcrumb":{"@id":"https:\/\/portaltela.pt\/noticias\/2026\/01\/23\/livre-opoe-se-a-venda-do-hospital-qualificando-a-como-erro-social-historico\/#breadcrumb"},"inLanguage":"pt-PT","potentialAction":[{"@type":"ReadAction","target":["https:\/\/portaltela.pt\/noticias\/2026\/01\/23\/livre-opoe-se-a-venda-do-hospital-qualificando-a-como-erro-social-historico\/"]}]},{"@type":"ImageObject","inLanguage":"pt-PT","@id":"https:\/\/portaltela.pt\/noticias\/2026\/01\/23\/livre-opoe-se-a-venda-do-hospital-qualificando-a-como-erro-social-historico\/#primaryimage","url":"https:\/\/portaltela.pt\/s.01k8rhncp4jt1\/2026\/01\/unnamed-file-4853.jpg","contentUrl":"https:\/\/portaltela.pt\/s.01k8rhncp4jt1\/2026\/01\/unnamed-file-4853.jpg","width":796,"height":448,"caption":"LIVRE op\u00f5e-se \u00e0 venda do Hospital e aponta como \"erro social hist\u00f3rico\""},{"@type":"BreadcrumbList","@id":"https:\/\/portaltela.pt\/noticias\/2026\/01\/23\/livre-opoe-se-a-venda-do-hospital-qualificando-a-como-erro-social-historico\/#breadcrumb","itemListElement":[{"@type":"ListItem","position":1,"name":"In\u00edcio","item":"https:\/\/portaltela.pt\/"},{"@type":"ListItem","position":2,"name":"LIVRE op\u00f5e-se \u00e0 venda do hospital, qualificando-a como erro social hist\u00f3rico"}]},{"@type":"WebSite","@id":"https:\/\/portaltela.pt\/#website","url":"https:\/\/portaltela.pt\/","name":"Portal Tela Portugal","description":"","potentialAction":[{"@type":"SearchAction","target":{"@type":"EntryPoint","urlTemplate":"https:\/\/portaltela.pt\/?s={search_term_string}"},"query-input":{"@type":"PropertyValueSpecification","valueRequired":true,"valueName":"search_term_string"}}],"inLanguage":"pt-PT"},{"@type":"Person","@id":"https:\/\/portaltela.pt\/#\/schema\/person\/c4278d4a6028830caff9ee44b42d32ed","name":"Telinha","image":{"@type":"ImageObject","inLanguage":"pt-PT","@id":"https:\/\/portaltela.pt\/s.01k8rhncp4jt1\/2025\/11\/talking-bot-125x125.png","url":"https:\/\/portaltela.pt\/s.01k8rhncp4jt1\/2025\/11\/talking-bot-125x125.png","contentUrl":"https:\/\/portaltela.pt\/s.01k8rhncp4jt1\/2025\/11\/talking-bot-125x125.png","caption":"Telinha"},"sameAs":["https:\/\/portaltela.pt\/"],"url":"https:\/\/portaltela.pt\/por\/367410592786\/"}]}},"_links":{"self":[{"href":"https:\/\/portaltela.pt\/api\/wp\/v2\/posts\/168366","targetHints":{"allow":["GET"]}}],"collection":[{"href":"https:\/\/portaltela.pt\/api\/wp\/v2\/posts"}],"about":[{"href":"https:\/\/portaltela.pt\/api\/wp\/v2\/types\/post"}],"author":[{"embeddable":true,"href":"https:\/\/portaltela.pt\/api\/wp\/v2\/users\/2"}],"replies":[{"embeddable":true,"href":"https:\/\/portaltela.pt\/api\/wp\/v2\/comments?post=168366"}],"version-history":[{"count":0,"href":"https:\/\/portaltela.pt\/api\/wp\/v2\/posts\/168366\/revisions"}],"wp:featuredmedia":[{"embeddable":true,"href":"https:\/\/portaltela.pt\/api\/wp\/v2\/media\/168380"}],"wp:attachment":[{"href":"https:\/\/portaltela.pt\/api\/wp\/v2\/media?parent=168366"}],"wp:term":[{"taxonomy":"category","embeddable":true,"href":"https:\/\/portaltela.pt\/api\/wp\/v2\/categories?post=168366"},{"taxonomy":"post_tag","embeddable":true,"href":"https:\/\/portaltela.pt\/api\/wp\/v2\/tags?post=168366"}],"curies":[{"name":"wp","href":"https:\/\/api.w.org\/{rel}","templated":true}]}}